{"id":1200,"date":"2025-02-25T15:04:18","date_gmt":"2025-02-25T18:04:18","guid":{"rendered":"https:\/\/diariodelsurdigital.com.ar\/?p=1200"},"modified":"2025-02-25T15:04:19","modified_gmt":"2025-02-25T18:04:19","slug":"sin-respuestas-no-hay-inicio-de-clases-advierten-docentes-universitarios","status":"publish","type":"post","link":"https:\/\/diariodelsurdigital.com.ar\/?p=1200","title":{"rendered":"\u201cSin respuestas no hay inicio de clases\u201d, advierten docentes universitarios"},"content":{"rendered":"\n<p>El Plenario de Secretarias y Secretarios Generales de la Federaci\u00f3n Nacional de Docentes Universitarios (Conadu) resolvi\u00f3 proponer, en el marco del Frente Sindical de las Universidades, un paro de entre 48 y 72 horas el 17 de marzo, ante la falta de convocatoria de la Subsecretar\u00eda de Pol\u00edticas Universitarias para retomar las negociaciones salariales.<\/p>\n\n\n\n<p>La propuesta se defini\u00f3 luego de realizar las consultas en cada sindicato de base. La intenci\u00f3n es ejecutar la medida en conjunto con el resto de las federaciones nacionales, inform\u00f3 la Asociaci\u00f3n Gremial de Docentes Universitarios (AGDU), entidad que agrupa a docentes universitarios de Entre R\u00edos y que, como gremio de base, forma parte de Conadu. El Plenario consensu\u00f3 tambi\u00e9n la necesidad de continuar y profundizar el plan de lucha ante las cr\u00edticas condiciones laborales de la docencia universitaria, con obras sociales desfinanciadas, imposibilidad de capacitarse por el recorte del Gobierno nacional y jubilaciones de pobreza que empiezan a generar una oleada de renuncias en el sector. Por otro lado, resolvi\u00f3 adherir al Paro Internacional Feminista y Transfeminista del 8M, con participaci\u00f3n en la marcha a Plaza de Mayo y en las acciones a desarrollarse en todo el pa\u00eds; y participar en las movilizaciones del 24 de marzo, D\u00eda Nacional de la Memoria por la Verdad y la Justicia. La Federaci\u00f3n convocar\u00e1 nuevamente al Plenario de Secretarias y Secretarios Generales la semana del 17\/3 para evaluar el impacto de la medida de fuerza y definir los pasos a seguir.<\/p>\n","protected":false},"excerpt":{"rendered":"<p>El Plenario de Secretarias y Secretarios Generales de la Federaci\u00f3n Nacional de Docentes Universitarios (Conadu) resolvi\u00f3 proponer, en el marco del Frente Sindical de las Universidades, un paro de entre 48 y 72 horas el 17 de marzo, ante la falta de convocatoria de la Subsecretar\u00eda de Pol\u00edticas Universitarias para retomar las negociaciones salariales. La [&hellip;]<\/p>\n","protected":false},"author":4,"featured_media":1201,"comment_status":"open","ping_status":"open","sticky":false,"template":"","format":"standard","meta":{"footnotes":""},"categories":[18],"tags":[],"class_list":{"0":"post-1200","1":"post","2":"type-post","3":"status-publish","4":"format-standard","5":"has-post-thumbnail","7":"category-nacionales"},"yoast_head":"<!-- This site is optimized with the Yoast SEO plugin v27.4 - https:\/\/yoast.com\/product\/yoast-seo-wordpress\/ -->\n<title>\u201cSin respuestas no hay inicio de clases\u201d, advierten docentes universitarios - Diario del Sur<\/title>\n<meta name=\"robots\" content=\"index, follow, max-snippet:-1, max-image-preview:large, max-video-preview:-1\" \/>\n<link rel=\"canonical\" href=\"https:\/\/diariodelsurdigital.com.ar\/?p=1200\" \/>\n<meta property=\"og:locale\" content=\"es_ES\" \/>\n<meta property=\"og:type\" content=\"article\" \/>\n<meta property=\"og:title\" content=\"\u201cSin respuestas no hay inicio de clases\u201d, advierten docentes universitarios - Diario del Sur\" \/>\n<meta property=\"og:description\" content=\"El Plenario de Secretarias y Secretarios Generales de la Federaci\u00f3n Nacional de Docentes Universitarios (Conadu) resolvi\u00f3 proponer, en el marco del Frente Sindical de las Universidades, un paro de entre 48 y 72 horas el 17 de marzo, ante la falta de convocatoria de la Subsecretar\u00eda de Pol\u00edticas Universitarias para retomar las negociaciones salariales. La [&hellip;]\" \/>\n<meta property=\"og:url\" content=\"https:\/\/diariodelsurdigital.com.ar\/?p=1200\" \/>\n<meta property=\"og:site_name\" content=\"Diario del Sur\" \/>\n<meta property=\"article:published_time\" content=\"2025-02-25T18:04:18+00:00\" \/>\n<meta property=\"article:modified_time\" content=\"2025-02-25T18:04:19+00:00\" \/>\n<meta property=\"og:image\" content=\"https:\/\/diariodelsurdigital.com.ar\/wp-content\/uploads\/2025\/02\/md-12.webp\" \/>\n\t<meta property=\"og:image:width\" content=\"992\" \/>\n\t<meta property=\"og:image:height\" content=\"738\" \/>\n\t<meta property=\"og:image:type\" content=\"image\/webp\" \/>\n<meta name=\"author\" content=\"Diario del Sur Digital\" \/>\n<meta name=\"twitter:card\" content=\"summary_large_image\" \/>\n<meta name=\"twitter:label1\" content=\"Escrito por\" \/>\n\t<meta name=\"twitter:data1\" content=\"Diario del Sur Digital\" \/>\n\t<meta name=\"twitter:label2\" content=\"Tiempo de lectura\" \/>\n\t<meta name=\"twitter:data2\" content=\"2 minutos\" \/>\n<script type=\"application\/ld+json\" class=\"yoast-schema-graph\">{\"@context\":\"https:\\\/\\\/schema.org\",\"@graph\":[{\"@type\":\"Article\",\"@id\":\"https:\\\/\\\/diariodelsurdigital.com.ar\\\/?p=1200#article\",\"isPartOf\":{\"@id\":\"https:\\\/\\\/diariodelsurdigital.com.ar\\\/?p=1200\"},\"author\":{\"name\":\"Diario del Sur Digital\",\"@id\":\"https:\\\/\\\/diariodelsurdigital.com.ar\\\/#\\\/schema\\\/person\\\/1a4992532ed62965c968031b49195c81\"},\"headline\":\"\u201cSin respuestas no hay inicio de clases\u201d, advierten docentes universitarios\",\"datePublished\":\"2025-02-25T18:04:18+00:00\",\"dateModified\":\"2025-02-25T18:04:19+00:00\",\"mainEntityOfPage\":{\"@id\":\"https:\\\/\\\/diariodelsurdigital.com.ar\\\/?p=1200\"},\"wordCount\":260,\"commentCount\":0,\"image\":{\"@id\":\"https:\\\/\\\/diariodelsurdigital.com.ar\\\/?p=1200#primaryimage\"},\"thumbnailUrl\":\"https:\\\/\\\/diariodelsurdigital.com.ar\\\/wp-content\\\/uploads\\\/2025\\\/02\\\/md-12.webp\",\"articleSection\":[\"Nacionales\"],\"inLanguage\":\"es\",\"potentialAction\":[{\"@type\":\"CommentAction\",\"name\":\"Comment\",\"target\":[\"https:\\\/\\\/diariodelsurdigital.com.ar\\\/?p=1200#respond\"]}]},{\"@type\":\"WebPage\",\"@id\":\"https:\\\/\\\/diariodelsurdigital.com.ar\\\/?p=1200\",\"url\":\"https:\\\/\\\/diariodelsurdigital.com.ar\\\/?p=1200\",\"name\":\"\u201cSin respuestas no hay inicio de clases\u201d, advierten docentes universitarios - Diario del Sur\",\"isPartOf\":{\"@id\":\"https:\\\/\\\/diariodelsurdigital.com.ar\\\/#website\"},\"primaryImageOfPage\":{\"@id\":\"https:\\\/\\\/diariodelsurdigital.com.ar\\\/?p=1200#primaryimage\"},\"image\":{\"@id\":\"https:\\\/\\\/diariodelsurdigital.com.ar\\\/?p=1200#primaryimage\"},\"thumbnailUrl\":\"https:\\\/\\\/diariodelsurdigital.com.ar\\\/wp-content\\\/uploads\\\/2025\\\/02\\\/md-12.webp\",\"datePublished\":\"2025-02-25T18:04:18+00:00\",\"dateModified\":\"2025-02-25T18:04:19+00:00\",\"author\":{\"@id\":\"https:\\\/\\\/diariodelsurdigital.com.ar\\\/#\\\/schema\\\/person\\\/1a4992532ed62965c968031b49195c81\"},\"breadcrumb\":{\"@id\":\"https:\\\/\\\/diariodelsurdigital.com.ar\\\/?p=1200#breadcrumb\"},\"inLanguage\":\"es\",\"potentialAction\":[{\"@type\":\"ReadAction\",\"target\":[\"https:\\\/\\\/diariodelsurdigital.com.ar\\\/?p=1200\"]}]},{\"@type\":\"ImageObject\",\"inLanguage\":\"es\",\"@id\":\"https:\\\/\\\/diariodelsurdigital.com.ar\\\/?p=1200#primaryimage\",\"url\":\"https:\\\/\\\/diariodelsurdigital.com.ar\\\/wp-content\\\/uploads\\\/2025\\\/02\\\/md-12.webp\",\"contentUrl\":\"https:\\\/\\\/diariodelsurdigital.com.ar\\\/wp-content\\\/uploads\\\/2025\\\/02\\\/md-12.webp\",\"width\":992,\"height\":738},{\"@type\":\"BreadcrumbList\",\"@id\":\"https:\\\/\\\/diariodelsurdigital.com.ar\\\/?p=1200#breadcrumb\",\"itemListElement\":[{\"@type\":\"ListItem\",\"position\":1,\"name\":\"Portada\",\"item\":\"https:\\\/\\\/diariodelsurdigital.com.ar\\\/\"},{\"@type\":\"ListItem\",\"position\":2,\"name\":\"\u201cSin respuestas no hay inicio de clases\u201d, advierten docentes universitarios\"}]},{\"@type\":\"WebSite\",\"@id\":\"https:\\\/\\\/diariodelsurdigital.com.ar\\\/#website\",\"url\":\"https:\\\/\\\/diariodelsurdigital.com.ar\\\/\",\"name\":\"Diario del Sur\",\"description\":\"Digital\",\"potentialAction\":[{\"@type\":\"SearchAction\",\"target\":{\"@type\":\"EntryPoint\",\"urlTemplate\":\"https:\\\/\\\/diariodelsurdigital.com.ar\\\/?s={search_term_string}\"},\"query-input\":{\"@type\":\"PropertyValueSpecification\",\"valueRequired\":true,\"valueName\":\"search_term_string\"}}],\"inLanguage\":\"es\"},{\"@type\":\"Person\",\"@id\":\"https:\\\/\\\/diariodelsurdigital.com.ar\\\/#\\\/schema\\\/person\\\/1a4992532ed62965c968031b49195c81\",\"name\":\"Diario del Sur Digital\",\"image\":{\"@type\":\"ImageObject\",\"inLanguage\":\"es\",\"@id\":\"https:\\\/\\\/secure.gravatar.com\\\/avatar\\\/f0c7c47fc7146d19828273b9b8eda651c9c7ab583767e6338d3d3bee825adf76?s=96&d=mm&r=g\",\"url\":\"https:\\\/\\\/secure.gravatar.com\\\/avatar\\\/f0c7c47fc7146d19828273b9b8eda651c9c7ab583767e6338d3d3bee825adf76?s=96&d=mm&r=g\",\"contentUrl\":\"https:\\\/\\\/secure.gravatar.com\\\/avatar\\\/f0c7c47fc7146d19828273b9b8eda651c9c7ab583767e6338d3d3bee825adf76?s=96&d=mm&r=g\",\"caption\":\"Diario del Sur Digital\"},\"url\":\"https:\\\/\\\/diariodelsurdigital.com.ar\\\/?author=4\"}]}<\/script>\n<!-- \/ Yoast SEO plugin. -->","yoast_head_json":{"title":"\u201cSin respuestas no hay inicio de clases\u201d, advierten docentes universitarios - Diario del Sur","robots":{"index":"index","follow":"follow","max-snippet":"max-snippet:-1","max-image-preview":"max-image-preview:large","max-video-preview":"max-video-preview:-1"},"canonical":"https:\/\/diariodelsurdigital.com.ar\/?p=1200","og_locale":"es_ES","og_type":"article","og_title":"\u201cSin respuestas no hay inicio de clases\u201d, advierten docentes universitarios - Diario del Sur","og_description":"El Plenario de Secretarias y Secretarios Generales de la Federaci\u00f3n Nacional de Docentes Universitarios (Conadu) resolvi\u00f3 proponer, en el marco del Frente Sindical de las Universidades, un paro de entre 48 y 72 horas el 17 de marzo, ante la falta de convocatoria de la Subsecretar\u00eda de Pol\u00edticas Universitarias para retomar las negociaciones salariales. La [&hellip;]","og_url":"https:\/\/diariodelsurdigital.com.ar\/?p=1200","og_site_name":"Diario del Sur","article_published_time":"2025-02-25T18:04:18+00:00","article_modified_time":"2025-02-25T18:04:19+00:00","og_image":[{"width":992,"height":738,"url":"https:\/\/diariodelsurdigital.com.ar\/wp-content\/uploads\/2025\/02\/md-12.webp","type":"image\/webp"}],"author":"Diario del Sur Digital","twitter_card":"summary_large_image","twitter_misc":{"Escrito por":"Diario del Sur Digital","Tiempo de lectura":"2 minutos"},"schema":{"@context":"https:\/\/schema.org","@graph":[{"@type":"Article","@id":"https:\/\/diariodelsurdigital.com.ar\/?p=1200#article","isPartOf":{"@id":"https:\/\/diariodelsurdigital.com.ar\/?p=1200"},"author":{"name":"Diario del Sur Digital","@id":"https:\/\/diariodelsurdigital.com.ar\/#\/schema\/person\/1a4992532ed62965c968031b49195c81"},"headline":"\u201cSin respuestas no hay inicio de clases\u201d, advierten docentes universitarios","datePublished":"2025-02-25T18:04:18+00:00","dateModified":"2025-02-25T18:04:19+00:00","mainEntityOfPage":{"@id":"https:\/\/diariodelsurdigital.com.ar\/?p=1200"},"wordCount":260,"commentCount":0,"image":{"@id":"https:\/\/diariodelsurdigital.com.ar\/?p=1200#primaryimage"},"thumbnailUrl":"https:\/\/diariodelsurdigital.com.ar\/wp-content\/uploads\/2025\/02\/md-12.webp","articleSection":["Nacionales"],"inLanguage":"es","potentialAction":[{"@type":"CommentAction","name":"Comment","target":["https:\/\/diariodelsurdigital.com.ar\/?p=1200#respond"]}]},{"@type":"WebPage","@id":"https:\/\/diariodelsurdigital.com.ar\/?p=1200","url":"https:\/\/diariodelsurdigital.com.ar\/?p=1200","name":"\u201cSin respuestas no hay inicio de clases\u201d, advierten docentes universitarios - Diario del Sur","isPartOf":{"@id":"https:\/\/diariodelsurdigital.com.ar\/#website"},"primaryImageOfPage":{"@id":"https:\/\/diariodelsurdigital.com.ar\/?p=1200#primaryimage"},"image":{"@id":"https:\/\/diariodelsurdigital.com.ar\/?p=1200#primaryimage"},"thumbnailUrl":"https:\/\/diariodelsurdigital.com.ar\/wp-content\/uploads\/2025\/02\/md-12.webp","datePublished":"2025-02-25T18:04:18+00:00","dateModified":"2025-02-25T18:04:19+00:00","author":{"@id":"https:\/\/diariodelsurdigital.com.ar\/#\/schema\/person\/1a4992532ed62965c968031b49195c81"},"breadcrumb":{"@id":"https:\/\/diariodelsurdigital.com.ar\/?p=1200#breadcrumb"},"inLanguage":"es","potentialAction":[{"@type":"ReadAction","target":["https:\/\/diariodelsurdigital.com.ar\/?p=1200"]}]},{"@type":"ImageObject","inLanguage":"es","@id":"https:\/\/diariodelsurdigital.com.ar\/?p=1200#primaryimage","url":"https:\/\/diariodelsurdigital.com.ar\/wp-content\/uploads\/2025\/02\/md-12.webp","contentUrl":"https:\/\/diariodelsurdigital.com.ar\/wp-content\/uploads\/2025\/02\/md-12.webp","width":992,"height":738},{"@type":"BreadcrumbList","@id":"https:\/\/diariodelsurdigital.com.ar\/?p=1200#breadcrumb","itemListElement":[{"@type":"ListItem","position":1,"name":"Portada","item":"https:\/\/diariodelsurdigital.com.ar\/"},{"@type":"ListItem","position":2,"name":"\u201cSin respuestas no hay inicio de clases\u201d, advierten docentes universitarios"}]},{"@type":"WebSite","@id":"https:\/\/diariodelsurdigital.com.ar\/#website","url":"https:\/\/diariodelsurdigital.com.ar\/","name":"Diario del Sur","description":"Digital","potentialAction":[{"@type":"SearchAction","target":{"@type":"EntryPoint","urlTemplate":"https:\/\/diariodelsurdigital.com.ar\/?s={search_term_string}"},"query-input":{"@type":"PropertyValueSpecification","valueRequired":true,"valueName":"search_term_string"}}],"inLanguage":"es"},{"@type":"Person","@id":"https:\/\/diariodelsurdigital.com.ar\/#\/schema\/person\/1a4992532ed62965c968031b49195c81","name":"Diario del Sur Digital","image":{"@type":"ImageObject","inLanguage":"es","@id":"https:\/\/secure.gravatar.com\/avatar\/f0c7c47fc7146d19828273b9b8eda651c9c7ab583767e6338d3d3bee825adf76?s=96&d=mm&r=g","url":"https:\/\/secure.gravatar.com\/avatar\/f0c7c47fc7146d19828273b9b8eda651c9c7ab583767e6338d3d3bee825adf76?s=96&d=mm&r=g","contentUrl":"https:\/\/secure.gravatar.com\/avatar\/f0c7c47fc7146d19828273b9b8eda651c9c7ab583767e6338d3d3bee825adf76?s=96&d=mm&r=g","caption":"Diario del Sur Digital"},"url":"https:\/\/diariodelsurdigital.com.ar\/?author=4"}]}},"_links":{"self":[{"href":"https:\/\/diariodelsurdigital.com.ar\/index.php?rest_route=\/wp\/v2\/posts\/1200","targetHints":{"allow":["GET"]}}],"collection":[{"href":"https:\/\/diariodelsurdigital.com.ar\/index.php?rest_route=\/wp\/v2\/posts"}],"about":[{"href":"https:\/\/diariodelsurdigital.com.ar\/index.php?rest_route=\/wp\/v2\/types\/post"}],"author":[{"embeddable":true,"href":"https:\/\/diariodelsurdigital.com.ar\/index.php?rest_route=\/wp\/v2\/users\/4"}],"replies":[{"embeddable":true,"href":"https:\/\/diariodelsurdigital.com.ar\/index.php?rest_route=%2Fwp%2Fv2%2Fcomments&post=1200"}],"version-history":[{"count":1,"href":"https:\/\/diariodelsurdigital.com.ar\/index.php?rest_route=\/wp\/v2\/posts\/1200\/revisions"}],"predecessor-version":[{"id":1202,"href":"https:\/\/diariodelsurdigital.com.ar\/index.php?rest_route=\/wp\/v2\/posts\/1200\/revisions\/1202"}],"wp:featuredmedia":[{"embeddable":true,"href":"https:\/\/diariodelsurdigital.com.ar\/index.php?rest_route=\/wp\/v2\/media\/1201"}],"wp:attachment":[{"href":"https:\/\/diariodelsurdigital.com.ar\/index.php?rest_route=%2Fwp%2Fv2%2Fmedia&parent=1200"}],"wp:term":[{"taxonomy":"category","embeddable":true,"href":"https:\/\/diariodelsurdigital.com.ar\/index.php?rest_route=%2Fwp%2Fv2%2Fcategories&post=1200"},{"taxonomy":"post_tag","embeddable":true,"href":"https:\/\/diariodelsurdigital.com.ar\/index.php?rest_route=%2Fwp%2Fv2%2Ftags&post=1200"}],"curies":[{"name":"wp","href":"https:\/\/api.w.org\/{rel}","templated":true}]}}