{"id":1203,"date":"2025-02-25T21:27:45","date_gmt":"2025-02-26T00:27:45","guid":{"rendered":"https:\/\/diariodelsurdigital.com.ar\/?p=1203"},"modified":"2025-02-25T21:54:50","modified_gmt":"2025-02-26T00:54:50","slug":"el-federalismo-la-amnesia-y-la-kueiderizacion-de-algunos-dirigentes","status":"publish","type":"post","link":"https:\/\/diariodelsurdigital.com.ar\/?p=1203","title":{"rendered":"El federalismo, la amnesia y la \u00abkueiderizaci\u00f3n\u00bb de algunos dirigentes"},"content":{"rendered":"\n<p><strong>Por Alejandro Richardet (*)<\/strong><\/p>\n\n\n\n<p>El pasado 22 de febrero se produjo un aniversario m\u00e1s de la batalla de El Espinillo en 1814.&nbsp; Entre Espinillo norte y Sauce Montrull de Parana campa\u00f1a. Inicio de las guerras civiles de los pueblos del litoral orientales del Uruguay y occidentales del Paran\u00e1, al decir de Artigas.<\/p>\n\n\n\n<p>El federalismo democr\u00e1tico en las ideas y el artiguismo revolucionario en el accionar contra el centralismo porte\u00f1o, siempre al servicio de los intereses extranjeros y el saqueo del pa\u00eds. No es casual que los personeros de la&nbsp; entrerriania amn\u00e9sica lo hayan ignorado.<\/p>\n\n\n\n<p>Justamente la desmemoria selectiva acerca de Artigas y Los Pueblos Libres y de L\u00f3pez Jord\u00e1n y la rebeli\u00f3n contra la traici\u00f3n de Urquiza al federalismo mirando al costado mientras segu\u00eda haciendo plata, en tanto Sarmiento y Mitre aniquilaban la resistencia del Chacho Pe\u00f1aloza y otros l\u00edderes provincianos para consolidar el poder de la oligarqu\u00eda portuaria y terrateniente y sus socios de Gran Breta\u00f1a.<\/p>\n\n\n\n<p>Hoy el franco deterioro del sistema de partidos pol\u00edticos tradicionales con la \u201ckueiderizaci\u00f3n\u201d de representantes pol\u00edticos en cargos ejecutivos y legislativos surfeando en las cloacas de la justicia, muestran la comparsa irresponsable que conduce el gran estafador y entorno de charlatanes y coimeros gambeteando, limando, pasando por arriba, negando la Constituci\u00f3n Nacional e ignorando en su absolutismo porte\u00f1o, el federalismo y la divisi\u00f3n de poderes. Como ser\u00e1 de cierto que luego de la estafa con la cleptomoneda que la Directora gerente del FMI (Fondo Monetario Internacional), haciendo honor a su nombre mostr\u00f3 su \u00abcristalina\u00bb preocupaci\u00f3n por el s\u00edndrome de desmesura que afecta al presidente Milei.<\/p>\n\n\n\n<p>Que la dirigencia macrimile\u00edsta de nuestra provincia siga bailando y brindando en el Titanic, trae a la memoria que son la resaca residual del 2001 y por ende c\u00f3mplices de la otra gran estafa del a\u00f1o 2019, el deudicidio de Macri. Dice un humorista pol\u00edtico, \u00a0ser\u00e1\u0301 porque el gobierno de los criptoestafadores les recuerda a las canciones de los hermanos Cuestas. 20% lindos versos y 80% de chifladura!<\/p>\n\n\n\n<p><strong>(*) Docente, ex dirigente de la Juventud Peronista Regional II y miembro honorario de la Asociaci\u00f3n Artiguista entrerriana<\/strong><\/p>\n","protected":false},"excerpt":{"rendered":"<p>Por Alejandro Richardet (*) El pasado 22 de febrero se produjo un aniversario m\u00e1s de la batalla de El Espinillo en 1814.&nbsp; Entre Espinillo norte y Sauce Montrull de Parana campa\u00f1a. Inicio de las guerras civiles de los pueblos del litoral orientales del Uruguay y occidentales del Paran\u00e1, al decir de Artigas. El federalismo democr\u00e1tico [&hellip;]<\/p>\n","protected":false},"author":2,"featured_media":1204,"comment_status":"open","ping_status":"open","sticky":false,"template":"","format":"standard","meta":{"footnotes":""},"categories":[17],"tags":[],"class_list":{"0":"post-1203","1":"post","2":"type-post","3":"status-publish","4":"format-standard","5":"has-post-thumbnail","7":"category-provinciales"},"yoast_head":"<!-- This site is optimized with the Yoast SEO plugin v27.4 - https:\/\/yoast.com\/product\/yoast-seo-wordpress\/ -->\n<title>El federalismo, la amnesia y la &quot;kueiderizaci\u00f3n&quot; de algunos dirigentes - Diario del Sur<\/title>\n<meta name=\"robots\" content=\"index, follow, max-snippet:-1, max-image-preview:large, max-video-preview:-1\" \/>\n<link rel=\"canonical\" href=\"https:\/\/diariodelsurdigital.com.ar\/?p=1203\" \/>\n<meta property=\"og:locale\" content=\"es_ES\" \/>\n<meta property=\"og:type\" content=\"article\" \/>\n<meta property=\"og:title\" content=\"El federalismo, la amnesia y la &quot;kueiderizaci\u00f3n&quot; de algunos dirigentes - Diario del Sur\" \/>\n<meta property=\"og:description\" content=\"Por Alejandro Richardet (*) El pasado 22 de febrero se produjo un aniversario m\u00e1s de la batalla de El Espinillo en 1814.&nbsp; Entre Espinillo norte y Sauce Montrull de Parana campa\u00f1a. Inicio de las guerras civiles de los pueblos del litoral orientales del Uruguay y occidentales del Paran\u00e1, al decir de Artigas. El federalismo democr\u00e1tico [&hellip;]\" \/>\n<meta property=\"og:url\" content=\"https:\/\/diariodelsurdigital.com.ar\/?p=1203\" \/>\n<meta property=\"og:site_name\" content=\"Diario del Sur\" \/>\n<meta property=\"article:published_time\" content=\"2025-02-26T00:27:45+00:00\" \/>\n<meta property=\"article:modified_time\" content=\"2025-02-26T00:54:50+00:00\" \/>\n<meta property=\"og:image\" content=\"https:\/\/diariodelsurdigital.com.ar\/wp-content\/uploads\/2025\/02\/68972907_119627519385291_120898510429093888_n.jpg\" \/>\n\t<meta property=\"og:image:width\" content=\"328\" \/>\n\t<meta property=\"og:image:height\" content=\"233\" \/>\n\t<meta property=\"og:image:type\" content=\"image\/jpeg\" \/>\n<meta name=\"author\" content=\"Diario del Sur Digital\" \/>\n<meta name=\"twitter:card\" content=\"summary_large_image\" \/>\n<meta name=\"twitter:label1\" content=\"Escrito por\" \/>\n\t<meta name=\"twitter:data1\" content=\"Diario del Sur Digital\" \/>\n\t<meta name=\"twitter:label2\" content=\"Tiempo de lectura\" \/>\n\t<meta name=\"twitter:data2\" content=\"2 minutos\" \/>\n<script type=\"application\/ld+json\" class=\"yoast-schema-graph\">{\"@context\":\"https:\\\/\\\/schema.org\",\"@graph\":[{\"@type\":\"Article\",\"@id\":\"https:\\\/\\\/diariodelsurdigital.com.ar\\\/?p=1203#article\",\"isPartOf\":{\"@id\":\"https:\\\/\\\/diariodelsurdigital.com.ar\\\/?p=1203\"},\"author\":{\"name\":\"Diario del Sur Digital\",\"@id\":\"https:\\\/\\\/diariodelsurdigital.com.ar\\\/#\\\/schema\\\/person\\\/6136a32571657f7dba980b88b04c5465\"},\"headline\":\"El federalismo, la amnesia y la \u00abkueiderizaci\u00f3n\u00bb de algunos dirigentes\",\"datePublished\":\"2025-02-26T00:27:45+00:00\",\"dateModified\":\"2025-02-26T00:54:50+00:00\",\"mainEntityOfPage\":{\"@id\":\"https:\\\/\\\/diariodelsurdigital.com.ar\\\/?p=1203\"},\"wordCount\":381,\"commentCount\":0,\"image\":{\"@id\":\"https:\\\/\\\/diariodelsurdigital.com.ar\\\/?p=1203#primaryimage\"},\"thumbnailUrl\":\"https:\\\/\\\/diariodelsurdigital.com.ar\\\/wp-content\\\/uploads\\\/2025\\\/02\\\/68972907_119627519385291_120898510429093888_n.jpg\",\"articleSection\":[\"Provinciales\"],\"inLanguage\":\"es\",\"potentialAction\":[{\"@type\":\"CommentAction\",\"name\":\"Comment\",\"target\":[\"https:\\\/\\\/diariodelsurdigital.com.ar\\\/?p=1203#respond\"]}]},{\"@type\":\"WebPage\",\"@id\":\"https:\\\/\\\/diariodelsurdigital.com.ar\\\/?p=1203\",\"url\":\"https:\\\/\\\/diariodelsurdigital.com.ar\\\/?p=1203\",\"name\":\"El federalismo, la amnesia y la \\\"kueiderizaci\u00f3n\\\" de algunos dirigentes - Diario del Sur\",\"isPartOf\":{\"@id\":\"https:\\\/\\\/diariodelsurdigital.com.ar\\\/#website\"},\"primaryImageOfPage\":{\"@id\":\"https:\\\/\\\/diariodelsurdigital.com.ar\\\/?p=1203#primaryimage\"},\"image\":{\"@id\":\"https:\\\/\\\/diariodelsurdigital.com.ar\\\/?p=1203#primaryimage\"},\"thumbnailUrl\":\"https:\\\/\\\/diariodelsurdigital.com.ar\\\/wp-content\\\/uploads\\\/2025\\\/02\\\/68972907_119627519385291_120898510429093888_n.jpg\",\"datePublished\":\"2025-02-26T00:27:45+00:00\",\"dateModified\":\"2025-02-26T00:54:50+00:00\",\"author\":{\"@id\":\"https:\\\/\\\/diariodelsurdigital.com.ar\\\/#\\\/schema\\\/person\\\/6136a32571657f7dba980b88b04c5465\"},\"breadcrumb\":{\"@id\":\"https:\\\/\\\/diariodelsurdigital.com.ar\\\/?p=1203#breadcrumb\"},\"inLanguage\":\"es\",\"potentialAction\":[{\"@type\":\"ReadAction\",\"target\":[\"https:\\\/\\\/diariodelsurdigital.com.ar\\\/?p=1203\"]}]},{\"@type\":\"ImageObject\",\"inLanguage\":\"es\",\"@id\":\"https:\\\/\\\/diariodelsurdigital.com.ar\\\/?p=1203#primaryimage\",\"url\":\"https:\\\/\\\/diariodelsurdigital.com.ar\\\/wp-content\\\/uploads\\\/2025\\\/02\\\/68972907_119627519385291_120898510429093888_n.jpg\",\"contentUrl\":\"https:\\\/\\\/diariodelsurdigital.com.ar\\\/wp-content\\\/uploads\\\/2025\\\/02\\\/68972907_119627519385291_120898510429093888_n.jpg\",\"width\":328,\"height\":233},{\"@type\":\"BreadcrumbList\",\"@id\":\"https:\\\/\\\/diariodelsurdigital.com.ar\\\/?p=1203#breadcrumb\",\"itemListElement\":[{\"@type\":\"ListItem\",\"position\":1,\"name\":\"Portada\",\"item\":\"https:\\\/\\\/diariodelsurdigital.com.ar\\\/\"},{\"@type\":\"ListItem\",\"position\":2,\"name\":\"El federalismo, la amnesia y la \u00abkueiderizaci\u00f3n\u00bb de algunos dirigentes\"}]},{\"@type\":\"WebSite\",\"@id\":\"https:\\\/\\\/diariodelsurdigital.com.ar\\\/#website\",\"url\":\"https:\\\/\\\/diariodelsurdigital.com.ar\\\/\",\"name\":\"Diario del Sur\",\"description\":\"Digital\",\"potentialAction\":[{\"@type\":\"SearchAction\",\"target\":{\"@type\":\"EntryPoint\",\"urlTemplate\":\"https:\\\/\\\/diariodelsurdigital.com.ar\\\/?s={search_term_string}\"},\"query-input\":{\"@type\":\"PropertyValueSpecification\",\"valueRequired\":true,\"valueName\":\"search_term_string\"}}],\"inLanguage\":\"es\"},{\"@type\":\"Person\",\"@id\":\"https:\\\/\\\/diariodelsurdigital.com.ar\\\/#\\\/schema\\\/person\\\/6136a32571657f7dba980b88b04c5465\",\"name\":\"Diario del Sur Digital\",\"image\":{\"@type\":\"ImageObject\",\"inLanguage\":\"es\",\"@id\":\"https:\\\/\\\/secure.gravatar.com\\\/avatar\\\/4c29ceac98541dd42460b2474aaa5dd37594d6ce6cb3cf2c101d09b48ee287ba?s=96&d=mm&r=g\",\"url\":\"https:\\\/\\\/secure.gravatar.com\\\/avatar\\\/4c29ceac98541dd42460b2474aaa5dd37594d6ce6cb3cf2c101d09b48ee287ba?s=96&d=mm&r=g\",\"contentUrl\":\"https:\\\/\\\/secure.gravatar.com\\\/avatar\\\/4c29ceac98541dd42460b2474aaa5dd37594d6ce6cb3cf2c101d09b48ee287ba?s=96&d=mm&r=g\",\"caption\":\"Diario del Sur Digital\"},\"url\":\"https:\\\/\\\/diariodelsurdigital.com.ar\\\/?author=2\"}]}<\/script>\n<!-- \/ Yoast SEO plugin. -->","yoast_head_json":{"title":"El federalismo, la amnesia y la \"kueiderizaci\u00f3n\" de algunos dirigentes - Diario del Sur","robots":{"index":"index","follow":"follow","max-snippet":"max-snippet:-1","max-image-preview":"max-image-preview:large","max-video-preview":"max-video-preview:-1"},"canonical":"https:\/\/diariodelsurdigital.com.ar\/?p=1203","og_locale":"es_ES","og_type":"article","og_title":"El federalismo, la amnesia y la \"kueiderizaci\u00f3n\" de algunos dirigentes - Diario del Sur","og_description":"Por Alejandro Richardet (*) El pasado 22 de febrero se produjo un aniversario m\u00e1s de la batalla de El Espinillo en 1814.&nbsp; Entre Espinillo norte y Sauce Montrull de Parana campa\u00f1a. Inicio de las guerras civiles de los pueblos del litoral orientales del Uruguay y occidentales del Paran\u00e1, al decir de Artigas. El federalismo democr\u00e1tico [&hellip;]","og_url":"https:\/\/diariodelsurdigital.com.ar\/?p=1203","og_site_name":"Diario del Sur","article_published_time":"2025-02-26T00:27:45+00:00","article_modified_time":"2025-02-26T00:54:50+00:00","og_image":[{"width":328,"height":233,"url":"https:\/\/diariodelsurdigital.com.ar\/wp-content\/uploads\/2025\/02\/68972907_119627519385291_120898510429093888_n.jpg","type":"image\/jpeg"}],"author":"Diario del Sur Digital","twitter_card":"summary_large_image","twitter_misc":{"Escrito por":"Diario del Sur Digital","Tiempo de lectura":"2 minutos"},"schema":{"@context":"https:\/\/schema.org","@graph":[{"@type":"Article","@id":"https:\/\/diariodelsurdigital.com.ar\/?p=1203#article","isPartOf":{"@id":"https:\/\/diariodelsurdigital.com.ar\/?p=1203"},"author":{"name":"Diario del Sur Digital","@id":"https:\/\/diariodelsurdigital.com.ar\/#\/schema\/person\/6136a32571657f7dba980b88b04c5465"},"headline":"El federalismo, la amnesia y la \u00abkueiderizaci\u00f3n\u00bb de algunos dirigentes","datePublished":"2025-02-26T00:27:45+00:00","dateModified":"2025-02-26T00:54:50+00:00","mainEntityOfPage":{"@id":"https:\/\/diariodelsurdigital.com.ar\/?p=1203"},"wordCount":381,"commentCount":0,"image":{"@id":"https:\/\/diariodelsurdigital.com.ar\/?p=1203#primaryimage"},"thumbnailUrl":"https:\/\/diariodelsurdigital.com.ar\/wp-content\/uploads\/2025\/02\/68972907_119627519385291_120898510429093888_n.jpg","articleSection":["Provinciales"],"inLanguage":"es","potentialAction":[{"@type":"CommentAction","name":"Comment","target":["https:\/\/diariodelsurdigital.com.ar\/?p=1203#respond"]}]},{"@type":"WebPage","@id":"https:\/\/diariodelsurdigital.com.ar\/?p=1203","url":"https:\/\/diariodelsurdigital.com.ar\/?p=1203","name":"El federalismo, la amnesia y la \"kueiderizaci\u00f3n\" de algunos dirigentes - Diario del Sur","isPartOf":{"@id":"https:\/\/diariodelsurdigital.com.ar\/#website"},"primaryImageOfPage":{"@id":"https:\/\/diariodelsurdigital.com.ar\/?p=1203#primaryimage"},"image":{"@id":"https:\/\/diariodelsurdigital.com.ar\/?p=1203#primaryimage"},"thumbnailUrl":"https:\/\/diariodelsurdigital.com.ar\/wp-content\/uploads\/2025\/02\/68972907_119627519385291_120898510429093888_n.jpg","datePublished":"2025-02-26T00:27:45+00:00","dateModified":"2025-02-26T00:54:50+00:00","author":{"@id":"https:\/\/diariodelsurdigital.com.ar\/#\/schema\/person\/6136a32571657f7dba980b88b04c5465"},"breadcrumb":{"@id":"https:\/\/diariodelsurdigital.com.ar\/?p=1203#breadcrumb"},"inLanguage":"es","potentialAction":[{"@type":"ReadAction","target":["https:\/\/diariodelsurdigital.com.ar\/?p=1203"]}]},{"@type":"ImageObject","inLanguage":"es","@id":"https:\/\/diariodelsurdigital.com.ar\/?p=1203#primaryimage","url":"https:\/\/diariodelsurdigital.com.ar\/wp-content\/uploads\/2025\/02\/68972907_119627519385291_120898510429093888_n.jpg","contentUrl":"https:\/\/diariodelsurdigital.com.ar\/wp-content\/uploads\/2025\/02\/68972907_119627519385291_120898510429093888_n.jpg","width":328,"height":233},{"@type":"BreadcrumbList","@id":"https:\/\/diariodelsurdigital.com.ar\/?p=1203#breadcrumb","itemListElement":[{"@type":"ListItem","position":1,"name":"Portada","item":"https:\/\/diariodelsurdigital.com.ar\/"},{"@type":"ListItem","position":2,"name":"El federalismo, la amnesia y la \u00abkueiderizaci\u00f3n\u00bb de algunos dirigentes"}]},{"@type":"WebSite","@id":"https:\/\/diariodelsurdigital.com.ar\/#website","url":"https:\/\/diariodelsurdigital.com.ar\/","name":"Diario del Sur","description":"Digital","potentialAction":[{"@type":"SearchAction","target":{"@type":"EntryPoint","urlTemplate":"https:\/\/diariodelsurdigital.com.ar\/?s={search_term_string}"},"query-input":{"@type":"PropertyValueSpecification","valueRequired":true,"valueName":"search_term_string"}}],"inLanguage":"es"},{"@type":"Person","@id":"https:\/\/diariodelsurdigital.com.ar\/#\/schema\/person\/6136a32571657f7dba980b88b04c5465","name":"Diario del Sur Digital","image":{"@type":"ImageObject","inLanguage":"es","@id":"https:\/\/secure.gravatar.com\/avatar\/4c29ceac98541dd42460b2474aaa5dd37594d6ce6cb3cf2c101d09b48ee287ba?s=96&d=mm&r=g","url":"https:\/\/secure.gravatar.com\/avatar\/4c29ceac98541dd42460b2474aaa5dd37594d6ce6cb3cf2c101d09b48ee287ba?s=96&d=mm&r=g","contentUrl":"https:\/\/secure.gravatar.com\/avatar\/4c29ceac98541dd42460b2474aaa5dd37594d6ce6cb3cf2c101d09b48ee287ba?s=96&d=mm&r=g","caption":"Diario del Sur Digital"},"url":"https:\/\/diariodelsurdigital.com.ar\/?author=2"}]}},"_links":{"self":[{"href":"https:\/\/diariodelsurdigital.com.ar\/index.php?rest_route=\/wp\/v2\/posts\/1203","targetHints":{"allow":["GET"]}}],"collection":[{"href":"https:\/\/diariodelsurdigital.com.ar\/index.php?rest_route=\/wp\/v2\/posts"}],"about":[{"href":"https:\/\/diariodelsurdigital.com.ar\/index.php?rest_route=\/wp\/v2\/types\/post"}],"author":[{"embeddable":true,"href":"https:\/\/diariodelsurdigital.com.ar\/index.php?rest_route=\/wp\/v2\/users\/2"}],"replies":[{"embeddable":true,"href":"https:\/\/diariodelsurdigital.com.ar\/index.php?rest_route=%2Fwp%2Fv2%2Fcomments&post=1203"}],"version-history":[{"count":2,"href":"https:\/\/diariodelsurdigital.com.ar\/index.php?rest_route=\/wp\/v2\/posts\/1203\/revisions"}],"predecessor-version":[{"id":1206,"href":"https:\/\/diariodelsurdigital.com.ar\/index.php?rest_route=\/wp\/v2\/posts\/1203\/revisions\/1206"}],"wp:featuredmedia":[{"embeddable":true,"href":"https:\/\/diariodelsurdigital.com.ar\/index.php?rest_route=\/wp\/v2\/media\/1204"}],"wp:attachment":[{"href":"https:\/\/diariodelsurdigital.com.ar\/index.php?rest_route=%2Fwp%2Fv2%2Fmedia&parent=1203"}],"wp:term":[{"taxonomy":"category","embeddable":true,"href":"https:\/\/diariodelsurdigital.com.ar\/index.php?rest_route=%2Fwp%2Fv2%2Fcategories&post=1203"},{"taxonomy":"post_tag","embeddable":true,"href":"https:\/\/diariodelsurdigital.com.ar\/index.php?rest_route=%2Fwp%2Fv2%2Ftags&post=1203"}],"curies":[{"name":"wp","href":"https:\/\/api.w.org\/{rel}","templated":true}]}}