{"id":1207,"date":"2025-02-26T08:15:05","date_gmt":"2025-02-26T11:15:05","guid":{"rendered":"https:\/\/diariodelsurdigital.com.ar\/?p=1207"},"modified":"2025-02-26T08:15:06","modified_gmt":"2025-02-26T11:15:06","slug":"detuvieron-a-una-banda-que-robo-mas-de-25-millones-en-victoria","status":"publish","type":"post","link":"https:\/\/diariodelsurdigital.com.ar\/?p=1207","title":{"rendered":"Detuvieron a una banda que rob\u00f3 m\u00e1s de $25 millones en Victoria"},"content":{"rendered":"\n<h1 class=\"wp-block-heading\"> <\/h1>\n\n\n\n<p>Una banda de delincuentes que robaron m\u00e1s de $25 millones a un vecino de Victoria fue detenida la tarde de este martes. Seg\u00fan se inform\u00f3 desde la polic\u00eda, personal del puesto caminero de la Ruta 12 detuvo un Toyota Etios que se dirig\u00eda en direcci\u00f3n Nogoy\u00e1 &#8211; Rosario del Tala, en el que viajaban los cuatro individuos buscados. Tras el operativo, el ministro de Seguridad, N\u00e9stor Roncaglia, confirm\u00f3 la detenci\u00f3n de los sujetos, se\u00f1al\u00e1ndolos como los presuntos autores del&nbsp;importante robo.<\/p>\n\n\n\n<p>El jefe departamental de Victoria, quien viaj\u00f3 hasta Nogoy\u00e1, detall\u00f3 que el hecho ocurri\u00f3 alrededor de las 18, cuando un vecino de Victoria, que transportaba una gran suma de dinero producto de a\u00f1os de trabajo, fue seguido desde Rosario por dos veh\u00edculos. Al detenerse en su domicilio por un breve momento, los delincuentes rompieron el vidrio de su veh\u00edculo y sustrajeron el dinero del interior.<\/p>\n\n\n\n<p>Tras la denuncia de la v\u00edctima, la polic\u00eda de Victoria inici\u00f3 un seguimiento a trav\u00e9s del sistema de monitoreo y determin\u00f3 que los delincuentes se desplazaban en un Toyota Etios. Inmediatamente, se emiti\u00f3 un alerta a todas las camineras de la provincia, lo que permiti\u00f3 que personal de Nogoy\u00e1 lograra detener el autom\u00f3vil y aprehender a cuatro personas mayores de edad, oriundas de Rosario y Buenos Aires. Algunos de los detenidos cuentan con antecedentes delictivos.<\/p>\n\n\n\n<p>Las autoridades confirmaron que el dinero sustra\u00eddo, estimado entre 25 y 30 millones de pesos, ser\u00e1 secuestrado y que durante la jornada del mi\u00e9rcoles se realizar\u00e1 la requisa del veh\u00edculo para obtener m\u00e1s pruebas que fortalezcan la investigaci\u00f3n. La polic\u00eda contin\u00faa con las diligencias para determinar si hay m\u00e1s involucrados en el hecho.<\/p>\n\n\n\n<p>Fuente: An\u00e1lisis Digital y \u00c9xodo Nogoy\u00e1<\/p>\n\n\n\n<p><\/p>\n","protected":false},"excerpt":{"rendered":"<p>Una banda de delincuentes que robaron m\u00e1s de $25 millones a un vecino de Victoria fue detenida la tarde de este martes. Seg\u00fan se inform\u00f3 desde la polic\u00eda, personal del puesto caminero de la Ruta 12 detuvo un Toyota Etios que se dirig\u00eda en direcci\u00f3n Nogoy\u00e1 &#8211; Rosario del Tala, en el que viajaban los [&hellip;]<\/p>\n","protected":false},"author":2,"featured_media":1208,"comment_status":"open","ping_status":"open","sticky":false,"template":"","format":"standard","meta":{"footnotes":""},"categories":[21],"tags":[],"class_list":{"0":"post-1207","1":"post","2":"type-post","3":"status-publish","4":"format-standard","5":"has-post-thumbnail","7":"category-policiales"},"yoast_head":"<!-- This site is optimized with the Yoast SEO plugin v27.4 - https:\/\/yoast.com\/product\/yoast-seo-wordpress\/ -->\n<title>Detuvieron a una banda que rob\u00f3 m\u00e1s de $25 millones en Victoria - Diario del Sur<\/title>\n<meta name=\"robots\" content=\"index, follow, max-snippet:-1, max-image-preview:large, max-video-preview:-1\" \/>\n<link rel=\"canonical\" href=\"https:\/\/diariodelsurdigital.com.ar\/?p=1207\" \/>\n<meta property=\"og:locale\" content=\"es_ES\" \/>\n<meta property=\"og:type\" content=\"article\" \/>\n<meta property=\"og:title\" content=\"Detuvieron a una banda que rob\u00f3 m\u00e1s de $25 millones en Victoria - Diario del Sur\" \/>\n<meta property=\"og:description\" content=\"Una banda de delincuentes que robaron m\u00e1s de $25 millones a un vecino de Victoria fue detenida la tarde de este martes. Seg\u00fan se inform\u00f3 desde la polic\u00eda, personal del puesto caminero de la Ruta 12 detuvo un Toyota Etios que se dirig\u00eda en direcci\u00f3n Nogoy\u00e1 &#8211; Rosario del Tala, en el que viajaban los [&hellip;]\" \/>\n<meta property=\"og:url\" content=\"https:\/\/diariodelsurdigital.com.ar\/?p=1207\" \/>\n<meta property=\"og:site_name\" content=\"Diario del Sur\" \/>\n<meta property=\"article:published_time\" content=\"2025-02-26T11:15:05+00:00\" \/>\n<meta property=\"article:modified_time\" content=\"2025-02-26T11:15:06+00:00\" \/>\n<meta property=\"og:image\" content=\"https:\/\/diariodelsurdigital.com.ar\/wp-content\/uploads\/2025\/02\/detenidos_robo_millonario.jpg\" \/>\n\t<meta property=\"og:image:width\" content=\"462\" \/>\n\t<meta property=\"og:image:height\" content=\"316\" \/>\n\t<meta property=\"og:image:type\" content=\"image\/jpeg\" \/>\n<meta name=\"author\" content=\"Diario del Sur Digital\" \/>\n<meta name=\"twitter:card\" content=\"summary_large_image\" \/>\n<meta name=\"twitter:label1\" content=\"Escrito por\" \/>\n\t<meta name=\"twitter:data1\" content=\"Diario del Sur Digital\" \/>\n\t<meta name=\"twitter:label2\" content=\"Tiempo de lectura\" \/>\n\t<meta name=\"twitter:data2\" content=\"2 minutos\" \/>\n<script type=\"application\/ld+json\" class=\"yoast-schema-graph\">{\"@context\":\"https:\\\/\\\/schema.org\",\"@graph\":[{\"@type\":\"Article\",\"@id\":\"https:\\\/\\\/diariodelsurdigital.com.ar\\\/?p=1207#article\",\"isPartOf\":{\"@id\":\"https:\\\/\\\/diariodelsurdigital.com.ar\\\/?p=1207\"},\"author\":{\"name\":\"Diario del Sur Digital\",\"@id\":\"https:\\\/\\\/diariodelsurdigital.com.ar\\\/#\\\/schema\\\/person\\\/6136a32571657f7dba980b88b04c5465\"},\"headline\":\"Detuvieron a una banda que rob\u00f3 m\u00e1s de $25 millones en Victoria\",\"datePublished\":\"2025-02-26T11:15:05+00:00\",\"dateModified\":\"2025-02-26T11:15:06+00:00\",\"mainEntityOfPage\":{\"@id\":\"https:\\\/\\\/diariodelsurdigital.com.ar\\\/?p=1207\"},\"wordCount\":313,\"commentCount\":0,\"image\":{\"@id\":\"https:\\\/\\\/diariodelsurdigital.com.ar\\\/?p=1207#primaryimage\"},\"thumbnailUrl\":\"https:\\\/\\\/diariodelsurdigital.com.ar\\\/wp-content\\\/uploads\\\/2025\\\/02\\\/detenidos_robo_millonario.jpg\",\"articleSection\":[\"Policiales\"],\"inLanguage\":\"es\",\"potentialAction\":[{\"@type\":\"CommentAction\",\"name\":\"Comment\",\"target\":[\"https:\\\/\\\/diariodelsurdigital.com.ar\\\/?p=1207#respond\"]}]},{\"@type\":\"WebPage\",\"@id\":\"https:\\\/\\\/diariodelsurdigital.com.ar\\\/?p=1207\",\"url\":\"https:\\\/\\\/diariodelsurdigital.com.ar\\\/?p=1207\",\"name\":\"Detuvieron a una banda que rob\u00f3 m\u00e1s de $25 millones en Victoria - Diario del Sur\",\"isPartOf\":{\"@id\":\"https:\\\/\\\/diariodelsurdigital.com.ar\\\/#website\"},\"primaryImageOfPage\":{\"@id\":\"https:\\\/\\\/diariodelsurdigital.com.ar\\\/?p=1207#primaryimage\"},\"image\":{\"@id\":\"https:\\\/\\\/diariodelsurdigital.com.ar\\\/?p=1207#primaryimage\"},\"thumbnailUrl\":\"https:\\\/\\\/diariodelsurdigital.com.ar\\\/wp-content\\\/uploads\\\/2025\\\/02\\\/detenidos_robo_millonario.jpg\",\"datePublished\":\"2025-02-26T11:15:05+00:00\",\"dateModified\":\"2025-02-26T11:15:06+00:00\",\"author\":{\"@id\":\"https:\\\/\\\/diariodelsurdigital.com.ar\\\/#\\\/schema\\\/person\\\/6136a32571657f7dba980b88b04c5465\"},\"breadcrumb\":{\"@id\":\"https:\\\/\\\/diariodelsurdigital.com.ar\\\/?p=1207#breadcrumb\"},\"inLanguage\":\"es\",\"potentialAction\":[{\"@type\":\"ReadAction\",\"target\":[\"https:\\\/\\\/diariodelsurdigital.com.ar\\\/?p=1207\"]}]},{\"@type\":\"ImageObject\",\"inLanguage\":\"es\",\"@id\":\"https:\\\/\\\/diariodelsurdigital.com.ar\\\/?p=1207#primaryimage\",\"url\":\"https:\\\/\\\/diariodelsurdigital.com.ar\\\/wp-content\\\/uploads\\\/2025\\\/02\\\/detenidos_robo_millonario.jpg\",\"contentUrl\":\"https:\\\/\\\/diariodelsurdigital.com.ar\\\/wp-content\\\/uploads\\\/2025\\\/02\\\/detenidos_robo_millonario.jpg\",\"width\":462,\"height\":316},{\"@type\":\"BreadcrumbList\",\"@id\":\"https:\\\/\\\/diariodelsurdigital.com.ar\\\/?p=1207#breadcrumb\",\"itemListElement\":[{\"@type\":\"ListItem\",\"position\":1,\"name\":\"Portada\",\"item\":\"https:\\\/\\\/diariodelsurdigital.com.ar\\\/\"},{\"@type\":\"ListItem\",\"position\":2,\"name\":\"Detuvieron a una banda que rob\u00f3 m\u00e1s de $25 millones en Victoria\"}]},{\"@type\":\"WebSite\",\"@id\":\"https:\\\/\\\/diariodelsurdigital.com.ar\\\/#website\",\"url\":\"https:\\\/\\\/diariodelsurdigital.com.ar\\\/\",\"name\":\"Diario del Sur\",\"description\":\"Digital\",\"potentialAction\":[{\"@type\":\"SearchAction\",\"target\":{\"@type\":\"EntryPoint\",\"urlTemplate\":\"https:\\\/\\\/diariodelsurdigital.com.ar\\\/?s={search_term_string}\"},\"query-input\":{\"@type\":\"PropertyValueSpecification\",\"valueRequired\":true,\"valueName\":\"search_term_string\"}}],\"inLanguage\":\"es\"},{\"@type\":\"Person\",\"@id\":\"https:\\\/\\\/diariodelsurdigital.com.ar\\\/#\\\/schema\\\/person\\\/6136a32571657f7dba980b88b04c5465\",\"name\":\"Diario del Sur Digital\",\"image\":{\"@type\":\"ImageObject\",\"inLanguage\":\"es\",\"@id\":\"https:\\\/\\\/secure.gravatar.com\\\/avatar\\\/4c29ceac98541dd42460b2474aaa5dd37594d6ce6cb3cf2c101d09b48ee287ba?s=96&d=mm&r=g\",\"url\":\"https:\\\/\\\/secure.gravatar.com\\\/avatar\\\/4c29ceac98541dd42460b2474aaa5dd37594d6ce6cb3cf2c101d09b48ee287ba?s=96&d=mm&r=g\",\"contentUrl\":\"https:\\\/\\\/secure.gravatar.com\\\/avatar\\\/4c29ceac98541dd42460b2474aaa5dd37594d6ce6cb3cf2c101d09b48ee287ba?s=96&d=mm&r=g\",\"caption\":\"Diario del Sur Digital\"},\"url\":\"https:\\\/\\\/diariodelsurdigital.com.ar\\\/?author=2\"}]}<\/script>\n<!-- \/ Yoast SEO plugin. -->","yoast_head_json":{"title":"Detuvieron a una banda que rob\u00f3 m\u00e1s de $25 millones en Victoria - Diario del Sur","robots":{"index":"index","follow":"follow","max-snippet":"max-snippet:-1","max-image-preview":"max-image-preview:large","max-video-preview":"max-video-preview:-1"},"canonical":"https:\/\/diariodelsurdigital.com.ar\/?p=1207","og_locale":"es_ES","og_type":"article","og_title":"Detuvieron a una banda que rob\u00f3 m\u00e1s de $25 millones en Victoria - Diario del Sur","og_description":"Una banda de delincuentes que robaron m\u00e1s de $25 millones a un vecino de Victoria fue detenida la tarde de este martes. Seg\u00fan se inform\u00f3 desde la polic\u00eda, personal del puesto caminero de la Ruta 12 detuvo un Toyota Etios que se dirig\u00eda en direcci\u00f3n Nogoy\u00e1 &#8211; Rosario del Tala, en el que viajaban los [&hellip;]","og_url":"https:\/\/diariodelsurdigital.com.ar\/?p=1207","og_site_name":"Diario del Sur","article_published_time":"2025-02-26T11:15:05+00:00","article_modified_time":"2025-02-26T11:15:06+00:00","og_image":[{"width":462,"height":316,"url":"https:\/\/diariodelsurdigital.com.ar\/wp-content\/uploads\/2025\/02\/detenidos_robo_millonario.jpg","type":"image\/jpeg"}],"author":"Diario del Sur Digital","twitter_card":"summary_large_image","twitter_misc":{"Escrito por":"Diario del Sur Digital","Tiempo de lectura":"2 minutos"},"schema":{"@context":"https:\/\/schema.org","@graph":[{"@type":"Article","@id":"https:\/\/diariodelsurdigital.com.ar\/?p=1207#article","isPartOf":{"@id":"https:\/\/diariodelsurdigital.com.ar\/?p=1207"},"author":{"name":"Diario del Sur Digital","@id":"https:\/\/diariodelsurdigital.com.ar\/#\/schema\/person\/6136a32571657f7dba980b88b04c5465"},"headline":"Detuvieron a una banda que rob\u00f3 m\u00e1s de $25 millones en Victoria","datePublished":"2025-02-26T11:15:05+00:00","dateModified":"2025-02-26T11:15:06+00:00","mainEntityOfPage":{"@id":"https:\/\/diariodelsurdigital.com.ar\/?p=1207"},"wordCount":313,"commentCount":0,"image":{"@id":"https:\/\/diariodelsurdigital.com.ar\/?p=1207#primaryimage"},"thumbnailUrl":"https:\/\/diariodelsurdigital.com.ar\/wp-content\/uploads\/2025\/02\/detenidos_robo_millonario.jpg","articleSection":["Policiales"],"inLanguage":"es","potentialAction":[{"@type":"CommentAction","name":"Comment","target":["https:\/\/diariodelsurdigital.com.ar\/?p=1207#respond"]}]},{"@type":"WebPage","@id":"https:\/\/diariodelsurdigital.com.ar\/?p=1207","url":"https:\/\/diariodelsurdigital.com.ar\/?p=1207","name":"Detuvieron a una banda que rob\u00f3 m\u00e1s de $25 millones en Victoria - Diario del Sur","isPartOf":{"@id":"https:\/\/diariodelsurdigital.com.ar\/#website"},"primaryImageOfPage":{"@id":"https:\/\/diariodelsurdigital.com.ar\/?p=1207#primaryimage"},"image":{"@id":"https:\/\/diariodelsurdigital.com.ar\/?p=1207#primaryimage"},"thumbnailUrl":"https:\/\/diariodelsurdigital.com.ar\/wp-content\/uploads\/2025\/02\/detenidos_robo_millonario.jpg","datePublished":"2025-02-26T11:15:05+00:00","dateModified":"2025-02-26T11:15:06+00:00","author":{"@id":"https:\/\/diariodelsurdigital.com.ar\/#\/schema\/person\/6136a32571657f7dba980b88b04c5465"},"breadcrumb":{"@id":"https:\/\/diariodelsurdigital.com.ar\/?p=1207#breadcrumb"},"inLanguage":"es","potentialAction":[{"@type":"ReadAction","target":["https:\/\/diariodelsurdigital.com.ar\/?p=1207"]}]},{"@type":"ImageObject","inLanguage":"es","@id":"https:\/\/diariodelsurdigital.com.ar\/?p=1207#primaryimage","url":"https:\/\/diariodelsurdigital.com.ar\/wp-content\/uploads\/2025\/02\/detenidos_robo_millonario.jpg","contentUrl":"https:\/\/diariodelsurdigital.com.ar\/wp-content\/uploads\/2025\/02\/detenidos_robo_millonario.jpg","width":462,"height":316},{"@type":"BreadcrumbList","@id":"https:\/\/diariodelsurdigital.com.ar\/?p=1207#breadcrumb","itemListElement":[{"@type":"ListItem","position":1,"name":"Portada","item":"https:\/\/diariodelsurdigital.com.ar\/"},{"@type":"ListItem","position":2,"name":"Detuvieron a una banda que rob\u00f3 m\u00e1s de $25 millones en Victoria"}]},{"@type":"WebSite","@id":"https:\/\/diariodelsurdigital.com.ar\/#website","url":"https:\/\/diariodelsurdigital.com.ar\/","name":"Diario del Sur","description":"Digital","potentialAction":[{"@type":"SearchAction","target":{"@type":"EntryPoint","urlTemplate":"https:\/\/diariodelsurdigital.com.ar\/?s={search_term_string}"},"query-input":{"@type":"PropertyValueSpecification","valueRequired":true,"valueName":"search_term_string"}}],"inLanguage":"es"},{"@type":"Person","@id":"https:\/\/diariodelsurdigital.com.ar\/#\/schema\/person\/6136a32571657f7dba980b88b04c5465","name":"Diario del Sur Digital","image":{"@type":"ImageObject","inLanguage":"es","@id":"https:\/\/secure.gravatar.com\/avatar\/4c29ceac98541dd42460b2474aaa5dd37594d6ce6cb3cf2c101d09b48ee287ba?s=96&d=mm&r=g","url":"https:\/\/secure.gravatar.com\/avatar\/4c29ceac98541dd42460b2474aaa5dd37594d6ce6cb3cf2c101d09b48ee287ba?s=96&d=mm&r=g","contentUrl":"https:\/\/secure.gravatar.com\/avatar\/4c29ceac98541dd42460b2474aaa5dd37594d6ce6cb3cf2c101d09b48ee287ba?s=96&d=mm&r=g","caption":"Diario del Sur Digital"},"url":"https:\/\/diariodelsurdigital.com.ar\/?author=2"}]}},"_links":{"self":[{"href":"https:\/\/diariodelsurdigital.com.ar\/index.php?rest_route=\/wp\/v2\/posts\/1207","targetHints":{"allow":["GET"]}}],"collection":[{"href":"https:\/\/diariodelsurdigital.com.ar\/index.php?rest_route=\/wp\/v2\/posts"}],"about":[{"href":"https:\/\/diariodelsurdigital.com.ar\/index.php?rest_route=\/wp\/v2\/types\/post"}],"author":[{"embeddable":true,"href":"https:\/\/diariodelsurdigital.com.ar\/index.php?rest_route=\/wp\/v2\/users\/2"}],"replies":[{"embeddable":true,"href":"https:\/\/diariodelsurdigital.com.ar\/index.php?rest_route=%2Fwp%2Fv2%2Fcomments&post=1207"}],"version-history":[{"count":1,"href":"https:\/\/diariodelsurdigital.com.ar\/index.php?rest_route=\/wp\/v2\/posts\/1207\/revisions"}],"predecessor-version":[{"id":1209,"href":"https:\/\/diariodelsurdigital.com.ar\/index.php?rest_route=\/wp\/v2\/posts\/1207\/revisions\/1209"}],"wp:featuredmedia":[{"embeddable":true,"href":"https:\/\/diariodelsurdigital.com.ar\/index.php?rest_route=\/wp\/v2\/media\/1208"}],"wp:attachment":[{"href":"https:\/\/diariodelsurdigital.com.ar\/index.php?rest_route=%2Fwp%2Fv2%2Fmedia&parent=1207"}],"wp:term":[{"taxonomy":"category","embeddable":true,"href":"https:\/\/diariodelsurdigital.com.ar\/index.php?rest_route=%2Fwp%2Fv2%2Fcategories&post=1207"},{"taxonomy":"post_tag","embeddable":true,"href":"https:\/\/diariodelsurdigital.com.ar\/index.php?rest_route=%2Fwp%2Fv2%2Ftags&post=1207"}],"curies":[{"name":"wp","href":"https:\/\/api.w.org\/{rel}","templated":true}]}}