{"id":1218,"date":"2025-02-26T15:19:32","date_gmt":"2025-02-26T18:19:32","guid":{"rendered":"https:\/\/diariodelsurdigital.com.ar\/?p=1218"},"modified":"2025-02-26T15:19:33","modified_gmt":"2025-02-26T18:19:33","slug":"el-gobierno-de-entre-rios-creo-el-consejo-provincial-de-modernizacion-e-innovacion-publica","status":"publish","type":"post","link":"https:\/\/diariodelsurdigital.com.ar\/?p=1218","title":{"rendered":"El Gobierno de Entre R\u00edos cre\u00f3 el Consejo Provincial de Modernizaci\u00f3n e Innovaci\u00f3n P\u00fablica"},"content":{"rendered":"\n<p>La medida tuvo como objetivo coordinar y asesorar en la implementaci\u00f3n de pol\u00edticas de modernizaci\u00f3n administrativa y transformaci\u00f3n digital en la provincia y los municipios.<\/p>\n\n\n\n<p>Seg\u00fan el decreto, la Secretar\u00eda de Modernizaci\u00f3n fue designada como la autoridad de aplicaci\u00f3n del plan y qued\u00f3 facultada para convocar a diversos actores, como universidades, sindicatos, empresas privadas y organizaciones de la sociedad civil, a fin de promover estrategias innovadoras en la gesti\u00f3n p\u00fablica.El gobernador Rogelio Frigerio destac\u00f3 que \u00abla modernizaci\u00f3n del Estado es una prioridad para mejorar la calidad de los servicios p\u00fablicos y garantizar una gesti\u00f3n m\u00e1s eficiente y transparente\u00bb.El Consejo tuvo un car\u00e1cter consultivo y estuvo integrado por representantes de distintos organismos estatales y municipales. Entre sus objetivos figuraron \u00abasesorar al Poder Ejecutivo en la formulaci\u00f3n e implementaci\u00f3n de pol\u00edticas p\u00fablicas de modernizaci\u00f3n\u00bb, \u00abpromover la coordinaci\u00f3n entre municipios y la provincia\u00bb, y \u00abfomentar la transparencia y la participaci\u00f3n ciudadana\u00bb.Las funciones del Consejo incluyeron la elaboraci\u00f3n de c\u00f3digos de buenas pr\u00e1cticas, el desarrollo de estudios sobre modernizaci\u00f3n estatal y la promoci\u00f3n de proyectos piloto de transformaci\u00f3n digital. \u00abEs fundamental adoptar soluciones tecnol\u00f3gicas que permitan optimizar los recursos y agilizar la atenci\u00f3n a los ciudadanos\u00bb, se se\u00f1al\u00f3 en el decreto.Asimismo, se previ\u00f3 la realizaci\u00f3n de encuentros peri\u00f3dicos tanto presenciales como virtuales, garantizando un espacio de debate y an\u00e1lisis.El decreto tambi\u00e9n enfatiz\u00f3 la importancia de la transparencia y el acceso a la informaci\u00f3n, estableciendo que \u00abtodos los documentos, resoluciones y avances elaborados por el Consejo ser\u00e1n publicados en la p\u00e1gina web oficial del gobierno provincial\u00bb. Adem\u00e1s, en un plazo de 90 d\u00edas h\u00e1biles desde su creaci\u00f3n, se desarrollar\u00eda un reglamento interno para definir los roles y procedimientos del organismo.La creaci\u00f3n de este Consejo represent\u00f3 un avance significativo en la modernizaci\u00f3n del Estado provincial, asegurando una gesti\u00f3n p\u00fablica m\u00e1s eficiente, transparente y accesible para todos los ciudadanos.<\/p>\n","protected":false},"excerpt":{"rendered":"<p>La medida tuvo como objetivo coordinar y asesorar en la implementaci\u00f3n de pol\u00edticas de modernizaci\u00f3n administrativa y transformaci\u00f3n digital en la provincia y los municipios. Seg\u00fan el decreto, la Secretar\u00eda de Modernizaci\u00f3n fue designada como la autoridad de aplicaci\u00f3n del plan y qued\u00f3 facultada para convocar a diversos actores, como universidades, sindicatos, empresas privadas y [&hellip;]<\/p>\n","protected":false},"author":4,"featured_media":1219,"comment_status":"open","ping_status":"open","sticky":false,"template":"","format":"standard","meta":{"footnotes":""},"categories":[17],"tags":[],"class_list":{"0":"post-1218","1":"post","2":"type-post","3":"status-publish","4":"format-standard","5":"has-post-thumbnail","7":"category-provinciales"},"yoast_head":"<!-- This site is optimized with the Yoast SEO plugin v27.4 - https:\/\/yoast.com\/product\/yoast-seo-wordpress\/ -->\n<title>El Gobierno de Entre R\u00edos cre\u00f3 el Consejo Provincial de Modernizaci\u00f3n e Innovaci\u00f3n P\u00fablica - Diario del Sur<\/title>\n<meta name=\"robots\" content=\"index, follow, max-snippet:-1, max-image-preview:large, max-video-preview:-1\" \/>\n<link rel=\"canonical\" href=\"https:\/\/diariodelsurdigital.com.ar\/?p=1218\" \/>\n<meta property=\"og:locale\" content=\"es_ES\" \/>\n<meta property=\"og:type\" content=\"article\" \/>\n<meta property=\"og:title\" content=\"El Gobierno de Entre R\u00edos cre\u00f3 el Consejo Provincial de Modernizaci\u00f3n e Innovaci\u00f3n P\u00fablica - Diario del Sur\" \/>\n<meta property=\"og:description\" content=\"La medida tuvo como objetivo coordinar y asesorar en la implementaci\u00f3n de pol\u00edticas de modernizaci\u00f3n administrativa y transformaci\u00f3n digital en la provincia y los municipios. Seg\u00fan el decreto, la Secretar\u00eda de Modernizaci\u00f3n fue designada como la autoridad de aplicaci\u00f3n del plan y qued\u00f3 facultada para convocar a diversos actores, como universidades, sindicatos, empresas privadas y [&hellip;]\" \/>\n<meta property=\"og:url\" content=\"https:\/\/diariodelsurdigital.com.ar\/?p=1218\" \/>\n<meta property=\"og:site_name\" content=\"Diario del Sur\" \/>\n<meta property=\"article:published_time\" content=\"2025-02-26T18:19:32+00:00\" \/>\n<meta property=\"article:modified_time\" content=\"2025-02-26T18:19:33+00:00\" \/>\n<meta property=\"og:image\" content=\"https:\/\/diariodelsurdigital.com.ar\/wp-content\/uploads\/2025\/02\/md-13.webp\" \/>\n\t<meta property=\"og:image:width\" content=\"992\" \/>\n\t<meta property=\"og:image:height\" content=\"661\" \/>\n\t<meta property=\"og:image:type\" content=\"image\/webp\" \/>\n<meta name=\"author\" content=\"Diario del Sur Digital\" \/>\n<meta name=\"twitter:card\" content=\"summary_large_image\" \/>\n<meta name=\"twitter:label1\" content=\"Escrito por\" \/>\n\t<meta name=\"twitter:data1\" content=\"Diario del Sur Digital\" \/>\n\t<meta name=\"twitter:label2\" content=\"Tiempo de lectura\" \/>\n\t<meta name=\"twitter:data2\" content=\"2 minutos\" \/>\n<script type=\"application\/ld+json\" class=\"yoast-schema-graph\">{\"@context\":\"https:\\\/\\\/schema.org\",\"@graph\":[{\"@type\":\"Article\",\"@id\":\"https:\\\/\\\/diariodelsurdigital.com.ar\\\/?p=1218#article\",\"isPartOf\":{\"@id\":\"https:\\\/\\\/diariodelsurdigital.com.ar\\\/?p=1218\"},\"author\":{\"name\":\"Diario del Sur Digital\",\"@id\":\"https:\\\/\\\/diariodelsurdigital.com.ar\\\/#\\\/schema\\\/person\\\/1a4992532ed62965c968031b49195c81\"},\"headline\":\"El Gobierno de Entre R\u00edos cre\u00f3 el Consejo Provincial de Modernizaci\u00f3n e Innovaci\u00f3n P\u00fablica\",\"datePublished\":\"2025-02-26T18:19:32+00:00\",\"dateModified\":\"2025-02-26T18:19:33+00:00\",\"mainEntityOfPage\":{\"@id\":\"https:\\\/\\\/diariodelsurdigital.com.ar\\\/?p=1218\"},\"wordCount\":373,\"commentCount\":0,\"image\":{\"@id\":\"https:\\\/\\\/diariodelsurdigital.com.ar\\\/?p=1218#primaryimage\"},\"thumbnailUrl\":\"https:\\\/\\\/diariodelsurdigital.com.ar\\\/wp-content\\\/uploads\\\/2025\\\/02\\\/md-13.webp\",\"articleSection\":[\"Provinciales\"],\"inLanguage\":\"es\",\"potentialAction\":[{\"@type\":\"CommentAction\",\"name\":\"Comment\",\"target\":[\"https:\\\/\\\/diariodelsurdigital.com.ar\\\/?p=1218#respond\"]}]},{\"@type\":\"WebPage\",\"@id\":\"https:\\\/\\\/diariodelsurdigital.com.ar\\\/?p=1218\",\"url\":\"https:\\\/\\\/diariodelsurdigital.com.ar\\\/?p=1218\",\"name\":\"El Gobierno de Entre R\u00edos cre\u00f3 el Consejo Provincial de Modernizaci\u00f3n e Innovaci\u00f3n P\u00fablica - Diario del Sur\",\"isPartOf\":{\"@id\":\"https:\\\/\\\/diariodelsurdigital.com.ar\\\/#website\"},\"primaryImageOfPage\":{\"@id\":\"https:\\\/\\\/diariodelsurdigital.com.ar\\\/?p=1218#primaryimage\"},\"image\":{\"@id\":\"https:\\\/\\\/diariodelsurdigital.com.ar\\\/?p=1218#primaryimage\"},\"thumbnailUrl\":\"https:\\\/\\\/diariodelsurdigital.com.ar\\\/wp-content\\\/uploads\\\/2025\\\/02\\\/md-13.webp\",\"datePublished\":\"2025-02-26T18:19:32+00:00\",\"dateModified\":\"2025-02-26T18:19:33+00:00\",\"author\":{\"@id\":\"https:\\\/\\\/diariodelsurdigital.com.ar\\\/#\\\/schema\\\/person\\\/1a4992532ed62965c968031b49195c81\"},\"breadcrumb\":{\"@id\":\"https:\\\/\\\/diariodelsurdigital.com.ar\\\/?p=1218#breadcrumb\"},\"inLanguage\":\"es\",\"potentialAction\":[{\"@type\":\"ReadAction\",\"target\":[\"https:\\\/\\\/diariodelsurdigital.com.ar\\\/?p=1218\"]}]},{\"@type\":\"ImageObject\",\"inLanguage\":\"es\",\"@id\":\"https:\\\/\\\/diariodelsurdigital.com.ar\\\/?p=1218#primaryimage\",\"url\":\"https:\\\/\\\/diariodelsurdigital.com.ar\\\/wp-content\\\/uploads\\\/2025\\\/02\\\/md-13.webp\",\"contentUrl\":\"https:\\\/\\\/diariodelsurdigital.com.ar\\\/wp-content\\\/uploads\\\/2025\\\/02\\\/md-13.webp\",\"width\":992,\"height\":661},{\"@type\":\"BreadcrumbList\",\"@id\":\"https:\\\/\\\/diariodelsurdigital.com.ar\\\/?p=1218#breadcrumb\",\"itemListElement\":[{\"@type\":\"ListItem\",\"position\":1,\"name\":\"Portada\",\"item\":\"https:\\\/\\\/diariodelsurdigital.com.ar\\\/\"},{\"@type\":\"ListItem\",\"position\":2,\"name\":\"El Gobierno de Entre R\u00edos cre\u00f3 el Consejo Provincial de Modernizaci\u00f3n e Innovaci\u00f3n P\u00fablica\"}]},{\"@type\":\"WebSite\",\"@id\":\"https:\\\/\\\/diariodelsurdigital.com.ar\\\/#website\",\"url\":\"https:\\\/\\\/diariodelsurdigital.com.ar\\\/\",\"name\":\"Diario del Sur\",\"description\":\"Digital\",\"potentialAction\":[{\"@type\":\"SearchAction\",\"target\":{\"@type\":\"EntryPoint\",\"urlTemplate\":\"https:\\\/\\\/diariodelsurdigital.com.ar\\\/?s={search_term_string}\"},\"query-input\":{\"@type\":\"PropertyValueSpecification\",\"valueRequired\":true,\"valueName\":\"search_term_string\"}}],\"inLanguage\":\"es\"},{\"@type\":\"Person\",\"@id\":\"https:\\\/\\\/diariodelsurdigital.com.ar\\\/#\\\/schema\\\/person\\\/1a4992532ed62965c968031b49195c81\",\"name\":\"Diario del Sur Digital\",\"image\":{\"@type\":\"ImageObject\",\"inLanguage\":\"es\",\"@id\":\"https:\\\/\\\/secure.gravatar.com\\\/avatar\\\/f0c7c47fc7146d19828273b9b8eda651c9c7ab583767e6338d3d3bee825adf76?s=96&d=mm&r=g\",\"url\":\"https:\\\/\\\/secure.gravatar.com\\\/avatar\\\/f0c7c47fc7146d19828273b9b8eda651c9c7ab583767e6338d3d3bee825adf76?s=96&d=mm&r=g\",\"contentUrl\":\"https:\\\/\\\/secure.gravatar.com\\\/avatar\\\/f0c7c47fc7146d19828273b9b8eda651c9c7ab583767e6338d3d3bee825adf76?s=96&d=mm&r=g\",\"caption\":\"Diario del Sur Digital\"},\"url\":\"https:\\\/\\\/diariodelsurdigital.com.ar\\\/?author=4\"}]}<\/script>\n<!-- \/ Yoast SEO plugin. -->","yoast_head_json":{"title":"El Gobierno de Entre R\u00edos cre\u00f3 el Consejo Provincial de Modernizaci\u00f3n e Innovaci\u00f3n P\u00fablica - Diario del Sur","robots":{"index":"index","follow":"follow","max-snippet":"max-snippet:-1","max-image-preview":"max-image-preview:large","max-video-preview":"max-video-preview:-1"},"canonical":"https:\/\/diariodelsurdigital.com.ar\/?p=1218","og_locale":"es_ES","og_type":"article","og_title":"El Gobierno de Entre R\u00edos cre\u00f3 el Consejo Provincial de Modernizaci\u00f3n e Innovaci\u00f3n P\u00fablica - Diario del Sur","og_description":"La medida tuvo como objetivo coordinar y asesorar en la implementaci\u00f3n de pol\u00edticas de modernizaci\u00f3n administrativa y transformaci\u00f3n digital en la provincia y los municipios. Seg\u00fan el decreto, la Secretar\u00eda de Modernizaci\u00f3n fue designada como la autoridad de aplicaci\u00f3n del plan y qued\u00f3 facultada para convocar a diversos actores, como universidades, sindicatos, empresas privadas y [&hellip;]","og_url":"https:\/\/diariodelsurdigital.com.ar\/?p=1218","og_site_name":"Diario del Sur","article_published_time":"2025-02-26T18:19:32+00:00","article_modified_time":"2025-02-26T18:19:33+00:00","og_image":[{"width":992,"height":661,"url":"https:\/\/diariodelsurdigital.com.ar\/wp-content\/uploads\/2025\/02\/md-13.webp","type":"image\/webp"}],"author":"Diario del Sur Digital","twitter_card":"summary_large_image","twitter_misc":{"Escrito por":"Diario del Sur Digital","Tiempo de lectura":"2 minutos"},"schema":{"@context":"https:\/\/schema.org","@graph":[{"@type":"Article","@id":"https:\/\/diariodelsurdigital.com.ar\/?p=1218#article","isPartOf":{"@id":"https:\/\/diariodelsurdigital.com.ar\/?p=1218"},"author":{"name":"Diario del Sur Digital","@id":"https:\/\/diariodelsurdigital.com.ar\/#\/schema\/person\/1a4992532ed62965c968031b49195c81"},"headline":"El Gobierno de Entre R\u00edos cre\u00f3 el Consejo Provincial de Modernizaci\u00f3n e Innovaci\u00f3n P\u00fablica","datePublished":"2025-02-26T18:19:32+00:00","dateModified":"2025-02-26T18:19:33+00:00","mainEntityOfPage":{"@id":"https:\/\/diariodelsurdigital.com.ar\/?p=1218"},"wordCount":373,"commentCount":0,"image":{"@id":"https:\/\/diariodelsurdigital.com.ar\/?p=1218#primaryimage"},"thumbnailUrl":"https:\/\/diariodelsurdigital.com.ar\/wp-content\/uploads\/2025\/02\/md-13.webp","articleSection":["Provinciales"],"inLanguage":"es","potentialAction":[{"@type":"CommentAction","name":"Comment","target":["https:\/\/diariodelsurdigital.com.ar\/?p=1218#respond"]}]},{"@type":"WebPage","@id":"https:\/\/diariodelsurdigital.com.ar\/?p=1218","url":"https:\/\/diariodelsurdigital.com.ar\/?p=1218","name":"El Gobierno de Entre R\u00edos cre\u00f3 el Consejo Provincial de Modernizaci\u00f3n e Innovaci\u00f3n P\u00fablica - Diario del Sur","isPartOf":{"@id":"https:\/\/diariodelsurdigital.com.ar\/#website"},"primaryImageOfPage":{"@id":"https:\/\/diariodelsurdigital.com.ar\/?p=1218#primaryimage"},"image":{"@id":"https:\/\/diariodelsurdigital.com.ar\/?p=1218#primaryimage"},"thumbnailUrl":"https:\/\/diariodelsurdigital.com.ar\/wp-content\/uploads\/2025\/02\/md-13.webp","datePublished":"2025-02-26T18:19:32+00:00","dateModified":"2025-02-26T18:19:33+00:00","author":{"@id":"https:\/\/diariodelsurdigital.com.ar\/#\/schema\/person\/1a4992532ed62965c968031b49195c81"},"breadcrumb":{"@id":"https:\/\/diariodelsurdigital.com.ar\/?p=1218#breadcrumb"},"inLanguage":"es","potentialAction":[{"@type":"ReadAction","target":["https:\/\/diariodelsurdigital.com.ar\/?p=1218"]}]},{"@type":"ImageObject","inLanguage":"es","@id":"https:\/\/diariodelsurdigital.com.ar\/?p=1218#primaryimage","url":"https:\/\/diariodelsurdigital.com.ar\/wp-content\/uploads\/2025\/02\/md-13.webp","contentUrl":"https:\/\/diariodelsurdigital.com.ar\/wp-content\/uploads\/2025\/02\/md-13.webp","width":992,"height":661},{"@type":"BreadcrumbList","@id":"https:\/\/diariodelsurdigital.com.ar\/?p=1218#breadcrumb","itemListElement":[{"@type":"ListItem","position":1,"name":"Portada","item":"https:\/\/diariodelsurdigital.com.ar\/"},{"@type":"ListItem","position":2,"name":"El Gobierno de Entre R\u00edos cre\u00f3 el Consejo Provincial de Modernizaci\u00f3n e Innovaci\u00f3n P\u00fablica"}]},{"@type":"WebSite","@id":"https:\/\/diariodelsurdigital.com.ar\/#website","url":"https:\/\/diariodelsurdigital.com.ar\/","name":"Diario del Sur","description":"Digital","potentialAction":[{"@type":"SearchAction","target":{"@type":"EntryPoint","urlTemplate":"https:\/\/diariodelsurdigital.com.ar\/?s={search_term_string}"},"query-input":{"@type":"PropertyValueSpecification","valueRequired":true,"valueName":"search_term_string"}}],"inLanguage":"es"},{"@type":"Person","@id":"https:\/\/diariodelsurdigital.com.ar\/#\/schema\/person\/1a4992532ed62965c968031b49195c81","name":"Diario del Sur Digital","image":{"@type":"ImageObject","inLanguage":"es","@id":"https:\/\/secure.gravatar.com\/avatar\/f0c7c47fc7146d19828273b9b8eda651c9c7ab583767e6338d3d3bee825adf76?s=96&d=mm&r=g","url":"https:\/\/secure.gravatar.com\/avatar\/f0c7c47fc7146d19828273b9b8eda651c9c7ab583767e6338d3d3bee825adf76?s=96&d=mm&r=g","contentUrl":"https:\/\/secure.gravatar.com\/avatar\/f0c7c47fc7146d19828273b9b8eda651c9c7ab583767e6338d3d3bee825adf76?s=96&d=mm&r=g","caption":"Diario del Sur Digital"},"url":"https:\/\/diariodelsurdigital.com.ar\/?author=4"}]}},"_links":{"self":[{"href":"https:\/\/diariodelsurdigital.com.ar\/index.php?rest_route=\/wp\/v2\/posts\/1218","targetHints":{"allow":["GET"]}}],"collection":[{"href":"https:\/\/diariodelsurdigital.com.ar\/index.php?rest_route=\/wp\/v2\/posts"}],"about":[{"href":"https:\/\/diariodelsurdigital.com.ar\/index.php?rest_route=\/wp\/v2\/types\/post"}],"author":[{"embeddable":true,"href":"https:\/\/diariodelsurdigital.com.ar\/index.php?rest_route=\/wp\/v2\/users\/4"}],"replies":[{"embeddable":true,"href":"https:\/\/diariodelsurdigital.com.ar\/index.php?rest_route=%2Fwp%2Fv2%2Fcomments&post=1218"}],"version-history":[{"count":1,"href":"https:\/\/diariodelsurdigital.com.ar\/index.php?rest_route=\/wp\/v2\/posts\/1218\/revisions"}],"predecessor-version":[{"id":1220,"href":"https:\/\/diariodelsurdigital.com.ar\/index.php?rest_route=\/wp\/v2\/posts\/1218\/revisions\/1220"}],"wp:featuredmedia":[{"embeddable":true,"href":"https:\/\/diariodelsurdigital.com.ar\/index.php?rest_route=\/wp\/v2\/media\/1219"}],"wp:attachment":[{"href":"https:\/\/diariodelsurdigital.com.ar\/index.php?rest_route=%2Fwp%2Fv2%2Fmedia&parent=1218"}],"wp:term":[{"taxonomy":"category","embeddable":true,"href":"https:\/\/diariodelsurdigital.com.ar\/index.php?rest_route=%2Fwp%2Fv2%2Fcategories&post=1218"},{"taxonomy":"post_tag","embeddable":true,"href":"https:\/\/diariodelsurdigital.com.ar\/index.php?rest_route=%2Fwp%2Fv2%2Ftags&post=1218"}],"curies":[{"name":"wp","href":"https:\/\/api.w.org\/{rel}","templated":true}]}}