{"id":1221,"date":"2025-02-26T15:22:32","date_gmt":"2025-02-26T18:22:32","guid":{"rendered":"https:\/\/diariodelsurdigital.com.ar\/?p=1221"},"modified":"2025-02-26T15:22:33","modified_gmt":"2025-02-26T18:22:33","slug":"proponen-adherir-a-la-construccion-de-un-puente-internacional-en-corrientes-para-profundizar-los-lazos-con-brasil","status":"publish","type":"post","link":"https:\/\/diariodelsurdigital.com.ar\/?p=1221","title":{"rendered":"Proponen adherir a la construcci\u00f3n de un puente internacional en Corrientes para profundizar los lazos con Brasil"},"content":{"rendered":"\n<p>El presidente de la C\u00e1mara de Diputados de la provincia, Gustavo Hein, propuso declarar de inter\u00e9s de la C\u00e1mara la construcci\u00f3n del Puente Carretero Internacional entre Alvear, provincia de Corrientes, e Itaqu\u00ed, Estado de Rio Grande do Sul. El legislador entrerriano destac\u00f3 que servir\u00e1 para \u201cprofundizar los lazos con el Brasil, y facilitar el intercambio entre nuestros dos grandes pa\u00edses\u201d. Tambi\u00e9n destac\u00f3 \u201cla importancia que este proyecto tiene para la regi\u00f3n\u201d.<\/p>\n\n\n\n<p>El diputado de Juntos por el Cambio y presidente de la C\u00e1mara de Diputados de la provincia, Gustavo Hein, propuso a la C\u00e1mara declarar de su inter\u00e9s \u201cla construcci\u00f3n del Puente Carretero Internacional entre las ciudades de Alvear, Provincia de Corrientes, e Itaqu\u00ed, Estado de Rio Grande do Sul, y por lo que se adhiere a la Declaraci\u00f3n de Inter\u00e9s Legislativo emitida por la C\u00e1mara de Senadores de la Provincia de Corrientes el 22 de agosto de 2024\u201d.<\/p>\n\n\n\n<p>Hein resalt\u00f3 que \u201cestas vinculaciones f\u00edsicas son importantes a los efectos de profundizar los lazos con el Brasil, y facilitar el intercambio entre nuestros dos grandes pa\u00edses. Por la importancia que este proyecto tiene para la regi\u00f3n, es que, solicito a mis pares la aprobaci\u00f3n del presente proyecto de declaraci\u00f3n\u201d.<\/p>\n\n\n\n<p>Hein fundament\u00f3 que \u201cseg\u00fan ha sido posible recopilar, en el a\u00f1o 1934 los gobiernos nacionales de Argentina y Brasil decidieron constituir los primeros pares de ciudades fronterizas como alternativas para las construcciones de puentes internacionales; entre ellas estaba el proyecto de viaducto entre Alvear e Itaqui\u201d.<\/p>\n\n\n\n<p>El legislador record\u00f3 que \u201cpasaron muchos a\u00f1os hasta que en 1994, los municipios de General Alvear (Corrientes) e Itaqui (RGS, Brasil) obtuvieron las Cartas Reversales, que se trata de instrumento diplom\u00e1tico de autorizaci\u00f3n expresa por partes de los gobiernos nacionales a las comunas para llevar adelante la obra de puente carretero internacional sobre el r\u00edo Uruguay\u201d. &nbsp;&nbsp;&nbsp;<\/p>\n\n\n\n<p>Tambi\u00e9n rememor\u00f3 que \u201centre 1997 y 2000, ambos municipios constituyeron la Empresa Binacional, una sociedad binacional necesaria para la cristalizaci\u00f3n de la obra\u201d y \u201cen el a\u00f1o 2024, primero el Concejo Deliberante de Alvear y luego la C\u00e1mara de Senadores de Corrientes emitieron sendas declaraciones de inter\u00e9s en la construcci\u00f3n de ese puente internacional\u201d.<\/p>\n","protected":false},"excerpt":{"rendered":"<p>El presidente de la C\u00e1mara de Diputados de la provincia, Gustavo Hein, propuso declarar de inter\u00e9s de la C\u00e1mara la construcci\u00f3n del Puente Carretero Internacional entre Alvear, provincia de Corrientes, e Itaqu\u00ed, Estado de Rio Grande do Sul. El legislador entrerriano destac\u00f3 que servir\u00e1 para \u201cprofundizar los lazos con el Brasil, y facilitar el intercambio [&hellip;]<\/p>\n","protected":false},"author":4,"featured_media":1222,"comment_status":"open","ping_status":"open","sticky":false,"template":"","format":"standard","meta":{"footnotes":""},"categories":[19,17],"tags":[],"class_list":{"0":"post-1221","1":"post","2":"type-post","3":"status-publish","4":"format-standard","5":"has-post-thumbnail","7":"category-interes-general","8":"category-provinciales"},"yoast_head":"<!-- This site is optimized with the Yoast SEO plugin v27.4 - https:\/\/yoast.com\/product\/yoast-seo-wordpress\/ -->\n<title>Proponen adherir a la construcci\u00f3n de un puente internacional en Corrientes para profundizar los lazos con Brasil - Diario del Sur<\/title>\n<meta name=\"robots\" content=\"index, follow, max-snippet:-1, max-image-preview:large, max-video-preview:-1\" \/>\n<link rel=\"canonical\" href=\"https:\/\/diariodelsurdigital.com.ar\/?p=1221\" \/>\n<meta property=\"og:locale\" content=\"es_ES\" \/>\n<meta property=\"og:type\" content=\"article\" \/>\n<meta property=\"og:title\" content=\"Proponen adherir a la construcci\u00f3n de un puente internacional en Corrientes para profundizar los lazos con Brasil - Diario del Sur\" \/>\n<meta property=\"og:description\" content=\"El presidente de la C\u00e1mara de Diputados de la provincia, Gustavo Hein, propuso declarar de inter\u00e9s de la C\u00e1mara la construcci\u00f3n del Puente Carretero Internacional entre Alvear, provincia de Corrientes, e Itaqu\u00ed, Estado de Rio Grande do Sul. El legislador entrerriano destac\u00f3 que servir\u00e1 para \u201cprofundizar los lazos con el Brasil, y facilitar el intercambio [&hellip;]\" \/>\n<meta property=\"og:url\" content=\"https:\/\/diariodelsurdigital.com.ar\/?p=1221\" \/>\n<meta property=\"og:site_name\" content=\"Diario del Sur\" \/>\n<meta property=\"article:published_time\" content=\"2025-02-26T18:22:32+00:00\" \/>\n<meta property=\"article:modified_time\" content=\"2025-02-26T18:22:33+00:00\" \/>\n<meta property=\"og:image\" content=\"https:\/\/diariodelsurdigital.com.ar\/wp-content\/uploads\/2025\/02\/md-14.webp\" \/>\n\t<meta property=\"og:image:width\" content=\"992\" \/>\n\t<meta property=\"og:image:height\" content=\"557\" \/>\n\t<meta property=\"og:image:type\" content=\"image\/webp\" \/>\n<meta name=\"author\" content=\"Diario del Sur Digital\" \/>\n<meta name=\"twitter:card\" content=\"summary_large_image\" \/>\n<meta name=\"twitter:label1\" content=\"Escrito por\" \/>\n\t<meta name=\"twitter:data1\" content=\"Diario del Sur Digital\" \/>\n\t<meta name=\"twitter:label2\" content=\"Tiempo de lectura\" \/>\n\t<meta name=\"twitter:data2\" content=\"2 minutos\" \/>\n<script type=\"application\/ld+json\" class=\"yoast-schema-graph\">{\"@context\":\"https:\\\/\\\/schema.org\",\"@graph\":[{\"@type\":\"Article\",\"@id\":\"https:\\\/\\\/diariodelsurdigital.com.ar\\\/?p=1221#article\",\"isPartOf\":{\"@id\":\"https:\\\/\\\/diariodelsurdigital.com.ar\\\/?p=1221\"},\"author\":{\"name\":\"Diario del Sur Digital\",\"@id\":\"https:\\\/\\\/diariodelsurdigital.com.ar\\\/#\\\/schema\\\/person\\\/1a4992532ed62965c968031b49195c81\"},\"headline\":\"Proponen adherir a la construcci\u00f3n de un puente internacional en Corrientes para profundizar los lazos con Brasil\",\"datePublished\":\"2025-02-26T18:22:32+00:00\",\"dateModified\":\"2025-02-26T18:22:33+00:00\",\"mainEntityOfPage\":{\"@id\":\"https:\\\/\\\/diariodelsurdigital.com.ar\\\/?p=1221\"},\"wordCount\":400,\"commentCount\":0,\"image\":{\"@id\":\"https:\\\/\\\/diariodelsurdigital.com.ar\\\/?p=1221#primaryimage\"},\"thumbnailUrl\":\"https:\\\/\\\/diariodelsurdigital.com.ar\\\/wp-content\\\/uploads\\\/2025\\\/02\\\/md-14.webp\",\"articleSection\":[\"Inter\u00e9s General\",\"Provinciales\"],\"inLanguage\":\"es\",\"potentialAction\":[{\"@type\":\"CommentAction\",\"name\":\"Comment\",\"target\":[\"https:\\\/\\\/diariodelsurdigital.com.ar\\\/?p=1221#respond\"]}]},{\"@type\":\"WebPage\",\"@id\":\"https:\\\/\\\/diariodelsurdigital.com.ar\\\/?p=1221\",\"url\":\"https:\\\/\\\/diariodelsurdigital.com.ar\\\/?p=1221\",\"name\":\"Proponen adherir a la construcci\u00f3n de un puente internacional en Corrientes para profundizar los lazos con Brasil - Diario del Sur\",\"isPartOf\":{\"@id\":\"https:\\\/\\\/diariodelsurdigital.com.ar\\\/#website\"},\"primaryImageOfPage\":{\"@id\":\"https:\\\/\\\/diariodelsurdigital.com.ar\\\/?p=1221#primaryimage\"},\"image\":{\"@id\":\"https:\\\/\\\/diariodelsurdigital.com.ar\\\/?p=1221#primaryimage\"},\"thumbnailUrl\":\"https:\\\/\\\/diariodelsurdigital.com.ar\\\/wp-content\\\/uploads\\\/2025\\\/02\\\/md-14.webp\",\"datePublished\":\"2025-02-26T18:22:32+00:00\",\"dateModified\":\"2025-02-26T18:22:33+00:00\",\"author\":{\"@id\":\"https:\\\/\\\/diariodelsurdigital.com.ar\\\/#\\\/schema\\\/person\\\/1a4992532ed62965c968031b49195c81\"},\"breadcrumb\":{\"@id\":\"https:\\\/\\\/diariodelsurdigital.com.ar\\\/?p=1221#breadcrumb\"},\"inLanguage\":\"es\",\"potentialAction\":[{\"@type\":\"ReadAction\",\"target\":[\"https:\\\/\\\/diariodelsurdigital.com.ar\\\/?p=1221\"]}]},{\"@type\":\"ImageObject\",\"inLanguage\":\"es\",\"@id\":\"https:\\\/\\\/diariodelsurdigital.com.ar\\\/?p=1221#primaryimage\",\"url\":\"https:\\\/\\\/diariodelsurdigital.com.ar\\\/wp-content\\\/uploads\\\/2025\\\/02\\\/md-14.webp\",\"contentUrl\":\"https:\\\/\\\/diariodelsurdigital.com.ar\\\/wp-content\\\/uploads\\\/2025\\\/02\\\/md-14.webp\",\"width\":992,\"height\":557},{\"@type\":\"BreadcrumbList\",\"@id\":\"https:\\\/\\\/diariodelsurdigital.com.ar\\\/?p=1221#breadcrumb\",\"itemListElement\":[{\"@type\":\"ListItem\",\"position\":1,\"name\":\"Portada\",\"item\":\"https:\\\/\\\/diariodelsurdigital.com.ar\\\/\"},{\"@type\":\"ListItem\",\"position\":2,\"name\":\"Proponen adherir a la construcci\u00f3n de un puente internacional en Corrientes para profundizar los lazos con Brasil\"}]},{\"@type\":\"WebSite\",\"@id\":\"https:\\\/\\\/diariodelsurdigital.com.ar\\\/#website\",\"url\":\"https:\\\/\\\/diariodelsurdigital.com.ar\\\/\",\"name\":\"Diario del Sur\",\"description\":\"Digital\",\"potentialAction\":[{\"@type\":\"SearchAction\",\"target\":{\"@type\":\"EntryPoint\",\"urlTemplate\":\"https:\\\/\\\/diariodelsurdigital.com.ar\\\/?s={search_term_string}\"},\"query-input\":{\"@type\":\"PropertyValueSpecification\",\"valueRequired\":true,\"valueName\":\"search_term_string\"}}],\"inLanguage\":\"es\"},{\"@type\":\"Person\",\"@id\":\"https:\\\/\\\/diariodelsurdigital.com.ar\\\/#\\\/schema\\\/person\\\/1a4992532ed62965c968031b49195c81\",\"name\":\"Diario del Sur Digital\",\"image\":{\"@type\":\"ImageObject\",\"inLanguage\":\"es\",\"@id\":\"https:\\\/\\\/secure.gravatar.com\\\/avatar\\\/f0c7c47fc7146d19828273b9b8eda651c9c7ab583767e6338d3d3bee825adf76?s=96&d=mm&r=g\",\"url\":\"https:\\\/\\\/secure.gravatar.com\\\/avatar\\\/f0c7c47fc7146d19828273b9b8eda651c9c7ab583767e6338d3d3bee825adf76?s=96&d=mm&r=g\",\"contentUrl\":\"https:\\\/\\\/secure.gravatar.com\\\/avatar\\\/f0c7c47fc7146d19828273b9b8eda651c9c7ab583767e6338d3d3bee825adf76?s=96&d=mm&r=g\",\"caption\":\"Diario del Sur Digital\"},\"url\":\"https:\\\/\\\/diariodelsurdigital.com.ar\\\/?author=4\"}]}<\/script>\n<!-- \/ Yoast SEO plugin. -->","yoast_head_json":{"title":"Proponen adherir a la construcci\u00f3n de un puente internacional en Corrientes para profundizar los lazos con Brasil - Diario del Sur","robots":{"index":"index","follow":"follow","max-snippet":"max-snippet:-1","max-image-preview":"max-image-preview:large","max-video-preview":"max-video-preview:-1"},"canonical":"https:\/\/diariodelsurdigital.com.ar\/?p=1221","og_locale":"es_ES","og_type":"article","og_title":"Proponen adherir a la construcci\u00f3n de un puente internacional en Corrientes para profundizar los lazos con Brasil - Diario del Sur","og_description":"El presidente de la C\u00e1mara de Diputados de la provincia, Gustavo Hein, propuso declarar de inter\u00e9s de la C\u00e1mara la construcci\u00f3n del Puente Carretero Internacional entre Alvear, provincia de Corrientes, e Itaqu\u00ed, Estado de Rio Grande do Sul. El legislador entrerriano destac\u00f3 que servir\u00e1 para \u201cprofundizar los lazos con el Brasil, y facilitar el intercambio [&hellip;]","og_url":"https:\/\/diariodelsurdigital.com.ar\/?p=1221","og_site_name":"Diario del Sur","article_published_time":"2025-02-26T18:22:32+00:00","article_modified_time":"2025-02-26T18:22:33+00:00","og_image":[{"width":992,"height":557,"url":"https:\/\/diariodelsurdigital.com.ar\/wp-content\/uploads\/2025\/02\/md-14.webp","type":"image\/webp"}],"author":"Diario del Sur Digital","twitter_card":"summary_large_image","twitter_misc":{"Escrito por":"Diario del Sur Digital","Tiempo de lectura":"2 minutos"},"schema":{"@context":"https:\/\/schema.org","@graph":[{"@type":"Article","@id":"https:\/\/diariodelsurdigital.com.ar\/?p=1221#article","isPartOf":{"@id":"https:\/\/diariodelsurdigital.com.ar\/?p=1221"},"author":{"name":"Diario del Sur Digital","@id":"https:\/\/diariodelsurdigital.com.ar\/#\/schema\/person\/1a4992532ed62965c968031b49195c81"},"headline":"Proponen adherir a la construcci\u00f3n de un puente internacional en Corrientes para profundizar los lazos con Brasil","datePublished":"2025-02-26T18:22:32+00:00","dateModified":"2025-02-26T18:22:33+00:00","mainEntityOfPage":{"@id":"https:\/\/diariodelsurdigital.com.ar\/?p=1221"},"wordCount":400,"commentCount":0,"image":{"@id":"https:\/\/diariodelsurdigital.com.ar\/?p=1221#primaryimage"},"thumbnailUrl":"https:\/\/diariodelsurdigital.com.ar\/wp-content\/uploads\/2025\/02\/md-14.webp","articleSection":["Inter\u00e9s General","Provinciales"],"inLanguage":"es","potentialAction":[{"@type":"CommentAction","name":"Comment","target":["https:\/\/diariodelsurdigital.com.ar\/?p=1221#respond"]}]},{"@type":"WebPage","@id":"https:\/\/diariodelsurdigital.com.ar\/?p=1221","url":"https:\/\/diariodelsurdigital.com.ar\/?p=1221","name":"Proponen adherir a la construcci\u00f3n de un puente internacional en Corrientes para profundizar los lazos con Brasil - Diario del Sur","isPartOf":{"@id":"https:\/\/diariodelsurdigital.com.ar\/#website"},"primaryImageOfPage":{"@id":"https:\/\/diariodelsurdigital.com.ar\/?p=1221#primaryimage"},"image":{"@id":"https:\/\/diariodelsurdigital.com.ar\/?p=1221#primaryimage"},"thumbnailUrl":"https:\/\/diariodelsurdigital.com.ar\/wp-content\/uploads\/2025\/02\/md-14.webp","datePublished":"2025-02-26T18:22:32+00:00","dateModified":"2025-02-26T18:22:33+00:00","author":{"@id":"https:\/\/diariodelsurdigital.com.ar\/#\/schema\/person\/1a4992532ed62965c968031b49195c81"},"breadcrumb":{"@id":"https:\/\/diariodelsurdigital.com.ar\/?p=1221#breadcrumb"},"inLanguage":"es","potentialAction":[{"@type":"ReadAction","target":["https:\/\/diariodelsurdigital.com.ar\/?p=1221"]}]},{"@type":"ImageObject","inLanguage":"es","@id":"https:\/\/diariodelsurdigital.com.ar\/?p=1221#primaryimage","url":"https:\/\/diariodelsurdigital.com.ar\/wp-content\/uploads\/2025\/02\/md-14.webp","contentUrl":"https:\/\/diariodelsurdigital.com.ar\/wp-content\/uploads\/2025\/02\/md-14.webp","width":992,"height":557},{"@type":"BreadcrumbList","@id":"https:\/\/diariodelsurdigital.com.ar\/?p=1221#breadcrumb","itemListElement":[{"@type":"ListItem","position":1,"name":"Portada","item":"https:\/\/diariodelsurdigital.com.ar\/"},{"@type":"ListItem","position":2,"name":"Proponen adherir a la construcci\u00f3n de un puente internacional en Corrientes para profundizar los lazos con Brasil"}]},{"@type":"WebSite","@id":"https:\/\/diariodelsurdigital.com.ar\/#website","url":"https:\/\/diariodelsurdigital.com.ar\/","name":"Diario del Sur","description":"Digital","potentialAction":[{"@type":"SearchAction","target":{"@type":"EntryPoint","urlTemplate":"https:\/\/diariodelsurdigital.com.ar\/?s={search_term_string}"},"query-input":{"@type":"PropertyValueSpecification","valueRequired":true,"valueName":"search_term_string"}}],"inLanguage":"es"},{"@type":"Person","@id":"https:\/\/diariodelsurdigital.com.ar\/#\/schema\/person\/1a4992532ed62965c968031b49195c81","name":"Diario del Sur Digital","image":{"@type":"ImageObject","inLanguage":"es","@id":"https:\/\/secure.gravatar.com\/avatar\/f0c7c47fc7146d19828273b9b8eda651c9c7ab583767e6338d3d3bee825adf76?s=96&d=mm&r=g","url":"https:\/\/secure.gravatar.com\/avatar\/f0c7c47fc7146d19828273b9b8eda651c9c7ab583767e6338d3d3bee825adf76?s=96&d=mm&r=g","contentUrl":"https:\/\/secure.gravatar.com\/avatar\/f0c7c47fc7146d19828273b9b8eda651c9c7ab583767e6338d3d3bee825adf76?s=96&d=mm&r=g","caption":"Diario del Sur Digital"},"url":"https:\/\/diariodelsurdigital.com.ar\/?author=4"}]}},"_links":{"self":[{"href":"https:\/\/diariodelsurdigital.com.ar\/index.php?rest_route=\/wp\/v2\/posts\/1221","targetHints":{"allow":["GET"]}}],"collection":[{"href":"https:\/\/diariodelsurdigital.com.ar\/index.php?rest_route=\/wp\/v2\/posts"}],"about":[{"href":"https:\/\/diariodelsurdigital.com.ar\/index.php?rest_route=\/wp\/v2\/types\/post"}],"author":[{"embeddable":true,"href":"https:\/\/diariodelsurdigital.com.ar\/index.php?rest_route=\/wp\/v2\/users\/4"}],"replies":[{"embeddable":true,"href":"https:\/\/diariodelsurdigital.com.ar\/index.php?rest_route=%2Fwp%2Fv2%2Fcomments&post=1221"}],"version-history":[{"count":1,"href":"https:\/\/diariodelsurdigital.com.ar\/index.php?rest_route=\/wp\/v2\/posts\/1221\/revisions"}],"predecessor-version":[{"id":1223,"href":"https:\/\/diariodelsurdigital.com.ar\/index.php?rest_route=\/wp\/v2\/posts\/1221\/revisions\/1223"}],"wp:featuredmedia":[{"embeddable":true,"href":"https:\/\/diariodelsurdigital.com.ar\/index.php?rest_route=\/wp\/v2\/media\/1222"}],"wp:attachment":[{"href":"https:\/\/diariodelsurdigital.com.ar\/index.php?rest_route=%2Fwp%2Fv2%2Fmedia&parent=1221"}],"wp:term":[{"taxonomy":"category","embeddable":true,"href":"https:\/\/diariodelsurdigital.com.ar\/index.php?rest_route=%2Fwp%2Fv2%2Fcategories&post=1221"},{"taxonomy":"post_tag","embeddable":true,"href":"https:\/\/diariodelsurdigital.com.ar\/index.php?rest_route=%2Fwp%2Fv2%2Ftags&post=1221"}],"curies":[{"name":"wp","href":"https:\/\/api.w.org\/{rel}","templated":true}]}}