{"id":1224,"date":"2025-02-26T15:25:52","date_gmt":"2025-02-26T18:25:52","guid":{"rendered":"https:\/\/diariodelsurdigital.com.ar\/?p=1224"},"modified":"2025-02-26T15:25:53","modified_gmt":"2025-02-26T18:25:53","slug":"diputados-entrerrianos-repudian-el-desarme-y-los-recortes-de-programas-nacionales-de-lucha-contra-el-cancer","status":"publish","type":"post","link":"https:\/\/diariodelsurdigital.com.ar\/?p=1224","title":{"rendered":"Diputados entrerrianos repudian el desarme y los recortes de programas nacionales de lucha contra el c\u00e1ncer"},"content":{"rendered":"\n<p>El proyecto de declaraci\u00f3n rechaz\u00f3 el desmantelamiento del Programa de Cuidados Paliativos, dependiente del Instituto Nacional del C\u00e1ncer que suspendi\u00f3 las compras de opioides (morfina y metadona) con los que se trata a las personas enfermas de c\u00e1ncer y en echar a gran parte de los integrantes del equipo que trabaja en dicho programa. Se resalt\u00f3 que \u201cimplica un profundo descuido por los derechos humanos de los pacientes\u00bb.<\/p>\n\n\n\n<p>Diputados justicialistas presentaron el martes 25 un proyecto de declaraci\u00f3n manifestando \u201csu repudio ante la decisi\u00f3n del Poder Ejecutivo Nacional consistente en el desmantelamiento del Programa de Cuidados Paliativos y el recorte del Instituto Nacional del C\u00e1ncer\u201d. Cuestionaron que \u201cel gobierno nacional ha desfinanciado e incluso eliminado diversos organismos dependientes del Poder Ejecutivo, evidenciando una definici\u00f3n deshumanizante que tiene como destinatarios a aquellos que m\u00e1s necesitan de la presencia del Estado\u201d.La autora del proyecto, Laura Stratta, precis\u00f3 que \u201cel desmantelamiento se basa en suspender las compras de opioides (morfina y metadona) con los que se trata a las personas enfermas de c\u00e1ncer y en echar a gran parte de los integrantes del equipo que trabaja en dicho programa. Esta decisi\u00f3n implica un profundo descuido por los derechos humanos de los pacientes\u201d. Acompa\u00f1aron a Stratta sus pares de bloque, Lorena Arrozogaray, Silvia \u00c1vila, Enrique Cresto, Silvia Moreno, Yari Seyler y Andrea Zoff.Los diputados indicaron que \u201cdesde nuestra posici\u00f3n, es imprescindible manifestar nuestro repudio a estas medidas que ponen en peligro la salud de la poblaci\u00f3n y debilitan la capacidad del Estado para cumplir con su rol. Debemos exigir que se reviertan los despidos, se fortalezcan las \u00e1reas cr\u00edticas y se restablezca la participaci\u00f3n en organismos internacionales como la Organizaci\u00f3n Mundial de la Salud (OMS). La salud no puede ser objeto de recortes ni de decisiones pol\u00edticas arbitrarias\u201d. En aquella l\u00ednea, a\u00f1adieron que \u201ces responsabilidad de todos defender un sistema de salud p\u00fablico, gratuito y de calidad\u201d.Los legisladores destacaron que \u201cla Federaci\u00f3n de Profesionales de la Salud ha denunciado que, desde 2024, cientos de pacientes se han visto afectados por la suspensi\u00f3n de la entrega de medicamentos oncol\u00f3gicos\u201d y a\u00f1adieron que \u201cse debe a la falta de respuesta de la Direcci\u00f3n de Asistencia Directa por Situaciones Especiales (Dadse), disuelta durante la gesti\u00f3n de Javier Milei\u201d. Tambi\u00e9n expresaron que \u201cla Federaci\u00f3n estima que, durante el a\u00f1o pasado, al menos sesenta personas fallecieron debido a esta problem\u00e1tica\u201d y cuestionaron que \u201cel Ministerio de Salud de la Naci\u00f3n ha sido gravemente afectado por recientes decisiones que han comprometido su capacidad de respuesta y la continuidad de programas esenciales\u201d.Entre las medidas que cuestionaron se mencion\u00f3 que \u201cse han llevado a cabo 180 despidos, incluyendo personal clave en \u00e1reas cr\u00edticas como VIH, tuberculosis, lepra y vacunas. Estas \u00e1reas, que requieren atenci\u00f3n especializada y continua, se han visto vaciadas, poniendo en riesgo la salud de la poblaci\u00f3n y el control de enfermedades que pueden tener consecuencias devastadoras\u201d.Sumado a los despidos, los legisladores justicialistas recordaron \u201cel anuncio de la salida de la OMS (que) ha generado una profunda preocupaci\u00f3n en el \u00e1mbito de la salud p\u00fablica. La OMS desempe\u00f1a un papel fundamental en la coordinaci\u00f3n de esfuerzos a nivel global, el establecimiento de est\u00e1ndares y la promoci\u00f3n de pol\u00edticas basadas en evidencia\u201d.Entendieron que la decisi\u00f3n de abandonar aquel \u201corganismo internacional implica un aislamiento y una p\u00e9rdida de oportunidades de colaboraci\u00f3n y apoyo t\u00e9cnico, lo que debilita a\u00fan m\u00e1s la capacidad del Ministerio para enfrentar los desaf\u00edos sanitarios. El desmantelamiento de las pol\u00edticas p\u00fablicas de salud es un proceso que se ha venido desarrollando de manera progresiva y que tiene consecuencias negativas para toda la sociedad\u201d.DerechoEn el proyecto de indic\u00f3 que \u201cla salud es un derecho fundamental y el Estado tiene la obligaci\u00f3n de garantizar su acceso y calidad para todos los ciudadanos. Las decisiones que se han tomado en el Ministerio de Salud van en contra de este principio y afectan directamente a quienes m\u00e1s necesitan del apoyo del Estado\u201d.<\/p>\n","protected":false},"excerpt":{"rendered":"<p>El proyecto de declaraci\u00f3n rechaz\u00f3 el desmantelamiento del Programa de Cuidados Paliativos, dependiente del Instituto Nacional del C\u00e1ncer que suspendi\u00f3 las compras de opioides (morfina y metadona) con los que se trata a las personas enfermas de c\u00e1ncer y en echar a gran parte de los integrantes del equipo que trabaja en dicho programa. Se [&hellip;]<\/p>\n","protected":false},"author":4,"featured_media":1225,"comment_status":"open","ping_status":"open","sticky":false,"template":"","format":"standard","meta":{"footnotes":""},"categories":[18,22],"tags":[],"class_list":{"0":"post-1224","1":"post","2":"type-post","3":"status-publish","4":"format-standard","5":"has-post-thumbnail","7":"category-nacionales","8":"category-politica"},"yoast_head":"<!-- This site is optimized with the Yoast SEO plugin v27.4 - https:\/\/yoast.com\/product\/yoast-seo-wordpress\/ -->\n<title>Diputados entrerrianos repudian el desarme y los recortes de programas nacionales de lucha contra el c\u00e1ncer - Diario del Sur<\/title>\n<meta name=\"robots\" content=\"index, follow, max-snippet:-1, max-image-preview:large, max-video-preview:-1\" \/>\n<link rel=\"canonical\" href=\"https:\/\/diariodelsurdigital.com.ar\/?p=1224\" \/>\n<meta property=\"og:locale\" content=\"es_ES\" \/>\n<meta property=\"og:type\" content=\"article\" \/>\n<meta property=\"og:title\" content=\"Diputados entrerrianos repudian el desarme y los recortes de programas nacionales de lucha contra el c\u00e1ncer - Diario del Sur\" \/>\n<meta property=\"og:description\" content=\"El proyecto de declaraci\u00f3n rechaz\u00f3 el desmantelamiento del Programa de Cuidados Paliativos, dependiente del Instituto Nacional del C\u00e1ncer que suspendi\u00f3 las compras de opioides (morfina y metadona) con los que se trata a las personas enfermas de c\u00e1ncer y en echar a gran parte de los integrantes del equipo que trabaja en dicho programa. Se [&hellip;]\" \/>\n<meta property=\"og:url\" content=\"https:\/\/diariodelsurdigital.com.ar\/?p=1224\" \/>\n<meta property=\"og:site_name\" content=\"Diario del Sur\" \/>\n<meta property=\"article:published_time\" content=\"2025-02-26T18:25:52+00:00\" \/>\n<meta property=\"article:modified_time\" content=\"2025-02-26T18:25:53+00:00\" \/>\n<meta property=\"og:image\" content=\"https:\/\/diariodelsurdigital.com.ar\/wp-content\/uploads\/2025\/02\/md-15.webp\" \/>\n\t<meta property=\"og:image:width\" content=\"992\" \/>\n\t<meta property=\"og:image:height\" content=\"560\" \/>\n\t<meta property=\"og:image:type\" content=\"image\/webp\" \/>\n<meta name=\"author\" content=\"Diario del Sur Digital\" \/>\n<meta name=\"twitter:card\" content=\"summary_large_image\" \/>\n<meta name=\"twitter:label1\" content=\"Escrito por\" \/>\n\t<meta name=\"twitter:data1\" content=\"Diario del Sur Digital\" \/>\n\t<meta name=\"twitter:label2\" content=\"Tiempo de lectura\" \/>\n\t<meta name=\"twitter:data2\" content=\"4 minutos\" \/>\n<script type=\"application\/ld+json\" class=\"yoast-schema-graph\">{\"@context\":\"https:\\\/\\\/schema.org\",\"@graph\":[{\"@type\":\"Article\",\"@id\":\"https:\\\/\\\/diariodelsurdigital.com.ar\\\/?p=1224#article\",\"isPartOf\":{\"@id\":\"https:\\\/\\\/diariodelsurdigital.com.ar\\\/?p=1224\"},\"author\":{\"name\":\"Diario del Sur Digital\",\"@id\":\"https:\\\/\\\/diariodelsurdigital.com.ar\\\/#\\\/schema\\\/person\\\/1a4992532ed62965c968031b49195c81\"},\"headline\":\"Diputados entrerrianos repudian el desarme y los recortes de programas nacionales de lucha contra el c\u00e1ncer\",\"datePublished\":\"2025-02-26T18:25:52+00:00\",\"dateModified\":\"2025-02-26T18:25:53+00:00\",\"mainEntityOfPage\":{\"@id\":\"https:\\\/\\\/diariodelsurdigital.com.ar\\\/?p=1224\"},\"wordCount\":722,\"commentCount\":0,\"image\":{\"@id\":\"https:\\\/\\\/diariodelsurdigital.com.ar\\\/?p=1224#primaryimage\"},\"thumbnailUrl\":\"https:\\\/\\\/diariodelsurdigital.com.ar\\\/wp-content\\\/uploads\\\/2025\\\/02\\\/md-15.webp\",\"articleSection\":[\"Nacionales\",\"Pol\u00edtica\"],\"inLanguage\":\"es\",\"potentialAction\":[{\"@type\":\"CommentAction\",\"name\":\"Comment\",\"target\":[\"https:\\\/\\\/diariodelsurdigital.com.ar\\\/?p=1224#respond\"]}]},{\"@type\":\"WebPage\",\"@id\":\"https:\\\/\\\/diariodelsurdigital.com.ar\\\/?p=1224\",\"url\":\"https:\\\/\\\/diariodelsurdigital.com.ar\\\/?p=1224\",\"name\":\"Diputados entrerrianos repudian el desarme y los recortes de programas nacionales de lucha contra el c\u00e1ncer - Diario del Sur\",\"isPartOf\":{\"@id\":\"https:\\\/\\\/diariodelsurdigital.com.ar\\\/#website\"},\"primaryImageOfPage\":{\"@id\":\"https:\\\/\\\/diariodelsurdigital.com.ar\\\/?p=1224#primaryimage\"},\"image\":{\"@id\":\"https:\\\/\\\/diariodelsurdigital.com.ar\\\/?p=1224#primaryimage\"},\"thumbnailUrl\":\"https:\\\/\\\/diariodelsurdigital.com.ar\\\/wp-content\\\/uploads\\\/2025\\\/02\\\/md-15.webp\",\"datePublished\":\"2025-02-26T18:25:52+00:00\",\"dateModified\":\"2025-02-26T18:25:53+00:00\",\"author\":{\"@id\":\"https:\\\/\\\/diariodelsurdigital.com.ar\\\/#\\\/schema\\\/person\\\/1a4992532ed62965c968031b49195c81\"},\"breadcrumb\":{\"@id\":\"https:\\\/\\\/diariodelsurdigital.com.ar\\\/?p=1224#breadcrumb\"},\"inLanguage\":\"es\",\"potentialAction\":[{\"@type\":\"ReadAction\",\"target\":[\"https:\\\/\\\/diariodelsurdigital.com.ar\\\/?p=1224\"]}]},{\"@type\":\"ImageObject\",\"inLanguage\":\"es\",\"@id\":\"https:\\\/\\\/diariodelsurdigital.com.ar\\\/?p=1224#primaryimage\",\"url\":\"https:\\\/\\\/diariodelsurdigital.com.ar\\\/wp-content\\\/uploads\\\/2025\\\/02\\\/md-15.webp\",\"contentUrl\":\"https:\\\/\\\/diariodelsurdigital.com.ar\\\/wp-content\\\/uploads\\\/2025\\\/02\\\/md-15.webp\",\"width\":992,\"height\":560},{\"@type\":\"BreadcrumbList\",\"@id\":\"https:\\\/\\\/diariodelsurdigital.com.ar\\\/?p=1224#breadcrumb\",\"itemListElement\":[{\"@type\":\"ListItem\",\"position\":1,\"name\":\"Portada\",\"item\":\"https:\\\/\\\/diariodelsurdigital.com.ar\\\/\"},{\"@type\":\"ListItem\",\"position\":2,\"name\":\"Diputados entrerrianos repudian el desarme y los recortes de programas nacionales de lucha contra el c\u00e1ncer\"}]},{\"@type\":\"WebSite\",\"@id\":\"https:\\\/\\\/diariodelsurdigital.com.ar\\\/#website\",\"url\":\"https:\\\/\\\/diariodelsurdigital.com.ar\\\/\",\"name\":\"Diario del Sur\",\"description\":\"Digital\",\"potentialAction\":[{\"@type\":\"SearchAction\",\"target\":{\"@type\":\"EntryPoint\",\"urlTemplate\":\"https:\\\/\\\/diariodelsurdigital.com.ar\\\/?s={search_term_string}\"},\"query-input\":{\"@type\":\"PropertyValueSpecification\",\"valueRequired\":true,\"valueName\":\"search_term_string\"}}],\"inLanguage\":\"es\"},{\"@type\":\"Person\",\"@id\":\"https:\\\/\\\/diariodelsurdigital.com.ar\\\/#\\\/schema\\\/person\\\/1a4992532ed62965c968031b49195c81\",\"name\":\"Diario del Sur Digital\",\"image\":{\"@type\":\"ImageObject\",\"inLanguage\":\"es\",\"@id\":\"https:\\\/\\\/secure.gravatar.com\\\/avatar\\\/f0c7c47fc7146d19828273b9b8eda651c9c7ab583767e6338d3d3bee825adf76?s=96&d=mm&r=g\",\"url\":\"https:\\\/\\\/secure.gravatar.com\\\/avatar\\\/f0c7c47fc7146d19828273b9b8eda651c9c7ab583767e6338d3d3bee825adf76?s=96&d=mm&r=g\",\"contentUrl\":\"https:\\\/\\\/secure.gravatar.com\\\/avatar\\\/f0c7c47fc7146d19828273b9b8eda651c9c7ab583767e6338d3d3bee825adf76?s=96&d=mm&r=g\",\"caption\":\"Diario del Sur Digital\"},\"url\":\"https:\\\/\\\/diariodelsurdigital.com.ar\\\/?author=4\"}]}<\/script>\n<!-- \/ Yoast SEO plugin. -->","yoast_head_json":{"title":"Diputados entrerrianos repudian el desarme y los recortes de programas nacionales de lucha contra el c\u00e1ncer - Diario del Sur","robots":{"index":"index","follow":"follow","max-snippet":"max-snippet:-1","max-image-preview":"max-image-preview:large","max-video-preview":"max-video-preview:-1"},"canonical":"https:\/\/diariodelsurdigital.com.ar\/?p=1224","og_locale":"es_ES","og_type":"article","og_title":"Diputados entrerrianos repudian el desarme y los recortes de programas nacionales de lucha contra el c\u00e1ncer - Diario del Sur","og_description":"El proyecto de declaraci\u00f3n rechaz\u00f3 el desmantelamiento del Programa de Cuidados Paliativos, dependiente del Instituto Nacional del C\u00e1ncer que suspendi\u00f3 las compras de opioides (morfina y metadona) con los que se trata a las personas enfermas de c\u00e1ncer y en echar a gran parte de los integrantes del equipo que trabaja en dicho programa. Se [&hellip;]","og_url":"https:\/\/diariodelsurdigital.com.ar\/?p=1224","og_site_name":"Diario del Sur","article_published_time":"2025-02-26T18:25:52+00:00","article_modified_time":"2025-02-26T18:25:53+00:00","og_image":[{"width":992,"height":560,"url":"https:\/\/diariodelsurdigital.com.ar\/wp-content\/uploads\/2025\/02\/md-15.webp","type":"image\/webp"}],"author":"Diario del Sur Digital","twitter_card":"summary_large_image","twitter_misc":{"Escrito por":"Diario del Sur Digital","Tiempo de lectura":"4 minutos"},"schema":{"@context":"https:\/\/schema.org","@graph":[{"@type":"Article","@id":"https:\/\/diariodelsurdigital.com.ar\/?p=1224#article","isPartOf":{"@id":"https:\/\/diariodelsurdigital.com.ar\/?p=1224"},"author":{"name":"Diario del Sur Digital","@id":"https:\/\/diariodelsurdigital.com.ar\/#\/schema\/person\/1a4992532ed62965c968031b49195c81"},"headline":"Diputados entrerrianos repudian el desarme y los recortes de programas nacionales de lucha contra el c\u00e1ncer","datePublished":"2025-02-26T18:25:52+00:00","dateModified":"2025-02-26T18:25:53+00:00","mainEntityOfPage":{"@id":"https:\/\/diariodelsurdigital.com.ar\/?p=1224"},"wordCount":722,"commentCount":0,"image":{"@id":"https:\/\/diariodelsurdigital.com.ar\/?p=1224#primaryimage"},"thumbnailUrl":"https:\/\/diariodelsurdigital.com.ar\/wp-content\/uploads\/2025\/02\/md-15.webp","articleSection":["Nacionales","Pol\u00edtica"],"inLanguage":"es","potentialAction":[{"@type":"CommentAction","name":"Comment","target":["https:\/\/diariodelsurdigital.com.ar\/?p=1224#respond"]}]},{"@type":"WebPage","@id":"https:\/\/diariodelsurdigital.com.ar\/?p=1224","url":"https:\/\/diariodelsurdigital.com.ar\/?p=1224","name":"Diputados entrerrianos repudian el desarme y los recortes de programas nacionales de lucha contra el c\u00e1ncer - Diario del Sur","isPartOf":{"@id":"https:\/\/diariodelsurdigital.com.ar\/#website"},"primaryImageOfPage":{"@id":"https:\/\/diariodelsurdigital.com.ar\/?p=1224#primaryimage"},"image":{"@id":"https:\/\/diariodelsurdigital.com.ar\/?p=1224#primaryimage"},"thumbnailUrl":"https:\/\/diariodelsurdigital.com.ar\/wp-content\/uploads\/2025\/02\/md-15.webp","datePublished":"2025-02-26T18:25:52+00:00","dateModified":"2025-02-26T18:25:53+00:00","author":{"@id":"https:\/\/diariodelsurdigital.com.ar\/#\/schema\/person\/1a4992532ed62965c968031b49195c81"},"breadcrumb":{"@id":"https:\/\/diariodelsurdigital.com.ar\/?p=1224#breadcrumb"},"inLanguage":"es","potentialAction":[{"@type":"ReadAction","target":["https:\/\/diariodelsurdigital.com.ar\/?p=1224"]}]},{"@type":"ImageObject","inLanguage":"es","@id":"https:\/\/diariodelsurdigital.com.ar\/?p=1224#primaryimage","url":"https:\/\/diariodelsurdigital.com.ar\/wp-content\/uploads\/2025\/02\/md-15.webp","contentUrl":"https:\/\/diariodelsurdigital.com.ar\/wp-content\/uploads\/2025\/02\/md-15.webp","width":992,"height":560},{"@type":"BreadcrumbList","@id":"https:\/\/diariodelsurdigital.com.ar\/?p=1224#breadcrumb","itemListElement":[{"@type":"ListItem","position":1,"name":"Portada","item":"https:\/\/diariodelsurdigital.com.ar\/"},{"@type":"ListItem","position":2,"name":"Diputados entrerrianos repudian el desarme y los recortes de programas nacionales de lucha contra el c\u00e1ncer"}]},{"@type":"WebSite","@id":"https:\/\/diariodelsurdigital.com.ar\/#website","url":"https:\/\/diariodelsurdigital.com.ar\/","name":"Diario del Sur","description":"Digital","potentialAction":[{"@type":"SearchAction","target":{"@type":"EntryPoint","urlTemplate":"https:\/\/diariodelsurdigital.com.ar\/?s={search_term_string}"},"query-input":{"@type":"PropertyValueSpecification","valueRequired":true,"valueName":"search_term_string"}}],"inLanguage":"es"},{"@type":"Person","@id":"https:\/\/diariodelsurdigital.com.ar\/#\/schema\/person\/1a4992532ed62965c968031b49195c81","name":"Diario del Sur Digital","image":{"@type":"ImageObject","inLanguage":"es","@id":"https:\/\/secure.gravatar.com\/avatar\/f0c7c47fc7146d19828273b9b8eda651c9c7ab583767e6338d3d3bee825adf76?s=96&d=mm&r=g","url":"https:\/\/secure.gravatar.com\/avatar\/f0c7c47fc7146d19828273b9b8eda651c9c7ab583767e6338d3d3bee825adf76?s=96&d=mm&r=g","contentUrl":"https:\/\/secure.gravatar.com\/avatar\/f0c7c47fc7146d19828273b9b8eda651c9c7ab583767e6338d3d3bee825adf76?s=96&d=mm&r=g","caption":"Diario del Sur Digital"},"url":"https:\/\/diariodelsurdigital.com.ar\/?author=4"}]}},"_links":{"self":[{"href":"https:\/\/diariodelsurdigital.com.ar\/index.php?rest_route=\/wp\/v2\/posts\/1224","targetHints":{"allow":["GET"]}}],"collection":[{"href":"https:\/\/diariodelsurdigital.com.ar\/index.php?rest_route=\/wp\/v2\/posts"}],"about":[{"href":"https:\/\/diariodelsurdigital.com.ar\/index.php?rest_route=\/wp\/v2\/types\/post"}],"author":[{"embeddable":true,"href":"https:\/\/diariodelsurdigital.com.ar\/index.php?rest_route=\/wp\/v2\/users\/4"}],"replies":[{"embeddable":true,"href":"https:\/\/diariodelsurdigital.com.ar\/index.php?rest_route=%2Fwp%2Fv2%2Fcomments&post=1224"}],"version-history":[{"count":1,"href":"https:\/\/diariodelsurdigital.com.ar\/index.php?rest_route=\/wp\/v2\/posts\/1224\/revisions"}],"predecessor-version":[{"id":1226,"href":"https:\/\/diariodelsurdigital.com.ar\/index.php?rest_route=\/wp\/v2\/posts\/1224\/revisions\/1226"}],"wp:featuredmedia":[{"embeddable":true,"href":"https:\/\/diariodelsurdigital.com.ar\/index.php?rest_route=\/wp\/v2\/media\/1225"}],"wp:attachment":[{"href":"https:\/\/diariodelsurdigital.com.ar\/index.php?rest_route=%2Fwp%2Fv2%2Fmedia&parent=1224"}],"wp:term":[{"taxonomy":"category","embeddable":true,"href":"https:\/\/diariodelsurdigital.com.ar\/index.php?rest_route=%2Fwp%2Fv2%2Fcategories&post=1224"},{"taxonomy":"post_tag","embeddable":true,"href":"https:\/\/diariodelsurdigital.com.ar\/index.php?rest_route=%2Fwp%2Fv2%2Ftags&post=1224"}],"curies":[{"name":"wp","href":"https:\/\/api.w.org\/{rel}","templated":true}]}}