{"id":1227,"date":"2025-02-26T15:27:51","date_gmt":"2025-02-26T18:27:51","guid":{"rendered":"https:\/\/diariodelsurdigital.com.ar\/?p=1227"},"modified":"2025-02-26T15:27:52","modified_gmt":"2025-02-26T18:27:52","slug":"ate-entre-rios-adhiere-al-paro-nacional-de-este-jueves-y-suma-reclamos-locales","status":"publish","type":"post","link":"https:\/\/diariodelsurdigital.com.ar\/?p=1227","title":{"rendered":"ATE Entre R\u00edos adhiere al paro nacional de este jueves y suma reclamos locales"},"content":{"rendered":"\n<p>La Asociaci\u00f3n de los Trabajadores del Estado (ATE) realizar\u00e1 una medida de fuerza a nivel nacional en la Administraci\u00f3n P\u00fablica para este jueves en rechazo a la pol\u00edtica econ\u00f3mica del gobierno de Milei y en reclamo por la apertura de las paritarias en el sector. En Entre R\u00edos se agregan reclamos a nivel provincial y municipal.<\/p>\n\n\n\n<p>ATE anunci\u00f3 un paro nacional para este jueves contra las medidas econ\u00f3micas del presidente, Javier Milei. La decisi\u00f3n fue tomada por unanimidad en una asamblea nacional que reuni\u00f3 a m\u00e1s de mil delegados de todo el pa\u00eds.<\/p>\n\n\n\n<blockquote class=\"wp-block-quote is-layout-flow wp-block-quote-is-layout-flow\">\n<h4 class=\"wp-block-heading\"><a href=\"https:\/\/www.apfdigital.com.ar\/noticias\/2025\/02\/26\/430231-ate-lanzo-un-nuevo-paro-nacional-contra-milei-hay-que-confrontar-hasta-que-se-vayan\">ATE lanz\u00f3 un nuevo paro nacional contra Milei: \u201cHay que confrontar hasta que se vayan\u201d<\/a><\/h4>\n<\/blockquote>\n\n\n\n<h2 class=\"wp-block-heading\"><strong>Reclamos entrerrianos<\/strong><\/h2>\n\n\n\n<p>Entre R\u00edos es una de las provincias donde se replicar\u00e1 la medida de fuerza en la que los estatales no concurrir\u00e1n a sus lugares de trabajo.<\/p>\n\n\n\n<p>Cabe destacar que al paro adhieren en todas las reparticiones municipales y provinciales con sus propios reclamos: Reapertura de paritarias y el inmediato inicio de un proceso de recuperaci\u00f3n de los salarios; recupero de la p\u00e9rdida del poder adquisitivo por la devaluaci\u00f3n e inflaci\u00f3n del 2023 y rechazo a la modificaci\u00f3n de la Ley de la Caja de Jubilaciones.<\/p>\n\n\n\n<h2 class=\"wp-block-heading\"><strong>Nacionales<\/strong><\/h2>\n\n\n\n<p>A nivel nacional la entidad exige: La urgente reapertura de paritarias; el cese de los despidos de los trabajadores de los organismos; por la continuidad laboral de todos los v\u00ednculos que vencen a fines de febrero y marzo; no a la fusi\u00f3n y cierre de organismos y en contra la privatizaci\u00f3n de empresas p\u00fablicas.&nbsp;<\/p>\n","protected":false},"excerpt":{"rendered":"<p>La Asociaci\u00f3n de los Trabajadores del Estado (ATE) realizar\u00e1 una medida de fuerza a nivel nacional en la Administraci\u00f3n P\u00fablica para este jueves en rechazo a la pol\u00edtica econ\u00f3mica del gobierno de Milei y en reclamo por la apertura de las paritarias en el sector. En Entre R\u00edos se agregan reclamos a nivel provincial y [&hellip;]<\/p>\n","protected":false},"author":4,"featured_media":1228,"comment_status":"open","ping_status":"open","sticky":false,"template":"","format":"standard","meta":{"footnotes":""},"categories":[19,17],"tags":[],"class_list":{"0":"post-1227","1":"post","2":"type-post","3":"status-publish","4":"format-standard","5":"has-post-thumbnail","7":"category-interes-general","8":"category-provinciales"},"yoast_head":"<!-- This site is optimized with the Yoast SEO plugin v27.4 - https:\/\/yoast.com\/product\/yoast-seo-wordpress\/ -->\n<title>ATE Entre R\u00edos adhiere al paro nacional de este jueves y suma reclamos locales - Diario del Sur<\/title>\n<meta name=\"robots\" content=\"index, follow, max-snippet:-1, max-image-preview:large, max-video-preview:-1\" \/>\n<link rel=\"canonical\" href=\"https:\/\/diariodelsurdigital.com.ar\/?p=1227\" \/>\n<meta property=\"og:locale\" content=\"es_ES\" \/>\n<meta property=\"og:type\" content=\"article\" \/>\n<meta property=\"og:title\" content=\"ATE Entre R\u00edos adhiere al paro nacional de este jueves y suma reclamos locales - Diario del Sur\" \/>\n<meta property=\"og:description\" content=\"La Asociaci\u00f3n de los Trabajadores del Estado (ATE) realizar\u00e1 una medida de fuerza a nivel nacional en la Administraci\u00f3n P\u00fablica para este jueves en rechazo a la pol\u00edtica econ\u00f3mica del gobierno de Milei y en reclamo por la apertura de las paritarias en el sector. En Entre R\u00edos se agregan reclamos a nivel provincial y [&hellip;]\" \/>\n<meta property=\"og:url\" content=\"https:\/\/diariodelsurdigital.com.ar\/?p=1227\" \/>\n<meta property=\"og:site_name\" content=\"Diario del Sur\" \/>\n<meta property=\"article:published_time\" content=\"2025-02-26T18:27:51+00:00\" \/>\n<meta property=\"article:modified_time\" content=\"2025-02-26T18:27:52+00:00\" \/>\n<meta property=\"og:image\" content=\"https:\/\/diariodelsurdigital.com.ar\/wp-content\/uploads\/2025\/02\/md-16.webp\" \/>\n\t<meta property=\"og:image:width\" content=\"992\" \/>\n\t<meta property=\"og:image:height\" content=\"621\" \/>\n\t<meta property=\"og:image:type\" content=\"image\/webp\" \/>\n<meta name=\"author\" content=\"Diario del Sur Digital\" \/>\n<meta name=\"twitter:card\" content=\"summary_large_image\" \/>\n<meta name=\"twitter:label1\" content=\"Escrito por\" \/>\n\t<meta name=\"twitter:data1\" content=\"Diario del Sur Digital\" \/>\n\t<meta name=\"twitter:label2\" content=\"Tiempo de lectura\" \/>\n\t<meta name=\"twitter:data2\" content=\"2 minutos\" \/>\n<script type=\"application\/ld+json\" class=\"yoast-schema-graph\">{\"@context\":\"https:\\\/\\\/schema.org\",\"@graph\":[{\"@type\":\"Article\",\"@id\":\"https:\\\/\\\/diariodelsurdigital.com.ar\\\/?p=1227#article\",\"isPartOf\":{\"@id\":\"https:\\\/\\\/diariodelsurdigital.com.ar\\\/?p=1227\"},\"author\":{\"name\":\"Diario del Sur Digital\",\"@id\":\"https:\\\/\\\/diariodelsurdigital.com.ar\\\/#\\\/schema\\\/person\\\/1a4992532ed62965c968031b49195c81\"},\"headline\":\"ATE Entre R\u00edos adhiere al paro nacional de este jueves y suma reclamos locales\",\"datePublished\":\"2025-02-26T18:27:51+00:00\",\"dateModified\":\"2025-02-26T18:27:52+00:00\",\"mainEntityOfPage\":{\"@id\":\"https:\\\/\\\/diariodelsurdigital.com.ar\\\/?p=1227\"},\"wordCount\":286,\"commentCount\":0,\"image\":{\"@id\":\"https:\\\/\\\/diariodelsurdigital.com.ar\\\/?p=1227#primaryimage\"},\"thumbnailUrl\":\"https:\\\/\\\/diariodelsurdigital.com.ar\\\/wp-content\\\/uploads\\\/2025\\\/02\\\/md-16.webp\",\"articleSection\":[\"Inter\u00e9s General\",\"Provinciales\"],\"inLanguage\":\"es\",\"potentialAction\":[{\"@type\":\"CommentAction\",\"name\":\"Comment\",\"target\":[\"https:\\\/\\\/diariodelsurdigital.com.ar\\\/?p=1227#respond\"]}]},{\"@type\":\"WebPage\",\"@id\":\"https:\\\/\\\/diariodelsurdigital.com.ar\\\/?p=1227\",\"url\":\"https:\\\/\\\/diariodelsurdigital.com.ar\\\/?p=1227\",\"name\":\"ATE Entre R\u00edos adhiere al paro nacional de este jueves y suma reclamos locales - Diario del Sur\",\"isPartOf\":{\"@id\":\"https:\\\/\\\/diariodelsurdigital.com.ar\\\/#website\"},\"primaryImageOfPage\":{\"@id\":\"https:\\\/\\\/diariodelsurdigital.com.ar\\\/?p=1227#primaryimage\"},\"image\":{\"@id\":\"https:\\\/\\\/diariodelsurdigital.com.ar\\\/?p=1227#primaryimage\"},\"thumbnailUrl\":\"https:\\\/\\\/diariodelsurdigital.com.ar\\\/wp-content\\\/uploads\\\/2025\\\/02\\\/md-16.webp\",\"datePublished\":\"2025-02-26T18:27:51+00:00\",\"dateModified\":\"2025-02-26T18:27:52+00:00\",\"author\":{\"@id\":\"https:\\\/\\\/diariodelsurdigital.com.ar\\\/#\\\/schema\\\/person\\\/1a4992532ed62965c968031b49195c81\"},\"breadcrumb\":{\"@id\":\"https:\\\/\\\/diariodelsurdigital.com.ar\\\/?p=1227#breadcrumb\"},\"inLanguage\":\"es\",\"potentialAction\":[{\"@type\":\"ReadAction\",\"target\":[\"https:\\\/\\\/diariodelsurdigital.com.ar\\\/?p=1227\"]}]},{\"@type\":\"ImageObject\",\"inLanguage\":\"es\",\"@id\":\"https:\\\/\\\/diariodelsurdigital.com.ar\\\/?p=1227#primaryimage\",\"url\":\"https:\\\/\\\/diariodelsurdigital.com.ar\\\/wp-content\\\/uploads\\\/2025\\\/02\\\/md-16.webp\",\"contentUrl\":\"https:\\\/\\\/diariodelsurdigital.com.ar\\\/wp-content\\\/uploads\\\/2025\\\/02\\\/md-16.webp\",\"width\":992,\"height\":621},{\"@type\":\"BreadcrumbList\",\"@id\":\"https:\\\/\\\/diariodelsurdigital.com.ar\\\/?p=1227#breadcrumb\",\"itemListElement\":[{\"@type\":\"ListItem\",\"position\":1,\"name\":\"Portada\",\"item\":\"https:\\\/\\\/diariodelsurdigital.com.ar\\\/\"},{\"@type\":\"ListItem\",\"position\":2,\"name\":\"ATE Entre R\u00edos adhiere al paro nacional de este jueves y suma reclamos locales\"}]},{\"@type\":\"WebSite\",\"@id\":\"https:\\\/\\\/diariodelsurdigital.com.ar\\\/#website\",\"url\":\"https:\\\/\\\/diariodelsurdigital.com.ar\\\/\",\"name\":\"Diario del Sur\",\"description\":\"Digital\",\"potentialAction\":[{\"@type\":\"SearchAction\",\"target\":{\"@type\":\"EntryPoint\",\"urlTemplate\":\"https:\\\/\\\/diariodelsurdigital.com.ar\\\/?s={search_term_string}\"},\"query-input\":{\"@type\":\"PropertyValueSpecification\",\"valueRequired\":true,\"valueName\":\"search_term_string\"}}],\"inLanguage\":\"es\"},{\"@type\":\"Person\",\"@id\":\"https:\\\/\\\/diariodelsurdigital.com.ar\\\/#\\\/schema\\\/person\\\/1a4992532ed62965c968031b49195c81\",\"name\":\"Diario del Sur Digital\",\"image\":{\"@type\":\"ImageObject\",\"inLanguage\":\"es\",\"@id\":\"https:\\\/\\\/secure.gravatar.com\\\/avatar\\\/f0c7c47fc7146d19828273b9b8eda651c9c7ab583767e6338d3d3bee825adf76?s=96&d=mm&r=g\",\"url\":\"https:\\\/\\\/secure.gravatar.com\\\/avatar\\\/f0c7c47fc7146d19828273b9b8eda651c9c7ab583767e6338d3d3bee825adf76?s=96&d=mm&r=g\",\"contentUrl\":\"https:\\\/\\\/secure.gravatar.com\\\/avatar\\\/f0c7c47fc7146d19828273b9b8eda651c9c7ab583767e6338d3d3bee825adf76?s=96&d=mm&r=g\",\"caption\":\"Diario del Sur Digital\"},\"url\":\"https:\\\/\\\/diariodelsurdigital.com.ar\\\/?author=4\"}]}<\/script>\n<!-- \/ Yoast SEO plugin. -->","yoast_head_json":{"title":"ATE Entre R\u00edos adhiere al paro nacional de este jueves y suma reclamos locales - Diario del Sur","robots":{"index":"index","follow":"follow","max-snippet":"max-snippet:-1","max-image-preview":"max-image-preview:large","max-video-preview":"max-video-preview:-1"},"canonical":"https:\/\/diariodelsurdigital.com.ar\/?p=1227","og_locale":"es_ES","og_type":"article","og_title":"ATE Entre R\u00edos adhiere al paro nacional de este jueves y suma reclamos locales - Diario del Sur","og_description":"La Asociaci\u00f3n de los Trabajadores del Estado (ATE) realizar\u00e1 una medida de fuerza a nivel nacional en la Administraci\u00f3n P\u00fablica para este jueves en rechazo a la pol\u00edtica econ\u00f3mica del gobierno de Milei y en reclamo por la apertura de las paritarias en el sector. En Entre R\u00edos se agregan reclamos a nivel provincial y [&hellip;]","og_url":"https:\/\/diariodelsurdigital.com.ar\/?p=1227","og_site_name":"Diario del Sur","article_published_time":"2025-02-26T18:27:51+00:00","article_modified_time":"2025-02-26T18:27:52+00:00","og_image":[{"width":992,"height":621,"url":"https:\/\/diariodelsurdigital.com.ar\/wp-content\/uploads\/2025\/02\/md-16.webp","type":"image\/webp"}],"author":"Diario del Sur Digital","twitter_card":"summary_large_image","twitter_misc":{"Escrito por":"Diario del Sur Digital","Tiempo de lectura":"2 minutos"},"schema":{"@context":"https:\/\/schema.org","@graph":[{"@type":"Article","@id":"https:\/\/diariodelsurdigital.com.ar\/?p=1227#article","isPartOf":{"@id":"https:\/\/diariodelsurdigital.com.ar\/?p=1227"},"author":{"name":"Diario del Sur Digital","@id":"https:\/\/diariodelsurdigital.com.ar\/#\/schema\/person\/1a4992532ed62965c968031b49195c81"},"headline":"ATE Entre R\u00edos adhiere al paro nacional de este jueves y suma reclamos locales","datePublished":"2025-02-26T18:27:51+00:00","dateModified":"2025-02-26T18:27:52+00:00","mainEntityOfPage":{"@id":"https:\/\/diariodelsurdigital.com.ar\/?p=1227"},"wordCount":286,"commentCount":0,"image":{"@id":"https:\/\/diariodelsurdigital.com.ar\/?p=1227#primaryimage"},"thumbnailUrl":"https:\/\/diariodelsurdigital.com.ar\/wp-content\/uploads\/2025\/02\/md-16.webp","articleSection":["Inter\u00e9s General","Provinciales"],"inLanguage":"es","potentialAction":[{"@type":"CommentAction","name":"Comment","target":["https:\/\/diariodelsurdigital.com.ar\/?p=1227#respond"]}]},{"@type":"WebPage","@id":"https:\/\/diariodelsurdigital.com.ar\/?p=1227","url":"https:\/\/diariodelsurdigital.com.ar\/?p=1227","name":"ATE Entre R\u00edos adhiere al paro nacional de este jueves y suma reclamos locales - Diario del Sur","isPartOf":{"@id":"https:\/\/diariodelsurdigital.com.ar\/#website"},"primaryImageOfPage":{"@id":"https:\/\/diariodelsurdigital.com.ar\/?p=1227#primaryimage"},"image":{"@id":"https:\/\/diariodelsurdigital.com.ar\/?p=1227#primaryimage"},"thumbnailUrl":"https:\/\/diariodelsurdigital.com.ar\/wp-content\/uploads\/2025\/02\/md-16.webp","datePublished":"2025-02-26T18:27:51+00:00","dateModified":"2025-02-26T18:27:52+00:00","author":{"@id":"https:\/\/diariodelsurdigital.com.ar\/#\/schema\/person\/1a4992532ed62965c968031b49195c81"},"breadcrumb":{"@id":"https:\/\/diariodelsurdigital.com.ar\/?p=1227#breadcrumb"},"inLanguage":"es","potentialAction":[{"@type":"ReadAction","target":["https:\/\/diariodelsurdigital.com.ar\/?p=1227"]}]},{"@type":"ImageObject","inLanguage":"es","@id":"https:\/\/diariodelsurdigital.com.ar\/?p=1227#primaryimage","url":"https:\/\/diariodelsurdigital.com.ar\/wp-content\/uploads\/2025\/02\/md-16.webp","contentUrl":"https:\/\/diariodelsurdigital.com.ar\/wp-content\/uploads\/2025\/02\/md-16.webp","width":992,"height":621},{"@type":"BreadcrumbList","@id":"https:\/\/diariodelsurdigital.com.ar\/?p=1227#breadcrumb","itemListElement":[{"@type":"ListItem","position":1,"name":"Portada","item":"https:\/\/diariodelsurdigital.com.ar\/"},{"@type":"ListItem","position":2,"name":"ATE Entre R\u00edos adhiere al paro nacional de este jueves y suma reclamos locales"}]},{"@type":"WebSite","@id":"https:\/\/diariodelsurdigital.com.ar\/#website","url":"https:\/\/diariodelsurdigital.com.ar\/","name":"Diario del Sur","description":"Digital","potentialAction":[{"@type":"SearchAction","target":{"@type":"EntryPoint","urlTemplate":"https:\/\/diariodelsurdigital.com.ar\/?s={search_term_string}"},"query-input":{"@type":"PropertyValueSpecification","valueRequired":true,"valueName":"search_term_string"}}],"inLanguage":"es"},{"@type":"Person","@id":"https:\/\/diariodelsurdigital.com.ar\/#\/schema\/person\/1a4992532ed62965c968031b49195c81","name":"Diario del Sur Digital","image":{"@type":"ImageObject","inLanguage":"es","@id":"https:\/\/secure.gravatar.com\/avatar\/f0c7c47fc7146d19828273b9b8eda651c9c7ab583767e6338d3d3bee825adf76?s=96&d=mm&r=g","url":"https:\/\/secure.gravatar.com\/avatar\/f0c7c47fc7146d19828273b9b8eda651c9c7ab583767e6338d3d3bee825adf76?s=96&d=mm&r=g","contentUrl":"https:\/\/secure.gravatar.com\/avatar\/f0c7c47fc7146d19828273b9b8eda651c9c7ab583767e6338d3d3bee825adf76?s=96&d=mm&r=g","caption":"Diario del Sur Digital"},"url":"https:\/\/diariodelsurdigital.com.ar\/?author=4"}]}},"_links":{"self":[{"href":"https:\/\/diariodelsurdigital.com.ar\/index.php?rest_route=\/wp\/v2\/posts\/1227","targetHints":{"allow":["GET"]}}],"collection":[{"href":"https:\/\/diariodelsurdigital.com.ar\/index.php?rest_route=\/wp\/v2\/posts"}],"about":[{"href":"https:\/\/diariodelsurdigital.com.ar\/index.php?rest_route=\/wp\/v2\/types\/post"}],"author":[{"embeddable":true,"href":"https:\/\/diariodelsurdigital.com.ar\/index.php?rest_route=\/wp\/v2\/users\/4"}],"replies":[{"embeddable":true,"href":"https:\/\/diariodelsurdigital.com.ar\/index.php?rest_route=%2Fwp%2Fv2%2Fcomments&post=1227"}],"version-history":[{"count":1,"href":"https:\/\/diariodelsurdigital.com.ar\/index.php?rest_route=\/wp\/v2\/posts\/1227\/revisions"}],"predecessor-version":[{"id":1229,"href":"https:\/\/diariodelsurdigital.com.ar\/index.php?rest_route=\/wp\/v2\/posts\/1227\/revisions\/1229"}],"wp:featuredmedia":[{"embeddable":true,"href":"https:\/\/diariodelsurdigital.com.ar\/index.php?rest_route=\/wp\/v2\/media\/1228"}],"wp:attachment":[{"href":"https:\/\/diariodelsurdigital.com.ar\/index.php?rest_route=%2Fwp%2Fv2%2Fmedia&parent=1227"}],"wp:term":[{"taxonomy":"category","embeddable":true,"href":"https:\/\/diariodelsurdigital.com.ar\/index.php?rest_route=%2Fwp%2Fv2%2Fcategories&post=1227"},{"taxonomy":"post_tag","embeddable":true,"href":"https:\/\/diariodelsurdigital.com.ar\/index.php?rest_route=%2Fwp%2Fv2%2Ftags&post=1227"}],"curies":[{"name":"wp","href":"https:\/\/api.w.org\/{rel}","templated":true}]}}