{"id":1230,"date":"2025-02-26T20:00:20","date_gmt":"2025-02-26T23:00:20","guid":{"rendered":"https:\/\/diariodelsurdigital.com.ar\/?p=1230"},"modified":"2025-02-26T20:00:21","modified_gmt":"2025-02-26T23:00:21","slug":"el-partido-justicialista-designo-a-sus-interventores-en-salta-y-misiones","status":"publish","type":"post","link":"https:\/\/diariodelsurdigital.com.ar\/?p=1230","title":{"rendered":"El Partido Justicialista design\u00f3 a sus interventores en Salta y Misiones"},"content":{"rendered":"\n<h1 class=\"wp-block-heading\">El\u00a0<strong>Partido Justicialista (PJ)<\/strong>\u00a0design\u00f3 este mi\u00e9rcoles a los\u00a0<strong>interventores\u00a0<\/strong>de la provincia de Salta, Sergio Berni y Mar\u00eda Luz Alonso, y de la provincia de Misiones, Gustavo Arrieta y M\u00e1ximo Rodr\u00edguez.<\/h1>\n\n\n\n<figure class=\"wp-block-image\"><img decoding=\"async\" src=\"https:\/\/images.pagina12.com.ar\/styles\/focal_3_2_470x313\/public\/2025-02\/916762-e9a2846.jpg?h=58c6ae94&amp;itok=eK0oaD5u\" alt=\"\"\/><figcaption class=\"wp-element-caption\">. Imagen: Leandro Teysseire<\/figcaption><\/figure>\n\n\n\n<p>\u00abEn el d\u00eda de la fecha se designaron como interventores de nuestro Partido en la Provincia de&nbsp;<strong>Salta&nbsp;<\/strong>al compa\u00f1ero&nbsp;<strong>Sergio Berni&nbsp;<\/strong>y a la compa\u00f1era&nbsp;<strong>Mar\u00eda Luz Alonso<\/strong>\u00ab, inform\u00f3 el PJ en sus redes sociales.<\/p>\n\n\n\n<p>A su vez, ampli\u00f3 el comunicado, \u00abse nombraron como interventores de nuestro Partido en la Provincia de&nbsp;<strong>Misiones&nbsp;<\/strong>a los compa\u00f1eros&nbsp;<strong>Gustavo Arrieta y M\u00e1ximo Rodr\u00edguez<\/strong>\u00ab.<\/p>\n\n\n\n<p>Rodr\u00edguez, explica el texto, \u00abse desempe\u00f1\u00f3, hasta el d\u00eda de hoy, como co-interventor (junto a la compa\u00f1era Teresa Garc\u00eda) del PJ en el distrito Corrientes, cuya normalizaci\u00f3n culminar\u00e1 el d\u00eda 9 de marzo con el acto electoral para autoridades partidarias y cargos electivos\u00bb.<\/p>\n\n\n\n<p>La\u00a0<strong>intervenci\u00f3n partidaria\u00a0<\/strong>en los distritos de Salta y Misiones\u00a0<strong>se decidi\u00f3\u00a0<\/strong>este lunes en la\u00a0<strong>primera reuni\u00f3n del Consejo Nacional del PJ que tuvo Cristina Fern\u00e1ndez de Kirchner como presidenta del Partido<\/strong>. All\u00ed tambi\u00e9n se decidi\u00f3 prorrogar la intervenci\u00f3n del Partido en la provincia de Jujuy.<\/p>\n\n\n\n<p>El principal argumento para la intervenci\u00f3n en Salta se asienta en el accionar que tuvieron en el Congreso\u00a0<strong>tres diputados nacionales salte\u00f1os<\/strong>, que adem\u00e1s son autoridades pejotistas en la provincia:\u00a0Pamela Calletti, Pablo Outes y Yolanda Vega. A nivel nacional se se\u00f1al\u00f3 que los legisladores\u00a0<strong>acompa\u00f1aron en reiteradas ocasiones medidas de ajuste del gobierno de Javier Milei<\/strong>, como el voto afirmativo a la Ley Bases o la abstenci\u00f3n en la sesi\u00f3n que dej\u00f3 firme el veto presidencial al aumento a los jubilados.<\/p>\n\n\n\n<p>La intervenci\u00f3n no cay\u00f3 bien entre las autoridades partidarias provinciales.&nbsp;\u201cLa decisi\u00f3n del Consejo Nacional de intervenir nuestro partido, que est\u00e1 pol\u00edtica e institucionalmente s\u00f3lido y ordenado en todo aspecto,&nbsp;<strong>es claramente ilegal y arbitraria\u201d,<\/strong>&nbsp;indic\u00f3 el<strong>&nbsp;PJ salte\u00f1o<\/strong>&nbsp;en el comunicado. En ese sentido, plante\u00f3 que \u201cla medida informada carece de argumentos que puedan justificar una intervenci\u00f3n\u201d y que constituye \u201cuna muestra cabal de la falta total de democracia interna de un PJ nacional centralista, que vulnera la voluntad de los afiliados de nuestro distrito\u201d.<\/p>\n\n\n\n<p>El comunicado del&nbsp;<strong>PJ de Misiones&nbsp;<\/strong>tambi\u00e9n fue muy duro. \u201cExpresamos nuestro m\u00e1s profundo rechazo al pedido de intervenci\u00f3n.<strong>&nbsp;Es un intento de golpe institucional.&nbsp;<\/strong>No hay motivo para promoverla\u201d, sentenciaron las autoridades partidarias de Misiones. Y agregaron: \u201cEl PJ misionero se encuentra con todas sus autoridades con mandato vigentes, y con sus estados contables, presentaciones judiciales y \u00f3rganos administrativos, al d\u00eda\u201d.<\/p>\n\n\n\n<p>\u201cEs una intervenci\u00f3n pol\u00edtica, no institucional.&nbsp;<strong>Apelamos al sentido com\u00fan de las autoridades nacionales del partido para allanar un camino al di\u00e1logo pol\u00edtico y poder encontrar lazos en un camino de unidad del peronismo<\/strong>\u201d, concluyeron.<\/p>\n","protected":false},"excerpt":{"rendered":"<p>El\u00a0Partido Justicialista (PJ)\u00a0design\u00f3 este mi\u00e9rcoles a los\u00a0interventores\u00a0de la provincia de Salta, Sergio Berni y Mar\u00eda Luz Alonso, y de la provincia de Misiones, Gustavo Arrieta y M\u00e1ximo Rodr\u00edguez. \u00abEn el d\u00eda de la fecha se designaron como interventores de nuestro Partido en la Provincia de&nbsp;Salta&nbsp;al compa\u00f1ero&nbsp;Sergio Berni&nbsp;y a la compa\u00f1era&nbsp;Mar\u00eda Luz Alonso\u00ab, inform\u00f3 el PJ [&hellip;]<\/p>\n","protected":false},"author":2,"featured_media":1231,"comment_status":"open","ping_status":"open","sticky":false,"template":"","format":"standard","meta":{"footnotes":""},"categories":[18],"tags":[],"class_list":{"0":"post-1230","1":"post","2":"type-post","3":"status-publish","4":"format-standard","5":"has-post-thumbnail","7":"category-nacionales"},"yoast_head":"<!-- This site is optimized with the Yoast SEO plugin v27.4 - https:\/\/yoast.com\/product\/yoast-seo-wordpress\/ -->\n<title>El Partido Justicialista design\u00f3 a sus interventores en Salta y Misiones - Diario del Sur<\/title>\n<meta name=\"robots\" content=\"index, follow, max-snippet:-1, max-image-preview:large, max-video-preview:-1\" \/>\n<link rel=\"canonical\" href=\"https:\/\/diariodelsurdigital.com.ar\/?p=1230\" \/>\n<meta property=\"og:locale\" content=\"es_ES\" \/>\n<meta property=\"og:type\" content=\"article\" \/>\n<meta property=\"og:title\" content=\"El Partido Justicialista design\u00f3 a sus interventores en Salta y Misiones - Diario del Sur\" \/>\n<meta property=\"og:description\" content=\"El\u00a0Partido Justicialista (PJ)\u00a0design\u00f3 este mi\u00e9rcoles a los\u00a0interventores\u00a0de la provincia de Salta, Sergio Berni y Mar\u00eda Luz Alonso, y de la provincia de Misiones, Gustavo Arrieta y M\u00e1ximo Rodr\u00edguez. \u00abEn el d\u00eda de la fecha se designaron como interventores de nuestro Partido en la Provincia de&nbsp;Salta&nbsp;al compa\u00f1ero&nbsp;Sergio Berni&nbsp;y a la compa\u00f1era&nbsp;Mar\u00eda Luz Alonso\u00ab, inform\u00f3 el PJ [&hellip;]\" \/>\n<meta property=\"og:url\" content=\"https:\/\/diariodelsurdigital.com.ar\/?p=1230\" \/>\n<meta property=\"og:site_name\" content=\"Diario del Sur\" \/>\n<meta property=\"article:published_time\" content=\"2025-02-26T23:00:20+00:00\" \/>\n<meta property=\"article:modified_time\" content=\"2025-02-26T23:00:21+00:00\" \/>\n<meta property=\"og:image\" content=\"https:\/\/diariodelsurdigital.com.ar\/wp-content\/uploads\/2025\/02\/MfMPbgiB_400x400.jpg\" \/>\n\t<meta property=\"og:image:width\" content=\"400\" \/>\n\t<meta property=\"og:image:height\" content=\"330\" \/>\n\t<meta property=\"og:image:type\" content=\"image\/jpeg\" \/>\n<meta name=\"author\" content=\"Diario del Sur Digital\" \/>\n<meta name=\"twitter:card\" content=\"summary_large_image\" \/>\n<meta name=\"twitter:label1\" content=\"Escrito por\" \/>\n\t<meta name=\"twitter:data1\" content=\"Diario del Sur Digital\" \/>\n\t<meta name=\"twitter:label2\" content=\"Tiempo de lectura\" \/>\n\t<meta name=\"twitter:data2\" content=\"3 minutos\" \/>\n<script type=\"application\/ld+json\" class=\"yoast-schema-graph\">{\"@context\":\"https:\\\/\\\/schema.org\",\"@graph\":[{\"@type\":\"Article\",\"@id\":\"https:\\\/\\\/diariodelsurdigital.com.ar\\\/?p=1230#article\",\"isPartOf\":{\"@id\":\"https:\\\/\\\/diariodelsurdigital.com.ar\\\/?p=1230\"},\"author\":{\"name\":\"Diario del Sur Digital\",\"@id\":\"https:\\\/\\\/diariodelsurdigital.com.ar\\\/#\\\/schema\\\/person\\\/6136a32571657f7dba980b88b04c5465\"},\"headline\":\"El Partido Justicialista design\u00f3 a sus interventores en Salta y Misiones\",\"datePublished\":\"2025-02-26T23:00:20+00:00\",\"dateModified\":\"2025-02-26T23:00:21+00:00\",\"mainEntityOfPage\":{\"@id\":\"https:\\\/\\\/diariodelsurdigital.com.ar\\\/?p=1230\"},\"wordCount\":524,\"commentCount\":0,\"image\":{\"@id\":\"https:\\\/\\\/diariodelsurdigital.com.ar\\\/?p=1230#primaryimage\"},\"thumbnailUrl\":\"https:\\\/\\\/diariodelsurdigital.com.ar\\\/wp-content\\\/uploads\\\/2025\\\/02\\\/MfMPbgiB_400x400.jpg\",\"articleSection\":[\"Nacionales\"],\"inLanguage\":\"es\",\"potentialAction\":[{\"@type\":\"CommentAction\",\"name\":\"Comment\",\"target\":[\"https:\\\/\\\/diariodelsurdigital.com.ar\\\/?p=1230#respond\"]}]},{\"@type\":\"WebPage\",\"@id\":\"https:\\\/\\\/diariodelsurdigital.com.ar\\\/?p=1230\",\"url\":\"https:\\\/\\\/diariodelsurdigital.com.ar\\\/?p=1230\",\"name\":\"El Partido Justicialista design\u00f3 a sus interventores en Salta y Misiones - Diario del Sur\",\"isPartOf\":{\"@id\":\"https:\\\/\\\/diariodelsurdigital.com.ar\\\/#website\"},\"primaryImageOfPage\":{\"@id\":\"https:\\\/\\\/diariodelsurdigital.com.ar\\\/?p=1230#primaryimage\"},\"image\":{\"@id\":\"https:\\\/\\\/diariodelsurdigital.com.ar\\\/?p=1230#primaryimage\"},\"thumbnailUrl\":\"https:\\\/\\\/diariodelsurdigital.com.ar\\\/wp-content\\\/uploads\\\/2025\\\/02\\\/MfMPbgiB_400x400.jpg\",\"datePublished\":\"2025-02-26T23:00:20+00:00\",\"dateModified\":\"2025-02-26T23:00:21+00:00\",\"author\":{\"@id\":\"https:\\\/\\\/diariodelsurdigital.com.ar\\\/#\\\/schema\\\/person\\\/6136a32571657f7dba980b88b04c5465\"},\"breadcrumb\":{\"@id\":\"https:\\\/\\\/diariodelsurdigital.com.ar\\\/?p=1230#breadcrumb\"},\"inLanguage\":\"es\",\"potentialAction\":[{\"@type\":\"ReadAction\",\"target\":[\"https:\\\/\\\/diariodelsurdigital.com.ar\\\/?p=1230\"]}]},{\"@type\":\"ImageObject\",\"inLanguage\":\"es\",\"@id\":\"https:\\\/\\\/diariodelsurdigital.com.ar\\\/?p=1230#primaryimage\",\"url\":\"https:\\\/\\\/diariodelsurdigital.com.ar\\\/wp-content\\\/uploads\\\/2025\\\/02\\\/MfMPbgiB_400x400.jpg\",\"contentUrl\":\"https:\\\/\\\/diariodelsurdigital.com.ar\\\/wp-content\\\/uploads\\\/2025\\\/02\\\/MfMPbgiB_400x400.jpg\",\"width\":400,\"height\":330},{\"@type\":\"BreadcrumbList\",\"@id\":\"https:\\\/\\\/diariodelsurdigital.com.ar\\\/?p=1230#breadcrumb\",\"itemListElement\":[{\"@type\":\"ListItem\",\"position\":1,\"name\":\"Portada\",\"item\":\"https:\\\/\\\/diariodelsurdigital.com.ar\\\/\"},{\"@type\":\"ListItem\",\"position\":2,\"name\":\"El Partido Justicialista design\u00f3 a sus interventores en Salta y Misiones\"}]},{\"@type\":\"WebSite\",\"@id\":\"https:\\\/\\\/diariodelsurdigital.com.ar\\\/#website\",\"url\":\"https:\\\/\\\/diariodelsurdigital.com.ar\\\/\",\"name\":\"Diario del Sur\",\"description\":\"Digital\",\"potentialAction\":[{\"@type\":\"SearchAction\",\"target\":{\"@type\":\"EntryPoint\",\"urlTemplate\":\"https:\\\/\\\/diariodelsurdigital.com.ar\\\/?s={search_term_string}\"},\"query-input\":{\"@type\":\"PropertyValueSpecification\",\"valueRequired\":true,\"valueName\":\"search_term_string\"}}],\"inLanguage\":\"es\"},{\"@type\":\"Person\",\"@id\":\"https:\\\/\\\/diariodelsurdigital.com.ar\\\/#\\\/schema\\\/person\\\/6136a32571657f7dba980b88b04c5465\",\"name\":\"Diario del Sur Digital\",\"image\":{\"@type\":\"ImageObject\",\"inLanguage\":\"es\",\"@id\":\"https:\\\/\\\/secure.gravatar.com\\\/avatar\\\/4c29ceac98541dd42460b2474aaa5dd37594d6ce6cb3cf2c101d09b48ee287ba?s=96&d=mm&r=g\",\"url\":\"https:\\\/\\\/secure.gravatar.com\\\/avatar\\\/4c29ceac98541dd42460b2474aaa5dd37594d6ce6cb3cf2c101d09b48ee287ba?s=96&d=mm&r=g\",\"contentUrl\":\"https:\\\/\\\/secure.gravatar.com\\\/avatar\\\/4c29ceac98541dd42460b2474aaa5dd37594d6ce6cb3cf2c101d09b48ee287ba?s=96&d=mm&r=g\",\"caption\":\"Diario del Sur Digital\"},\"url\":\"https:\\\/\\\/diariodelsurdigital.com.ar\\\/?author=2\"}]}<\/script>\n<!-- \/ Yoast SEO plugin. -->","yoast_head_json":{"title":"El Partido Justicialista design\u00f3 a sus interventores en Salta y Misiones - Diario del Sur","robots":{"index":"index","follow":"follow","max-snippet":"max-snippet:-1","max-image-preview":"max-image-preview:large","max-video-preview":"max-video-preview:-1"},"canonical":"https:\/\/diariodelsurdigital.com.ar\/?p=1230","og_locale":"es_ES","og_type":"article","og_title":"El Partido Justicialista design\u00f3 a sus interventores en Salta y Misiones - Diario del Sur","og_description":"El\u00a0Partido Justicialista (PJ)\u00a0design\u00f3 este mi\u00e9rcoles a los\u00a0interventores\u00a0de la provincia de Salta, Sergio Berni y Mar\u00eda Luz Alonso, y de la provincia de Misiones, Gustavo Arrieta y M\u00e1ximo Rodr\u00edguez. \u00abEn el d\u00eda de la fecha se designaron como interventores de nuestro Partido en la Provincia de&nbsp;Salta&nbsp;al compa\u00f1ero&nbsp;Sergio Berni&nbsp;y a la compa\u00f1era&nbsp;Mar\u00eda Luz Alonso\u00ab, inform\u00f3 el PJ [&hellip;]","og_url":"https:\/\/diariodelsurdigital.com.ar\/?p=1230","og_site_name":"Diario del Sur","article_published_time":"2025-02-26T23:00:20+00:00","article_modified_time":"2025-02-26T23:00:21+00:00","og_image":[{"width":400,"height":330,"url":"https:\/\/diariodelsurdigital.com.ar\/wp-content\/uploads\/2025\/02\/MfMPbgiB_400x400.jpg","type":"image\/jpeg"}],"author":"Diario del Sur Digital","twitter_card":"summary_large_image","twitter_misc":{"Escrito por":"Diario del Sur Digital","Tiempo de lectura":"3 minutos"},"schema":{"@context":"https:\/\/schema.org","@graph":[{"@type":"Article","@id":"https:\/\/diariodelsurdigital.com.ar\/?p=1230#article","isPartOf":{"@id":"https:\/\/diariodelsurdigital.com.ar\/?p=1230"},"author":{"name":"Diario del Sur Digital","@id":"https:\/\/diariodelsurdigital.com.ar\/#\/schema\/person\/6136a32571657f7dba980b88b04c5465"},"headline":"El Partido Justicialista design\u00f3 a sus interventores en Salta y Misiones","datePublished":"2025-02-26T23:00:20+00:00","dateModified":"2025-02-26T23:00:21+00:00","mainEntityOfPage":{"@id":"https:\/\/diariodelsurdigital.com.ar\/?p=1230"},"wordCount":524,"commentCount":0,"image":{"@id":"https:\/\/diariodelsurdigital.com.ar\/?p=1230#primaryimage"},"thumbnailUrl":"https:\/\/diariodelsurdigital.com.ar\/wp-content\/uploads\/2025\/02\/MfMPbgiB_400x400.jpg","articleSection":["Nacionales"],"inLanguage":"es","potentialAction":[{"@type":"CommentAction","name":"Comment","target":["https:\/\/diariodelsurdigital.com.ar\/?p=1230#respond"]}]},{"@type":"WebPage","@id":"https:\/\/diariodelsurdigital.com.ar\/?p=1230","url":"https:\/\/diariodelsurdigital.com.ar\/?p=1230","name":"El Partido Justicialista design\u00f3 a sus interventores en Salta y Misiones - Diario del Sur","isPartOf":{"@id":"https:\/\/diariodelsurdigital.com.ar\/#website"},"primaryImageOfPage":{"@id":"https:\/\/diariodelsurdigital.com.ar\/?p=1230#primaryimage"},"image":{"@id":"https:\/\/diariodelsurdigital.com.ar\/?p=1230#primaryimage"},"thumbnailUrl":"https:\/\/diariodelsurdigital.com.ar\/wp-content\/uploads\/2025\/02\/MfMPbgiB_400x400.jpg","datePublished":"2025-02-26T23:00:20+00:00","dateModified":"2025-02-26T23:00:21+00:00","author":{"@id":"https:\/\/diariodelsurdigital.com.ar\/#\/schema\/person\/6136a32571657f7dba980b88b04c5465"},"breadcrumb":{"@id":"https:\/\/diariodelsurdigital.com.ar\/?p=1230#breadcrumb"},"inLanguage":"es","potentialAction":[{"@type":"ReadAction","target":["https:\/\/diariodelsurdigital.com.ar\/?p=1230"]}]},{"@type":"ImageObject","inLanguage":"es","@id":"https:\/\/diariodelsurdigital.com.ar\/?p=1230#primaryimage","url":"https:\/\/diariodelsurdigital.com.ar\/wp-content\/uploads\/2025\/02\/MfMPbgiB_400x400.jpg","contentUrl":"https:\/\/diariodelsurdigital.com.ar\/wp-content\/uploads\/2025\/02\/MfMPbgiB_400x400.jpg","width":400,"height":330},{"@type":"BreadcrumbList","@id":"https:\/\/diariodelsurdigital.com.ar\/?p=1230#breadcrumb","itemListElement":[{"@type":"ListItem","position":1,"name":"Portada","item":"https:\/\/diariodelsurdigital.com.ar\/"},{"@type":"ListItem","position":2,"name":"El Partido Justicialista design\u00f3 a sus interventores en Salta y Misiones"}]},{"@type":"WebSite","@id":"https:\/\/diariodelsurdigital.com.ar\/#website","url":"https:\/\/diariodelsurdigital.com.ar\/","name":"Diario del Sur","description":"Digital","potentialAction":[{"@type":"SearchAction","target":{"@type":"EntryPoint","urlTemplate":"https:\/\/diariodelsurdigital.com.ar\/?s={search_term_string}"},"query-input":{"@type":"PropertyValueSpecification","valueRequired":true,"valueName":"search_term_string"}}],"inLanguage":"es"},{"@type":"Person","@id":"https:\/\/diariodelsurdigital.com.ar\/#\/schema\/person\/6136a32571657f7dba980b88b04c5465","name":"Diario del Sur Digital","image":{"@type":"ImageObject","inLanguage":"es","@id":"https:\/\/secure.gravatar.com\/avatar\/4c29ceac98541dd42460b2474aaa5dd37594d6ce6cb3cf2c101d09b48ee287ba?s=96&d=mm&r=g","url":"https:\/\/secure.gravatar.com\/avatar\/4c29ceac98541dd42460b2474aaa5dd37594d6ce6cb3cf2c101d09b48ee287ba?s=96&d=mm&r=g","contentUrl":"https:\/\/secure.gravatar.com\/avatar\/4c29ceac98541dd42460b2474aaa5dd37594d6ce6cb3cf2c101d09b48ee287ba?s=96&d=mm&r=g","caption":"Diario del Sur Digital"},"url":"https:\/\/diariodelsurdigital.com.ar\/?author=2"}]}},"_links":{"self":[{"href":"https:\/\/diariodelsurdigital.com.ar\/index.php?rest_route=\/wp\/v2\/posts\/1230","targetHints":{"allow":["GET"]}}],"collection":[{"href":"https:\/\/diariodelsurdigital.com.ar\/index.php?rest_route=\/wp\/v2\/posts"}],"about":[{"href":"https:\/\/diariodelsurdigital.com.ar\/index.php?rest_route=\/wp\/v2\/types\/post"}],"author":[{"embeddable":true,"href":"https:\/\/diariodelsurdigital.com.ar\/index.php?rest_route=\/wp\/v2\/users\/2"}],"replies":[{"embeddable":true,"href":"https:\/\/diariodelsurdigital.com.ar\/index.php?rest_route=%2Fwp%2Fv2%2Fcomments&post=1230"}],"version-history":[{"count":1,"href":"https:\/\/diariodelsurdigital.com.ar\/index.php?rest_route=\/wp\/v2\/posts\/1230\/revisions"}],"predecessor-version":[{"id":1232,"href":"https:\/\/diariodelsurdigital.com.ar\/index.php?rest_route=\/wp\/v2\/posts\/1230\/revisions\/1232"}],"wp:featuredmedia":[{"embeddable":true,"href":"https:\/\/diariodelsurdigital.com.ar\/index.php?rest_route=\/wp\/v2\/media\/1231"}],"wp:attachment":[{"href":"https:\/\/diariodelsurdigital.com.ar\/index.php?rest_route=%2Fwp%2Fv2%2Fmedia&parent=1230"}],"wp:term":[{"taxonomy":"category","embeddable":true,"href":"https:\/\/diariodelsurdigital.com.ar\/index.php?rest_route=%2Fwp%2Fv2%2Fcategories&post=1230"},{"taxonomy":"post_tag","embeddable":true,"href":"https:\/\/diariodelsurdigital.com.ar\/index.php?rest_route=%2Fwp%2Fv2%2Ftags&post=1230"}],"curies":[{"name":"wp","href":"https:\/\/api.w.org\/{rel}","templated":true}]}}