{"id":1245,"date":"2025-02-27T14:11:25","date_gmt":"2025-02-27T17:11:25","guid":{"rendered":"https:\/\/diariodelsurdigital.com.ar\/?p=1245"},"modified":"2025-02-27T14:11:26","modified_gmt":"2025-02-27T17:11:26","slug":"milei-anunciaria-mas-de-30-proyectos-de-ley-en-su-discurso-ante-el-congreso","status":"publish","type":"post","link":"https:\/\/diariodelsurdigital.com.ar\/?p=1245","title":{"rendered":"Milei anunciar\u00eda m\u00e1s de 30 proyectos de ley en su discurso ante el Congreso"},"content":{"rendered":"\n<p>Los proyectos estar\u00e1n ligados a \u201ccuestiones espec\u00edficas e importantes para la gesti\u00f3n\u201d revelaron fuentes oficiales. Se espera que el discurso dure menos de una hora.<\/p>\n\n\n\n<p>El presidente Javier Milei tiene previsto terminar este jueves el discurso que dar\u00e1 el pr\u00f3ximo s\u00e1bado por la noche con motivo de la apertura de las sesiones ordinarias del Congreso. Se espera que anuncie m\u00e1s de 30 proyectos, seg\u00fan adelantaron fuentes de la Casa Rosada a \u00c1mbito.<\/p>\n\n\n\n<p>Estas iniciativas no ser\u00e1n megaproyectos, como fue en su momento la ley Base, sino que se referir\u00e1n a \u201ccuestiones espec\u00edficas e importantes para la gesti\u00f3n\u201d seg\u00fan precisaron estas fuentes.<\/p>\n\n\n\n<p>Se prev\u00e9 que la exposici\u00f3n del primer mandatario se extienda por unos 45 minutos durante los que leer\u00e1 unas 40 carillas.&nbsp;<\/p>\n\n\n\n<h2 class=\"wp-block-heading\">Eje del discurso de Javier Milei<\/h2>\n\n\n\n<p>Tras los resultados alcanzados por su Gobierno -particularmente el equilibrio fiscal, la baja de la inflaci\u00f3n y la recuperaci\u00f3n de la actividad econ\u00f3mica &#8211; en el entorno de Milei comentan que \u201char\u00e1 eje en la gesti\u00f3n\u201d, no tanto en formular anuncios.<\/p>\n\n\n\n<p>De todas formas, se se\u00f1ala que faltan definir algunas cuestiones importantes como un posible nuevo llamado a la unidad nacional. Cabe recordar que el a\u00f1o pasado, en su primer discurso ante el Congreso, el jefe de Estado formul\u00f3 una convocatoria a los gobernadores a firmar el Pacto del 25 de Mayo, adem\u00e1s de detallar la herencia recibida y las medidas implementadas por su gobierno.<\/p>\n\n\n\n<p>Desde el Poder Ejecutivo se cursaron invitaciones a distintos invitados especiales para el acto de apertura de las sesiones. En particular, fueron convocados unos 70 embajadores a los que se les destinar\u00e1n dos palcos especiales en el Congreso.<\/p>\n\n\n\n<p>Cabe recordar que desde la oposici\u00f3n ya adelantaron que habr\u00e1 ausencias. El lunes por la tarde, luego de que fracasara la sesi\u00f3n preparatoria en la que se definir\u00edan las autoridades de la C\u00e1mara alta, Jos\u00e9 Mayans, presidente del bloque de senadores de Uni\u00f3n por la Patria dio a conocer la decisi\u00f3n de su espacio de no asistir al evento.<\/p>\n\n\n\n<p>Los diputados del peronismo, por su parte, est\u00e1n debatiendo. Se espera que la decisi\u00f3n final se tome este jueves, pero trascendi\u00f3 que el grueso de los legisladores que se pronunciaron sobre el tema plante\u00f3 plegarse a los senadores. La Izquierda tambi\u00e9n lo discute y se anticipa que habr\u00e1 ausencias de los bloques Democracia para Siempre y Encuentro Federal.<\/p>\n\n\n\n<p>Estos sectores no son los \u00fanicos disgustados. En medios del PRO fue mal recibida la designaci\u00f3n por decreto de Ariel Lijo como integrante de la Corte Suprema.<\/p>\n","protected":false},"excerpt":{"rendered":"<p>Los proyectos estar\u00e1n ligados a \u201ccuestiones espec\u00edficas e importantes para la gesti\u00f3n\u201d revelaron fuentes oficiales. Se espera que el discurso dure menos de una hora. El presidente Javier Milei tiene previsto terminar este jueves el discurso que dar\u00e1 el pr\u00f3ximo s\u00e1bado por la noche con motivo de la apertura de las sesiones ordinarias del Congreso. [&hellip;]<\/p>\n","protected":false},"author":4,"featured_media":1246,"comment_status":"open","ping_status":"open","sticky":false,"template":"","format":"standard","meta":{"footnotes":""},"categories":[18,22],"tags":[],"class_list":{"0":"post-1245","1":"post","2":"type-post","3":"status-publish","4":"format-standard","5":"has-post-thumbnail","7":"category-nacionales","8":"category-politica"},"yoast_head":"<!-- This site is optimized with the Yoast SEO plugin v27.4 - https:\/\/yoast.com\/product\/yoast-seo-wordpress\/ -->\n<title>Milei anunciar\u00eda m\u00e1s de 30 proyectos de ley en su discurso ante el Congreso - Diario del Sur<\/title>\n<meta name=\"robots\" content=\"index, follow, max-snippet:-1, max-image-preview:large, max-video-preview:-1\" \/>\n<link rel=\"canonical\" href=\"https:\/\/diariodelsurdigital.com.ar\/?p=1245\" \/>\n<meta property=\"og:locale\" content=\"es_ES\" \/>\n<meta property=\"og:type\" content=\"article\" \/>\n<meta property=\"og:title\" content=\"Milei anunciar\u00eda m\u00e1s de 30 proyectos de ley en su discurso ante el Congreso - Diario del Sur\" \/>\n<meta property=\"og:description\" content=\"Los proyectos estar\u00e1n ligados a \u201ccuestiones espec\u00edficas e importantes para la gesti\u00f3n\u201d revelaron fuentes oficiales. Se espera que el discurso dure menos de una hora. El presidente Javier Milei tiene previsto terminar este jueves el discurso que dar\u00e1 el pr\u00f3ximo s\u00e1bado por la noche con motivo de la apertura de las sesiones ordinarias del Congreso. [&hellip;]\" \/>\n<meta property=\"og:url\" content=\"https:\/\/diariodelsurdigital.com.ar\/?p=1245\" \/>\n<meta property=\"og:site_name\" content=\"Diario del Sur\" \/>\n<meta property=\"article:published_time\" content=\"2025-02-27T17:11:25+00:00\" \/>\n<meta property=\"article:modified_time\" content=\"2025-02-27T17:11:26+00:00\" \/>\n<meta property=\"og:image\" content=\"https:\/\/diariodelsurdigital.com.ar\/wp-content\/uploads\/2025\/02\/md-18.webp\" \/>\n\t<meta property=\"og:image:width\" content=\"992\" \/>\n\t<meta property=\"og:image:height\" content=\"552\" \/>\n\t<meta property=\"og:image:type\" content=\"image\/webp\" \/>\n<meta name=\"author\" content=\"Diario del Sur Digital\" \/>\n<meta name=\"twitter:card\" content=\"summary_large_image\" \/>\n<meta name=\"twitter:label1\" content=\"Escrito por\" \/>\n\t<meta name=\"twitter:data1\" content=\"Diario del Sur Digital\" \/>\n\t<meta name=\"twitter:label2\" content=\"Tiempo de lectura\" \/>\n\t<meta name=\"twitter:data2\" content=\"3 minutos\" \/>\n<script type=\"application\/ld+json\" class=\"yoast-schema-graph\">{\"@context\":\"https:\\\/\\\/schema.org\",\"@graph\":[{\"@type\":\"Article\",\"@id\":\"https:\\\/\\\/diariodelsurdigital.com.ar\\\/?p=1245#article\",\"isPartOf\":{\"@id\":\"https:\\\/\\\/diariodelsurdigital.com.ar\\\/?p=1245\"},\"author\":{\"name\":\"Diario del Sur Digital\",\"@id\":\"https:\\\/\\\/diariodelsurdigital.com.ar\\\/#\\\/schema\\\/person\\\/1a4992532ed62965c968031b49195c81\"},\"headline\":\"Milei anunciar\u00eda m\u00e1s de 30 proyectos de ley en su discurso ante el Congreso\",\"datePublished\":\"2025-02-27T17:11:25+00:00\",\"dateModified\":\"2025-02-27T17:11:26+00:00\",\"mainEntityOfPage\":{\"@id\":\"https:\\\/\\\/diariodelsurdigital.com.ar\\\/?p=1245\"},\"wordCount\":457,\"commentCount\":0,\"image\":{\"@id\":\"https:\\\/\\\/diariodelsurdigital.com.ar\\\/?p=1245#primaryimage\"},\"thumbnailUrl\":\"https:\\\/\\\/diariodelsurdigital.com.ar\\\/wp-content\\\/uploads\\\/2025\\\/02\\\/md-18.webp\",\"articleSection\":[\"Nacionales\",\"Pol\u00edtica\"],\"inLanguage\":\"es\",\"potentialAction\":[{\"@type\":\"CommentAction\",\"name\":\"Comment\",\"target\":[\"https:\\\/\\\/diariodelsurdigital.com.ar\\\/?p=1245#respond\"]}]},{\"@type\":\"WebPage\",\"@id\":\"https:\\\/\\\/diariodelsurdigital.com.ar\\\/?p=1245\",\"url\":\"https:\\\/\\\/diariodelsurdigital.com.ar\\\/?p=1245\",\"name\":\"Milei anunciar\u00eda m\u00e1s de 30 proyectos de ley en su discurso ante el Congreso - Diario del Sur\",\"isPartOf\":{\"@id\":\"https:\\\/\\\/diariodelsurdigital.com.ar\\\/#website\"},\"primaryImageOfPage\":{\"@id\":\"https:\\\/\\\/diariodelsurdigital.com.ar\\\/?p=1245#primaryimage\"},\"image\":{\"@id\":\"https:\\\/\\\/diariodelsurdigital.com.ar\\\/?p=1245#primaryimage\"},\"thumbnailUrl\":\"https:\\\/\\\/diariodelsurdigital.com.ar\\\/wp-content\\\/uploads\\\/2025\\\/02\\\/md-18.webp\",\"datePublished\":\"2025-02-27T17:11:25+00:00\",\"dateModified\":\"2025-02-27T17:11:26+00:00\",\"author\":{\"@id\":\"https:\\\/\\\/diariodelsurdigital.com.ar\\\/#\\\/schema\\\/person\\\/1a4992532ed62965c968031b49195c81\"},\"breadcrumb\":{\"@id\":\"https:\\\/\\\/diariodelsurdigital.com.ar\\\/?p=1245#breadcrumb\"},\"inLanguage\":\"es\",\"potentialAction\":[{\"@type\":\"ReadAction\",\"target\":[\"https:\\\/\\\/diariodelsurdigital.com.ar\\\/?p=1245\"]}]},{\"@type\":\"ImageObject\",\"inLanguage\":\"es\",\"@id\":\"https:\\\/\\\/diariodelsurdigital.com.ar\\\/?p=1245#primaryimage\",\"url\":\"https:\\\/\\\/diariodelsurdigital.com.ar\\\/wp-content\\\/uploads\\\/2025\\\/02\\\/md-18.webp\",\"contentUrl\":\"https:\\\/\\\/diariodelsurdigital.com.ar\\\/wp-content\\\/uploads\\\/2025\\\/02\\\/md-18.webp\",\"width\":992,\"height\":552},{\"@type\":\"BreadcrumbList\",\"@id\":\"https:\\\/\\\/diariodelsurdigital.com.ar\\\/?p=1245#breadcrumb\",\"itemListElement\":[{\"@type\":\"ListItem\",\"position\":1,\"name\":\"Portada\",\"item\":\"https:\\\/\\\/diariodelsurdigital.com.ar\\\/\"},{\"@type\":\"ListItem\",\"position\":2,\"name\":\"Milei anunciar\u00eda m\u00e1s de 30 proyectos de ley en su discurso ante el Congreso\"}]},{\"@type\":\"WebSite\",\"@id\":\"https:\\\/\\\/diariodelsurdigital.com.ar\\\/#website\",\"url\":\"https:\\\/\\\/diariodelsurdigital.com.ar\\\/\",\"name\":\"Diario del Sur\",\"description\":\"Digital\",\"potentialAction\":[{\"@type\":\"SearchAction\",\"target\":{\"@type\":\"EntryPoint\",\"urlTemplate\":\"https:\\\/\\\/diariodelsurdigital.com.ar\\\/?s={search_term_string}\"},\"query-input\":{\"@type\":\"PropertyValueSpecification\",\"valueRequired\":true,\"valueName\":\"search_term_string\"}}],\"inLanguage\":\"es\"},{\"@type\":\"Person\",\"@id\":\"https:\\\/\\\/diariodelsurdigital.com.ar\\\/#\\\/schema\\\/person\\\/1a4992532ed62965c968031b49195c81\",\"name\":\"Diario del Sur Digital\",\"image\":{\"@type\":\"ImageObject\",\"inLanguage\":\"es\",\"@id\":\"https:\\\/\\\/secure.gravatar.com\\\/avatar\\\/f0c7c47fc7146d19828273b9b8eda651c9c7ab583767e6338d3d3bee825adf76?s=96&d=mm&r=g\",\"url\":\"https:\\\/\\\/secure.gravatar.com\\\/avatar\\\/f0c7c47fc7146d19828273b9b8eda651c9c7ab583767e6338d3d3bee825adf76?s=96&d=mm&r=g\",\"contentUrl\":\"https:\\\/\\\/secure.gravatar.com\\\/avatar\\\/f0c7c47fc7146d19828273b9b8eda651c9c7ab583767e6338d3d3bee825adf76?s=96&d=mm&r=g\",\"caption\":\"Diario del Sur Digital\"},\"url\":\"https:\\\/\\\/diariodelsurdigital.com.ar\\\/?author=4\"}]}<\/script>\n<!-- \/ Yoast SEO plugin. -->","yoast_head_json":{"title":"Milei anunciar\u00eda m\u00e1s de 30 proyectos de ley en su discurso ante el Congreso - Diario del Sur","robots":{"index":"index","follow":"follow","max-snippet":"max-snippet:-1","max-image-preview":"max-image-preview:large","max-video-preview":"max-video-preview:-1"},"canonical":"https:\/\/diariodelsurdigital.com.ar\/?p=1245","og_locale":"es_ES","og_type":"article","og_title":"Milei anunciar\u00eda m\u00e1s de 30 proyectos de ley en su discurso ante el Congreso - Diario del Sur","og_description":"Los proyectos estar\u00e1n ligados a \u201ccuestiones espec\u00edficas e importantes para la gesti\u00f3n\u201d revelaron fuentes oficiales. Se espera que el discurso dure menos de una hora. El presidente Javier Milei tiene previsto terminar este jueves el discurso que dar\u00e1 el pr\u00f3ximo s\u00e1bado por la noche con motivo de la apertura de las sesiones ordinarias del Congreso. [&hellip;]","og_url":"https:\/\/diariodelsurdigital.com.ar\/?p=1245","og_site_name":"Diario del Sur","article_published_time":"2025-02-27T17:11:25+00:00","article_modified_time":"2025-02-27T17:11:26+00:00","og_image":[{"width":992,"height":552,"url":"https:\/\/diariodelsurdigital.com.ar\/wp-content\/uploads\/2025\/02\/md-18.webp","type":"image\/webp"}],"author":"Diario del Sur Digital","twitter_card":"summary_large_image","twitter_misc":{"Escrito por":"Diario del Sur Digital","Tiempo de lectura":"3 minutos"},"schema":{"@context":"https:\/\/schema.org","@graph":[{"@type":"Article","@id":"https:\/\/diariodelsurdigital.com.ar\/?p=1245#article","isPartOf":{"@id":"https:\/\/diariodelsurdigital.com.ar\/?p=1245"},"author":{"name":"Diario del Sur Digital","@id":"https:\/\/diariodelsurdigital.com.ar\/#\/schema\/person\/1a4992532ed62965c968031b49195c81"},"headline":"Milei anunciar\u00eda m\u00e1s de 30 proyectos de ley en su discurso ante el Congreso","datePublished":"2025-02-27T17:11:25+00:00","dateModified":"2025-02-27T17:11:26+00:00","mainEntityOfPage":{"@id":"https:\/\/diariodelsurdigital.com.ar\/?p=1245"},"wordCount":457,"commentCount":0,"image":{"@id":"https:\/\/diariodelsurdigital.com.ar\/?p=1245#primaryimage"},"thumbnailUrl":"https:\/\/diariodelsurdigital.com.ar\/wp-content\/uploads\/2025\/02\/md-18.webp","articleSection":["Nacionales","Pol\u00edtica"],"inLanguage":"es","potentialAction":[{"@type":"CommentAction","name":"Comment","target":["https:\/\/diariodelsurdigital.com.ar\/?p=1245#respond"]}]},{"@type":"WebPage","@id":"https:\/\/diariodelsurdigital.com.ar\/?p=1245","url":"https:\/\/diariodelsurdigital.com.ar\/?p=1245","name":"Milei anunciar\u00eda m\u00e1s de 30 proyectos de ley en su discurso ante el Congreso - Diario del Sur","isPartOf":{"@id":"https:\/\/diariodelsurdigital.com.ar\/#website"},"primaryImageOfPage":{"@id":"https:\/\/diariodelsurdigital.com.ar\/?p=1245#primaryimage"},"image":{"@id":"https:\/\/diariodelsurdigital.com.ar\/?p=1245#primaryimage"},"thumbnailUrl":"https:\/\/diariodelsurdigital.com.ar\/wp-content\/uploads\/2025\/02\/md-18.webp","datePublished":"2025-02-27T17:11:25+00:00","dateModified":"2025-02-27T17:11:26+00:00","author":{"@id":"https:\/\/diariodelsurdigital.com.ar\/#\/schema\/person\/1a4992532ed62965c968031b49195c81"},"breadcrumb":{"@id":"https:\/\/diariodelsurdigital.com.ar\/?p=1245#breadcrumb"},"inLanguage":"es","potentialAction":[{"@type":"ReadAction","target":["https:\/\/diariodelsurdigital.com.ar\/?p=1245"]}]},{"@type":"ImageObject","inLanguage":"es","@id":"https:\/\/diariodelsurdigital.com.ar\/?p=1245#primaryimage","url":"https:\/\/diariodelsurdigital.com.ar\/wp-content\/uploads\/2025\/02\/md-18.webp","contentUrl":"https:\/\/diariodelsurdigital.com.ar\/wp-content\/uploads\/2025\/02\/md-18.webp","width":992,"height":552},{"@type":"BreadcrumbList","@id":"https:\/\/diariodelsurdigital.com.ar\/?p=1245#breadcrumb","itemListElement":[{"@type":"ListItem","position":1,"name":"Portada","item":"https:\/\/diariodelsurdigital.com.ar\/"},{"@type":"ListItem","position":2,"name":"Milei anunciar\u00eda m\u00e1s de 30 proyectos de ley en su discurso ante el Congreso"}]},{"@type":"WebSite","@id":"https:\/\/diariodelsurdigital.com.ar\/#website","url":"https:\/\/diariodelsurdigital.com.ar\/","name":"Diario del Sur","description":"Digital","potentialAction":[{"@type":"SearchAction","target":{"@type":"EntryPoint","urlTemplate":"https:\/\/diariodelsurdigital.com.ar\/?s={search_term_string}"},"query-input":{"@type":"PropertyValueSpecification","valueRequired":true,"valueName":"search_term_string"}}],"inLanguage":"es"},{"@type":"Person","@id":"https:\/\/diariodelsurdigital.com.ar\/#\/schema\/person\/1a4992532ed62965c968031b49195c81","name":"Diario del Sur Digital","image":{"@type":"ImageObject","inLanguage":"es","@id":"https:\/\/secure.gravatar.com\/avatar\/f0c7c47fc7146d19828273b9b8eda651c9c7ab583767e6338d3d3bee825adf76?s=96&d=mm&r=g","url":"https:\/\/secure.gravatar.com\/avatar\/f0c7c47fc7146d19828273b9b8eda651c9c7ab583767e6338d3d3bee825adf76?s=96&d=mm&r=g","contentUrl":"https:\/\/secure.gravatar.com\/avatar\/f0c7c47fc7146d19828273b9b8eda651c9c7ab583767e6338d3d3bee825adf76?s=96&d=mm&r=g","caption":"Diario del Sur Digital"},"url":"https:\/\/diariodelsurdigital.com.ar\/?author=4"}]}},"_links":{"self":[{"href":"https:\/\/diariodelsurdigital.com.ar\/index.php?rest_route=\/wp\/v2\/posts\/1245","targetHints":{"allow":["GET"]}}],"collection":[{"href":"https:\/\/diariodelsurdigital.com.ar\/index.php?rest_route=\/wp\/v2\/posts"}],"about":[{"href":"https:\/\/diariodelsurdigital.com.ar\/index.php?rest_route=\/wp\/v2\/types\/post"}],"author":[{"embeddable":true,"href":"https:\/\/diariodelsurdigital.com.ar\/index.php?rest_route=\/wp\/v2\/users\/4"}],"replies":[{"embeddable":true,"href":"https:\/\/diariodelsurdigital.com.ar\/index.php?rest_route=%2Fwp%2Fv2%2Fcomments&post=1245"}],"version-history":[{"count":1,"href":"https:\/\/diariodelsurdigital.com.ar\/index.php?rest_route=\/wp\/v2\/posts\/1245\/revisions"}],"predecessor-version":[{"id":1247,"href":"https:\/\/diariodelsurdigital.com.ar\/index.php?rest_route=\/wp\/v2\/posts\/1245\/revisions\/1247"}],"wp:featuredmedia":[{"embeddable":true,"href":"https:\/\/diariodelsurdigital.com.ar\/index.php?rest_route=\/wp\/v2\/media\/1246"}],"wp:attachment":[{"href":"https:\/\/diariodelsurdigital.com.ar\/index.php?rest_route=%2Fwp%2Fv2%2Fmedia&parent=1245"}],"wp:term":[{"taxonomy":"category","embeddable":true,"href":"https:\/\/diariodelsurdigital.com.ar\/index.php?rest_route=%2Fwp%2Fv2%2Fcategories&post=1245"},{"taxonomy":"post_tag","embeddable":true,"href":"https:\/\/diariodelsurdigital.com.ar\/index.php?rest_route=%2Fwp%2Fv2%2Ftags&post=1245"}],"curies":[{"name":"wp","href":"https:\/\/api.w.org\/{rel}","templated":true}]}}