{"id":1315,"date":"2025-03-02T14:46:23","date_gmt":"2025-03-02T17:46:23","guid":{"rendered":"https:\/\/diariodelsurdigital.com.ar\/?p=1315"},"modified":"2025-03-02T14:46:24","modified_gmt":"2025-03-02T17:46:24","slug":"la-liga-de-intendentes-justicialistas-de-la-provincia-de-entre-rios-repudio-a-milei","status":"publish","type":"post","link":"https:\/\/diariodelsurdigital.com.ar\/?p=1315","title":{"rendered":"La Liga de Intendentes Justicialistas de la Provincia de Entre R\u00edos repudi\u00f3 a Milei"},"content":{"rendered":"\n<p><\/p>\n\n\n\n<p>En un comunicado enviado a <strong>Diario del SUR Digital<\/strong>, los mandatarios entrerrianos locales manifestaron lo siguiente:<\/p>\n\n\n\n<p>Rechazamos las declaraciones del Presidente Milei sobre la intervenci\u00f3n de la Provincia de Buenos Aires y el pedido de renuncia del Gobernador Kicillof.<\/p>\n\n\n\n<p>Desde la Liga de Intendentes Justicialistas de la Provincia de Entre R\u00edos expresamos nuestro m\u00e1s en\u00e9rgico repudio a las declaraciones del Presidente Javier Milei, quien ha propuesto la intervenci\u00f3n de la Provincia de Buenos Aires y el pedido de renuncia del Gobernador Axel Kicillof. Consideramos estas declaraciones como un grave atentado contra la institucionalidad democr\u00e1tica de nuestro pa\u00eds y un irrespeto a la voluntad popular expresada en las urnas. El Gobernador ha sido elegido democr\u00e1ticamente por el pueblo bonaerense y cuenta con el mandato para gobernar la provincia. Desacreditar su gesti\u00f3n sin argumentos s\u00f3lidos es una muestra de falta de respeto a la voluntad popular y a las instituciones democr\u00e1ticas.<\/p>\n\n\n\n<p>La propuesta de intervenci\u00f3n de una provincia soberana es un acto antidemocr\u00e1tico que vulnera los derechos de sus ciudadanos y atenta contra el federalismo. El intento de deslegitimar al gobierno electo de la Provincia de Buenos Aires mediante un pedido de renuncia arbitrario es inaceptable. Analizar el problema y transformarlo en un enfrentamiento pol\u00edtico, es una actitud irresponsable e impropia de la figura presidencial. Repudiamos la campa\u00f1a desarrollada desde la Presidencia de la Naci\u00f3n y los medios, que hacen una utilizaci\u00f3n indigna de un problema real, desconociendo la complejidad del tema que afecta a ambos estados.<\/p>\n\n\n\n<p>Llamamos a la reflexi\u00f3n y a la defensa de las instituciones democr\u00e1ticas. El camino para dirimir las diferencias pol\u00edticas es el di\u00e1logo y el respeto, no las amenazas ni los ataques a la institucionalidad.<\/p>\n\n\n\n<p>Instamos al Presidente Milei a que, en lugar de realizar declaraciones incendiarias, aporte propuestas constructivas para solucionar los problemas que aquejan a la provincia de Buenos Aires y al pa\u00eds en su conjunto. Creemos en el di\u00e1logo y el consenso como herramientas fundamentales para construir un futuro mejor para los argentinos.<\/p>\n\n\n\n<p>Como intendentes justicialistas de Entre R\u00edos, defendemos la autonom\u00eda provincial y el respeto a la voluntad popular. Trabajamos incansablemente por el bienestar de nuestros ciudadanos y rechazamos cualquier intento de desestabilizaci\u00f3n que ponga en riesgo la gobernabilidad y el desarrollo de nuestras comunidades.<\/p>\n","protected":false},"excerpt":{"rendered":"<p>En un comunicado enviado a Diario del SUR Digital, los mandatarios entrerrianos locales manifestaron lo siguiente: Rechazamos las declaraciones del Presidente Milei sobre la intervenci\u00f3n de la Provincia de Buenos Aires y el pedido de renuncia del Gobernador Kicillof. Desde la Liga de Intendentes Justicialistas de la Provincia de Entre R\u00edos expresamos nuestro m\u00e1s en\u00e9rgico [&hellip;]<\/p>\n","protected":false},"author":2,"featured_media":1316,"comment_status":"open","ping_status":"open","sticky":false,"template":"","format":"standard","meta":{"footnotes":""},"categories":[17],"tags":[],"class_list":{"0":"post-1315","1":"post","2":"type-post","3":"status-publish","4":"format-standard","5":"has-post-thumbnail","7":"category-provinciales"},"yoast_head":"<!-- This site is optimized with the Yoast SEO plugin v27.4 - https:\/\/yoast.com\/product\/yoast-seo-wordpress\/ -->\n<title>La Liga de Intendentes Justicialistas de la Provincia de Entre R\u00edos repudi\u00f3 a Milei - Diario del Sur<\/title>\n<meta name=\"robots\" content=\"index, follow, max-snippet:-1, max-image-preview:large, max-video-preview:-1\" \/>\n<link rel=\"canonical\" href=\"https:\/\/diariodelsurdigital.com.ar\/?p=1315\" \/>\n<meta property=\"og:locale\" content=\"es_ES\" \/>\n<meta property=\"og:type\" content=\"article\" \/>\n<meta property=\"og:title\" content=\"La Liga de Intendentes Justicialistas de la Provincia de Entre R\u00edos repudi\u00f3 a Milei - Diario del Sur\" \/>\n<meta property=\"og:description\" content=\"En un comunicado enviado a Diario del SUR Digital, los mandatarios entrerrianos locales manifestaron lo siguiente: Rechazamos las declaraciones del Presidente Milei sobre la intervenci\u00f3n de la Provincia de Buenos Aires y el pedido de renuncia del Gobernador Kicillof. Desde la Liga de Intendentes Justicialistas de la Provincia de Entre R\u00edos expresamos nuestro m\u00e1s en\u00e9rgico [&hellip;]\" \/>\n<meta property=\"og:url\" content=\"https:\/\/diariodelsurdigital.com.ar\/?p=1315\" \/>\n<meta property=\"og:site_name\" content=\"Diario del Sur\" \/>\n<meta property=\"article:published_time\" content=\"2025-03-02T17:46:23+00:00\" \/>\n<meta property=\"article:modified_time\" content=\"2025-03-02T17:46:24+00:00\" \/>\n<meta property=\"og:image\" content=\"https:\/\/diariodelsurdigital.com.ar\/wp-content\/uploads\/2025\/03\/Imagen-de-WhatsApp-2025-03-02-a-las-13.27.01_294dab7c.jpg\" \/>\n\t<meta property=\"og:image:width\" content=\"511\" \/>\n\t<meta property=\"og:image:height\" content=\"296\" \/>\n\t<meta property=\"og:image:type\" content=\"image\/jpeg\" \/>\n<meta name=\"author\" content=\"Diario del Sur Digital\" \/>\n<meta name=\"twitter:card\" content=\"summary_large_image\" \/>\n<meta name=\"twitter:label1\" content=\"Escrito por\" \/>\n\t<meta name=\"twitter:data1\" content=\"Diario del Sur Digital\" \/>\n\t<meta name=\"twitter:label2\" content=\"Tiempo de lectura\" \/>\n\t<meta name=\"twitter:data2\" content=\"2 minutos\" \/>\n<script type=\"application\/ld+json\" class=\"yoast-schema-graph\">{\"@context\":\"https:\\\/\\\/schema.org\",\"@graph\":[{\"@type\":\"Article\",\"@id\":\"https:\\\/\\\/diariodelsurdigital.com.ar\\\/?p=1315#article\",\"isPartOf\":{\"@id\":\"https:\\\/\\\/diariodelsurdigital.com.ar\\\/?p=1315\"},\"author\":{\"name\":\"Diario del Sur Digital\",\"@id\":\"https:\\\/\\\/diariodelsurdigital.com.ar\\\/#\\\/schema\\\/person\\\/6136a32571657f7dba980b88b04c5465\"},\"headline\":\"La Liga de Intendentes Justicialistas de la Provincia de Entre R\u00edos repudi\u00f3 a Milei\",\"datePublished\":\"2025-03-02T17:46:23+00:00\",\"dateModified\":\"2025-03-02T17:46:24+00:00\",\"mainEntityOfPage\":{\"@id\":\"https:\\\/\\\/diariodelsurdigital.com.ar\\\/?p=1315\"},\"wordCount\":414,\"commentCount\":0,\"image\":{\"@id\":\"https:\\\/\\\/diariodelsurdigital.com.ar\\\/?p=1315#primaryimage\"},\"thumbnailUrl\":\"https:\\\/\\\/diariodelsurdigital.com.ar\\\/wp-content\\\/uploads\\\/2025\\\/03\\\/Imagen-de-WhatsApp-2025-03-02-a-las-13.27.01_294dab7c.jpg\",\"articleSection\":[\"Provinciales\"],\"inLanguage\":\"es\",\"potentialAction\":[{\"@type\":\"CommentAction\",\"name\":\"Comment\",\"target\":[\"https:\\\/\\\/diariodelsurdigital.com.ar\\\/?p=1315#respond\"]}]},{\"@type\":\"WebPage\",\"@id\":\"https:\\\/\\\/diariodelsurdigital.com.ar\\\/?p=1315\",\"url\":\"https:\\\/\\\/diariodelsurdigital.com.ar\\\/?p=1315\",\"name\":\"La Liga de Intendentes Justicialistas de la Provincia de Entre R\u00edos repudi\u00f3 a Milei - Diario del Sur\",\"isPartOf\":{\"@id\":\"https:\\\/\\\/diariodelsurdigital.com.ar\\\/#website\"},\"primaryImageOfPage\":{\"@id\":\"https:\\\/\\\/diariodelsurdigital.com.ar\\\/?p=1315#primaryimage\"},\"image\":{\"@id\":\"https:\\\/\\\/diariodelsurdigital.com.ar\\\/?p=1315#primaryimage\"},\"thumbnailUrl\":\"https:\\\/\\\/diariodelsurdigital.com.ar\\\/wp-content\\\/uploads\\\/2025\\\/03\\\/Imagen-de-WhatsApp-2025-03-02-a-las-13.27.01_294dab7c.jpg\",\"datePublished\":\"2025-03-02T17:46:23+00:00\",\"dateModified\":\"2025-03-02T17:46:24+00:00\",\"author\":{\"@id\":\"https:\\\/\\\/diariodelsurdigital.com.ar\\\/#\\\/schema\\\/person\\\/6136a32571657f7dba980b88b04c5465\"},\"breadcrumb\":{\"@id\":\"https:\\\/\\\/diariodelsurdigital.com.ar\\\/?p=1315#breadcrumb\"},\"inLanguage\":\"es\",\"potentialAction\":[{\"@type\":\"ReadAction\",\"target\":[\"https:\\\/\\\/diariodelsurdigital.com.ar\\\/?p=1315\"]}]},{\"@type\":\"ImageObject\",\"inLanguage\":\"es\",\"@id\":\"https:\\\/\\\/diariodelsurdigital.com.ar\\\/?p=1315#primaryimage\",\"url\":\"https:\\\/\\\/diariodelsurdigital.com.ar\\\/wp-content\\\/uploads\\\/2025\\\/03\\\/Imagen-de-WhatsApp-2025-03-02-a-las-13.27.01_294dab7c.jpg\",\"contentUrl\":\"https:\\\/\\\/diariodelsurdigital.com.ar\\\/wp-content\\\/uploads\\\/2025\\\/03\\\/Imagen-de-WhatsApp-2025-03-02-a-las-13.27.01_294dab7c.jpg\",\"width\":511,\"height\":296},{\"@type\":\"BreadcrumbList\",\"@id\":\"https:\\\/\\\/diariodelsurdigital.com.ar\\\/?p=1315#breadcrumb\",\"itemListElement\":[{\"@type\":\"ListItem\",\"position\":1,\"name\":\"Portada\",\"item\":\"https:\\\/\\\/diariodelsurdigital.com.ar\\\/\"},{\"@type\":\"ListItem\",\"position\":2,\"name\":\"La Liga de Intendentes Justicialistas de la Provincia de Entre R\u00edos repudi\u00f3 a Milei\"}]},{\"@type\":\"WebSite\",\"@id\":\"https:\\\/\\\/diariodelsurdigital.com.ar\\\/#website\",\"url\":\"https:\\\/\\\/diariodelsurdigital.com.ar\\\/\",\"name\":\"Diario del Sur\",\"description\":\"Digital\",\"potentialAction\":[{\"@type\":\"SearchAction\",\"target\":{\"@type\":\"EntryPoint\",\"urlTemplate\":\"https:\\\/\\\/diariodelsurdigital.com.ar\\\/?s={search_term_string}\"},\"query-input\":{\"@type\":\"PropertyValueSpecification\",\"valueRequired\":true,\"valueName\":\"search_term_string\"}}],\"inLanguage\":\"es\"},{\"@type\":\"Person\",\"@id\":\"https:\\\/\\\/diariodelsurdigital.com.ar\\\/#\\\/schema\\\/person\\\/6136a32571657f7dba980b88b04c5465\",\"name\":\"Diario del Sur Digital\",\"image\":{\"@type\":\"ImageObject\",\"inLanguage\":\"es\",\"@id\":\"https:\\\/\\\/secure.gravatar.com\\\/avatar\\\/4c29ceac98541dd42460b2474aaa5dd37594d6ce6cb3cf2c101d09b48ee287ba?s=96&d=mm&r=g\",\"url\":\"https:\\\/\\\/secure.gravatar.com\\\/avatar\\\/4c29ceac98541dd42460b2474aaa5dd37594d6ce6cb3cf2c101d09b48ee287ba?s=96&d=mm&r=g\",\"contentUrl\":\"https:\\\/\\\/secure.gravatar.com\\\/avatar\\\/4c29ceac98541dd42460b2474aaa5dd37594d6ce6cb3cf2c101d09b48ee287ba?s=96&d=mm&r=g\",\"caption\":\"Diario del Sur Digital\"},\"url\":\"https:\\\/\\\/diariodelsurdigital.com.ar\\\/?author=2\"}]}<\/script>\n<!-- \/ Yoast SEO plugin. -->","yoast_head_json":{"title":"La Liga de Intendentes Justicialistas de la Provincia de Entre R\u00edos repudi\u00f3 a Milei - Diario del Sur","robots":{"index":"index","follow":"follow","max-snippet":"max-snippet:-1","max-image-preview":"max-image-preview:large","max-video-preview":"max-video-preview:-1"},"canonical":"https:\/\/diariodelsurdigital.com.ar\/?p=1315","og_locale":"es_ES","og_type":"article","og_title":"La Liga de Intendentes Justicialistas de la Provincia de Entre R\u00edos repudi\u00f3 a Milei - Diario del Sur","og_description":"En un comunicado enviado a Diario del SUR Digital, los mandatarios entrerrianos locales manifestaron lo siguiente: Rechazamos las declaraciones del Presidente Milei sobre la intervenci\u00f3n de la Provincia de Buenos Aires y el pedido de renuncia del Gobernador Kicillof. Desde la Liga de Intendentes Justicialistas de la Provincia de Entre R\u00edos expresamos nuestro m\u00e1s en\u00e9rgico [&hellip;]","og_url":"https:\/\/diariodelsurdigital.com.ar\/?p=1315","og_site_name":"Diario del Sur","article_published_time":"2025-03-02T17:46:23+00:00","article_modified_time":"2025-03-02T17:46:24+00:00","og_image":[{"width":511,"height":296,"url":"https:\/\/diariodelsurdigital.com.ar\/wp-content\/uploads\/2025\/03\/Imagen-de-WhatsApp-2025-03-02-a-las-13.27.01_294dab7c.jpg","type":"image\/jpeg"}],"author":"Diario del Sur Digital","twitter_card":"summary_large_image","twitter_misc":{"Escrito por":"Diario del Sur Digital","Tiempo de lectura":"2 minutos"},"schema":{"@context":"https:\/\/schema.org","@graph":[{"@type":"Article","@id":"https:\/\/diariodelsurdigital.com.ar\/?p=1315#article","isPartOf":{"@id":"https:\/\/diariodelsurdigital.com.ar\/?p=1315"},"author":{"name":"Diario del Sur Digital","@id":"https:\/\/diariodelsurdigital.com.ar\/#\/schema\/person\/6136a32571657f7dba980b88b04c5465"},"headline":"La Liga de Intendentes Justicialistas de la Provincia de Entre R\u00edos repudi\u00f3 a Milei","datePublished":"2025-03-02T17:46:23+00:00","dateModified":"2025-03-02T17:46:24+00:00","mainEntityOfPage":{"@id":"https:\/\/diariodelsurdigital.com.ar\/?p=1315"},"wordCount":414,"commentCount":0,"image":{"@id":"https:\/\/diariodelsurdigital.com.ar\/?p=1315#primaryimage"},"thumbnailUrl":"https:\/\/diariodelsurdigital.com.ar\/wp-content\/uploads\/2025\/03\/Imagen-de-WhatsApp-2025-03-02-a-las-13.27.01_294dab7c.jpg","articleSection":["Provinciales"],"inLanguage":"es","potentialAction":[{"@type":"CommentAction","name":"Comment","target":["https:\/\/diariodelsurdigital.com.ar\/?p=1315#respond"]}]},{"@type":"WebPage","@id":"https:\/\/diariodelsurdigital.com.ar\/?p=1315","url":"https:\/\/diariodelsurdigital.com.ar\/?p=1315","name":"La Liga de Intendentes Justicialistas de la Provincia de Entre R\u00edos repudi\u00f3 a Milei - Diario del Sur","isPartOf":{"@id":"https:\/\/diariodelsurdigital.com.ar\/#website"},"primaryImageOfPage":{"@id":"https:\/\/diariodelsurdigital.com.ar\/?p=1315#primaryimage"},"image":{"@id":"https:\/\/diariodelsurdigital.com.ar\/?p=1315#primaryimage"},"thumbnailUrl":"https:\/\/diariodelsurdigital.com.ar\/wp-content\/uploads\/2025\/03\/Imagen-de-WhatsApp-2025-03-02-a-las-13.27.01_294dab7c.jpg","datePublished":"2025-03-02T17:46:23+00:00","dateModified":"2025-03-02T17:46:24+00:00","author":{"@id":"https:\/\/diariodelsurdigital.com.ar\/#\/schema\/person\/6136a32571657f7dba980b88b04c5465"},"breadcrumb":{"@id":"https:\/\/diariodelsurdigital.com.ar\/?p=1315#breadcrumb"},"inLanguage":"es","potentialAction":[{"@type":"ReadAction","target":["https:\/\/diariodelsurdigital.com.ar\/?p=1315"]}]},{"@type":"ImageObject","inLanguage":"es","@id":"https:\/\/diariodelsurdigital.com.ar\/?p=1315#primaryimage","url":"https:\/\/diariodelsurdigital.com.ar\/wp-content\/uploads\/2025\/03\/Imagen-de-WhatsApp-2025-03-02-a-las-13.27.01_294dab7c.jpg","contentUrl":"https:\/\/diariodelsurdigital.com.ar\/wp-content\/uploads\/2025\/03\/Imagen-de-WhatsApp-2025-03-02-a-las-13.27.01_294dab7c.jpg","width":511,"height":296},{"@type":"BreadcrumbList","@id":"https:\/\/diariodelsurdigital.com.ar\/?p=1315#breadcrumb","itemListElement":[{"@type":"ListItem","position":1,"name":"Portada","item":"https:\/\/diariodelsurdigital.com.ar\/"},{"@type":"ListItem","position":2,"name":"La Liga de Intendentes Justicialistas de la Provincia de Entre R\u00edos repudi\u00f3 a Milei"}]},{"@type":"WebSite","@id":"https:\/\/diariodelsurdigital.com.ar\/#website","url":"https:\/\/diariodelsurdigital.com.ar\/","name":"Diario del Sur","description":"Digital","potentialAction":[{"@type":"SearchAction","target":{"@type":"EntryPoint","urlTemplate":"https:\/\/diariodelsurdigital.com.ar\/?s={search_term_string}"},"query-input":{"@type":"PropertyValueSpecification","valueRequired":true,"valueName":"search_term_string"}}],"inLanguage":"es"},{"@type":"Person","@id":"https:\/\/diariodelsurdigital.com.ar\/#\/schema\/person\/6136a32571657f7dba980b88b04c5465","name":"Diario del Sur Digital","image":{"@type":"ImageObject","inLanguage":"es","@id":"https:\/\/secure.gravatar.com\/avatar\/4c29ceac98541dd42460b2474aaa5dd37594d6ce6cb3cf2c101d09b48ee287ba?s=96&d=mm&r=g","url":"https:\/\/secure.gravatar.com\/avatar\/4c29ceac98541dd42460b2474aaa5dd37594d6ce6cb3cf2c101d09b48ee287ba?s=96&d=mm&r=g","contentUrl":"https:\/\/secure.gravatar.com\/avatar\/4c29ceac98541dd42460b2474aaa5dd37594d6ce6cb3cf2c101d09b48ee287ba?s=96&d=mm&r=g","caption":"Diario del Sur Digital"},"url":"https:\/\/diariodelsurdigital.com.ar\/?author=2"}]}},"_links":{"self":[{"href":"https:\/\/diariodelsurdigital.com.ar\/index.php?rest_route=\/wp\/v2\/posts\/1315","targetHints":{"allow":["GET"]}}],"collection":[{"href":"https:\/\/diariodelsurdigital.com.ar\/index.php?rest_route=\/wp\/v2\/posts"}],"about":[{"href":"https:\/\/diariodelsurdigital.com.ar\/index.php?rest_route=\/wp\/v2\/types\/post"}],"author":[{"embeddable":true,"href":"https:\/\/diariodelsurdigital.com.ar\/index.php?rest_route=\/wp\/v2\/users\/2"}],"replies":[{"embeddable":true,"href":"https:\/\/diariodelsurdigital.com.ar\/index.php?rest_route=%2Fwp%2Fv2%2Fcomments&post=1315"}],"version-history":[{"count":1,"href":"https:\/\/diariodelsurdigital.com.ar\/index.php?rest_route=\/wp\/v2\/posts\/1315\/revisions"}],"predecessor-version":[{"id":1317,"href":"https:\/\/diariodelsurdigital.com.ar\/index.php?rest_route=\/wp\/v2\/posts\/1315\/revisions\/1317"}],"wp:featuredmedia":[{"embeddable":true,"href":"https:\/\/diariodelsurdigital.com.ar\/index.php?rest_route=\/wp\/v2\/media\/1316"}],"wp:attachment":[{"href":"https:\/\/diariodelsurdigital.com.ar\/index.php?rest_route=%2Fwp%2Fv2%2Fmedia&parent=1315"}],"wp:term":[{"taxonomy":"category","embeddable":true,"href":"https:\/\/diariodelsurdigital.com.ar\/index.php?rest_route=%2Fwp%2Fv2%2Fcategories&post=1315"},{"taxonomy":"post_tag","embeddable":true,"href":"https:\/\/diariodelsurdigital.com.ar\/index.php?rest_route=%2Fwp%2Fv2%2Ftags&post=1315"}],"curies":[{"name":"wp","href":"https:\/\/api.w.org\/{rel}","templated":true}]}}