{"id":1318,"date":"2025-03-02T21:29:29","date_gmt":"2025-03-03T00:29:29","guid":{"rendered":"https:\/\/diariodelsurdigital.com.ar\/?p=1318"},"modified":"2025-03-02T21:29:30","modified_gmt":"2025-03-03T00:29:30","slug":"funcionarios-de-frigerio-en-las-paradisiacas-playas-de-cuba","status":"publish","type":"post","link":"https:\/\/diariodelsurdigital.com.ar\/?p=1318","title":{"rendered":"Funcionarios de Frigerio en las paradis\u00edacas playas de Cuba"},"content":{"rendered":"\n<h1 class=\"wp-block-heading\">El actual Secretario de Hacienda de la Provincia,\u00a0Uriel Brupbacher, y su esposa, la subdirectora de Cuidados Alternativos para la Infancia en el Copnaf,\u00a0Noelia Buchholz, est\u00e1n disfrutando de unas merecidas vacaciones de m\u00e1s de 10 d\u00edas en la paradis\u00edaca isla Cayo Largo, en Cuba.<\/h1>\n\n\n\n<figure class=\"wp-block-image\"><a href=\"https:\/\/blogger.googleusercontent.com\/img\/b\/R29vZ2xl\/AVvXsEhJxoD_pjKKJeKqsQxnuqyWVSg-QVw29uflgF52NniW9x_ZF6EHQP25O4hf3pHpp2w7GqBEk3z8A8I_Mnv0iCIlAoTwVceilL9N_9AoGOzv2qwvZW_jKvYRjtoZLGz_ifEQBV62tc7reeV7CBzTwDWlTIL9UdonlzKtZmFL5VS16we0rM8w1MZLlOTaIxc\/s502\/Captura%20de%20pantalla%202025-03-02%20205122.png\"><img decoding=\"async\" src=\"https:\/\/blogger.googleusercontent.com\/img\/b\/R29vZ2xl\/AVvXsEhJxoD_pjKKJeKqsQxnuqyWVSg-QVw29uflgF52NniW9x_ZF6EHQP25O4hf3pHpp2w7GqBEk3z8A8I_Mnv0iCIlAoTwVceilL9N_9AoGOzv2qwvZW_jKvYRjtoZLGz_ifEQBV62tc7reeV7CBzTwDWlTIL9UdonlzKtZmFL5VS16we0rM8w1MZLlOTaIxc\/s16000-rw\/Captura%20de%20pantalla%202025-03-02%20205122.png\" alt=\"Regalo de cumplea\u00f1os: funcionarios de Frigerio en las paradis\u00edacas playas de Cuba\" title=\"Regalo de cumplea\u00f1os: funcionarios de Frigerio en las paradis\u00edacas playas de Cuba\"\/><\/a><\/figure>\n\n\n\n<p>El viaje, que iniciaron la semana anterior y que se extiende hasta despu\u00e9s del feriado de carnaval, tiene un motivo especial: celebrar el cumplea\u00f1os de Buchholz. Al regreso de Cuba, Brupbacher asumir\u00eda la presidencia de Enersa, la empresa estatal distribuidora de la energ\u00eda, de la que ahora es s\u00edndico. Seg\u00fan se inform\u00f3 el a\u00f1o pasado, el sueldo de un presidente y de un s\u00edndico en Enersa, en diciembre de 2023, hace m\u00e1s de un a\u00f1o, era de alrededor de 2 millones de pesos. Aunque en su momento,&nbsp;<a href=\"https:\/\/www.maximaonline.com.ar\/Nota-76002-vitor_renunci_a_su_asignacin_como_sndico_de_enersa_y_destap_que_otros_funcionarios_cobraran_doble_sueldo\" target=\"_blank\" rel=\"noreferrer noopener\">Brupbacher habr\u00eda renunciado a cobrar ese sueldo<\/a>&nbsp;qued\u00e1ndose s\u00f3lo con el salario de Secretario de Hacienda.<\/p>\n\n\n\n<p>Las fotos del viaje a uno de los destinos tur\u00edsticos m\u00e1s exclusivos de Cuba, fueron publicadas por la propia Buchholz en las redes sociales, que comparti\u00f3 im\u00e1genes de la belleza del lugar, donde se aprecian las arenas blancas y el mar.<\/p>\n\n\n\n<p>Un paquete para dos a ese destino de Cuba con alojamiento en un hotel all inclusive cuesta no menos de 10 mil d\u00f3lares (m\u00e1s de unos 10 millones de pesos), indic\u00f3 <em>An\u00e1lisis Digital<\/em>.\u00a0\u201cUn lugar de ensue\u00f1o que ofrece una experiencia \u00fanica para los viajeros que buscan escapar del bullicio de la vida cotidiana\u201d, describen los portales especializados.<\/p>\n\n\n\n<figure class=\"wp-block-image\"><a href=\"https:\/\/blogger.googleusercontent.com\/img\/b\/R29vZ2xl\/AVvXsEgHhMaXcnkhJ-DCeoJXen1ApcLDI5FnZyjxpUZ4E1XLwj_-otkNasWPwAqM5bbc2TLS_IEnpKOajOgBZ1E5jUjzK6KcwiX4v3nm1jUlMvqWs5BHVTW_9TJ2TTneEO-Dv3lRYx_lW6u9lTqPJXPzDQRNJjs0K9Mxyc8K_JogcBNCgvy3s2vZMxf819dyDZk\/s506\/Captura%20de%20pantalla%202025-03-02%20205256.png\"><img decoding=\"async\" src=\"https:\/\/blogger.googleusercontent.com\/img\/b\/R29vZ2xl\/AVvXsEgHhMaXcnkhJ-DCeoJXen1ApcLDI5FnZyjxpUZ4E1XLwj_-otkNasWPwAqM5bbc2TLS_IEnpKOajOgBZ1E5jUjzK6KcwiX4v3nm1jUlMvqWs5BHVTW_9TJ2TTneEO-Dv3lRYx_lW6u9lTqPJXPzDQRNJjs0K9Mxyc8K_JogcBNCgvy3s2vZMxf819dyDZk\/s16000-rw\/Captura%20de%20pantalla%202025-03-02%20205256.png\" alt=\"Altos funcionarios de Frigerio festejan su cumplea\u00f1os en las paradis\u00edacas playas de Cuba\" title=\"Altos funcionarios de Frigerio festejan su cumplea\u00f1os en las paradis\u00edacas playas de Cuba\"\/><\/a><\/figure>\n\n\n\n<p>La pareja habr\u00eda llegado a Cuba al menos el 24 de febrero, ya que ese d\u00eda la funcionaria public\u00f3 la primera foto luciendo su bikini en las cristalinas aguas caribe\u00f1as.&nbsp;<\/p>\n\n\n\n<p>Uriel Brupbacher antes de ser funcionario del Gobierno Provincial, fue Diputado Provincial y previamente intendente de Viale.<\/p>\n","protected":false},"excerpt":{"rendered":"<p>El actual Secretario de Hacienda de la Provincia,\u00a0Uriel Brupbacher, y su esposa, la subdirectora de Cuidados Alternativos para la Infancia en el Copnaf,\u00a0Noelia Buchholz, est\u00e1n disfrutando de unas merecidas vacaciones de m\u00e1s de 10 d\u00edas en la paradis\u00edaca isla Cayo Largo, en Cuba. El viaje, que iniciaron la semana anterior y que se extiende hasta [&hellip;]<\/p>\n","protected":false},"author":2,"featured_media":1319,"comment_status":"open","ping_status":"open","sticky":false,"template":"","format":"standard","meta":{"footnotes":""},"categories":[17],"tags":[],"class_list":{"0":"post-1318","1":"post","2":"type-post","3":"status-publish","4":"format-standard","5":"has-post-thumbnail","7":"category-provinciales"},"yoast_head":"<!-- This site is optimized with the Yoast SEO plugin v27.4 - https:\/\/yoast.com\/product\/yoast-seo-wordpress\/ -->\n<title>Funcionarios de Frigerio en las paradis\u00edacas playas de Cuba - Diario del Sur<\/title>\n<meta name=\"robots\" content=\"index, follow, max-snippet:-1, max-image-preview:large, max-video-preview:-1\" \/>\n<link rel=\"canonical\" href=\"https:\/\/diariodelsurdigital.com.ar\/?p=1318\" \/>\n<meta property=\"og:locale\" content=\"es_ES\" \/>\n<meta property=\"og:type\" content=\"article\" \/>\n<meta property=\"og:title\" content=\"Funcionarios de Frigerio en las paradis\u00edacas playas de Cuba - Diario del Sur\" \/>\n<meta property=\"og:description\" content=\"El actual Secretario de Hacienda de la Provincia,\u00a0Uriel Brupbacher, y su esposa, la subdirectora de Cuidados Alternativos para la Infancia en el Copnaf,\u00a0Noelia Buchholz, est\u00e1n disfrutando de unas merecidas vacaciones de m\u00e1s de 10 d\u00edas en la paradis\u00edaca isla Cayo Largo, en Cuba. El viaje, que iniciaron la semana anterior y que se extiende hasta [&hellip;]\" \/>\n<meta property=\"og:url\" content=\"https:\/\/diariodelsurdigital.com.ar\/?p=1318\" \/>\n<meta property=\"og:site_name\" content=\"Diario del Sur\" \/>\n<meta property=\"article:published_time\" content=\"2025-03-03T00:29:29+00:00\" \/>\n<meta property=\"article:modified_time\" content=\"2025-03-03T00:29:30+00:00\" \/>\n<meta property=\"og:image\" content=\"https:\/\/diariodelsurdigital.com.ar\/wp-content\/uploads\/2025\/03\/feliz-cumple.png\" \/>\n\t<meta property=\"og:image:width\" content=\"590\" \/>\n\t<meta property=\"og:image:height\" content=\"527\" \/>\n\t<meta property=\"og:image:type\" content=\"image\/png\" \/>\n<meta name=\"author\" content=\"Diario del Sur Digital\" \/>\n<meta name=\"twitter:card\" content=\"summary_large_image\" \/>\n<meta name=\"twitter:label1\" content=\"Escrito por\" \/>\n\t<meta name=\"twitter:data1\" content=\"Diario del Sur Digital\" \/>\n\t<meta name=\"twitter:label2\" content=\"Tiempo de lectura\" \/>\n\t<meta name=\"twitter:data2\" content=\"2 minutos\" \/>\n<script type=\"application\/ld+json\" class=\"yoast-schema-graph\">{\"@context\":\"https:\\\/\\\/schema.org\",\"@graph\":[{\"@type\":\"Article\",\"@id\":\"https:\\\/\\\/diariodelsurdigital.com.ar\\\/?p=1318#article\",\"isPartOf\":{\"@id\":\"https:\\\/\\\/diariodelsurdigital.com.ar\\\/?p=1318\"},\"author\":{\"name\":\"Diario del Sur Digital\",\"@id\":\"https:\\\/\\\/diariodelsurdigital.com.ar\\\/#\\\/schema\\\/person\\\/6136a32571657f7dba980b88b04c5465\"},\"headline\":\"Funcionarios de Frigerio en las paradis\u00edacas playas de Cuba\",\"datePublished\":\"2025-03-03T00:29:29+00:00\",\"dateModified\":\"2025-03-03T00:29:30+00:00\",\"mainEntityOfPage\":{\"@id\":\"https:\\\/\\\/diariodelsurdigital.com.ar\\\/?p=1318\"},\"wordCount\":328,\"commentCount\":1,\"image\":{\"@id\":\"https:\\\/\\\/diariodelsurdigital.com.ar\\\/?p=1318#primaryimage\"},\"thumbnailUrl\":\"https:\\\/\\\/diariodelsurdigital.com.ar\\\/wp-content\\\/uploads\\\/2025\\\/03\\\/feliz-cumple.png\",\"articleSection\":[\"Provinciales\"],\"inLanguage\":\"es\",\"potentialAction\":[{\"@type\":\"CommentAction\",\"name\":\"Comment\",\"target\":[\"https:\\\/\\\/diariodelsurdigital.com.ar\\\/?p=1318#respond\"]}]},{\"@type\":\"WebPage\",\"@id\":\"https:\\\/\\\/diariodelsurdigital.com.ar\\\/?p=1318\",\"url\":\"https:\\\/\\\/diariodelsurdigital.com.ar\\\/?p=1318\",\"name\":\"Funcionarios de Frigerio en las paradis\u00edacas playas de Cuba - Diario del Sur\",\"isPartOf\":{\"@id\":\"https:\\\/\\\/diariodelsurdigital.com.ar\\\/#website\"},\"primaryImageOfPage\":{\"@id\":\"https:\\\/\\\/diariodelsurdigital.com.ar\\\/?p=1318#primaryimage\"},\"image\":{\"@id\":\"https:\\\/\\\/diariodelsurdigital.com.ar\\\/?p=1318#primaryimage\"},\"thumbnailUrl\":\"https:\\\/\\\/diariodelsurdigital.com.ar\\\/wp-content\\\/uploads\\\/2025\\\/03\\\/feliz-cumple.png\",\"datePublished\":\"2025-03-03T00:29:29+00:00\",\"dateModified\":\"2025-03-03T00:29:30+00:00\",\"author\":{\"@id\":\"https:\\\/\\\/diariodelsurdigital.com.ar\\\/#\\\/schema\\\/person\\\/6136a32571657f7dba980b88b04c5465\"},\"breadcrumb\":{\"@id\":\"https:\\\/\\\/diariodelsurdigital.com.ar\\\/?p=1318#breadcrumb\"},\"inLanguage\":\"es\",\"potentialAction\":[{\"@type\":\"ReadAction\",\"target\":[\"https:\\\/\\\/diariodelsurdigital.com.ar\\\/?p=1318\"]}]},{\"@type\":\"ImageObject\",\"inLanguage\":\"es\",\"@id\":\"https:\\\/\\\/diariodelsurdigital.com.ar\\\/?p=1318#primaryimage\",\"url\":\"https:\\\/\\\/diariodelsurdigital.com.ar\\\/wp-content\\\/uploads\\\/2025\\\/03\\\/feliz-cumple.png\",\"contentUrl\":\"https:\\\/\\\/diariodelsurdigital.com.ar\\\/wp-content\\\/uploads\\\/2025\\\/03\\\/feliz-cumple.png\",\"width\":590,\"height\":527},{\"@type\":\"BreadcrumbList\",\"@id\":\"https:\\\/\\\/diariodelsurdigital.com.ar\\\/?p=1318#breadcrumb\",\"itemListElement\":[{\"@type\":\"ListItem\",\"position\":1,\"name\":\"Portada\",\"item\":\"https:\\\/\\\/diariodelsurdigital.com.ar\\\/\"},{\"@type\":\"ListItem\",\"position\":2,\"name\":\"Funcionarios de Frigerio en las paradis\u00edacas playas de Cuba\"}]},{\"@type\":\"WebSite\",\"@id\":\"https:\\\/\\\/diariodelsurdigital.com.ar\\\/#website\",\"url\":\"https:\\\/\\\/diariodelsurdigital.com.ar\\\/\",\"name\":\"Diario del Sur\",\"description\":\"Digital\",\"potentialAction\":[{\"@type\":\"SearchAction\",\"target\":{\"@type\":\"EntryPoint\",\"urlTemplate\":\"https:\\\/\\\/diariodelsurdigital.com.ar\\\/?s={search_term_string}\"},\"query-input\":{\"@type\":\"PropertyValueSpecification\",\"valueRequired\":true,\"valueName\":\"search_term_string\"}}],\"inLanguage\":\"es\"},{\"@type\":\"Person\",\"@id\":\"https:\\\/\\\/diariodelsurdigital.com.ar\\\/#\\\/schema\\\/person\\\/6136a32571657f7dba980b88b04c5465\",\"name\":\"Diario del Sur Digital\",\"image\":{\"@type\":\"ImageObject\",\"inLanguage\":\"es\",\"@id\":\"https:\\\/\\\/secure.gravatar.com\\\/avatar\\\/4c29ceac98541dd42460b2474aaa5dd37594d6ce6cb3cf2c101d09b48ee287ba?s=96&d=mm&r=g\",\"url\":\"https:\\\/\\\/secure.gravatar.com\\\/avatar\\\/4c29ceac98541dd42460b2474aaa5dd37594d6ce6cb3cf2c101d09b48ee287ba?s=96&d=mm&r=g\",\"contentUrl\":\"https:\\\/\\\/secure.gravatar.com\\\/avatar\\\/4c29ceac98541dd42460b2474aaa5dd37594d6ce6cb3cf2c101d09b48ee287ba?s=96&d=mm&r=g\",\"caption\":\"Diario del Sur Digital\"},\"url\":\"https:\\\/\\\/diariodelsurdigital.com.ar\\\/?author=2\"}]}<\/script>\n<!-- \/ Yoast SEO plugin. -->","yoast_head_json":{"title":"Funcionarios de Frigerio en las paradis\u00edacas playas de Cuba - Diario del Sur","robots":{"index":"index","follow":"follow","max-snippet":"max-snippet:-1","max-image-preview":"max-image-preview:large","max-video-preview":"max-video-preview:-1"},"canonical":"https:\/\/diariodelsurdigital.com.ar\/?p=1318","og_locale":"es_ES","og_type":"article","og_title":"Funcionarios de Frigerio en las paradis\u00edacas playas de Cuba - Diario del Sur","og_description":"El actual Secretario de Hacienda de la Provincia,\u00a0Uriel Brupbacher, y su esposa, la subdirectora de Cuidados Alternativos para la Infancia en el Copnaf,\u00a0Noelia Buchholz, est\u00e1n disfrutando de unas merecidas vacaciones de m\u00e1s de 10 d\u00edas en la paradis\u00edaca isla Cayo Largo, en Cuba. El viaje, que iniciaron la semana anterior y que se extiende hasta [&hellip;]","og_url":"https:\/\/diariodelsurdigital.com.ar\/?p=1318","og_site_name":"Diario del Sur","article_published_time":"2025-03-03T00:29:29+00:00","article_modified_time":"2025-03-03T00:29:30+00:00","og_image":[{"width":590,"height":527,"url":"https:\/\/diariodelsurdigital.com.ar\/wp-content\/uploads\/2025\/03\/feliz-cumple.png","type":"image\/png"}],"author":"Diario del Sur Digital","twitter_card":"summary_large_image","twitter_misc":{"Escrito por":"Diario del Sur Digital","Tiempo de lectura":"2 minutos"},"schema":{"@context":"https:\/\/schema.org","@graph":[{"@type":"Article","@id":"https:\/\/diariodelsurdigital.com.ar\/?p=1318#article","isPartOf":{"@id":"https:\/\/diariodelsurdigital.com.ar\/?p=1318"},"author":{"name":"Diario del Sur Digital","@id":"https:\/\/diariodelsurdigital.com.ar\/#\/schema\/person\/6136a32571657f7dba980b88b04c5465"},"headline":"Funcionarios de Frigerio en las paradis\u00edacas playas de Cuba","datePublished":"2025-03-03T00:29:29+00:00","dateModified":"2025-03-03T00:29:30+00:00","mainEntityOfPage":{"@id":"https:\/\/diariodelsurdigital.com.ar\/?p=1318"},"wordCount":328,"commentCount":1,"image":{"@id":"https:\/\/diariodelsurdigital.com.ar\/?p=1318#primaryimage"},"thumbnailUrl":"https:\/\/diariodelsurdigital.com.ar\/wp-content\/uploads\/2025\/03\/feliz-cumple.png","articleSection":["Provinciales"],"inLanguage":"es","potentialAction":[{"@type":"CommentAction","name":"Comment","target":["https:\/\/diariodelsurdigital.com.ar\/?p=1318#respond"]}]},{"@type":"WebPage","@id":"https:\/\/diariodelsurdigital.com.ar\/?p=1318","url":"https:\/\/diariodelsurdigital.com.ar\/?p=1318","name":"Funcionarios de Frigerio en las paradis\u00edacas playas de Cuba - Diario del Sur","isPartOf":{"@id":"https:\/\/diariodelsurdigital.com.ar\/#website"},"primaryImageOfPage":{"@id":"https:\/\/diariodelsurdigital.com.ar\/?p=1318#primaryimage"},"image":{"@id":"https:\/\/diariodelsurdigital.com.ar\/?p=1318#primaryimage"},"thumbnailUrl":"https:\/\/diariodelsurdigital.com.ar\/wp-content\/uploads\/2025\/03\/feliz-cumple.png","datePublished":"2025-03-03T00:29:29+00:00","dateModified":"2025-03-03T00:29:30+00:00","author":{"@id":"https:\/\/diariodelsurdigital.com.ar\/#\/schema\/person\/6136a32571657f7dba980b88b04c5465"},"breadcrumb":{"@id":"https:\/\/diariodelsurdigital.com.ar\/?p=1318#breadcrumb"},"inLanguage":"es","potentialAction":[{"@type":"ReadAction","target":["https:\/\/diariodelsurdigital.com.ar\/?p=1318"]}]},{"@type":"ImageObject","inLanguage":"es","@id":"https:\/\/diariodelsurdigital.com.ar\/?p=1318#primaryimage","url":"https:\/\/diariodelsurdigital.com.ar\/wp-content\/uploads\/2025\/03\/feliz-cumple.png","contentUrl":"https:\/\/diariodelsurdigital.com.ar\/wp-content\/uploads\/2025\/03\/feliz-cumple.png","width":590,"height":527},{"@type":"BreadcrumbList","@id":"https:\/\/diariodelsurdigital.com.ar\/?p=1318#breadcrumb","itemListElement":[{"@type":"ListItem","position":1,"name":"Portada","item":"https:\/\/diariodelsurdigital.com.ar\/"},{"@type":"ListItem","position":2,"name":"Funcionarios de Frigerio en las paradis\u00edacas playas de Cuba"}]},{"@type":"WebSite","@id":"https:\/\/diariodelsurdigital.com.ar\/#website","url":"https:\/\/diariodelsurdigital.com.ar\/","name":"Diario del Sur","description":"Digital","potentialAction":[{"@type":"SearchAction","target":{"@type":"EntryPoint","urlTemplate":"https:\/\/diariodelsurdigital.com.ar\/?s={search_term_string}"},"query-input":{"@type":"PropertyValueSpecification","valueRequired":true,"valueName":"search_term_string"}}],"inLanguage":"es"},{"@type":"Person","@id":"https:\/\/diariodelsurdigital.com.ar\/#\/schema\/person\/6136a32571657f7dba980b88b04c5465","name":"Diario del Sur Digital","image":{"@type":"ImageObject","inLanguage":"es","@id":"https:\/\/secure.gravatar.com\/avatar\/4c29ceac98541dd42460b2474aaa5dd37594d6ce6cb3cf2c101d09b48ee287ba?s=96&d=mm&r=g","url":"https:\/\/secure.gravatar.com\/avatar\/4c29ceac98541dd42460b2474aaa5dd37594d6ce6cb3cf2c101d09b48ee287ba?s=96&d=mm&r=g","contentUrl":"https:\/\/secure.gravatar.com\/avatar\/4c29ceac98541dd42460b2474aaa5dd37594d6ce6cb3cf2c101d09b48ee287ba?s=96&d=mm&r=g","caption":"Diario del Sur Digital"},"url":"https:\/\/diariodelsurdigital.com.ar\/?author=2"}]}},"_links":{"self":[{"href":"https:\/\/diariodelsurdigital.com.ar\/index.php?rest_route=\/wp\/v2\/posts\/1318","targetHints":{"allow":["GET"]}}],"collection":[{"href":"https:\/\/diariodelsurdigital.com.ar\/index.php?rest_route=\/wp\/v2\/posts"}],"about":[{"href":"https:\/\/diariodelsurdigital.com.ar\/index.php?rest_route=\/wp\/v2\/types\/post"}],"author":[{"embeddable":true,"href":"https:\/\/diariodelsurdigital.com.ar\/index.php?rest_route=\/wp\/v2\/users\/2"}],"replies":[{"embeddable":true,"href":"https:\/\/diariodelsurdigital.com.ar\/index.php?rest_route=%2Fwp%2Fv2%2Fcomments&post=1318"}],"version-history":[{"count":1,"href":"https:\/\/diariodelsurdigital.com.ar\/index.php?rest_route=\/wp\/v2\/posts\/1318\/revisions"}],"predecessor-version":[{"id":1320,"href":"https:\/\/diariodelsurdigital.com.ar\/index.php?rest_route=\/wp\/v2\/posts\/1318\/revisions\/1320"}],"wp:featuredmedia":[{"embeddable":true,"href":"https:\/\/diariodelsurdigital.com.ar\/index.php?rest_route=\/wp\/v2\/media\/1319"}],"wp:attachment":[{"href":"https:\/\/diariodelsurdigital.com.ar\/index.php?rest_route=%2Fwp%2Fv2%2Fmedia&parent=1318"}],"wp:term":[{"taxonomy":"category","embeddable":true,"href":"https:\/\/diariodelsurdigital.com.ar\/index.php?rest_route=%2Fwp%2Fv2%2Fcategories&post=1318"},{"taxonomy":"post_tag","embeddable":true,"href":"https:\/\/diariodelsurdigital.com.ar\/index.php?rest_route=%2Fwp%2Fv2%2Ftags&post=1318"}],"curies":[{"name":"wp","href":"https:\/\/api.w.org\/{rel}","templated":true}]}}