{"id":1347,"date":"2025-03-04T13:08:10","date_gmt":"2025-03-04T16:08:10","guid":{"rendered":"https:\/\/diariodelsurdigital.com.ar\/?p=1347"},"modified":"2025-03-04T13:08:11","modified_gmt":"2025-03-04T16:08:11","slug":"el-finde-largo-termina-con-altas-temperaturas","status":"publish","type":"post","link":"https:\/\/diariodelsurdigital.com.ar\/?p=1347","title":{"rendered":"El finde largo termina con altas temperaturas"},"content":{"rendered":"\n<h1 class=\"wp-block-heading\">  <\/h1>\n\n\n\n<p>Al menos hasta el viernes no se presentar\u00edan lluvias de importancia, pero la humedad se mantendr\u00eda sumamente elevada y habr\u00e1 altas sensaciones t\u00e9rmicas. Cu\u00e1ndo llegar\u00e1 el cambio de tiempo con marcado descenso t\u00e9rmico.&nbsp;Calor, humedad y luego frente fr\u00edo. Durante la presente jornada, ultimo d\u00eda feriado de carnaval, se mantendr\u00e1 el tiempo c\u00e1lido en nuestra zona.<\/p>\n\n\n\n<p>El marcado aumento de temperaturas podr\u00eda derivar en un nuevo periodo de ola de calor, mientras que los altos registros en los term\u00f3metros combinados con el elevado porcentaje de humedad seguir\u00edan generando sensaciones t\u00e9rmicas que dar\u00e1n lugar a un clima agobiante.<\/p>\n\n\n\n<p>Hoy, el viento norte\/noreste se estar\u00e1 proyectando en toda el \u00e1rea central, \u201chaciendo aumentar la temperatura y tambi\u00e9n incrementando el aire h\u00famedo\u201d, indic\u00f3 el especialista en climatolog\u00eda, Ram\u00f3n Canto. En Entre R\u00edos, con cielo parcialmente nublado, se esperan hasta 37 grados esta tarde, public\u00f3&nbsp;<em>El Once<\/em>.<\/p>\n\n\n\n<p>El mi\u00e9rcoles, jueves y viernes las condiciones ser\u00edan similares: temperaturas m\u00ednimas elevadas, de unos 25 grados, y m\u00e1ximas que llegar\u00edan a los 36 o 37 grados.<\/p>\n\n\n\n<p><strong>El s\u00e1bado llegar\u00e1 el descenso t\u00e9rmico<\/strong><\/p>\n\n\n\n<p>Este largo periodo de humedad y precipitaciones, con una extensi\u00f3n de m\u00e1s de 10 d\u00edas, llegar\u00eda a su fin el s\u00e1bado, \u201ccuando se estima se produzca el ingreso de un intenso frente fr\u00edo proveniente de la Patagonia\u201d, adelant\u00f3 el meteor\u00f3logo, Christian Garavaglia.<\/p>\n\n\n\n<p>A su paso, \u201ces probable se produzca un \u00faltimo episodio de tormentas fuertes con lluvias abundantes\u201d desencadenando posteriormente\u201d un marcado descenso t\u00e9rmico de temperaturas para el fin de semana en la regi\u00f3n\u201d.<\/p>\n\n\n\n<p>El domingo, con m\u00e1ximas que rondar\u00edan en Entre R\u00edos los 25 grados \u201cse iniciar\u00eda al fin un nuevo periodo de tiempo estable, mucho m\u00e1s seco y templado\u201d, complet\u00f3 el especialista en Meteored.<\/p>\n\n\n\n<p><strong>El pron\u00f3stico para el oto\u00f1o<\/strong><\/p>\n\n\n\n<p>El pron\u00f3stico clim\u00e1tico trimestral para marzo, abril y mayo muestra que las temperaturas ser\u00e1n en promedio algo superiores a lo normal para la \u00e9poca del a\u00f1o en nuestra provincia.<\/p>\n\n\n\n<p>En cuanto a las precipitaciones, se prev\u00e9 que est\u00e9n dentro de lo considerado habitual para estos meses, seg\u00fan el informe del Servicio Meteorol\u00f3gico Nacional.<\/p>\n","protected":false},"excerpt":{"rendered":"<p>Al menos hasta el viernes no se presentar\u00edan lluvias de importancia, pero la humedad se mantendr\u00eda sumamente elevada y habr\u00e1 altas sensaciones t\u00e9rmicas. Cu\u00e1ndo llegar\u00e1 el cambio de tiempo con marcado descenso t\u00e9rmico.&nbsp;Calor, humedad y luego frente fr\u00edo. Durante la presente jornada, ultimo d\u00eda feriado de carnaval, se mantendr\u00e1 el tiempo c\u00e1lido en nuestra zona. [&hellip;]<\/p>\n","protected":false},"author":2,"featured_media":1348,"comment_status":"open","ping_status":"open","sticky":false,"template":"","format":"standard","meta":{"footnotes":""},"categories":[18],"tags":[],"class_list":{"0":"post-1347","1":"post","2":"type-post","3":"status-publish","4":"format-standard","5":"has-post-thumbnail","7":"category-nacionales"},"yoast_head":"<!-- This site is optimized with the Yoast SEO plugin v27.4 - https:\/\/yoast.com\/product\/yoast-seo-wordpress\/ -->\n<title>El finde largo termina con altas temperaturas - Diario del Sur<\/title>\n<meta name=\"robots\" content=\"index, follow, max-snippet:-1, max-image-preview:large, max-video-preview:-1\" \/>\n<link rel=\"canonical\" href=\"https:\/\/diariodelsurdigital.com.ar\/?p=1347\" \/>\n<meta property=\"og:locale\" content=\"es_ES\" \/>\n<meta property=\"og:type\" content=\"article\" \/>\n<meta property=\"og:title\" content=\"El finde largo termina con altas temperaturas - Diario del Sur\" \/>\n<meta property=\"og:description\" content=\"Al menos hasta el viernes no se presentar\u00edan lluvias de importancia, pero la humedad se mantendr\u00eda sumamente elevada y habr\u00e1 altas sensaciones t\u00e9rmicas. Cu\u00e1ndo llegar\u00e1 el cambio de tiempo con marcado descenso t\u00e9rmico.&nbsp;Calor, humedad y luego frente fr\u00edo. Durante la presente jornada, ultimo d\u00eda feriado de carnaval, se mantendr\u00e1 el tiempo c\u00e1lido en nuestra zona. [&hellip;]\" \/>\n<meta property=\"og:url\" content=\"https:\/\/diariodelsurdigital.com.ar\/?p=1347\" \/>\n<meta property=\"og:site_name\" content=\"Diario del Sur\" \/>\n<meta property=\"article:published_time\" content=\"2025-03-04T16:08:10+00:00\" \/>\n<meta property=\"article:modified_time\" content=\"2025-03-04T16:08:11+00:00\" \/>\n<meta property=\"og:image\" content=\"https:\/\/diariodelsurdigital.com.ar\/wp-content\/uploads\/2025\/03\/830x465_230209155028_41215.jpg\" \/>\n\t<meta property=\"og:image:width\" content=\"487\" \/>\n\t<meta property=\"og:image:height\" content=\"312\" \/>\n\t<meta property=\"og:image:type\" content=\"image\/jpeg\" \/>\n<meta name=\"author\" content=\"Diario del Sur Digital\" \/>\n<meta name=\"twitter:card\" content=\"summary_large_image\" \/>\n<meta name=\"twitter:label1\" content=\"Escrito por\" \/>\n\t<meta name=\"twitter:data1\" content=\"Diario del Sur Digital\" \/>\n\t<meta name=\"twitter:label2\" content=\"Tiempo de lectura\" \/>\n\t<meta name=\"twitter:data2\" content=\"2 minutos\" \/>\n<script type=\"application\/ld+json\" class=\"yoast-schema-graph\">{\"@context\":\"https:\\\/\\\/schema.org\",\"@graph\":[{\"@type\":\"Article\",\"@id\":\"https:\\\/\\\/diariodelsurdigital.com.ar\\\/?p=1347#article\",\"isPartOf\":{\"@id\":\"https:\\\/\\\/diariodelsurdigital.com.ar\\\/?p=1347\"},\"author\":{\"name\":\"Diario del Sur Digital\",\"@id\":\"https:\\\/\\\/diariodelsurdigital.com.ar\\\/#\\\/schema\\\/person\\\/6136a32571657f7dba980b88b04c5465\"},\"headline\":\"El finde largo termina con altas temperaturas\",\"datePublished\":\"2025-03-04T16:08:10+00:00\",\"dateModified\":\"2025-03-04T16:08:11+00:00\",\"mainEntityOfPage\":{\"@id\":\"https:\\\/\\\/diariodelsurdigital.com.ar\\\/?p=1347\"},\"wordCount\":391,\"commentCount\":0,\"image\":{\"@id\":\"https:\\\/\\\/diariodelsurdigital.com.ar\\\/?p=1347#primaryimage\"},\"thumbnailUrl\":\"https:\\\/\\\/diariodelsurdigital.com.ar\\\/wp-content\\\/uploads\\\/2025\\\/03\\\/830x465_230209155028_41215.jpg\",\"articleSection\":[\"Nacionales\"],\"inLanguage\":\"es\",\"potentialAction\":[{\"@type\":\"CommentAction\",\"name\":\"Comment\",\"target\":[\"https:\\\/\\\/diariodelsurdigital.com.ar\\\/?p=1347#respond\"]}]},{\"@type\":\"WebPage\",\"@id\":\"https:\\\/\\\/diariodelsurdigital.com.ar\\\/?p=1347\",\"url\":\"https:\\\/\\\/diariodelsurdigital.com.ar\\\/?p=1347\",\"name\":\"El finde largo termina con altas temperaturas - Diario del Sur\",\"isPartOf\":{\"@id\":\"https:\\\/\\\/diariodelsurdigital.com.ar\\\/#website\"},\"primaryImageOfPage\":{\"@id\":\"https:\\\/\\\/diariodelsurdigital.com.ar\\\/?p=1347#primaryimage\"},\"image\":{\"@id\":\"https:\\\/\\\/diariodelsurdigital.com.ar\\\/?p=1347#primaryimage\"},\"thumbnailUrl\":\"https:\\\/\\\/diariodelsurdigital.com.ar\\\/wp-content\\\/uploads\\\/2025\\\/03\\\/830x465_230209155028_41215.jpg\",\"datePublished\":\"2025-03-04T16:08:10+00:00\",\"dateModified\":\"2025-03-04T16:08:11+00:00\",\"author\":{\"@id\":\"https:\\\/\\\/diariodelsurdigital.com.ar\\\/#\\\/schema\\\/person\\\/6136a32571657f7dba980b88b04c5465\"},\"breadcrumb\":{\"@id\":\"https:\\\/\\\/diariodelsurdigital.com.ar\\\/?p=1347#breadcrumb\"},\"inLanguage\":\"es\",\"potentialAction\":[{\"@type\":\"ReadAction\",\"target\":[\"https:\\\/\\\/diariodelsurdigital.com.ar\\\/?p=1347\"]}]},{\"@type\":\"ImageObject\",\"inLanguage\":\"es\",\"@id\":\"https:\\\/\\\/diariodelsurdigital.com.ar\\\/?p=1347#primaryimage\",\"url\":\"https:\\\/\\\/diariodelsurdigital.com.ar\\\/wp-content\\\/uploads\\\/2025\\\/03\\\/830x465_230209155028_41215.jpg\",\"contentUrl\":\"https:\\\/\\\/diariodelsurdigital.com.ar\\\/wp-content\\\/uploads\\\/2025\\\/03\\\/830x465_230209155028_41215.jpg\",\"width\":487,\"height\":312},{\"@type\":\"BreadcrumbList\",\"@id\":\"https:\\\/\\\/diariodelsurdigital.com.ar\\\/?p=1347#breadcrumb\",\"itemListElement\":[{\"@type\":\"ListItem\",\"position\":1,\"name\":\"Portada\",\"item\":\"https:\\\/\\\/diariodelsurdigital.com.ar\\\/\"},{\"@type\":\"ListItem\",\"position\":2,\"name\":\"El finde largo termina con altas temperaturas\"}]},{\"@type\":\"WebSite\",\"@id\":\"https:\\\/\\\/diariodelsurdigital.com.ar\\\/#website\",\"url\":\"https:\\\/\\\/diariodelsurdigital.com.ar\\\/\",\"name\":\"Diario del Sur\",\"description\":\"Digital\",\"potentialAction\":[{\"@type\":\"SearchAction\",\"target\":{\"@type\":\"EntryPoint\",\"urlTemplate\":\"https:\\\/\\\/diariodelsurdigital.com.ar\\\/?s={search_term_string}\"},\"query-input\":{\"@type\":\"PropertyValueSpecification\",\"valueRequired\":true,\"valueName\":\"search_term_string\"}}],\"inLanguage\":\"es\"},{\"@type\":\"Person\",\"@id\":\"https:\\\/\\\/diariodelsurdigital.com.ar\\\/#\\\/schema\\\/person\\\/6136a32571657f7dba980b88b04c5465\",\"name\":\"Diario del Sur Digital\",\"image\":{\"@type\":\"ImageObject\",\"inLanguage\":\"es\",\"@id\":\"https:\\\/\\\/secure.gravatar.com\\\/avatar\\\/4c29ceac98541dd42460b2474aaa5dd37594d6ce6cb3cf2c101d09b48ee287ba?s=96&d=mm&r=g\",\"url\":\"https:\\\/\\\/secure.gravatar.com\\\/avatar\\\/4c29ceac98541dd42460b2474aaa5dd37594d6ce6cb3cf2c101d09b48ee287ba?s=96&d=mm&r=g\",\"contentUrl\":\"https:\\\/\\\/secure.gravatar.com\\\/avatar\\\/4c29ceac98541dd42460b2474aaa5dd37594d6ce6cb3cf2c101d09b48ee287ba?s=96&d=mm&r=g\",\"caption\":\"Diario del Sur Digital\"},\"url\":\"https:\\\/\\\/diariodelsurdigital.com.ar\\\/?author=2\"}]}<\/script>\n<!-- \/ Yoast SEO plugin. -->","yoast_head_json":{"title":"El finde largo termina con altas temperaturas - Diario del Sur","robots":{"index":"index","follow":"follow","max-snippet":"max-snippet:-1","max-image-preview":"max-image-preview:large","max-video-preview":"max-video-preview:-1"},"canonical":"https:\/\/diariodelsurdigital.com.ar\/?p=1347","og_locale":"es_ES","og_type":"article","og_title":"El finde largo termina con altas temperaturas - Diario del Sur","og_description":"Al menos hasta el viernes no se presentar\u00edan lluvias de importancia, pero la humedad se mantendr\u00eda sumamente elevada y habr\u00e1 altas sensaciones t\u00e9rmicas. Cu\u00e1ndo llegar\u00e1 el cambio de tiempo con marcado descenso t\u00e9rmico.&nbsp;Calor, humedad y luego frente fr\u00edo. Durante la presente jornada, ultimo d\u00eda feriado de carnaval, se mantendr\u00e1 el tiempo c\u00e1lido en nuestra zona. [&hellip;]","og_url":"https:\/\/diariodelsurdigital.com.ar\/?p=1347","og_site_name":"Diario del Sur","article_published_time":"2025-03-04T16:08:10+00:00","article_modified_time":"2025-03-04T16:08:11+00:00","og_image":[{"width":487,"height":312,"url":"https:\/\/diariodelsurdigital.com.ar\/wp-content\/uploads\/2025\/03\/830x465_230209155028_41215.jpg","type":"image\/jpeg"}],"author":"Diario del Sur Digital","twitter_card":"summary_large_image","twitter_misc":{"Escrito por":"Diario del Sur Digital","Tiempo de lectura":"2 minutos"},"schema":{"@context":"https:\/\/schema.org","@graph":[{"@type":"Article","@id":"https:\/\/diariodelsurdigital.com.ar\/?p=1347#article","isPartOf":{"@id":"https:\/\/diariodelsurdigital.com.ar\/?p=1347"},"author":{"name":"Diario del Sur Digital","@id":"https:\/\/diariodelsurdigital.com.ar\/#\/schema\/person\/6136a32571657f7dba980b88b04c5465"},"headline":"El finde largo termina con altas temperaturas","datePublished":"2025-03-04T16:08:10+00:00","dateModified":"2025-03-04T16:08:11+00:00","mainEntityOfPage":{"@id":"https:\/\/diariodelsurdigital.com.ar\/?p=1347"},"wordCount":391,"commentCount":0,"image":{"@id":"https:\/\/diariodelsurdigital.com.ar\/?p=1347#primaryimage"},"thumbnailUrl":"https:\/\/diariodelsurdigital.com.ar\/wp-content\/uploads\/2025\/03\/830x465_230209155028_41215.jpg","articleSection":["Nacionales"],"inLanguage":"es","potentialAction":[{"@type":"CommentAction","name":"Comment","target":["https:\/\/diariodelsurdigital.com.ar\/?p=1347#respond"]}]},{"@type":"WebPage","@id":"https:\/\/diariodelsurdigital.com.ar\/?p=1347","url":"https:\/\/diariodelsurdigital.com.ar\/?p=1347","name":"El finde largo termina con altas temperaturas - Diario del Sur","isPartOf":{"@id":"https:\/\/diariodelsurdigital.com.ar\/#website"},"primaryImageOfPage":{"@id":"https:\/\/diariodelsurdigital.com.ar\/?p=1347#primaryimage"},"image":{"@id":"https:\/\/diariodelsurdigital.com.ar\/?p=1347#primaryimage"},"thumbnailUrl":"https:\/\/diariodelsurdigital.com.ar\/wp-content\/uploads\/2025\/03\/830x465_230209155028_41215.jpg","datePublished":"2025-03-04T16:08:10+00:00","dateModified":"2025-03-04T16:08:11+00:00","author":{"@id":"https:\/\/diariodelsurdigital.com.ar\/#\/schema\/person\/6136a32571657f7dba980b88b04c5465"},"breadcrumb":{"@id":"https:\/\/diariodelsurdigital.com.ar\/?p=1347#breadcrumb"},"inLanguage":"es","potentialAction":[{"@type":"ReadAction","target":["https:\/\/diariodelsurdigital.com.ar\/?p=1347"]}]},{"@type":"ImageObject","inLanguage":"es","@id":"https:\/\/diariodelsurdigital.com.ar\/?p=1347#primaryimage","url":"https:\/\/diariodelsurdigital.com.ar\/wp-content\/uploads\/2025\/03\/830x465_230209155028_41215.jpg","contentUrl":"https:\/\/diariodelsurdigital.com.ar\/wp-content\/uploads\/2025\/03\/830x465_230209155028_41215.jpg","width":487,"height":312},{"@type":"BreadcrumbList","@id":"https:\/\/diariodelsurdigital.com.ar\/?p=1347#breadcrumb","itemListElement":[{"@type":"ListItem","position":1,"name":"Portada","item":"https:\/\/diariodelsurdigital.com.ar\/"},{"@type":"ListItem","position":2,"name":"El finde largo termina con altas temperaturas"}]},{"@type":"WebSite","@id":"https:\/\/diariodelsurdigital.com.ar\/#website","url":"https:\/\/diariodelsurdigital.com.ar\/","name":"Diario del Sur","description":"Digital","potentialAction":[{"@type":"SearchAction","target":{"@type":"EntryPoint","urlTemplate":"https:\/\/diariodelsurdigital.com.ar\/?s={search_term_string}"},"query-input":{"@type":"PropertyValueSpecification","valueRequired":true,"valueName":"search_term_string"}}],"inLanguage":"es"},{"@type":"Person","@id":"https:\/\/diariodelsurdigital.com.ar\/#\/schema\/person\/6136a32571657f7dba980b88b04c5465","name":"Diario del Sur Digital","image":{"@type":"ImageObject","inLanguage":"es","@id":"https:\/\/secure.gravatar.com\/avatar\/4c29ceac98541dd42460b2474aaa5dd37594d6ce6cb3cf2c101d09b48ee287ba?s=96&d=mm&r=g","url":"https:\/\/secure.gravatar.com\/avatar\/4c29ceac98541dd42460b2474aaa5dd37594d6ce6cb3cf2c101d09b48ee287ba?s=96&d=mm&r=g","contentUrl":"https:\/\/secure.gravatar.com\/avatar\/4c29ceac98541dd42460b2474aaa5dd37594d6ce6cb3cf2c101d09b48ee287ba?s=96&d=mm&r=g","caption":"Diario del Sur Digital"},"url":"https:\/\/diariodelsurdigital.com.ar\/?author=2"}]}},"_links":{"self":[{"href":"https:\/\/diariodelsurdigital.com.ar\/index.php?rest_route=\/wp\/v2\/posts\/1347","targetHints":{"allow":["GET"]}}],"collection":[{"href":"https:\/\/diariodelsurdigital.com.ar\/index.php?rest_route=\/wp\/v2\/posts"}],"about":[{"href":"https:\/\/diariodelsurdigital.com.ar\/index.php?rest_route=\/wp\/v2\/types\/post"}],"author":[{"embeddable":true,"href":"https:\/\/diariodelsurdigital.com.ar\/index.php?rest_route=\/wp\/v2\/users\/2"}],"replies":[{"embeddable":true,"href":"https:\/\/diariodelsurdigital.com.ar\/index.php?rest_route=%2Fwp%2Fv2%2Fcomments&post=1347"}],"version-history":[{"count":1,"href":"https:\/\/diariodelsurdigital.com.ar\/index.php?rest_route=\/wp\/v2\/posts\/1347\/revisions"}],"predecessor-version":[{"id":1349,"href":"https:\/\/diariodelsurdigital.com.ar\/index.php?rest_route=\/wp\/v2\/posts\/1347\/revisions\/1349"}],"wp:featuredmedia":[{"embeddable":true,"href":"https:\/\/diariodelsurdigital.com.ar\/index.php?rest_route=\/wp\/v2\/media\/1348"}],"wp:attachment":[{"href":"https:\/\/diariodelsurdigital.com.ar\/index.php?rest_route=%2Fwp%2Fv2%2Fmedia&parent=1347"}],"wp:term":[{"taxonomy":"category","embeddable":true,"href":"https:\/\/diariodelsurdigital.com.ar\/index.php?rest_route=%2Fwp%2Fv2%2Fcategories&post=1347"},{"taxonomy":"post_tag","embeddable":true,"href":"https:\/\/diariodelsurdigital.com.ar\/index.php?rest_route=%2Fwp%2Fv2%2Ftags&post=1347"}],"curies":[{"name":"wp","href":"https:\/\/api.w.org\/{rel}","templated":true}]}}