{"id":1351,"date":"2025-03-04T13:39:06","date_gmt":"2025-03-04T16:39:06","guid":{"rendered":"https:\/\/diariodelsurdigital.com.ar\/?p=1351"},"modified":"2025-03-04T13:39:08","modified_gmt":"2025-03-04T16:39:08","slug":"tomaron-juramento-a-jueces-y-juezas-de-garantias-de-concordia-colon-y-villaguay","status":"publish","type":"post","link":"https:\/\/diariodelsurdigital.com.ar\/?p=1351","title":{"rendered":"Tomaron juramento a jueces y juezas de Garant\u00edas de Concordia, Col\u00f3n y Villaguay"},"content":{"rendered":"\n<p>El presidente del Superior Tribunal de Justicia (STJ), vocal Leonardo Portela, junto a la vicepresidenta Laura Mariana Soage, al vocal Daniel Carubia y la vocal Claudia Mizawak, tom\u00f3 juramento a jueces y juezas de Garant\u00edas de Concordia, Col\u00f3n y Villaguay. El acto se realiz\u00f3 el viernes 28 a la ma\u00f1ana en el Centro de Convenciones de Concordia. Los funcionarios fueron designados por decretos del gobierno provincial, luego de haber obtenido acuerdo en la C\u00e1mara de Senadores.<\/p>\n\n\n\n<p>El presidente del Superior Tribunal de Justicia (STJ), vocal Leonardo Portela, junto a la vicepresidenta Laura Mariana Soage, al vocal Daniel Carubia y la vocal Claudia Mizawak, tom\u00f3 juramento a jueces y juezas de Garant\u00edas de Concordia, Col\u00f3n y Villaguay.<\/p>\n\n\n\n<p>En el acto realizado esta ma\u00f1ana en el \u00abCentro de Convenciones de Concordia\u00bb, prestaron juramento: Mauricio Javier Guerrero como juez de Garantias N\u00b01; Francisco Rafael Ledesma, como juez de Garant\u00edas N\u00b03 y Mar\u00eda Gabriela Ser\u00f3 como jueza de Garant\u00edas N\u00b0 4, de Concordia.<\/p>\n\n\n\n<p>Tambi\u00e9n lo hicieron Jes\u00fas David Alexis Penayo Amaya, quien estar\u00e1 a cargo del juzgado de Garant\u00edas y Transici\u00f3n de Col\u00f3n y Nadia Paola Benedetti, como jueza del juzgado de Garantias y Transici\u00f3n de Villaguay.<\/p>\n\n\n\n<p>Los funcionarios\/as fueron designados por decretos del gobierno provincial, luego de haber obtenido acuerdo en la C\u00e1mara de Senadores y haber pasado las instancias del proceso de concurso.<\/p>\n\n\n\n<p>En la ceremonia estuvieron presente el intendente de Concordia, Francisco Azcu\u00e9; de Col\u00f3n, Jos\u00e9 Luis Walser; el ministro de Seguridad de la provincia, N\u00e9stor Roncaglia; el secretario de Justicia, Mart\u00edn Acevedo Mi\u00f1o; el presidente del Consejo de la Magistratura, Mauro Vaz\u00f3n; el secretario general del organismo, Rodrigo Devinar; el fiscal coordinador del Ministerio P\u00fablico Fiscal, Jos\u00e9 Costa; el secretario general de la Asociaci\u00f3n de la Magistratura y Funci\u00f3n Judicial, Germ\u00e1n Dri; el titular de la secci\u00f3n Concordia del Colegio de la Abogac\u00eda, Juan Mart\u00edn Barnada; dem\u00e1s autoridades policiales; integrantes de la magistratura; agente judiciales; familiares y amigos de quienes prestaron juramento.<\/p>\n","protected":false},"excerpt":{"rendered":"<p>El presidente del Superior Tribunal de Justicia (STJ), vocal Leonardo Portela, junto a la vicepresidenta Laura Mariana Soage, al vocal Daniel Carubia y la vocal Claudia Mizawak, tom\u00f3 juramento a jueces y juezas de Garant\u00edas de Concordia, Col\u00f3n y Villaguay. El acto se realiz\u00f3 el viernes 28 a la ma\u00f1ana en el Centro de Convenciones [&hellip;]<\/p>\n","protected":false},"author":4,"featured_media":1352,"comment_status":"open","ping_status":"open","sticky":false,"template":"","format":"standard","meta":{"footnotes":""},"categories":[19],"tags":[],"class_list":{"0":"post-1351","1":"post","2":"type-post","3":"status-publish","4":"format-standard","5":"has-post-thumbnail","7":"category-interes-general"},"yoast_head":"<!-- This site is optimized with the Yoast SEO plugin v27.4 - https:\/\/yoast.com\/product\/yoast-seo-wordpress\/ -->\n<title>Tomaron juramento a jueces y juezas de Garant\u00edas de Concordia, Col\u00f3n y Villaguay - Diario del Sur<\/title>\n<meta name=\"robots\" content=\"index, follow, max-snippet:-1, max-image-preview:large, max-video-preview:-1\" \/>\n<link rel=\"canonical\" href=\"https:\/\/diariodelsurdigital.com.ar\/?p=1351\" \/>\n<meta property=\"og:locale\" content=\"es_ES\" \/>\n<meta property=\"og:type\" content=\"article\" \/>\n<meta property=\"og:title\" content=\"Tomaron juramento a jueces y juezas de Garant\u00edas de Concordia, Col\u00f3n y Villaguay - Diario del Sur\" \/>\n<meta property=\"og:description\" content=\"El presidente del Superior Tribunal de Justicia (STJ), vocal Leonardo Portela, junto a la vicepresidenta Laura Mariana Soage, al vocal Daniel Carubia y la vocal Claudia Mizawak, tom\u00f3 juramento a jueces y juezas de Garant\u00edas de Concordia, Col\u00f3n y Villaguay. El acto se realiz\u00f3 el viernes 28 a la ma\u00f1ana en el Centro de Convenciones [&hellip;]\" \/>\n<meta property=\"og:url\" content=\"https:\/\/diariodelsurdigital.com.ar\/?p=1351\" \/>\n<meta property=\"og:site_name\" content=\"Diario del Sur\" \/>\n<meta property=\"article:published_time\" content=\"2025-03-04T16:39:06+00:00\" \/>\n<meta property=\"article:modified_time\" content=\"2025-03-04T16:39:08+00:00\" \/>\n<meta property=\"og:image\" content=\"https:\/\/diariodelsurdigital.com.ar\/wp-content\/uploads\/2025\/03\/md-4.webp\" \/>\n\t<meta property=\"og:image:width\" content=\"992\" \/>\n\t<meta property=\"og:image:height\" content=\"600\" \/>\n\t<meta property=\"og:image:type\" content=\"image\/webp\" \/>\n<meta name=\"author\" content=\"Diario del Sur Digital\" \/>\n<meta name=\"twitter:card\" content=\"summary_large_image\" \/>\n<meta name=\"twitter:label1\" content=\"Escrito por\" \/>\n\t<meta name=\"twitter:data1\" content=\"Diario del Sur Digital\" \/>\n\t<meta name=\"twitter:label2\" content=\"Tiempo de lectura\" \/>\n\t<meta name=\"twitter:data2\" content=\"2 minutos\" \/>\n<script type=\"application\/ld+json\" class=\"yoast-schema-graph\">{\"@context\":\"https:\\\/\\\/schema.org\",\"@graph\":[{\"@type\":\"Article\",\"@id\":\"https:\\\/\\\/diariodelsurdigital.com.ar\\\/?p=1351#article\",\"isPartOf\":{\"@id\":\"https:\\\/\\\/diariodelsurdigital.com.ar\\\/?p=1351\"},\"author\":{\"name\":\"Diario del Sur Digital\",\"@id\":\"https:\\\/\\\/diariodelsurdigital.com.ar\\\/#\\\/schema\\\/person\\\/1a4992532ed62965c968031b49195c81\"},\"headline\":\"Tomaron juramento a jueces y juezas de Garant\u00edas de Concordia, Col\u00f3n y Villaguay\",\"datePublished\":\"2025-03-04T16:39:06+00:00\",\"dateModified\":\"2025-03-04T16:39:08+00:00\",\"mainEntityOfPage\":{\"@id\":\"https:\\\/\\\/diariodelsurdigital.com.ar\\\/?p=1351\"},\"wordCount\":366,\"commentCount\":0,\"image\":{\"@id\":\"https:\\\/\\\/diariodelsurdigital.com.ar\\\/?p=1351#primaryimage\"},\"thumbnailUrl\":\"https:\\\/\\\/diariodelsurdigital.com.ar\\\/wp-content\\\/uploads\\\/2025\\\/03\\\/md-4.webp\",\"articleSection\":[\"Inter\u00e9s General\"],\"inLanguage\":\"es\",\"potentialAction\":[{\"@type\":\"CommentAction\",\"name\":\"Comment\",\"target\":[\"https:\\\/\\\/diariodelsurdigital.com.ar\\\/?p=1351#respond\"]}]},{\"@type\":\"WebPage\",\"@id\":\"https:\\\/\\\/diariodelsurdigital.com.ar\\\/?p=1351\",\"url\":\"https:\\\/\\\/diariodelsurdigital.com.ar\\\/?p=1351\",\"name\":\"Tomaron juramento a jueces y juezas de Garant\u00edas de Concordia, Col\u00f3n y Villaguay - Diario del Sur\",\"isPartOf\":{\"@id\":\"https:\\\/\\\/diariodelsurdigital.com.ar\\\/#website\"},\"primaryImageOfPage\":{\"@id\":\"https:\\\/\\\/diariodelsurdigital.com.ar\\\/?p=1351#primaryimage\"},\"image\":{\"@id\":\"https:\\\/\\\/diariodelsurdigital.com.ar\\\/?p=1351#primaryimage\"},\"thumbnailUrl\":\"https:\\\/\\\/diariodelsurdigital.com.ar\\\/wp-content\\\/uploads\\\/2025\\\/03\\\/md-4.webp\",\"datePublished\":\"2025-03-04T16:39:06+00:00\",\"dateModified\":\"2025-03-04T16:39:08+00:00\",\"author\":{\"@id\":\"https:\\\/\\\/diariodelsurdigital.com.ar\\\/#\\\/schema\\\/person\\\/1a4992532ed62965c968031b49195c81\"},\"breadcrumb\":{\"@id\":\"https:\\\/\\\/diariodelsurdigital.com.ar\\\/?p=1351#breadcrumb\"},\"inLanguage\":\"es\",\"potentialAction\":[{\"@type\":\"ReadAction\",\"target\":[\"https:\\\/\\\/diariodelsurdigital.com.ar\\\/?p=1351\"]}]},{\"@type\":\"ImageObject\",\"inLanguage\":\"es\",\"@id\":\"https:\\\/\\\/diariodelsurdigital.com.ar\\\/?p=1351#primaryimage\",\"url\":\"https:\\\/\\\/diariodelsurdigital.com.ar\\\/wp-content\\\/uploads\\\/2025\\\/03\\\/md-4.webp\",\"contentUrl\":\"https:\\\/\\\/diariodelsurdigital.com.ar\\\/wp-content\\\/uploads\\\/2025\\\/03\\\/md-4.webp\",\"width\":992,\"height\":600},{\"@type\":\"BreadcrumbList\",\"@id\":\"https:\\\/\\\/diariodelsurdigital.com.ar\\\/?p=1351#breadcrumb\",\"itemListElement\":[{\"@type\":\"ListItem\",\"position\":1,\"name\":\"Portada\",\"item\":\"https:\\\/\\\/diariodelsurdigital.com.ar\\\/\"},{\"@type\":\"ListItem\",\"position\":2,\"name\":\"Tomaron juramento a jueces y juezas de Garant\u00edas de Concordia, Col\u00f3n y Villaguay\"}]},{\"@type\":\"WebSite\",\"@id\":\"https:\\\/\\\/diariodelsurdigital.com.ar\\\/#website\",\"url\":\"https:\\\/\\\/diariodelsurdigital.com.ar\\\/\",\"name\":\"Diario del Sur\",\"description\":\"Digital\",\"potentialAction\":[{\"@type\":\"SearchAction\",\"target\":{\"@type\":\"EntryPoint\",\"urlTemplate\":\"https:\\\/\\\/diariodelsurdigital.com.ar\\\/?s={search_term_string}\"},\"query-input\":{\"@type\":\"PropertyValueSpecification\",\"valueRequired\":true,\"valueName\":\"search_term_string\"}}],\"inLanguage\":\"es\"},{\"@type\":\"Person\",\"@id\":\"https:\\\/\\\/diariodelsurdigital.com.ar\\\/#\\\/schema\\\/person\\\/1a4992532ed62965c968031b49195c81\",\"name\":\"Diario del Sur Digital\",\"image\":{\"@type\":\"ImageObject\",\"inLanguage\":\"es\",\"@id\":\"https:\\\/\\\/secure.gravatar.com\\\/avatar\\\/f0c7c47fc7146d19828273b9b8eda651c9c7ab583767e6338d3d3bee825adf76?s=96&d=mm&r=g\",\"url\":\"https:\\\/\\\/secure.gravatar.com\\\/avatar\\\/f0c7c47fc7146d19828273b9b8eda651c9c7ab583767e6338d3d3bee825adf76?s=96&d=mm&r=g\",\"contentUrl\":\"https:\\\/\\\/secure.gravatar.com\\\/avatar\\\/f0c7c47fc7146d19828273b9b8eda651c9c7ab583767e6338d3d3bee825adf76?s=96&d=mm&r=g\",\"caption\":\"Diario del Sur Digital\"},\"url\":\"https:\\\/\\\/diariodelsurdigital.com.ar\\\/?author=4\"}]}<\/script>\n<!-- \/ Yoast SEO plugin. -->","yoast_head_json":{"title":"Tomaron juramento a jueces y juezas de Garant\u00edas de Concordia, Col\u00f3n y Villaguay - Diario del Sur","robots":{"index":"index","follow":"follow","max-snippet":"max-snippet:-1","max-image-preview":"max-image-preview:large","max-video-preview":"max-video-preview:-1"},"canonical":"https:\/\/diariodelsurdigital.com.ar\/?p=1351","og_locale":"es_ES","og_type":"article","og_title":"Tomaron juramento a jueces y juezas de Garant\u00edas de Concordia, Col\u00f3n y Villaguay - Diario del Sur","og_description":"El presidente del Superior Tribunal de Justicia (STJ), vocal Leonardo Portela, junto a la vicepresidenta Laura Mariana Soage, al vocal Daniel Carubia y la vocal Claudia Mizawak, tom\u00f3 juramento a jueces y juezas de Garant\u00edas de Concordia, Col\u00f3n y Villaguay. El acto se realiz\u00f3 el viernes 28 a la ma\u00f1ana en el Centro de Convenciones [&hellip;]","og_url":"https:\/\/diariodelsurdigital.com.ar\/?p=1351","og_site_name":"Diario del Sur","article_published_time":"2025-03-04T16:39:06+00:00","article_modified_time":"2025-03-04T16:39:08+00:00","og_image":[{"width":992,"height":600,"url":"https:\/\/diariodelsurdigital.com.ar\/wp-content\/uploads\/2025\/03\/md-4.webp","type":"image\/webp"}],"author":"Diario del Sur Digital","twitter_card":"summary_large_image","twitter_misc":{"Escrito por":"Diario del Sur Digital","Tiempo de lectura":"2 minutos"},"schema":{"@context":"https:\/\/schema.org","@graph":[{"@type":"Article","@id":"https:\/\/diariodelsurdigital.com.ar\/?p=1351#article","isPartOf":{"@id":"https:\/\/diariodelsurdigital.com.ar\/?p=1351"},"author":{"name":"Diario del Sur Digital","@id":"https:\/\/diariodelsurdigital.com.ar\/#\/schema\/person\/1a4992532ed62965c968031b49195c81"},"headline":"Tomaron juramento a jueces y juezas de Garant\u00edas de Concordia, Col\u00f3n y Villaguay","datePublished":"2025-03-04T16:39:06+00:00","dateModified":"2025-03-04T16:39:08+00:00","mainEntityOfPage":{"@id":"https:\/\/diariodelsurdigital.com.ar\/?p=1351"},"wordCount":366,"commentCount":0,"image":{"@id":"https:\/\/diariodelsurdigital.com.ar\/?p=1351#primaryimage"},"thumbnailUrl":"https:\/\/diariodelsurdigital.com.ar\/wp-content\/uploads\/2025\/03\/md-4.webp","articleSection":["Inter\u00e9s General"],"inLanguage":"es","potentialAction":[{"@type":"CommentAction","name":"Comment","target":["https:\/\/diariodelsurdigital.com.ar\/?p=1351#respond"]}]},{"@type":"WebPage","@id":"https:\/\/diariodelsurdigital.com.ar\/?p=1351","url":"https:\/\/diariodelsurdigital.com.ar\/?p=1351","name":"Tomaron juramento a jueces y juezas de Garant\u00edas de Concordia, Col\u00f3n y Villaguay - Diario del Sur","isPartOf":{"@id":"https:\/\/diariodelsurdigital.com.ar\/#website"},"primaryImageOfPage":{"@id":"https:\/\/diariodelsurdigital.com.ar\/?p=1351#primaryimage"},"image":{"@id":"https:\/\/diariodelsurdigital.com.ar\/?p=1351#primaryimage"},"thumbnailUrl":"https:\/\/diariodelsurdigital.com.ar\/wp-content\/uploads\/2025\/03\/md-4.webp","datePublished":"2025-03-04T16:39:06+00:00","dateModified":"2025-03-04T16:39:08+00:00","author":{"@id":"https:\/\/diariodelsurdigital.com.ar\/#\/schema\/person\/1a4992532ed62965c968031b49195c81"},"breadcrumb":{"@id":"https:\/\/diariodelsurdigital.com.ar\/?p=1351#breadcrumb"},"inLanguage":"es","potentialAction":[{"@type":"ReadAction","target":["https:\/\/diariodelsurdigital.com.ar\/?p=1351"]}]},{"@type":"ImageObject","inLanguage":"es","@id":"https:\/\/diariodelsurdigital.com.ar\/?p=1351#primaryimage","url":"https:\/\/diariodelsurdigital.com.ar\/wp-content\/uploads\/2025\/03\/md-4.webp","contentUrl":"https:\/\/diariodelsurdigital.com.ar\/wp-content\/uploads\/2025\/03\/md-4.webp","width":992,"height":600},{"@type":"BreadcrumbList","@id":"https:\/\/diariodelsurdigital.com.ar\/?p=1351#breadcrumb","itemListElement":[{"@type":"ListItem","position":1,"name":"Portada","item":"https:\/\/diariodelsurdigital.com.ar\/"},{"@type":"ListItem","position":2,"name":"Tomaron juramento a jueces y juezas de Garant\u00edas de Concordia, Col\u00f3n y Villaguay"}]},{"@type":"WebSite","@id":"https:\/\/diariodelsurdigital.com.ar\/#website","url":"https:\/\/diariodelsurdigital.com.ar\/","name":"Diario del Sur","description":"Digital","potentialAction":[{"@type":"SearchAction","target":{"@type":"EntryPoint","urlTemplate":"https:\/\/diariodelsurdigital.com.ar\/?s={search_term_string}"},"query-input":{"@type":"PropertyValueSpecification","valueRequired":true,"valueName":"search_term_string"}}],"inLanguage":"es"},{"@type":"Person","@id":"https:\/\/diariodelsurdigital.com.ar\/#\/schema\/person\/1a4992532ed62965c968031b49195c81","name":"Diario del Sur Digital","image":{"@type":"ImageObject","inLanguage":"es","@id":"https:\/\/secure.gravatar.com\/avatar\/f0c7c47fc7146d19828273b9b8eda651c9c7ab583767e6338d3d3bee825adf76?s=96&d=mm&r=g","url":"https:\/\/secure.gravatar.com\/avatar\/f0c7c47fc7146d19828273b9b8eda651c9c7ab583767e6338d3d3bee825adf76?s=96&d=mm&r=g","contentUrl":"https:\/\/secure.gravatar.com\/avatar\/f0c7c47fc7146d19828273b9b8eda651c9c7ab583767e6338d3d3bee825adf76?s=96&d=mm&r=g","caption":"Diario del Sur Digital"},"url":"https:\/\/diariodelsurdigital.com.ar\/?author=4"}]}},"_links":{"self":[{"href":"https:\/\/diariodelsurdigital.com.ar\/index.php?rest_route=\/wp\/v2\/posts\/1351","targetHints":{"allow":["GET"]}}],"collection":[{"href":"https:\/\/diariodelsurdigital.com.ar\/index.php?rest_route=\/wp\/v2\/posts"}],"about":[{"href":"https:\/\/diariodelsurdigital.com.ar\/index.php?rest_route=\/wp\/v2\/types\/post"}],"author":[{"embeddable":true,"href":"https:\/\/diariodelsurdigital.com.ar\/index.php?rest_route=\/wp\/v2\/users\/4"}],"replies":[{"embeddable":true,"href":"https:\/\/diariodelsurdigital.com.ar\/index.php?rest_route=%2Fwp%2Fv2%2Fcomments&post=1351"}],"version-history":[{"count":1,"href":"https:\/\/diariodelsurdigital.com.ar\/index.php?rest_route=\/wp\/v2\/posts\/1351\/revisions"}],"predecessor-version":[{"id":1353,"href":"https:\/\/diariodelsurdigital.com.ar\/index.php?rest_route=\/wp\/v2\/posts\/1351\/revisions\/1353"}],"wp:featuredmedia":[{"embeddable":true,"href":"https:\/\/diariodelsurdigital.com.ar\/index.php?rest_route=\/wp\/v2\/media\/1352"}],"wp:attachment":[{"href":"https:\/\/diariodelsurdigital.com.ar\/index.php?rest_route=%2Fwp%2Fv2%2Fmedia&parent=1351"}],"wp:term":[{"taxonomy":"category","embeddable":true,"href":"https:\/\/diariodelsurdigital.com.ar\/index.php?rest_route=%2Fwp%2Fv2%2Fcategories&post=1351"},{"taxonomy":"post_tag","embeddable":true,"href":"https:\/\/diariodelsurdigital.com.ar\/index.php?rest_route=%2Fwp%2Fv2%2Ftags&post=1351"}],"curies":[{"name":"wp","href":"https:\/\/api.w.org\/{rel}","templated":true}]}}