{"id":1354,"date":"2025-03-04T13:41:09","date_gmt":"2025-03-04T16:41:09","guid":{"rendered":"https:\/\/diariodelsurdigital.com.ar\/?p=1354"},"modified":"2025-03-04T13:41:13","modified_gmt":"2025-03-04T16:41:13","slug":"la-provincia-invirtio-180-millones-de-pesos-en-proteccion-de-bosques-nativos","status":"publish","type":"post","link":"https:\/\/diariodelsurdigital.com.ar\/?p=1354","title":{"rendered":"La provincia invirti\u00f3 180 millones de pesos en protecci\u00f3n de bosques nativos"},"content":{"rendered":"\n<p>En el marco de las leyes Nacional 26.331 de Protecci\u00f3n Ambiental de los Bosques Nativos y Provincial 10.284, la Secretar\u00eda de Agricultura Ganader\u00eda y Pesca realiz\u00f3 la primera entrega de Aportes No Reintegrables de la convocatoria 2024, por un total de 180 millones de pesos.<\/p>\n\n\n\n<p>A trav\u00e9s de la Coordinaci\u00f3n de Bosque Nativo, la Secretar\u00eda de Agricultura, Ganader\u00eda y Pesca, realiz\u00f3 a fines del a\u00f1o pasado la primera entrega de Aportes No Reintegrables correspondientes a la convocatoria 2024. Los fondos entregados se enmarcan en las leyes Nacional 26.331 de Protecci\u00f3n Ambiental de los Bosques Nativos y Provincial 10.284.<\/p>\n\n\n\n<p>El secretario de Agricultura, Ganader\u00eda y Pesca, Ra\u00fal Boc-H\u00f3, destac\u00f3 que \u00ablos proyectos aprobados que beneficiaron a 17 productores de los departamentos Federal, Villaguay, Paran\u00e1 y Nogoy\u00e1. Los mismos estuvieron orientados a actividades vinculadas con el diagn\u00f3stico, control de especies ex\u00f3ticas, trabajo de raleos y cierre de potreros con el fin de aumentar el estrato herb\u00e1ceo\u00bb.&nbsp;<\/p>\n\n\n\n<p>\u00abDesde la Secretar\u00eda se destaca el trabajo sostenido que venimos llevando a cabo ya que vemos que da resultado, los productores est\u00e1n afirmando esto y eso nos da un aliciente para comprobar que es el trabajo correcto\u00bb, sostuvo Boc-H\u00f3-.<\/p>\n\n\n\n<p>Por su parte, la Coordinadora de Bosque Nativo, Andrea Cislaghi, se\u00f1al\u00f3 que se contin\u00faa con la entrega de fondos a los productores para que realicen intervenciones en sus bosques, \u00abbas\u00e1ndonos en dos principios fundamentales que son la sustentabilidad y la producci\u00f3n, entendiendo que nuestros bosques tienen una condici\u00f3n compleja en cuanto a su estructura, con lo cual se trabaja para revertir dicha situaci\u00f3n\u00bb.<\/p>\n\n\n\n<p><strong>Relanzamiento<\/strong><\/p>\n\n\n\n<p>Respecto al seguimiento del programa para este a\u00f1o, Cislaghi adelant\u00f3 que \u00abDurante la actual gesti\u00f3n los planes presentados se normalizaron y estamos en condiciones de poder relanzar en los pr\u00f3ximos meses el programa con financiamiento para la convocatoria 2025. As\u00ed tambi\u00e9n de nuevos programas que vengan por delante\u00bb.<\/p>\n\n\n\n<p>\u00abEn este sentido se trata de una puesta en marcha que implicar\u00e1 que puedan sumarse nuevos productores, que puedan tener un incentivo; presentar sus proyectos y aplicar estas pr\u00e1cticas de cuidado del bosque nativo\u00bb, concluy\u00f3 la funcionaria.<\/p>\n\n\n\n<p>Adem\u00e1s, para quienes quieran realizar actividades en el Bosque Nativo sin solicitar fondos, desde la Coordinaci\u00f3n se detall\u00f3 que se encuentra abierta la posibilidad de realizar acciones en el marco de la normativa vigente. Para esto los interesados deber\u00e1n acercarse a las oficinas en calle 25 de mayo 113 -primer piso- , o realizar consultas v\u00eda correo electr\u00f3nico&nbsp;<a>bosquenativo-desarrolloeconomico@entrerios.gov.ar<\/a><\/p>\n","protected":false},"excerpt":{"rendered":"<p>En el marco de las leyes Nacional 26.331 de Protecci\u00f3n Ambiental de los Bosques Nativos y Provincial 10.284, la Secretar\u00eda de Agricultura Ganader\u00eda y Pesca realiz\u00f3 la primera entrega de Aportes No Reintegrables de la convocatoria 2024, por un total de 180 millones de pesos. A trav\u00e9s de la Coordinaci\u00f3n de Bosque Nativo, la Secretar\u00eda [&hellip;]<\/p>\n","protected":false},"author":4,"featured_media":1355,"comment_status":"open","ping_status":"open","sticky":false,"template":"","format":"standard","meta":{"footnotes":""},"categories":[19,17],"tags":[],"class_list":{"0":"post-1354","1":"post","2":"type-post","3":"status-publish","4":"format-standard","5":"has-post-thumbnail","7":"category-interes-general","8":"category-provinciales"},"yoast_head":"<!-- This site is optimized with the Yoast SEO plugin v27.4 - https:\/\/yoast.com\/product\/yoast-seo-wordpress\/ -->\n<title>La provincia invirti\u00f3 180 millones de pesos en protecci\u00f3n de bosques nativos - Diario del Sur<\/title>\n<meta name=\"robots\" content=\"index, follow, max-snippet:-1, max-image-preview:large, max-video-preview:-1\" \/>\n<link rel=\"canonical\" href=\"https:\/\/diariodelsurdigital.com.ar\/?p=1354\" \/>\n<meta property=\"og:locale\" content=\"es_ES\" \/>\n<meta property=\"og:type\" content=\"article\" \/>\n<meta property=\"og:title\" content=\"La provincia invirti\u00f3 180 millones de pesos en protecci\u00f3n de bosques nativos - Diario del Sur\" \/>\n<meta property=\"og:description\" content=\"En el marco de las leyes Nacional 26.331 de Protecci\u00f3n Ambiental de los Bosques Nativos y Provincial 10.284, la Secretar\u00eda de Agricultura Ganader\u00eda y Pesca realiz\u00f3 la primera entrega de Aportes No Reintegrables de la convocatoria 2024, por un total de 180 millones de pesos. A trav\u00e9s de la Coordinaci\u00f3n de Bosque Nativo, la Secretar\u00eda [&hellip;]\" \/>\n<meta property=\"og:url\" content=\"https:\/\/diariodelsurdigital.com.ar\/?p=1354\" \/>\n<meta property=\"og:site_name\" content=\"Diario del Sur\" \/>\n<meta property=\"article:published_time\" content=\"2025-03-04T16:41:09+00:00\" \/>\n<meta property=\"article:modified_time\" content=\"2025-03-04T16:41:13+00:00\" \/>\n<meta property=\"og:image\" content=\"https:\/\/diariodelsurdigital.com.ar\/wp-content\/uploads\/2025\/03\/md-5.webp\" \/>\n\t<meta property=\"og:image:width\" content=\"992\" \/>\n\t<meta property=\"og:image:height\" content=\"661\" \/>\n\t<meta property=\"og:image:type\" content=\"image\/webp\" \/>\n<meta name=\"author\" content=\"Diario del Sur Digital\" \/>\n<meta name=\"twitter:card\" content=\"summary_large_image\" \/>\n<meta name=\"twitter:label1\" content=\"Escrito por\" \/>\n\t<meta name=\"twitter:data1\" content=\"Diario del Sur Digital\" \/>\n\t<meta name=\"twitter:label2\" content=\"Tiempo de lectura\" \/>\n\t<meta name=\"twitter:data2\" content=\"3 minutos\" \/>\n<script type=\"application\/ld+json\" class=\"yoast-schema-graph\">{\"@context\":\"https:\\\/\\\/schema.org\",\"@graph\":[{\"@type\":\"Article\",\"@id\":\"https:\\\/\\\/diariodelsurdigital.com.ar\\\/?p=1354#article\",\"isPartOf\":{\"@id\":\"https:\\\/\\\/diariodelsurdigital.com.ar\\\/?p=1354\"},\"author\":{\"name\":\"Diario del Sur Digital\",\"@id\":\"https:\\\/\\\/diariodelsurdigital.com.ar\\\/#\\\/schema\\\/person\\\/1a4992532ed62965c968031b49195c81\"},\"headline\":\"La provincia invirti\u00f3 180 millones de pesos en protecci\u00f3n de bosques nativos\",\"datePublished\":\"2025-03-04T16:41:09+00:00\",\"dateModified\":\"2025-03-04T16:41:13+00:00\",\"mainEntityOfPage\":{\"@id\":\"https:\\\/\\\/diariodelsurdigital.com.ar\\\/?p=1354\"},\"wordCount\":439,\"commentCount\":0,\"image\":{\"@id\":\"https:\\\/\\\/diariodelsurdigital.com.ar\\\/?p=1354#primaryimage\"},\"thumbnailUrl\":\"https:\\\/\\\/diariodelsurdigital.com.ar\\\/wp-content\\\/uploads\\\/2025\\\/03\\\/md-5.webp\",\"articleSection\":[\"Inter\u00e9s General\",\"Provinciales\"],\"inLanguage\":\"es\",\"potentialAction\":[{\"@type\":\"CommentAction\",\"name\":\"Comment\",\"target\":[\"https:\\\/\\\/diariodelsurdigital.com.ar\\\/?p=1354#respond\"]}]},{\"@type\":\"WebPage\",\"@id\":\"https:\\\/\\\/diariodelsurdigital.com.ar\\\/?p=1354\",\"url\":\"https:\\\/\\\/diariodelsurdigital.com.ar\\\/?p=1354\",\"name\":\"La provincia invirti\u00f3 180 millones de pesos en protecci\u00f3n de bosques nativos - Diario del Sur\",\"isPartOf\":{\"@id\":\"https:\\\/\\\/diariodelsurdigital.com.ar\\\/#website\"},\"primaryImageOfPage\":{\"@id\":\"https:\\\/\\\/diariodelsurdigital.com.ar\\\/?p=1354#primaryimage\"},\"image\":{\"@id\":\"https:\\\/\\\/diariodelsurdigital.com.ar\\\/?p=1354#primaryimage\"},\"thumbnailUrl\":\"https:\\\/\\\/diariodelsurdigital.com.ar\\\/wp-content\\\/uploads\\\/2025\\\/03\\\/md-5.webp\",\"datePublished\":\"2025-03-04T16:41:09+00:00\",\"dateModified\":\"2025-03-04T16:41:13+00:00\",\"author\":{\"@id\":\"https:\\\/\\\/diariodelsurdigital.com.ar\\\/#\\\/schema\\\/person\\\/1a4992532ed62965c968031b49195c81\"},\"breadcrumb\":{\"@id\":\"https:\\\/\\\/diariodelsurdigital.com.ar\\\/?p=1354#breadcrumb\"},\"inLanguage\":\"es\",\"potentialAction\":[{\"@type\":\"ReadAction\",\"target\":[\"https:\\\/\\\/diariodelsurdigital.com.ar\\\/?p=1354\"]}]},{\"@type\":\"ImageObject\",\"inLanguage\":\"es\",\"@id\":\"https:\\\/\\\/diariodelsurdigital.com.ar\\\/?p=1354#primaryimage\",\"url\":\"https:\\\/\\\/diariodelsurdigital.com.ar\\\/wp-content\\\/uploads\\\/2025\\\/03\\\/md-5.webp\",\"contentUrl\":\"https:\\\/\\\/diariodelsurdigital.com.ar\\\/wp-content\\\/uploads\\\/2025\\\/03\\\/md-5.webp\",\"width\":992,\"height\":661},{\"@type\":\"BreadcrumbList\",\"@id\":\"https:\\\/\\\/diariodelsurdigital.com.ar\\\/?p=1354#breadcrumb\",\"itemListElement\":[{\"@type\":\"ListItem\",\"position\":1,\"name\":\"Portada\",\"item\":\"https:\\\/\\\/diariodelsurdigital.com.ar\\\/\"},{\"@type\":\"ListItem\",\"position\":2,\"name\":\"La provincia invirti\u00f3 180 millones de pesos en protecci\u00f3n de bosques nativos\"}]},{\"@type\":\"WebSite\",\"@id\":\"https:\\\/\\\/diariodelsurdigital.com.ar\\\/#website\",\"url\":\"https:\\\/\\\/diariodelsurdigital.com.ar\\\/\",\"name\":\"Diario del Sur\",\"description\":\"Digital\",\"potentialAction\":[{\"@type\":\"SearchAction\",\"target\":{\"@type\":\"EntryPoint\",\"urlTemplate\":\"https:\\\/\\\/diariodelsurdigital.com.ar\\\/?s={search_term_string}\"},\"query-input\":{\"@type\":\"PropertyValueSpecification\",\"valueRequired\":true,\"valueName\":\"search_term_string\"}}],\"inLanguage\":\"es\"},{\"@type\":\"Person\",\"@id\":\"https:\\\/\\\/diariodelsurdigital.com.ar\\\/#\\\/schema\\\/person\\\/1a4992532ed62965c968031b49195c81\",\"name\":\"Diario del Sur Digital\",\"image\":{\"@type\":\"ImageObject\",\"inLanguage\":\"es\",\"@id\":\"https:\\\/\\\/secure.gravatar.com\\\/avatar\\\/f0c7c47fc7146d19828273b9b8eda651c9c7ab583767e6338d3d3bee825adf76?s=96&d=mm&r=g\",\"url\":\"https:\\\/\\\/secure.gravatar.com\\\/avatar\\\/f0c7c47fc7146d19828273b9b8eda651c9c7ab583767e6338d3d3bee825adf76?s=96&d=mm&r=g\",\"contentUrl\":\"https:\\\/\\\/secure.gravatar.com\\\/avatar\\\/f0c7c47fc7146d19828273b9b8eda651c9c7ab583767e6338d3d3bee825adf76?s=96&d=mm&r=g\",\"caption\":\"Diario del Sur Digital\"},\"url\":\"https:\\\/\\\/diariodelsurdigital.com.ar\\\/?author=4\"}]}<\/script>\n<!-- \/ Yoast SEO plugin. -->","yoast_head_json":{"title":"La provincia invirti\u00f3 180 millones de pesos en protecci\u00f3n de bosques nativos - Diario del Sur","robots":{"index":"index","follow":"follow","max-snippet":"max-snippet:-1","max-image-preview":"max-image-preview:large","max-video-preview":"max-video-preview:-1"},"canonical":"https:\/\/diariodelsurdigital.com.ar\/?p=1354","og_locale":"es_ES","og_type":"article","og_title":"La provincia invirti\u00f3 180 millones de pesos en protecci\u00f3n de bosques nativos - Diario del Sur","og_description":"En el marco de las leyes Nacional 26.331 de Protecci\u00f3n Ambiental de los Bosques Nativos y Provincial 10.284, la Secretar\u00eda de Agricultura Ganader\u00eda y Pesca realiz\u00f3 la primera entrega de Aportes No Reintegrables de la convocatoria 2024, por un total de 180 millones de pesos. A trav\u00e9s de la Coordinaci\u00f3n de Bosque Nativo, la Secretar\u00eda [&hellip;]","og_url":"https:\/\/diariodelsurdigital.com.ar\/?p=1354","og_site_name":"Diario del Sur","article_published_time":"2025-03-04T16:41:09+00:00","article_modified_time":"2025-03-04T16:41:13+00:00","og_image":[{"width":992,"height":661,"url":"https:\/\/diariodelsurdigital.com.ar\/wp-content\/uploads\/2025\/03\/md-5.webp","type":"image\/webp"}],"author":"Diario del Sur Digital","twitter_card":"summary_large_image","twitter_misc":{"Escrito por":"Diario del Sur Digital","Tiempo de lectura":"3 minutos"},"schema":{"@context":"https:\/\/schema.org","@graph":[{"@type":"Article","@id":"https:\/\/diariodelsurdigital.com.ar\/?p=1354#article","isPartOf":{"@id":"https:\/\/diariodelsurdigital.com.ar\/?p=1354"},"author":{"name":"Diario del Sur Digital","@id":"https:\/\/diariodelsurdigital.com.ar\/#\/schema\/person\/1a4992532ed62965c968031b49195c81"},"headline":"La provincia invirti\u00f3 180 millones de pesos en protecci\u00f3n de bosques nativos","datePublished":"2025-03-04T16:41:09+00:00","dateModified":"2025-03-04T16:41:13+00:00","mainEntityOfPage":{"@id":"https:\/\/diariodelsurdigital.com.ar\/?p=1354"},"wordCount":439,"commentCount":0,"image":{"@id":"https:\/\/diariodelsurdigital.com.ar\/?p=1354#primaryimage"},"thumbnailUrl":"https:\/\/diariodelsurdigital.com.ar\/wp-content\/uploads\/2025\/03\/md-5.webp","articleSection":["Inter\u00e9s General","Provinciales"],"inLanguage":"es","potentialAction":[{"@type":"CommentAction","name":"Comment","target":["https:\/\/diariodelsurdigital.com.ar\/?p=1354#respond"]}]},{"@type":"WebPage","@id":"https:\/\/diariodelsurdigital.com.ar\/?p=1354","url":"https:\/\/diariodelsurdigital.com.ar\/?p=1354","name":"La provincia invirti\u00f3 180 millones de pesos en protecci\u00f3n de bosques nativos - Diario del Sur","isPartOf":{"@id":"https:\/\/diariodelsurdigital.com.ar\/#website"},"primaryImageOfPage":{"@id":"https:\/\/diariodelsurdigital.com.ar\/?p=1354#primaryimage"},"image":{"@id":"https:\/\/diariodelsurdigital.com.ar\/?p=1354#primaryimage"},"thumbnailUrl":"https:\/\/diariodelsurdigital.com.ar\/wp-content\/uploads\/2025\/03\/md-5.webp","datePublished":"2025-03-04T16:41:09+00:00","dateModified":"2025-03-04T16:41:13+00:00","author":{"@id":"https:\/\/diariodelsurdigital.com.ar\/#\/schema\/person\/1a4992532ed62965c968031b49195c81"},"breadcrumb":{"@id":"https:\/\/diariodelsurdigital.com.ar\/?p=1354#breadcrumb"},"inLanguage":"es","potentialAction":[{"@type":"ReadAction","target":["https:\/\/diariodelsurdigital.com.ar\/?p=1354"]}]},{"@type":"ImageObject","inLanguage":"es","@id":"https:\/\/diariodelsurdigital.com.ar\/?p=1354#primaryimage","url":"https:\/\/diariodelsurdigital.com.ar\/wp-content\/uploads\/2025\/03\/md-5.webp","contentUrl":"https:\/\/diariodelsurdigital.com.ar\/wp-content\/uploads\/2025\/03\/md-5.webp","width":992,"height":661},{"@type":"BreadcrumbList","@id":"https:\/\/diariodelsurdigital.com.ar\/?p=1354#breadcrumb","itemListElement":[{"@type":"ListItem","position":1,"name":"Portada","item":"https:\/\/diariodelsurdigital.com.ar\/"},{"@type":"ListItem","position":2,"name":"La provincia invirti\u00f3 180 millones de pesos en protecci\u00f3n de bosques nativos"}]},{"@type":"WebSite","@id":"https:\/\/diariodelsurdigital.com.ar\/#website","url":"https:\/\/diariodelsurdigital.com.ar\/","name":"Diario del Sur","description":"Digital","potentialAction":[{"@type":"SearchAction","target":{"@type":"EntryPoint","urlTemplate":"https:\/\/diariodelsurdigital.com.ar\/?s={search_term_string}"},"query-input":{"@type":"PropertyValueSpecification","valueRequired":true,"valueName":"search_term_string"}}],"inLanguage":"es"},{"@type":"Person","@id":"https:\/\/diariodelsurdigital.com.ar\/#\/schema\/person\/1a4992532ed62965c968031b49195c81","name":"Diario del Sur Digital","image":{"@type":"ImageObject","inLanguage":"es","@id":"https:\/\/secure.gravatar.com\/avatar\/f0c7c47fc7146d19828273b9b8eda651c9c7ab583767e6338d3d3bee825adf76?s=96&d=mm&r=g","url":"https:\/\/secure.gravatar.com\/avatar\/f0c7c47fc7146d19828273b9b8eda651c9c7ab583767e6338d3d3bee825adf76?s=96&d=mm&r=g","contentUrl":"https:\/\/secure.gravatar.com\/avatar\/f0c7c47fc7146d19828273b9b8eda651c9c7ab583767e6338d3d3bee825adf76?s=96&d=mm&r=g","caption":"Diario del Sur Digital"},"url":"https:\/\/diariodelsurdigital.com.ar\/?author=4"}]}},"_links":{"self":[{"href":"https:\/\/diariodelsurdigital.com.ar\/index.php?rest_route=\/wp\/v2\/posts\/1354","targetHints":{"allow":["GET"]}}],"collection":[{"href":"https:\/\/diariodelsurdigital.com.ar\/index.php?rest_route=\/wp\/v2\/posts"}],"about":[{"href":"https:\/\/diariodelsurdigital.com.ar\/index.php?rest_route=\/wp\/v2\/types\/post"}],"author":[{"embeddable":true,"href":"https:\/\/diariodelsurdigital.com.ar\/index.php?rest_route=\/wp\/v2\/users\/4"}],"replies":[{"embeddable":true,"href":"https:\/\/diariodelsurdigital.com.ar\/index.php?rest_route=%2Fwp%2Fv2%2Fcomments&post=1354"}],"version-history":[{"count":1,"href":"https:\/\/diariodelsurdigital.com.ar\/index.php?rest_route=\/wp\/v2\/posts\/1354\/revisions"}],"predecessor-version":[{"id":1356,"href":"https:\/\/diariodelsurdigital.com.ar\/index.php?rest_route=\/wp\/v2\/posts\/1354\/revisions\/1356"}],"wp:featuredmedia":[{"embeddable":true,"href":"https:\/\/diariodelsurdigital.com.ar\/index.php?rest_route=\/wp\/v2\/media\/1355"}],"wp:attachment":[{"href":"https:\/\/diariodelsurdigital.com.ar\/index.php?rest_route=%2Fwp%2Fv2%2Fmedia&parent=1354"}],"wp:term":[{"taxonomy":"category","embeddable":true,"href":"https:\/\/diariodelsurdigital.com.ar\/index.php?rest_route=%2Fwp%2Fv2%2Fcategories&post=1354"},{"taxonomy":"post_tag","embeddable":true,"href":"https:\/\/diariodelsurdigital.com.ar\/index.php?rest_route=%2Fwp%2Fv2%2Ftags&post=1354"}],"curies":[{"name":"wp","href":"https:\/\/api.w.org\/{rel}","templated":true}]}}