{"id":1379,"date":"2025-03-05T16:02:00","date_gmt":"2025-03-05T19:02:00","guid":{"rendered":"https:\/\/diariodelsurdigital.com.ar\/?p=1379"},"modified":"2025-03-05T16:02:01","modified_gmt":"2025-03-05T19:02:01","slug":"extienden-alerta-por-calor-en-entre-rios-y-preven-hasta-sensacion-termica-de-40c","status":"publish","type":"post","link":"https:\/\/diariodelsurdigital.com.ar\/?p=1379","title":{"rendered":"Extienden alerta por calor en Entre R\u00edos y prev\u00e9n hasta sensaci\u00f3n t\u00e9rmica de 40\u00b0C"},"content":{"rendered":"\n<p>Se anuncia una jornada de mucho calor en la provincia, con temperaturas de hasta 36 grados, pero sensaci\u00f3n t\u00e9rmica superior.<\/p>\n\n\n\n<p>El Servicio Meteorol\u00f3gico Nacional -SMN- extendi\u00f3 a todo Entre R\u00edos el alerta amarillo por \u201ctemperaturas extremas\u201d. El calor se hace sentir y se prev\u00e9 una sensaci\u00f3n t\u00e9rmica que trepe cerca de los 40 grados.<\/p>\n\n\n\n<p>El nivel amarillo de la advertencia indica \u201cefecto leve a moderado en la salud\u201c. Las temperaturas \u201cpueden ser peligrosas, sobre todo para los grupos de riesgo, como ni\u00f1os y ni\u00f1as, personas mayores de 65 a\u00f1os, con enfermedades cr\u00f3nicas\u201d.<\/p>\n\n\n\n<h2 class=\"wp-block-heading\"><strong>Tiempo en Entre R\u00edos: mi\u00e9rcoles 5 de marzo<\/strong><\/h2>\n\n\n\n<p>En Paran\u00e1, La Paz, Diamante, Nogoy\u00e1 y Villaguay anuncian una m\u00ednima de 26 grados y m\u00e1xima de 36 grados, con sensaci\u00f3n t\u00e9rmica superior. La jornada estar\u00e1 parcialmente nublada.<\/p>\n\n\n\n<p>En Concordia, Federal, Feliciano, Federaci\u00f3n y San Salvador prev\u00e9n una m\u00ednima de 26 grados y m\u00e1xima de 36 grados, con sensaci\u00f3n t\u00e9rmica superior. El d\u00eda estar\u00e1 parcialmente nublado.<\/p>\n\n\n\n<p>En Gualeguaych\u00fa, Uruguay, Tala, Col\u00f3n e Islas del Ibicuy prev\u00e9n una m\u00ednima de 25 grados y m\u00e1xima de 34 grados. Comenzar\u00e1 el d\u00eda mayormente nublado y seguir\u00e1 luego parcialmente nublado.<\/p>\n\n\n\n<p>En Victoria y Gualeguay indican una m\u00ednima de 25 grados y m\u00e1xima de 34 grados. La jornada inicia con cielo mayormente nublado y seguir\u00e1 de tarde noche parcialmente nublado, public\u00f3 Ahora.<\/p>\n","protected":false},"excerpt":{"rendered":"<p>Se anuncia una jornada de mucho calor en la provincia, con temperaturas de hasta 36 grados, pero sensaci\u00f3n t\u00e9rmica superior. El Servicio Meteorol\u00f3gico Nacional -SMN- extendi\u00f3 a todo Entre R\u00edos el alerta amarillo por \u201ctemperaturas extremas\u201d. El calor se hace sentir y se prev\u00e9 una sensaci\u00f3n t\u00e9rmica que trepe cerca de los 40 grados. El [&hellip;]<\/p>\n","protected":false},"author":4,"featured_media":1380,"comment_status":"open","ping_status":"open","sticky":false,"template":"","format":"standard","meta":{"footnotes":""},"categories":[16],"tags":[],"class_list":{"0":"post-1379","1":"post","2":"type-post","3":"status-publish","4":"format-standard","5":"has-post-thumbnail","7":"category-locales"},"yoast_head":"<!-- This site is optimized with the Yoast SEO plugin v27.4 - https:\/\/yoast.com\/product\/yoast-seo-wordpress\/ -->\n<title>Extienden alerta por calor en Entre R\u00edos y prev\u00e9n hasta sensaci\u00f3n t\u00e9rmica de 40\u00b0C - Diario del Sur<\/title>\n<meta name=\"robots\" content=\"index, follow, max-snippet:-1, max-image-preview:large, max-video-preview:-1\" \/>\n<link rel=\"canonical\" href=\"https:\/\/diariodelsurdigital.com.ar\/?p=1379\" \/>\n<meta property=\"og:locale\" content=\"es_ES\" \/>\n<meta property=\"og:type\" content=\"article\" \/>\n<meta property=\"og:title\" content=\"Extienden alerta por calor en Entre R\u00edos y prev\u00e9n hasta sensaci\u00f3n t\u00e9rmica de 40\u00b0C - Diario del Sur\" \/>\n<meta property=\"og:description\" content=\"Se anuncia una jornada de mucho calor en la provincia, con temperaturas de hasta 36 grados, pero sensaci\u00f3n t\u00e9rmica superior. El Servicio Meteorol\u00f3gico Nacional -SMN- extendi\u00f3 a todo Entre R\u00edos el alerta amarillo por \u201ctemperaturas extremas\u201d. El calor se hace sentir y se prev\u00e9 una sensaci\u00f3n t\u00e9rmica que trepe cerca de los 40 grados. El [&hellip;]\" \/>\n<meta property=\"og:url\" content=\"https:\/\/diariodelsurdigital.com.ar\/?p=1379\" \/>\n<meta property=\"og:site_name\" content=\"Diario del Sur\" \/>\n<meta property=\"article:published_time\" content=\"2025-03-05T19:02:00+00:00\" \/>\n<meta property=\"article:modified_time\" content=\"2025-03-05T19:02:01+00:00\" \/>\n<meta property=\"og:image\" content=\"https:\/\/diariodelsurdigital.com.ar\/wp-content\/uploads\/2025\/03\/md-9.webp\" \/>\n\t<meta property=\"og:image:width\" content=\"992\" \/>\n\t<meta property=\"og:image:height\" content=\"578\" \/>\n\t<meta property=\"og:image:type\" content=\"image\/webp\" \/>\n<meta name=\"author\" content=\"Diario del Sur Digital\" \/>\n<meta name=\"twitter:card\" content=\"summary_large_image\" \/>\n<meta name=\"twitter:label1\" content=\"Escrito por\" \/>\n\t<meta name=\"twitter:data1\" content=\"Diario del Sur Digital\" \/>\n\t<meta name=\"twitter:label2\" content=\"Tiempo de lectura\" \/>\n\t<meta name=\"twitter:data2\" content=\"2 minutos\" \/>\n<script type=\"application\/ld+json\" class=\"yoast-schema-graph\">{\"@context\":\"https:\\\/\\\/schema.org\",\"@graph\":[{\"@type\":\"Article\",\"@id\":\"https:\\\/\\\/diariodelsurdigital.com.ar\\\/?p=1379#article\",\"isPartOf\":{\"@id\":\"https:\\\/\\\/diariodelsurdigital.com.ar\\\/?p=1379\"},\"author\":{\"name\":\"Diario del Sur Digital\",\"@id\":\"https:\\\/\\\/diariodelsurdigital.com.ar\\\/#\\\/schema\\\/person\\\/1a4992532ed62965c968031b49195c81\"},\"headline\":\"Extienden alerta por calor en Entre R\u00edos y prev\u00e9n hasta sensaci\u00f3n t\u00e9rmica de 40\u00b0C\",\"datePublished\":\"2025-03-05T19:02:00+00:00\",\"dateModified\":\"2025-03-05T19:02:01+00:00\",\"mainEntityOfPage\":{\"@id\":\"https:\\\/\\\/diariodelsurdigital.com.ar\\\/?p=1379\"},\"wordCount\":253,\"commentCount\":0,\"image\":{\"@id\":\"https:\\\/\\\/diariodelsurdigital.com.ar\\\/?p=1379#primaryimage\"},\"thumbnailUrl\":\"https:\\\/\\\/diariodelsurdigital.com.ar\\\/wp-content\\\/uploads\\\/2025\\\/03\\\/md-9.webp\",\"articleSection\":[\"Locales\"],\"inLanguage\":\"es\",\"potentialAction\":[{\"@type\":\"CommentAction\",\"name\":\"Comment\",\"target\":[\"https:\\\/\\\/diariodelsurdigital.com.ar\\\/?p=1379#respond\"]}]},{\"@type\":\"WebPage\",\"@id\":\"https:\\\/\\\/diariodelsurdigital.com.ar\\\/?p=1379\",\"url\":\"https:\\\/\\\/diariodelsurdigital.com.ar\\\/?p=1379\",\"name\":\"Extienden alerta por calor en Entre R\u00edos y prev\u00e9n hasta sensaci\u00f3n t\u00e9rmica de 40\u00b0C - Diario del Sur\",\"isPartOf\":{\"@id\":\"https:\\\/\\\/diariodelsurdigital.com.ar\\\/#website\"},\"primaryImageOfPage\":{\"@id\":\"https:\\\/\\\/diariodelsurdigital.com.ar\\\/?p=1379#primaryimage\"},\"image\":{\"@id\":\"https:\\\/\\\/diariodelsurdigital.com.ar\\\/?p=1379#primaryimage\"},\"thumbnailUrl\":\"https:\\\/\\\/diariodelsurdigital.com.ar\\\/wp-content\\\/uploads\\\/2025\\\/03\\\/md-9.webp\",\"datePublished\":\"2025-03-05T19:02:00+00:00\",\"dateModified\":\"2025-03-05T19:02:01+00:00\",\"author\":{\"@id\":\"https:\\\/\\\/diariodelsurdigital.com.ar\\\/#\\\/schema\\\/person\\\/1a4992532ed62965c968031b49195c81\"},\"breadcrumb\":{\"@id\":\"https:\\\/\\\/diariodelsurdigital.com.ar\\\/?p=1379#breadcrumb\"},\"inLanguage\":\"es\",\"potentialAction\":[{\"@type\":\"ReadAction\",\"target\":[\"https:\\\/\\\/diariodelsurdigital.com.ar\\\/?p=1379\"]}]},{\"@type\":\"ImageObject\",\"inLanguage\":\"es\",\"@id\":\"https:\\\/\\\/diariodelsurdigital.com.ar\\\/?p=1379#primaryimage\",\"url\":\"https:\\\/\\\/diariodelsurdigital.com.ar\\\/wp-content\\\/uploads\\\/2025\\\/03\\\/md-9.webp\",\"contentUrl\":\"https:\\\/\\\/diariodelsurdigital.com.ar\\\/wp-content\\\/uploads\\\/2025\\\/03\\\/md-9.webp\",\"width\":992,\"height\":578},{\"@type\":\"BreadcrumbList\",\"@id\":\"https:\\\/\\\/diariodelsurdigital.com.ar\\\/?p=1379#breadcrumb\",\"itemListElement\":[{\"@type\":\"ListItem\",\"position\":1,\"name\":\"Portada\",\"item\":\"https:\\\/\\\/diariodelsurdigital.com.ar\\\/\"},{\"@type\":\"ListItem\",\"position\":2,\"name\":\"Extienden alerta por calor en Entre R\u00edos y prev\u00e9n hasta sensaci\u00f3n t\u00e9rmica de 40\u00b0C\"}]},{\"@type\":\"WebSite\",\"@id\":\"https:\\\/\\\/diariodelsurdigital.com.ar\\\/#website\",\"url\":\"https:\\\/\\\/diariodelsurdigital.com.ar\\\/\",\"name\":\"Diario del Sur\",\"description\":\"Digital\",\"potentialAction\":[{\"@type\":\"SearchAction\",\"target\":{\"@type\":\"EntryPoint\",\"urlTemplate\":\"https:\\\/\\\/diariodelsurdigital.com.ar\\\/?s={search_term_string}\"},\"query-input\":{\"@type\":\"PropertyValueSpecification\",\"valueRequired\":true,\"valueName\":\"search_term_string\"}}],\"inLanguage\":\"es\"},{\"@type\":\"Person\",\"@id\":\"https:\\\/\\\/diariodelsurdigital.com.ar\\\/#\\\/schema\\\/person\\\/1a4992532ed62965c968031b49195c81\",\"name\":\"Diario del Sur Digital\",\"image\":{\"@type\":\"ImageObject\",\"inLanguage\":\"es\",\"@id\":\"https:\\\/\\\/secure.gravatar.com\\\/avatar\\\/f0c7c47fc7146d19828273b9b8eda651c9c7ab583767e6338d3d3bee825adf76?s=96&d=mm&r=g\",\"url\":\"https:\\\/\\\/secure.gravatar.com\\\/avatar\\\/f0c7c47fc7146d19828273b9b8eda651c9c7ab583767e6338d3d3bee825adf76?s=96&d=mm&r=g\",\"contentUrl\":\"https:\\\/\\\/secure.gravatar.com\\\/avatar\\\/f0c7c47fc7146d19828273b9b8eda651c9c7ab583767e6338d3d3bee825adf76?s=96&d=mm&r=g\",\"caption\":\"Diario del Sur Digital\"},\"url\":\"https:\\\/\\\/diariodelsurdigital.com.ar\\\/?author=4\"}]}<\/script>\n<!-- \/ Yoast SEO plugin. -->","yoast_head_json":{"title":"Extienden alerta por calor en Entre R\u00edos y prev\u00e9n hasta sensaci\u00f3n t\u00e9rmica de 40\u00b0C - Diario del Sur","robots":{"index":"index","follow":"follow","max-snippet":"max-snippet:-1","max-image-preview":"max-image-preview:large","max-video-preview":"max-video-preview:-1"},"canonical":"https:\/\/diariodelsurdigital.com.ar\/?p=1379","og_locale":"es_ES","og_type":"article","og_title":"Extienden alerta por calor en Entre R\u00edos y prev\u00e9n hasta sensaci\u00f3n t\u00e9rmica de 40\u00b0C - Diario del Sur","og_description":"Se anuncia una jornada de mucho calor en la provincia, con temperaturas de hasta 36 grados, pero sensaci\u00f3n t\u00e9rmica superior. El Servicio Meteorol\u00f3gico Nacional -SMN- extendi\u00f3 a todo Entre R\u00edos el alerta amarillo por \u201ctemperaturas extremas\u201d. El calor se hace sentir y se prev\u00e9 una sensaci\u00f3n t\u00e9rmica que trepe cerca de los 40 grados. El [&hellip;]","og_url":"https:\/\/diariodelsurdigital.com.ar\/?p=1379","og_site_name":"Diario del Sur","article_published_time":"2025-03-05T19:02:00+00:00","article_modified_time":"2025-03-05T19:02:01+00:00","og_image":[{"width":992,"height":578,"url":"https:\/\/diariodelsurdigital.com.ar\/wp-content\/uploads\/2025\/03\/md-9.webp","type":"image\/webp"}],"author":"Diario del Sur Digital","twitter_card":"summary_large_image","twitter_misc":{"Escrito por":"Diario del Sur Digital","Tiempo de lectura":"2 minutos"},"schema":{"@context":"https:\/\/schema.org","@graph":[{"@type":"Article","@id":"https:\/\/diariodelsurdigital.com.ar\/?p=1379#article","isPartOf":{"@id":"https:\/\/diariodelsurdigital.com.ar\/?p=1379"},"author":{"name":"Diario del Sur Digital","@id":"https:\/\/diariodelsurdigital.com.ar\/#\/schema\/person\/1a4992532ed62965c968031b49195c81"},"headline":"Extienden alerta por calor en Entre R\u00edos y prev\u00e9n hasta sensaci\u00f3n t\u00e9rmica de 40\u00b0C","datePublished":"2025-03-05T19:02:00+00:00","dateModified":"2025-03-05T19:02:01+00:00","mainEntityOfPage":{"@id":"https:\/\/diariodelsurdigital.com.ar\/?p=1379"},"wordCount":253,"commentCount":0,"image":{"@id":"https:\/\/diariodelsurdigital.com.ar\/?p=1379#primaryimage"},"thumbnailUrl":"https:\/\/diariodelsurdigital.com.ar\/wp-content\/uploads\/2025\/03\/md-9.webp","articleSection":["Locales"],"inLanguage":"es","potentialAction":[{"@type":"CommentAction","name":"Comment","target":["https:\/\/diariodelsurdigital.com.ar\/?p=1379#respond"]}]},{"@type":"WebPage","@id":"https:\/\/diariodelsurdigital.com.ar\/?p=1379","url":"https:\/\/diariodelsurdigital.com.ar\/?p=1379","name":"Extienden alerta por calor en Entre R\u00edos y prev\u00e9n hasta sensaci\u00f3n t\u00e9rmica de 40\u00b0C - Diario del Sur","isPartOf":{"@id":"https:\/\/diariodelsurdigital.com.ar\/#website"},"primaryImageOfPage":{"@id":"https:\/\/diariodelsurdigital.com.ar\/?p=1379#primaryimage"},"image":{"@id":"https:\/\/diariodelsurdigital.com.ar\/?p=1379#primaryimage"},"thumbnailUrl":"https:\/\/diariodelsurdigital.com.ar\/wp-content\/uploads\/2025\/03\/md-9.webp","datePublished":"2025-03-05T19:02:00+00:00","dateModified":"2025-03-05T19:02:01+00:00","author":{"@id":"https:\/\/diariodelsurdigital.com.ar\/#\/schema\/person\/1a4992532ed62965c968031b49195c81"},"breadcrumb":{"@id":"https:\/\/diariodelsurdigital.com.ar\/?p=1379#breadcrumb"},"inLanguage":"es","potentialAction":[{"@type":"ReadAction","target":["https:\/\/diariodelsurdigital.com.ar\/?p=1379"]}]},{"@type":"ImageObject","inLanguage":"es","@id":"https:\/\/diariodelsurdigital.com.ar\/?p=1379#primaryimage","url":"https:\/\/diariodelsurdigital.com.ar\/wp-content\/uploads\/2025\/03\/md-9.webp","contentUrl":"https:\/\/diariodelsurdigital.com.ar\/wp-content\/uploads\/2025\/03\/md-9.webp","width":992,"height":578},{"@type":"BreadcrumbList","@id":"https:\/\/diariodelsurdigital.com.ar\/?p=1379#breadcrumb","itemListElement":[{"@type":"ListItem","position":1,"name":"Portada","item":"https:\/\/diariodelsurdigital.com.ar\/"},{"@type":"ListItem","position":2,"name":"Extienden alerta por calor en Entre R\u00edos y prev\u00e9n hasta sensaci\u00f3n t\u00e9rmica de 40\u00b0C"}]},{"@type":"WebSite","@id":"https:\/\/diariodelsurdigital.com.ar\/#website","url":"https:\/\/diariodelsurdigital.com.ar\/","name":"Diario del Sur","description":"Digital","potentialAction":[{"@type":"SearchAction","target":{"@type":"EntryPoint","urlTemplate":"https:\/\/diariodelsurdigital.com.ar\/?s={search_term_string}"},"query-input":{"@type":"PropertyValueSpecification","valueRequired":true,"valueName":"search_term_string"}}],"inLanguage":"es"},{"@type":"Person","@id":"https:\/\/diariodelsurdigital.com.ar\/#\/schema\/person\/1a4992532ed62965c968031b49195c81","name":"Diario del Sur Digital","image":{"@type":"ImageObject","inLanguage":"es","@id":"https:\/\/secure.gravatar.com\/avatar\/f0c7c47fc7146d19828273b9b8eda651c9c7ab583767e6338d3d3bee825adf76?s=96&d=mm&r=g","url":"https:\/\/secure.gravatar.com\/avatar\/f0c7c47fc7146d19828273b9b8eda651c9c7ab583767e6338d3d3bee825adf76?s=96&d=mm&r=g","contentUrl":"https:\/\/secure.gravatar.com\/avatar\/f0c7c47fc7146d19828273b9b8eda651c9c7ab583767e6338d3d3bee825adf76?s=96&d=mm&r=g","caption":"Diario del Sur Digital"},"url":"https:\/\/diariodelsurdigital.com.ar\/?author=4"}]}},"_links":{"self":[{"href":"https:\/\/diariodelsurdigital.com.ar\/index.php?rest_route=\/wp\/v2\/posts\/1379","targetHints":{"allow":["GET"]}}],"collection":[{"href":"https:\/\/diariodelsurdigital.com.ar\/index.php?rest_route=\/wp\/v2\/posts"}],"about":[{"href":"https:\/\/diariodelsurdigital.com.ar\/index.php?rest_route=\/wp\/v2\/types\/post"}],"author":[{"embeddable":true,"href":"https:\/\/diariodelsurdigital.com.ar\/index.php?rest_route=\/wp\/v2\/users\/4"}],"replies":[{"embeddable":true,"href":"https:\/\/diariodelsurdigital.com.ar\/index.php?rest_route=%2Fwp%2Fv2%2Fcomments&post=1379"}],"version-history":[{"count":1,"href":"https:\/\/diariodelsurdigital.com.ar\/index.php?rest_route=\/wp\/v2\/posts\/1379\/revisions"}],"predecessor-version":[{"id":1381,"href":"https:\/\/diariodelsurdigital.com.ar\/index.php?rest_route=\/wp\/v2\/posts\/1379\/revisions\/1381"}],"wp:featuredmedia":[{"embeddable":true,"href":"https:\/\/diariodelsurdigital.com.ar\/index.php?rest_route=\/wp\/v2\/media\/1380"}],"wp:attachment":[{"href":"https:\/\/diariodelsurdigital.com.ar\/index.php?rest_route=%2Fwp%2Fv2%2Fmedia&parent=1379"}],"wp:term":[{"taxonomy":"category","embeddable":true,"href":"https:\/\/diariodelsurdigital.com.ar\/index.php?rest_route=%2Fwp%2Fv2%2Fcategories&post=1379"},{"taxonomy":"post_tag","embeddable":true,"href":"https:\/\/diariodelsurdigital.com.ar\/index.php?rest_route=%2Fwp%2Fv2%2Ftags&post=1379"}],"curies":[{"name":"wp","href":"https:\/\/api.w.org\/{rel}","templated":true}]}}