{"id":1452,"date":"2025-03-10T17:10:40","date_gmt":"2025-03-10T20:10:40","guid":{"rendered":"https:\/\/diariodelsurdigital.com.ar\/?p=1452"},"modified":"2025-03-10T18:53:50","modified_gmt":"2025-03-10T21:53:50","slug":"__trashed-2","status":"publish","type":"post","link":"https:\/\/diariodelsurdigital.com.ar\/?p=1452","title":{"rendered":"Sin respuesta de Defensa Civil, bomberos interponen recurso de queja y amenazan con ir a la justicia"},"content":{"rendered":"\n<h2 class=\"wp-block-heading\" id=\"nota-title\"> La Federaci\u00f3n Entrerriana de Asociaciones de Bomberos Voluntarios (FEABV) elev\u00f3 un recurso de queja al gobernador Rogelio Frigerio ante la falta de respuestas por parte del director de Defensa Civil de la provincia, Daniel Borr\u00e9.<\/h2>\n\n\n\n<p>El reclamo impulsado desde la entidad est\u00e1 centrado en \u201cuna serie de cuestiones trascendentes, que hacen a la din\u00e1mica y al funcionamiento de todos los cuarteles de bomberos voluntarios\u201d.<\/p>\n\n\n\n<p>Adem\u00e1s de dar cuenta de que \u201cel m\u00e1s absoluto silencio ha sido la \u00fanica respuesta\u201d, citan jurisprudencia al respecto y advierten que si esta queja no se resuelve en los plazos legales pertinentes, se interpondr\u00e1 el respectivo amparo por mora ante la justicia.<\/p>\n\n\n\n<p>La presentaci\u00f3n lleva las firmas del presidente y el vice de la FEABV, Pedro Bisogni y Cristian Molina, con el patrocinio letrado de los abogados Raymundo Arturo Kisser y Sonia Noemi Antivero.<\/p>\n\n\n\n<p>A continuaci\u00f3n, se reproduce textualmente el documento:<\/p>\n\n\n\n<p><em>1.- OBJETO: Que en el car\u00e1cter invocado vienen por el presente a promover recurso de queja contra el director de Defensa Civil de Entre R\u00edos, licenciado Daniel Borr\u00e9, todo en funci\u00f3n de los siguientes: serie de cuestiones trascendentes, que hacen a la din\u00e1mica y funcionamiento de todos los cuarteles de bomberos voluntarios.-<br><br>2.- Que, pese al tiempo transcurrido, ninguna respuesta se ha obtenido al respecto. El m\u00e1s absoluto silencio ha sido en realidad la \u00fanica respuesta.-<br><br>3.- Que han sido infructuosas las gestiones y llamados que se han realizado, a los efectos de que se tenga alguna respuesta a lo requerido, ya que ello tiene trascendencia fundamental, como se viene se\u00f1alando, para el funcionamiento y desarrollo de la intensa actividad que est\u00e1n llevando adelante todos los cuarteles de bomberos voluntarios de la federaci\u00f3n, como es de p\u00fablico conocimiento, m\u00e1xime en esta \u00e9poca de verano, donde los siniestros por incendios y viales abundan.-<br><br>4.- Que es evidente que la federaci\u00f3n que representan los suscriptos, merece como m\u00ednimo, una respuesta, m\u00e1s all\u00e1 del contenido de la misma.-<br><br>5.- Que este recurso de queja contra el director de Defensa Civil de Entre R\u00edos se presenta ante el Sr. Gobernador, por cuanto el mismo no cumple con su deber dar respuesta a lo requerido, y no se avizora una pronta respuesta a lo solicitado. Debe advertirse que se ha ignorado que \u201cCualquier \u00f3rgano de la Administraci\u00f3n ante el cual se interpone una petici\u00f3n, est\u00e1 obligado a expedirse, porque de lo contrario carecer\u00eda de sentido el derecho constitucional de peticionar a las autoridades. El silencio, inercia o inactividad prolongados trasunta de parte de la Administraci\u00f3n P\u00fablica una conducta equ\u00edvoca y manifiestamente ilegal, pudiendo remediarse tal omisi\u00f3n a trav\u00e9s de la Acci\u00f3n de Amparo\u201d.-<br><br>6.- Que a mayor abundamiento, hay una evidente y notoria demora en brindar respuesta, y m\u00e1s que ello, una desidia por parte del director de Defensa Civil en resolver esta cuesti\u00f3n. Por lo tanto. \u201cProducida la demora o el retardo en la resoluci\u00f3n de la causa por parte de alg\u00fan \u00f3rgano determinado de la administraci\u00f3n que tenga a su cargo la tramitaci\u00f3n del expediente o petici\u00f3n, entendiendo por tal la no resoluci\u00f3n del problema puesto a su despacho en el tiempo de ley; dicha conducta podr\u00e1 ser recurrida ante el superior jer\u00e1rquico o quien tenga control de tutela del \u00f3rgano o funcionario en falta, a los efectos que \u00e9ste resuelva el mismo constatando si existen o no motivos para acceder a lo peticionado por el reclamante, adoptando, si fuera as\u00ed, las mediadas tendiente al cese del estado de retardo generado por el inferior y que afecta los intereses del administrado y de la administraci\u00f3n. Debemos dejar en claro que no se trata de una impugnaci\u00f3n de actos de la administraci\u00f3n, sino de observadas conductas de \u00f3rganos que lisa y llanamente incumplen con los deberes a cargo con los reglamentos que le impone la administraci\u00f3n. Como bien ha se\u00f1alado Garrido Falla \u00abLa queja, como se ha dicho, trata de perseguir fundamentalmente conductas morosas o negligentes de los funcionarios encargados de la tramitaci\u00f3n de un expediente; pero esto es cosa distinta de la impugnaci\u00f3n de un acto administrativo\u201d. (GARRIDO FALLA \u201cTratado de Derecho Administrativo\u201d T.III, p\u00e1g. 163 y ss..). (Germ\u00e1n Alberto Coronel; Procedimiento para Tr\u00e1mite Administrativo; p\u00e1g. 181\/182 \u2014 Delta Editora \u2014 1997).-<br><br>7.- Que en consecuencia, en funci\u00f3n de la documentaci\u00f3n que se adjunta, esta parte plantea el respectivo Recurso de Queja ante el Sr. Gobernador, a los efectos de que se fije un plazo perentorio y dentro del cual el Sr. Director de Defensa Civil de la Provincia de Entre R\u00edos deber\u00e1 brindar respuesta a lo requerido.-<br><br>8.- Que desde luego, si esta queja no se resuelve en los plazos legales pertinentes, se interpondr\u00e1 respectivo Amparo por mora ante la Justicia.-<br><br>&#8211; DERECHO: Que la presente Queja se funda en los arts. 72 y concordantes de la Ley 7060.-<br><br>III &#8211; PETITORIO: Que en consecuencia al Sr. Gobernador de la Provincia de Entre R\u00edos peticiona:<br><br>1.- Que se lo tenga por presentado, domiciliado, en el car\u00e1cter que invoca, d\u00e1ndosele la intervenci\u00f3n que por derecho le corresponde. &#8211;<br><br>2.- Que por interpuesto, en tiempo y forma, recurso de queja contra el director de Defensa Civil de Entre R\u00edos.-<br><br>3.- Que se fije un plazo perentorio dentro del cual el director de Defensa Civil deber\u00e1 dictar resoluci\u00f3n al pedido formulado, todo bajo apercibimiento de interponer el respectivo Amparo por Mora ante la Justicia Provincial.-<br><br>PROVEER DE CONFORMIDAD, SERA JUSTICIA.-<\/em><\/p>\n\n\n\n<p>Fuente:\u00a0El Entre R\u00edos \/ FEABV<\/p>\n\n\n\n<p><\/p>\n","protected":false},"excerpt":{"rendered":"<p>La Federaci\u00f3n Entrerriana de Asociaciones de Bomberos Voluntarios (FEABV) elev\u00f3 un recurso de queja al gobernador Rogelio Frigerio ante la falta de respuestas por parte del director de Defensa Civil de la provincia, Daniel Borr\u00e9. El reclamo impulsado desde la entidad est\u00e1 centrado en \u201cuna serie de cuestiones trascendentes, que hacen a la din\u00e1mica y [&hellip;]<\/p>\n","protected":false},"author":2,"featured_media":1475,"comment_status":"open","ping_status":"open","sticky":false,"template":"","format":"standard","meta":{"footnotes":""},"categories":[17],"tags":[],"class_list":{"0":"post-1452","1":"post","2":"type-post","3":"status-publish","4":"format-standard","5":"has-post-thumbnail","7":"category-provinciales"},"yoast_head":"<!-- This site is optimized with the Yoast SEO plugin v27.4 - https:\/\/yoast.com\/product\/yoast-seo-wordpress\/ -->\n<title>Sin respuesta de Defensa Civil, bomberos interponen recurso de queja y amenazan con ir a la justicia - Diario del Sur<\/title>\n<meta name=\"robots\" content=\"index, follow, max-snippet:-1, max-image-preview:large, max-video-preview:-1\" \/>\n<link rel=\"canonical\" href=\"https:\/\/diariodelsurdigital.com.ar\/?p=1452\" \/>\n<meta property=\"og:locale\" content=\"es_ES\" \/>\n<meta property=\"og:type\" content=\"article\" \/>\n<meta property=\"og:title\" content=\"Sin respuesta de Defensa Civil, bomberos interponen recurso de queja y amenazan con ir a la justicia - Diario del Sur\" \/>\n<meta property=\"og:description\" content=\"La Federaci\u00f3n Entrerriana de Asociaciones de Bomberos Voluntarios (FEABV) elev\u00f3 un recurso de queja al gobernador Rogelio Frigerio ante la falta de respuestas por parte del director de Defensa Civil de la provincia, Daniel Borr\u00e9. El reclamo impulsado desde la entidad est\u00e1 centrado en \u201cuna serie de cuestiones trascendentes, que hacen a la din\u00e1mica y [&hellip;]\" \/>\n<meta property=\"og:url\" content=\"https:\/\/diariodelsurdigital.com.ar\/?p=1452\" \/>\n<meta property=\"og:site_name\" content=\"Diario del Sur\" \/>\n<meta property=\"article:published_time\" content=\"2025-03-10T20:10:40+00:00\" \/>\n<meta property=\"article:modified_time\" content=\"2025-03-10T21:53:50+00:00\" \/>\n<meta property=\"og:image\" content=\"https:\/\/diariodelsurdigital.com.ar\/wp-content\/uploads\/2025\/03\/l_1532633689.jpg\" \/>\n\t<meta property=\"og:image:width\" content=\"487\" \/>\n\t<meta property=\"og:image:height\" content=\"324\" \/>\n\t<meta property=\"og:image:type\" content=\"image\/jpeg\" \/>\n<meta name=\"author\" content=\"Diario del Sur Digital\" \/>\n<meta name=\"twitter:card\" content=\"summary_large_image\" \/>\n<meta name=\"twitter:label1\" content=\"Escrito por\" \/>\n\t<meta name=\"twitter:data1\" content=\"Diario del Sur Digital\" \/>\n\t<meta name=\"twitter:label2\" content=\"Tiempo de lectura\" \/>\n\t<meta name=\"twitter:data2\" content=\"5 minutos\" \/>\n<script type=\"application\/ld+json\" class=\"yoast-schema-graph\">{\"@context\":\"https:\\\/\\\/schema.org\",\"@graph\":[{\"@type\":\"Article\",\"@id\":\"https:\\\/\\\/diariodelsurdigital.com.ar\\\/?p=1452#article\",\"isPartOf\":{\"@id\":\"https:\\\/\\\/diariodelsurdigital.com.ar\\\/?p=1452\"},\"author\":{\"name\":\"Diario del Sur Digital\",\"@id\":\"https:\\\/\\\/diariodelsurdigital.com.ar\\\/#\\\/schema\\\/person\\\/6136a32571657f7dba980b88b04c5465\"},\"headline\":\"Sin respuesta de Defensa Civil, bomberos interponen recurso de queja y amenazan con ir a la justicia\",\"datePublished\":\"2025-03-10T20:10:40+00:00\",\"dateModified\":\"2025-03-10T21:53:50+00:00\",\"mainEntityOfPage\":{\"@id\":\"https:\\\/\\\/diariodelsurdigital.com.ar\\\/?p=1452\"},\"wordCount\":978,\"commentCount\":0,\"image\":{\"@id\":\"https:\\\/\\\/diariodelsurdigital.com.ar\\\/?p=1452#primaryimage\"},\"thumbnailUrl\":\"https:\\\/\\\/diariodelsurdigital.com.ar\\\/wp-content\\\/uploads\\\/2025\\\/03\\\/l_1532633689.jpg\",\"articleSection\":[\"Provinciales\"],\"inLanguage\":\"es\",\"potentialAction\":[{\"@type\":\"CommentAction\",\"name\":\"Comment\",\"target\":[\"https:\\\/\\\/diariodelsurdigital.com.ar\\\/?p=1452#respond\"]}]},{\"@type\":\"WebPage\",\"@id\":\"https:\\\/\\\/diariodelsurdigital.com.ar\\\/?p=1452\",\"url\":\"https:\\\/\\\/diariodelsurdigital.com.ar\\\/?p=1452\",\"name\":\"Sin respuesta de Defensa Civil, bomberos interponen recurso de queja y amenazan con ir a la justicia - Diario del Sur\",\"isPartOf\":{\"@id\":\"https:\\\/\\\/diariodelsurdigital.com.ar\\\/#website\"},\"primaryImageOfPage\":{\"@id\":\"https:\\\/\\\/diariodelsurdigital.com.ar\\\/?p=1452#primaryimage\"},\"image\":{\"@id\":\"https:\\\/\\\/diariodelsurdigital.com.ar\\\/?p=1452#primaryimage\"},\"thumbnailUrl\":\"https:\\\/\\\/diariodelsurdigital.com.ar\\\/wp-content\\\/uploads\\\/2025\\\/03\\\/l_1532633689.jpg\",\"datePublished\":\"2025-03-10T20:10:40+00:00\",\"dateModified\":\"2025-03-10T21:53:50+00:00\",\"author\":{\"@id\":\"https:\\\/\\\/diariodelsurdigital.com.ar\\\/#\\\/schema\\\/person\\\/6136a32571657f7dba980b88b04c5465\"},\"breadcrumb\":{\"@id\":\"https:\\\/\\\/diariodelsurdigital.com.ar\\\/?p=1452#breadcrumb\"},\"inLanguage\":\"es\",\"potentialAction\":[{\"@type\":\"ReadAction\",\"target\":[\"https:\\\/\\\/diariodelsurdigital.com.ar\\\/?p=1452\"]}]},{\"@type\":\"ImageObject\",\"inLanguage\":\"es\",\"@id\":\"https:\\\/\\\/diariodelsurdigital.com.ar\\\/?p=1452#primaryimage\",\"url\":\"https:\\\/\\\/diariodelsurdigital.com.ar\\\/wp-content\\\/uploads\\\/2025\\\/03\\\/l_1532633689.jpg\",\"contentUrl\":\"https:\\\/\\\/diariodelsurdigital.com.ar\\\/wp-content\\\/uploads\\\/2025\\\/03\\\/l_1532633689.jpg\",\"width\":487,\"height\":324},{\"@type\":\"BreadcrumbList\",\"@id\":\"https:\\\/\\\/diariodelsurdigital.com.ar\\\/?p=1452#breadcrumb\",\"itemListElement\":[{\"@type\":\"ListItem\",\"position\":1,\"name\":\"Portada\",\"item\":\"https:\\\/\\\/diariodelsurdigital.com.ar\\\/\"},{\"@type\":\"ListItem\",\"position\":2,\"name\":\"Sin respuesta de Defensa Civil, bomberos interponen recurso de queja y amenazan con ir a la justicia\"}]},{\"@type\":\"WebSite\",\"@id\":\"https:\\\/\\\/diariodelsurdigital.com.ar\\\/#website\",\"url\":\"https:\\\/\\\/diariodelsurdigital.com.ar\\\/\",\"name\":\"Diario del Sur\",\"description\":\"Digital\",\"potentialAction\":[{\"@type\":\"SearchAction\",\"target\":{\"@type\":\"EntryPoint\",\"urlTemplate\":\"https:\\\/\\\/diariodelsurdigital.com.ar\\\/?s={search_term_string}\"},\"query-input\":{\"@type\":\"PropertyValueSpecification\",\"valueRequired\":true,\"valueName\":\"search_term_string\"}}],\"inLanguage\":\"es\"},{\"@type\":\"Person\",\"@id\":\"https:\\\/\\\/diariodelsurdigital.com.ar\\\/#\\\/schema\\\/person\\\/6136a32571657f7dba980b88b04c5465\",\"name\":\"Diario del Sur Digital\",\"image\":{\"@type\":\"ImageObject\",\"inLanguage\":\"es\",\"@id\":\"https:\\\/\\\/secure.gravatar.com\\\/avatar\\\/4c29ceac98541dd42460b2474aaa5dd37594d6ce6cb3cf2c101d09b48ee287ba?s=96&d=mm&r=g\",\"url\":\"https:\\\/\\\/secure.gravatar.com\\\/avatar\\\/4c29ceac98541dd42460b2474aaa5dd37594d6ce6cb3cf2c101d09b48ee287ba?s=96&d=mm&r=g\",\"contentUrl\":\"https:\\\/\\\/secure.gravatar.com\\\/avatar\\\/4c29ceac98541dd42460b2474aaa5dd37594d6ce6cb3cf2c101d09b48ee287ba?s=96&d=mm&r=g\",\"caption\":\"Diario del Sur Digital\"},\"url\":\"https:\\\/\\\/diariodelsurdigital.com.ar\\\/?author=2\"}]}<\/script>\n<!-- \/ Yoast SEO plugin. -->","yoast_head_json":{"title":"Sin respuesta de Defensa Civil, bomberos interponen recurso de queja y amenazan con ir a la justicia - Diario del Sur","robots":{"index":"index","follow":"follow","max-snippet":"max-snippet:-1","max-image-preview":"max-image-preview:large","max-video-preview":"max-video-preview:-1"},"canonical":"https:\/\/diariodelsurdigital.com.ar\/?p=1452","og_locale":"es_ES","og_type":"article","og_title":"Sin respuesta de Defensa Civil, bomberos interponen recurso de queja y amenazan con ir a la justicia - Diario del Sur","og_description":"La Federaci\u00f3n Entrerriana de Asociaciones de Bomberos Voluntarios (FEABV) elev\u00f3 un recurso de queja al gobernador Rogelio Frigerio ante la falta de respuestas por parte del director de Defensa Civil de la provincia, Daniel Borr\u00e9. El reclamo impulsado desde la entidad est\u00e1 centrado en \u201cuna serie de cuestiones trascendentes, que hacen a la din\u00e1mica y [&hellip;]","og_url":"https:\/\/diariodelsurdigital.com.ar\/?p=1452","og_site_name":"Diario del Sur","article_published_time":"2025-03-10T20:10:40+00:00","article_modified_time":"2025-03-10T21:53:50+00:00","og_image":[{"width":487,"height":324,"url":"https:\/\/diariodelsurdigital.com.ar\/wp-content\/uploads\/2025\/03\/l_1532633689.jpg","type":"image\/jpeg"}],"author":"Diario del Sur Digital","twitter_card":"summary_large_image","twitter_misc":{"Escrito por":"Diario del Sur Digital","Tiempo de lectura":"5 minutos"},"schema":{"@context":"https:\/\/schema.org","@graph":[{"@type":"Article","@id":"https:\/\/diariodelsurdigital.com.ar\/?p=1452#article","isPartOf":{"@id":"https:\/\/diariodelsurdigital.com.ar\/?p=1452"},"author":{"name":"Diario del Sur Digital","@id":"https:\/\/diariodelsurdigital.com.ar\/#\/schema\/person\/6136a32571657f7dba980b88b04c5465"},"headline":"Sin respuesta de Defensa Civil, bomberos interponen recurso de queja y amenazan con ir a la justicia","datePublished":"2025-03-10T20:10:40+00:00","dateModified":"2025-03-10T21:53:50+00:00","mainEntityOfPage":{"@id":"https:\/\/diariodelsurdigital.com.ar\/?p=1452"},"wordCount":978,"commentCount":0,"image":{"@id":"https:\/\/diariodelsurdigital.com.ar\/?p=1452#primaryimage"},"thumbnailUrl":"https:\/\/diariodelsurdigital.com.ar\/wp-content\/uploads\/2025\/03\/l_1532633689.jpg","articleSection":["Provinciales"],"inLanguage":"es","potentialAction":[{"@type":"CommentAction","name":"Comment","target":["https:\/\/diariodelsurdigital.com.ar\/?p=1452#respond"]}]},{"@type":"WebPage","@id":"https:\/\/diariodelsurdigital.com.ar\/?p=1452","url":"https:\/\/diariodelsurdigital.com.ar\/?p=1452","name":"Sin respuesta de Defensa Civil, bomberos interponen recurso de queja y amenazan con ir a la justicia - Diario del Sur","isPartOf":{"@id":"https:\/\/diariodelsurdigital.com.ar\/#website"},"primaryImageOfPage":{"@id":"https:\/\/diariodelsurdigital.com.ar\/?p=1452#primaryimage"},"image":{"@id":"https:\/\/diariodelsurdigital.com.ar\/?p=1452#primaryimage"},"thumbnailUrl":"https:\/\/diariodelsurdigital.com.ar\/wp-content\/uploads\/2025\/03\/l_1532633689.jpg","datePublished":"2025-03-10T20:10:40+00:00","dateModified":"2025-03-10T21:53:50+00:00","author":{"@id":"https:\/\/diariodelsurdigital.com.ar\/#\/schema\/person\/6136a32571657f7dba980b88b04c5465"},"breadcrumb":{"@id":"https:\/\/diariodelsurdigital.com.ar\/?p=1452#breadcrumb"},"inLanguage":"es","potentialAction":[{"@type":"ReadAction","target":["https:\/\/diariodelsurdigital.com.ar\/?p=1452"]}]},{"@type":"ImageObject","inLanguage":"es","@id":"https:\/\/diariodelsurdigital.com.ar\/?p=1452#primaryimage","url":"https:\/\/diariodelsurdigital.com.ar\/wp-content\/uploads\/2025\/03\/l_1532633689.jpg","contentUrl":"https:\/\/diariodelsurdigital.com.ar\/wp-content\/uploads\/2025\/03\/l_1532633689.jpg","width":487,"height":324},{"@type":"BreadcrumbList","@id":"https:\/\/diariodelsurdigital.com.ar\/?p=1452#breadcrumb","itemListElement":[{"@type":"ListItem","position":1,"name":"Portada","item":"https:\/\/diariodelsurdigital.com.ar\/"},{"@type":"ListItem","position":2,"name":"Sin respuesta de Defensa Civil, bomberos interponen recurso de queja y amenazan con ir a la justicia"}]},{"@type":"WebSite","@id":"https:\/\/diariodelsurdigital.com.ar\/#website","url":"https:\/\/diariodelsurdigital.com.ar\/","name":"Diario del Sur","description":"Digital","potentialAction":[{"@type":"SearchAction","target":{"@type":"EntryPoint","urlTemplate":"https:\/\/diariodelsurdigital.com.ar\/?s={search_term_string}"},"query-input":{"@type":"PropertyValueSpecification","valueRequired":true,"valueName":"search_term_string"}}],"inLanguage":"es"},{"@type":"Person","@id":"https:\/\/diariodelsurdigital.com.ar\/#\/schema\/person\/6136a32571657f7dba980b88b04c5465","name":"Diario del Sur Digital","image":{"@type":"ImageObject","inLanguage":"es","@id":"https:\/\/secure.gravatar.com\/avatar\/4c29ceac98541dd42460b2474aaa5dd37594d6ce6cb3cf2c101d09b48ee287ba?s=96&d=mm&r=g","url":"https:\/\/secure.gravatar.com\/avatar\/4c29ceac98541dd42460b2474aaa5dd37594d6ce6cb3cf2c101d09b48ee287ba?s=96&d=mm&r=g","contentUrl":"https:\/\/secure.gravatar.com\/avatar\/4c29ceac98541dd42460b2474aaa5dd37594d6ce6cb3cf2c101d09b48ee287ba?s=96&d=mm&r=g","caption":"Diario del Sur Digital"},"url":"https:\/\/diariodelsurdigital.com.ar\/?author=2"}]}},"_links":{"self":[{"href":"https:\/\/diariodelsurdigital.com.ar\/index.php?rest_route=\/wp\/v2\/posts\/1452","targetHints":{"allow":["GET"]}}],"collection":[{"href":"https:\/\/diariodelsurdigital.com.ar\/index.php?rest_route=\/wp\/v2\/posts"}],"about":[{"href":"https:\/\/diariodelsurdigital.com.ar\/index.php?rest_route=\/wp\/v2\/types\/post"}],"author":[{"embeddable":true,"href":"https:\/\/diariodelsurdigital.com.ar\/index.php?rest_route=\/wp\/v2\/users\/2"}],"replies":[{"embeddable":true,"href":"https:\/\/diariodelsurdigital.com.ar\/index.php?rest_route=%2Fwp%2Fv2%2Fcomments&post=1452"}],"version-history":[{"count":2,"href":"https:\/\/diariodelsurdigital.com.ar\/index.php?rest_route=\/wp\/v2\/posts\/1452\/revisions"}],"predecessor-version":[{"id":1476,"href":"https:\/\/diariodelsurdigital.com.ar\/index.php?rest_route=\/wp\/v2\/posts\/1452\/revisions\/1476"}],"wp:featuredmedia":[{"embeddable":true,"href":"https:\/\/diariodelsurdigital.com.ar\/index.php?rest_route=\/wp\/v2\/media\/1475"}],"wp:attachment":[{"href":"https:\/\/diariodelsurdigital.com.ar\/index.php?rest_route=%2Fwp%2Fv2%2Fmedia&parent=1452"}],"wp:term":[{"taxonomy":"category","embeddable":true,"href":"https:\/\/diariodelsurdigital.com.ar\/index.php?rest_route=%2Fwp%2Fv2%2Fcategories&post=1452"},{"taxonomy":"post_tag","embeddable":true,"href":"https:\/\/diariodelsurdigital.com.ar\/index.php?rest_route=%2Fwp%2Fv2%2Ftags&post=1452"}],"curies":[{"name":"wp","href":"https:\/\/api.w.org\/{rel}","templated":true}]}}