{"id":1459,"date":"2025-03-10T17:12:34","date_gmt":"2025-03-10T20:12:34","guid":{"rendered":"https:\/\/diariodelsurdigital.com.ar\/?p=1459"},"modified":"2025-03-10T17:12:35","modified_gmt":"2025-03-10T20:12:35","slug":"cien-escuelas-secundarias-de-la-provincia-forman-parte-del-plan-integral-de-matematica","status":"publish","type":"post","link":"https:\/\/diariodelsurdigital.com.ar\/?p=1459","title":{"rendered":"Cien escuelas secundarias de la provincia forman parte del plan Integral de Matem\u00e1tica"},"content":{"rendered":"\n<p>El Consejo General de Educaci\u00f3n (CGE) lleva adelante el plan Integral de Matem\u00e1tica en cien escuelas secundarias de la provincia que fueron seleccionadas. Participan 200 profesores de Matem\u00e1tica del Ciclo Orientado, junto a 100 directores del \u00e1mbito educativo. El plan abarca escuelas p\u00fablicas, privadas, orientadas, t\u00e9cnicas y agrot\u00e9cnicas.<\/p>\n\n\n\n<p>En este marco, se llevan a cabo capacitaciones a directivos, tanto virtuales como presenciales, y se organiza un webinario informativo para supervisores, es decir, una reuni\u00f3n interactiva v\u00eda internet. Adem\u00e1s se forma a los docentes de Matem\u00e1tica para el repaso de contenidos esenciales y la incorporaci\u00f3n de estrategias de ense\u00f1anza innovadoras.<\/p>\n\n\n\n<p>\u00abLa propuesta incluye un bootcamp de tres d\u00edas que se llevar\u00e1 adelante en abril\u00bb, remarc\u00f3 el director de Educaci\u00f3n Secundaria del CGE, Omar Osuna y agreg\u00f3 \u00aben marzo estamos llevando adelante un proceso de diagn\u00f3stico y evaluaci\u00f3n en las aulas para luego constatar los avances con el plan\u00bb.<\/p>\n\n\n\n<p>Un bootcamp es un programa de formaci\u00f3n intensiva y acelerada, enfocado en ense\u00f1ar habilidades espec\u00edficas en un corto per\u00edodo de tiempo. Gracias a su enfoque pr\u00e1ctico, los estudiantes no solo aprenden teor\u00eda, sino que tambi\u00e9n tienen la oportunidad de trabajar en proyectos reales.<\/p>\n\n\n\n<p>El plan incluye evaluaci\u00f3n durante el a\u00f1o con aulas heterog\u00e9neas, aprendizaje entre pares y c\u00e1psulas con recursos breves y estrategias de ense\u00f1anza, agrupamientos flexibles dentro del aula y en espacios fuera del aula, establecidos junto a profesores y directivos. Tambi\u00e9n se entregar\u00e1n cuadernillos y estrategias dise\u00f1adas para mejorar el nivel de Matem\u00e1tica en las aulas.<\/p>\n\n\n\n<p>Este plan integral, que involucra tanto a los directivos como a los docentes y estudiantes, busca proporcionar herramientas para el fortalecimiento de la ense\u00f1anza de Matem\u00e1tica, con un enfoque flexible e innovador enmarcado en la transformaci\u00f3n de la escuela secundaria.<\/p>\n","protected":false},"excerpt":{"rendered":"<p>El Consejo General de Educaci\u00f3n (CGE) lleva adelante el plan Integral de Matem\u00e1tica en cien escuelas secundarias de la provincia que fueron seleccionadas. Participan 200 profesores de Matem\u00e1tica del Ciclo Orientado, junto a 100 directores del \u00e1mbito educativo. El plan abarca escuelas p\u00fablicas, privadas, orientadas, t\u00e9cnicas y agrot\u00e9cnicas. En este marco, se llevan a cabo [&hellip;]<\/p>\n","protected":false},"author":4,"featured_media":1460,"comment_status":"open","ping_status":"open","sticky":false,"template":"","format":"standard","meta":{"footnotes":""},"categories":[17],"tags":[],"class_list":{"0":"post-1459","1":"post","2":"type-post","3":"status-publish","4":"format-standard","5":"has-post-thumbnail","7":"category-provinciales"},"yoast_head":"<!-- This site is optimized with the Yoast SEO plugin v27.4 - https:\/\/yoast.com\/product\/yoast-seo-wordpress\/ -->\n<title>Cien escuelas secundarias de la provincia forman parte del plan Integral de Matem\u00e1tica - Diario del Sur<\/title>\n<meta name=\"robots\" content=\"index, follow, max-snippet:-1, max-image-preview:large, max-video-preview:-1\" \/>\n<link rel=\"canonical\" href=\"https:\/\/diariodelsurdigital.com.ar\/?p=1459\" \/>\n<meta property=\"og:locale\" content=\"es_ES\" \/>\n<meta property=\"og:type\" content=\"article\" \/>\n<meta property=\"og:title\" content=\"Cien escuelas secundarias de la provincia forman parte del plan Integral de Matem\u00e1tica - Diario del Sur\" \/>\n<meta property=\"og:description\" content=\"El Consejo General de Educaci\u00f3n (CGE) lleva adelante el plan Integral de Matem\u00e1tica en cien escuelas secundarias de la provincia que fueron seleccionadas. Participan 200 profesores de Matem\u00e1tica del Ciclo Orientado, junto a 100 directores del \u00e1mbito educativo. El plan abarca escuelas p\u00fablicas, privadas, orientadas, t\u00e9cnicas y agrot\u00e9cnicas. En este marco, se llevan a cabo [&hellip;]\" \/>\n<meta property=\"og:url\" content=\"https:\/\/diariodelsurdigital.com.ar\/?p=1459\" \/>\n<meta property=\"og:site_name\" content=\"Diario del Sur\" \/>\n<meta property=\"article:published_time\" content=\"2025-03-10T20:12:34+00:00\" \/>\n<meta property=\"article:modified_time\" content=\"2025-03-10T20:12:35+00:00\" \/>\n<meta property=\"og:image\" content=\"https:\/\/diariodelsurdigital.com.ar\/wp-content\/uploads\/2025\/03\/md-15.webp\" \/>\n\t<meta property=\"og:image:width\" content=\"992\" \/>\n\t<meta property=\"og:image:height\" content=\"670\" \/>\n\t<meta property=\"og:image:type\" content=\"image\/webp\" \/>\n<meta name=\"author\" content=\"Diario del Sur Digital\" \/>\n<meta name=\"twitter:card\" content=\"summary_large_image\" \/>\n<meta name=\"twitter:label1\" content=\"Escrito por\" \/>\n\t<meta name=\"twitter:data1\" content=\"Diario del Sur Digital\" \/>\n\t<meta name=\"twitter:label2\" content=\"Tiempo de lectura\" \/>\n\t<meta name=\"twitter:data2\" content=\"2 minutos\" \/>\n<script type=\"application\/ld+json\" class=\"yoast-schema-graph\">{\"@context\":\"https:\\\/\\\/schema.org\",\"@graph\":[{\"@type\":\"Article\",\"@id\":\"https:\\\/\\\/diariodelsurdigital.com.ar\\\/?p=1459#article\",\"isPartOf\":{\"@id\":\"https:\\\/\\\/diariodelsurdigital.com.ar\\\/?p=1459\"},\"author\":{\"name\":\"Diario del Sur Digital\",\"@id\":\"https:\\\/\\\/diariodelsurdigital.com.ar\\\/#\\\/schema\\\/person\\\/1a4992532ed62965c968031b49195c81\"},\"headline\":\"Cien escuelas secundarias de la provincia forman parte del plan Integral de Matem\u00e1tica\",\"datePublished\":\"2025-03-10T20:12:34+00:00\",\"dateModified\":\"2025-03-10T20:12:35+00:00\",\"mainEntityOfPage\":{\"@id\":\"https:\\\/\\\/diariodelsurdigital.com.ar\\\/?p=1459\"},\"wordCount\":332,\"commentCount\":0,\"image\":{\"@id\":\"https:\\\/\\\/diariodelsurdigital.com.ar\\\/?p=1459#primaryimage\"},\"thumbnailUrl\":\"https:\\\/\\\/diariodelsurdigital.com.ar\\\/wp-content\\\/uploads\\\/2025\\\/03\\\/md-15.webp\",\"articleSection\":[\"Provinciales\"],\"inLanguage\":\"es\",\"potentialAction\":[{\"@type\":\"CommentAction\",\"name\":\"Comment\",\"target\":[\"https:\\\/\\\/diariodelsurdigital.com.ar\\\/?p=1459#respond\"]}]},{\"@type\":\"WebPage\",\"@id\":\"https:\\\/\\\/diariodelsurdigital.com.ar\\\/?p=1459\",\"url\":\"https:\\\/\\\/diariodelsurdigital.com.ar\\\/?p=1459\",\"name\":\"Cien escuelas secundarias de la provincia forman parte del plan Integral de Matem\u00e1tica - Diario del Sur\",\"isPartOf\":{\"@id\":\"https:\\\/\\\/diariodelsurdigital.com.ar\\\/#website\"},\"primaryImageOfPage\":{\"@id\":\"https:\\\/\\\/diariodelsurdigital.com.ar\\\/?p=1459#primaryimage\"},\"image\":{\"@id\":\"https:\\\/\\\/diariodelsurdigital.com.ar\\\/?p=1459#primaryimage\"},\"thumbnailUrl\":\"https:\\\/\\\/diariodelsurdigital.com.ar\\\/wp-content\\\/uploads\\\/2025\\\/03\\\/md-15.webp\",\"datePublished\":\"2025-03-10T20:12:34+00:00\",\"dateModified\":\"2025-03-10T20:12:35+00:00\",\"author\":{\"@id\":\"https:\\\/\\\/diariodelsurdigital.com.ar\\\/#\\\/schema\\\/person\\\/1a4992532ed62965c968031b49195c81\"},\"breadcrumb\":{\"@id\":\"https:\\\/\\\/diariodelsurdigital.com.ar\\\/?p=1459#breadcrumb\"},\"inLanguage\":\"es\",\"potentialAction\":[{\"@type\":\"ReadAction\",\"target\":[\"https:\\\/\\\/diariodelsurdigital.com.ar\\\/?p=1459\"]}]},{\"@type\":\"ImageObject\",\"inLanguage\":\"es\",\"@id\":\"https:\\\/\\\/diariodelsurdigital.com.ar\\\/?p=1459#primaryimage\",\"url\":\"https:\\\/\\\/diariodelsurdigital.com.ar\\\/wp-content\\\/uploads\\\/2025\\\/03\\\/md-15.webp\",\"contentUrl\":\"https:\\\/\\\/diariodelsurdigital.com.ar\\\/wp-content\\\/uploads\\\/2025\\\/03\\\/md-15.webp\",\"width\":992,\"height\":670},{\"@type\":\"BreadcrumbList\",\"@id\":\"https:\\\/\\\/diariodelsurdigital.com.ar\\\/?p=1459#breadcrumb\",\"itemListElement\":[{\"@type\":\"ListItem\",\"position\":1,\"name\":\"Portada\",\"item\":\"https:\\\/\\\/diariodelsurdigital.com.ar\\\/\"},{\"@type\":\"ListItem\",\"position\":2,\"name\":\"Cien escuelas secundarias de la provincia forman parte del plan Integral de Matem\u00e1tica\"}]},{\"@type\":\"WebSite\",\"@id\":\"https:\\\/\\\/diariodelsurdigital.com.ar\\\/#website\",\"url\":\"https:\\\/\\\/diariodelsurdigital.com.ar\\\/\",\"name\":\"Diario del Sur\",\"description\":\"Digital\",\"potentialAction\":[{\"@type\":\"SearchAction\",\"target\":{\"@type\":\"EntryPoint\",\"urlTemplate\":\"https:\\\/\\\/diariodelsurdigital.com.ar\\\/?s={search_term_string}\"},\"query-input\":{\"@type\":\"PropertyValueSpecification\",\"valueRequired\":true,\"valueName\":\"search_term_string\"}}],\"inLanguage\":\"es\"},{\"@type\":\"Person\",\"@id\":\"https:\\\/\\\/diariodelsurdigital.com.ar\\\/#\\\/schema\\\/person\\\/1a4992532ed62965c968031b49195c81\",\"name\":\"Diario del Sur Digital\",\"image\":{\"@type\":\"ImageObject\",\"inLanguage\":\"es\",\"@id\":\"https:\\\/\\\/secure.gravatar.com\\\/avatar\\\/f0c7c47fc7146d19828273b9b8eda651c9c7ab583767e6338d3d3bee825adf76?s=96&d=mm&r=g\",\"url\":\"https:\\\/\\\/secure.gravatar.com\\\/avatar\\\/f0c7c47fc7146d19828273b9b8eda651c9c7ab583767e6338d3d3bee825adf76?s=96&d=mm&r=g\",\"contentUrl\":\"https:\\\/\\\/secure.gravatar.com\\\/avatar\\\/f0c7c47fc7146d19828273b9b8eda651c9c7ab583767e6338d3d3bee825adf76?s=96&d=mm&r=g\",\"caption\":\"Diario del Sur Digital\"},\"url\":\"https:\\\/\\\/diariodelsurdigital.com.ar\\\/?author=4\"}]}<\/script>\n<!-- \/ Yoast SEO plugin. -->","yoast_head_json":{"title":"Cien escuelas secundarias de la provincia forman parte del plan Integral de Matem\u00e1tica - Diario del Sur","robots":{"index":"index","follow":"follow","max-snippet":"max-snippet:-1","max-image-preview":"max-image-preview:large","max-video-preview":"max-video-preview:-1"},"canonical":"https:\/\/diariodelsurdigital.com.ar\/?p=1459","og_locale":"es_ES","og_type":"article","og_title":"Cien escuelas secundarias de la provincia forman parte del plan Integral de Matem\u00e1tica - Diario del Sur","og_description":"El Consejo General de Educaci\u00f3n (CGE) lleva adelante el plan Integral de Matem\u00e1tica en cien escuelas secundarias de la provincia que fueron seleccionadas. Participan 200 profesores de Matem\u00e1tica del Ciclo Orientado, junto a 100 directores del \u00e1mbito educativo. El plan abarca escuelas p\u00fablicas, privadas, orientadas, t\u00e9cnicas y agrot\u00e9cnicas. En este marco, se llevan a cabo [&hellip;]","og_url":"https:\/\/diariodelsurdigital.com.ar\/?p=1459","og_site_name":"Diario del Sur","article_published_time":"2025-03-10T20:12:34+00:00","article_modified_time":"2025-03-10T20:12:35+00:00","og_image":[{"width":992,"height":670,"url":"https:\/\/diariodelsurdigital.com.ar\/wp-content\/uploads\/2025\/03\/md-15.webp","type":"image\/webp"}],"author":"Diario del Sur Digital","twitter_card":"summary_large_image","twitter_misc":{"Escrito por":"Diario del Sur Digital","Tiempo de lectura":"2 minutos"},"schema":{"@context":"https:\/\/schema.org","@graph":[{"@type":"Article","@id":"https:\/\/diariodelsurdigital.com.ar\/?p=1459#article","isPartOf":{"@id":"https:\/\/diariodelsurdigital.com.ar\/?p=1459"},"author":{"name":"Diario del Sur Digital","@id":"https:\/\/diariodelsurdigital.com.ar\/#\/schema\/person\/1a4992532ed62965c968031b49195c81"},"headline":"Cien escuelas secundarias de la provincia forman parte del plan Integral de Matem\u00e1tica","datePublished":"2025-03-10T20:12:34+00:00","dateModified":"2025-03-10T20:12:35+00:00","mainEntityOfPage":{"@id":"https:\/\/diariodelsurdigital.com.ar\/?p=1459"},"wordCount":332,"commentCount":0,"image":{"@id":"https:\/\/diariodelsurdigital.com.ar\/?p=1459#primaryimage"},"thumbnailUrl":"https:\/\/diariodelsurdigital.com.ar\/wp-content\/uploads\/2025\/03\/md-15.webp","articleSection":["Provinciales"],"inLanguage":"es","potentialAction":[{"@type":"CommentAction","name":"Comment","target":["https:\/\/diariodelsurdigital.com.ar\/?p=1459#respond"]}]},{"@type":"WebPage","@id":"https:\/\/diariodelsurdigital.com.ar\/?p=1459","url":"https:\/\/diariodelsurdigital.com.ar\/?p=1459","name":"Cien escuelas secundarias de la provincia forman parte del plan Integral de Matem\u00e1tica - Diario del Sur","isPartOf":{"@id":"https:\/\/diariodelsurdigital.com.ar\/#website"},"primaryImageOfPage":{"@id":"https:\/\/diariodelsurdigital.com.ar\/?p=1459#primaryimage"},"image":{"@id":"https:\/\/diariodelsurdigital.com.ar\/?p=1459#primaryimage"},"thumbnailUrl":"https:\/\/diariodelsurdigital.com.ar\/wp-content\/uploads\/2025\/03\/md-15.webp","datePublished":"2025-03-10T20:12:34+00:00","dateModified":"2025-03-10T20:12:35+00:00","author":{"@id":"https:\/\/diariodelsurdigital.com.ar\/#\/schema\/person\/1a4992532ed62965c968031b49195c81"},"breadcrumb":{"@id":"https:\/\/diariodelsurdigital.com.ar\/?p=1459#breadcrumb"},"inLanguage":"es","potentialAction":[{"@type":"ReadAction","target":["https:\/\/diariodelsurdigital.com.ar\/?p=1459"]}]},{"@type":"ImageObject","inLanguage":"es","@id":"https:\/\/diariodelsurdigital.com.ar\/?p=1459#primaryimage","url":"https:\/\/diariodelsurdigital.com.ar\/wp-content\/uploads\/2025\/03\/md-15.webp","contentUrl":"https:\/\/diariodelsurdigital.com.ar\/wp-content\/uploads\/2025\/03\/md-15.webp","width":992,"height":670},{"@type":"BreadcrumbList","@id":"https:\/\/diariodelsurdigital.com.ar\/?p=1459#breadcrumb","itemListElement":[{"@type":"ListItem","position":1,"name":"Portada","item":"https:\/\/diariodelsurdigital.com.ar\/"},{"@type":"ListItem","position":2,"name":"Cien escuelas secundarias de la provincia forman parte del plan Integral de Matem\u00e1tica"}]},{"@type":"WebSite","@id":"https:\/\/diariodelsurdigital.com.ar\/#website","url":"https:\/\/diariodelsurdigital.com.ar\/","name":"Diario del Sur","description":"Digital","potentialAction":[{"@type":"SearchAction","target":{"@type":"EntryPoint","urlTemplate":"https:\/\/diariodelsurdigital.com.ar\/?s={search_term_string}"},"query-input":{"@type":"PropertyValueSpecification","valueRequired":true,"valueName":"search_term_string"}}],"inLanguage":"es"},{"@type":"Person","@id":"https:\/\/diariodelsurdigital.com.ar\/#\/schema\/person\/1a4992532ed62965c968031b49195c81","name":"Diario del Sur Digital","image":{"@type":"ImageObject","inLanguage":"es","@id":"https:\/\/secure.gravatar.com\/avatar\/f0c7c47fc7146d19828273b9b8eda651c9c7ab583767e6338d3d3bee825adf76?s=96&d=mm&r=g","url":"https:\/\/secure.gravatar.com\/avatar\/f0c7c47fc7146d19828273b9b8eda651c9c7ab583767e6338d3d3bee825adf76?s=96&d=mm&r=g","contentUrl":"https:\/\/secure.gravatar.com\/avatar\/f0c7c47fc7146d19828273b9b8eda651c9c7ab583767e6338d3d3bee825adf76?s=96&d=mm&r=g","caption":"Diario del Sur Digital"},"url":"https:\/\/diariodelsurdigital.com.ar\/?author=4"}]}},"_links":{"self":[{"href":"https:\/\/diariodelsurdigital.com.ar\/index.php?rest_route=\/wp\/v2\/posts\/1459","targetHints":{"allow":["GET"]}}],"collection":[{"href":"https:\/\/diariodelsurdigital.com.ar\/index.php?rest_route=\/wp\/v2\/posts"}],"about":[{"href":"https:\/\/diariodelsurdigital.com.ar\/index.php?rest_route=\/wp\/v2\/types\/post"}],"author":[{"embeddable":true,"href":"https:\/\/diariodelsurdigital.com.ar\/index.php?rest_route=\/wp\/v2\/users\/4"}],"replies":[{"embeddable":true,"href":"https:\/\/diariodelsurdigital.com.ar\/index.php?rest_route=%2Fwp%2Fv2%2Fcomments&post=1459"}],"version-history":[{"count":1,"href":"https:\/\/diariodelsurdigital.com.ar\/index.php?rest_route=\/wp\/v2\/posts\/1459\/revisions"}],"predecessor-version":[{"id":1461,"href":"https:\/\/diariodelsurdigital.com.ar\/index.php?rest_route=\/wp\/v2\/posts\/1459\/revisions\/1461"}],"wp:featuredmedia":[{"embeddable":true,"href":"https:\/\/diariodelsurdigital.com.ar\/index.php?rest_route=\/wp\/v2\/media\/1460"}],"wp:attachment":[{"href":"https:\/\/diariodelsurdigital.com.ar\/index.php?rest_route=%2Fwp%2Fv2%2Fmedia&parent=1459"}],"wp:term":[{"taxonomy":"category","embeddable":true,"href":"https:\/\/diariodelsurdigital.com.ar\/index.php?rest_route=%2Fwp%2Fv2%2Fcategories&post=1459"},{"taxonomy":"post_tag","embeddable":true,"href":"https:\/\/diariodelsurdigital.com.ar\/index.php?rest_route=%2Fwp%2Fv2%2Ftags&post=1459"}],"curies":[{"name":"wp","href":"https:\/\/api.w.org\/{rel}","templated":true}]}}