{"id":1489,"date":"2025-03-11T19:55:34","date_gmt":"2025-03-11T22:55:34","guid":{"rendered":"https:\/\/diariodelsurdigital.com.ar\/?p=1489"},"modified":"2025-03-11T19:55:36","modified_gmt":"2025-03-11T22:55:36","slug":"mas-de-la-mitad-de-los-alumnos-argentinos-dicen-que-se-distraen-con-el-celular-en-clase","status":"publish","type":"post","link":"https:\/\/diariodelsurdigital.com.ar\/?p=1489","title":{"rendered":"M\u00e1s de la mitad de los alumnos argentinos dicen que se distraen con el celular en clase"},"content":{"rendered":"\n<p>M\u00e1s de la mitad (54%) de los estudiantes argentinos de 15 a\u00f1os reconocen que se distraen en clase usando dispositivos digitales. La cifra se ubica muy por encima del promedio de la OCDE (30%) y surge del \u00faltimo informe del Observatorio de Argentinos por la Educaci\u00f3n, basado en las respuestas de los alumnos a los cuestionarios de las pruebas PISA 2022.<\/p>\n\n\n\n<figure class=\"wp-block-image\"><img decoding=\"async\" src=\"https:\/\/apfdigital-s3.cdn.net.ar\/s3i233\/2025\/01\/apfdigital\/files\/01\/18\/11895\/cb29b1e8607fb06dd3a94f2f898154d0a274406ec9136f929a09d81052d2583a.gif\" alt=\"Publicidad\"\/><\/figure>\n\n\n\n<p><a href=\"https:\/\/www.apfdigital.com.ar\/interes-general\/\">Inter\u00e9s General<\/a><\/p>\n\n\n\n<h1 class=\"wp-block-heading\">M\u00e1s de la mitad de los alumnos argentinos dicen que se distraen con el celular en clase<\/h1>\n\n\n\n<p>M\u00e1s de la mitad (54%) de los estudiantes argentinos de 15 a\u00f1os reconocen que se distraen en clase usando dispositivos digitales. La cifra se ubica muy por encima del promedio de la OCDE (30%) y surge del \u00faltimo informe del Observatorio de Argentinos por la Educaci\u00f3n, basado en las respuestas de los alumnos a los cuestionarios de las pruebas PISA 2022.<\/p>\n\n\n\n<p>jueves 06 de marzo de 2025 | 12:03hs.<\/p>\n\n\n\n<figure class=\"wp-block-image\"><img decoding=\"async\" src=\"https:\/\/apfdigital-s3.cdn.net.ar\/s3i233\/2025\/03\/apfdigital\/images\/01\/71\/63\/1716380_d66031b31f2bf76f223a1266d92c661998485bb3a4d8f5cf089d4328dc301bc2\/md.webp\" alt=\"\"\/><\/figure>\n\n\n\n<p>El 46% de los alumnos afirma que se distrae por el uso que hacen otros compa\u00f1eros. Ambos porcentajes son los m\u00e1s altos de los 80 pa\u00edses que participaron en las \u00faltimas pruebas PISA, indica el informe, titulado \u00abCelular en el aula: uso, distracci\u00f3n y aprendizajes\u00bb y elaborado por Andrea Goldin (investigadora del CONICET y el Laboratorio de Neurociencia de la Universidad Torcuato Di Tella), Mar\u00eda Sol Alz\u00fa y Leyre S\u00e1enz Guill\u00e9n (del Observatorio de Argentinos por la Educaci\u00f3n).<\/p>\n\n\n\n<p>En 2024 la Ciudad de Buenos Aires decidi\u00f3 regular el uso de celulares en la escuela. Desde agosto del a\u00f1o pasado, en las escuelas primarias y los jardines de infantes de CABA los estudiantes no pueden usar celulares durante las clases ni en los recreos. En las secundarias, los tel\u00e9fonos deben estar guardados durante las horas de clase \u00abexcepto en las actividades pedag\u00f3gicas planificadas\u00bb, seg\u00fan la resoluci\u00f3n firmada por la ministra Mercedes Miguel. Otras provincias como Salta tambi\u00e9n aprobaron normas para restringir el uso de dispositivos, mientras que una medida similar podr\u00eda sancionarse en Tucum\u00e1n.<\/p>\n\n\n\n<p>A nivel regional, Brasil aprob\u00f3 a principios de a\u00f1o una ley limita el acceso a los celulares en las escuelas primarias y secundarias, tanto p\u00fablicas como privadas. Los tel\u00e9fonos a\u00fan est\u00e1n permitidos para fines educativos, con permiso del profesor, y cuando son necesarios para la accesibilidad y la salud del estudiante. Las escuelas tienen autonom\u00eda para establecer sus propias directrices (por ejemplo, si los estudiantes mantienen los tel\u00e9fonos en sus mochilas o deben guardarlos en casilleros o canastas).<\/p>\n\n\n\n<p>Antes de la ley federal promulgada por el presidente Lula Da Silva, la mayor\u00eda de los 26 estados de Brasil, incluido R\u00edo de Janeiro, ya hab\u00edan aprobado medidas que restring\u00edan el uso de tel\u00e9fonos en las escuelas. Otros pa\u00edses que implementaron restricciones en el uso de los tel\u00e9fonos en entornos educativos son Francia, Italia y China, as\u00ed como algunos estados de Estados Unidos y Alemania, entre otros.<\/p>\n\n\n\n<p>En CABA, el gobierno de CABA hizo un relevamiento entre 50 escuelas secundarias en octubre pasado (es decir, dos meses despu\u00e9s de emitir la resoluci\u00f3n) para medir el impacto de la medida. Seg\u00fan ese estudio, difundido por el Ministerio de Educaci\u00f3n, varios h\u00e1bitos se modificaron entre los alumnos: el 57% afirma que presta m\u00e1s atenci\u00f3n en clase y un 47% conversa m\u00e1s con amigos, mientras que el 41% se aburre m\u00e1s. En tanto, el 96% de los directivos y el 98% de los docentes consultados considera que el uso de celulares dificulta la atenci\u00f3n y participaci\u00f3n de los estudiantes.<\/p>\n\n\n\n<p>Seg\u00fan las autoridades porte\u00f1as, el objetivo de la regulaci\u00f3n es \u00abestimular la concentraci\u00f3n\u00bb de los alumnos en las horas de clase y \u00abpromover la socializaci\u00f3n\u00bb durante los recreos. La resoluci\u00f3n fij\u00f3 un \u00abpiso\u00bb de restricciones y le encomend\u00f3 a cada escuela la confecci\u00f3n de un protocolo: las instituciones educativas pueden tomar medidas a\u00fan m\u00e1s estrictas que las planteadas por el gobierno, como la prohibici\u00f3n de uso tambi\u00e9n en secundaria.<\/p>\n\n\n\n<p>\u00abLas investigaciones son contundentes: la presencia del celular en el aula tiene efectos distractivos y perjudiciales. Si acordamos limitar su uso a momentos puntuales donde la actividad lo justifique, surge un desaf\u00edo importante: \u00bfc\u00f3mo se gestiona y controla el no uso? Esto nos lleva a la necesidad de definir pol\u00edticas institucionales claras\u00bb, sostuvo Fabio Tarasow, coordinador del Proyecto Educaci\u00f3n y Nuevas Tecnolog\u00edas (PENT) de Flacso. Y plante\u00f3: \u00abSin estrategias institucionales bien definidas y un respaldo activo a docentes y directivos para implementarlas, el problema persiste\u00bb.<\/p>\n\n\n\n<p>\u00abEn buena hora somos m\u00e1s cuidadosos con el celular en el aula. Estamos atravesando un per\u00edodo de turbulencias psicosociales incubadas por la presi\u00f3n del FOMO (miedo a perderse algo), la insana socialidad digital, en donde los que m\u00e1s sufren son las infancias y adolescencias\u00bb, plante\u00f3 Alejandro Artopoulos, director del Centro de Innovaci\u00f3n Pedag\u00f3gica de la Universidad de San Andr\u00e9s. Pero concluy\u00f3: \u00abNo hay que perder de vista que la escuela debe asumir la responsabilidad de dotar a nuestros chicos de las capacidades para sus proyectos de vida y ejercer la ciudadan\u00eda digital con autonom\u00eda. Regular el uso no es sin\u00f3nimo de abstinencia\u201d, public\u00f3 InfoBae.<\/p>\n","protected":false},"excerpt":{"rendered":"<p>M\u00e1s de la mitad (54%) de los estudiantes argentinos de 15 a\u00f1os reconocen que se distraen en clase usando dispositivos digitales. La cifra se ubica muy por encima del promedio de la OCDE (30%) y surge del \u00faltimo informe del Observatorio de Argentinos por la Educaci\u00f3n, basado en las respuestas de los alumnos a los [&hellip;]<\/p>\n","protected":false},"author":4,"featured_media":1490,"comment_status":"open","ping_status":"open","sticky":false,"template":"","format":"standard","meta":{"footnotes":""},"categories":[19],"tags":[],"class_list":{"0":"post-1489","1":"post","2":"type-post","3":"status-publish","4":"format-standard","5":"has-post-thumbnail","7":"category-interes-general"},"yoast_head":"<!-- This site is optimized with the Yoast SEO plugin v27.4 - https:\/\/yoast.com\/product\/yoast-seo-wordpress\/ -->\n<title>M\u00e1s de la mitad de los alumnos argentinos dicen que se distraen con el celular en clase - Diario del Sur<\/title>\n<meta name=\"robots\" content=\"index, follow, max-snippet:-1, max-image-preview:large, max-video-preview:-1\" \/>\n<link rel=\"canonical\" href=\"https:\/\/diariodelsurdigital.com.ar\/?p=1489\" \/>\n<meta property=\"og:locale\" content=\"es_ES\" \/>\n<meta property=\"og:type\" content=\"article\" \/>\n<meta property=\"og:title\" content=\"M\u00e1s de la mitad de los alumnos argentinos dicen que se distraen con el celular en clase - Diario del Sur\" \/>\n<meta property=\"og:description\" content=\"M\u00e1s de la mitad (54%) de los estudiantes argentinos de 15 a\u00f1os reconocen que se distraen en clase usando dispositivos digitales. La cifra se ubica muy por encima del promedio de la OCDE (30%) y surge del \u00faltimo informe del Observatorio de Argentinos por la Educaci\u00f3n, basado en las respuestas de los alumnos a los [&hellip;]\" \/>\n<meta property=\"og:url\" content=\"https:\/\/diariodelsurdigital.com.ar\/?p=1489\" \/>\n<meta property=\"og:site_name\" content=\"Diario del Sur\" \/>\n<meta property=\"article:published_time\" content=\"2025-03-11T22:55:34+00:00\" \/>\n<meta property=\"article:modified_time\" content=\"2025-03-11T22:55:36+00:00\" \/>\n<meta property=\"og:image\" content=\"https:\/\/diariodelsurdigital.com.ar\/wp-content\/uploads\/2025\/03\/md-1.webp\" \/>\n\t<meta property=\"og:image:width\" content=\"992\" \/>\n\t<meta property=\"og:image:height\" content=\"624\" \/>\n\t<meta property=\"og:image:type\" content=\"image\/webp\" \/>\n<meta name=\"author\" content=\"Diario del Sur Digital\" \/>\n<meta name=\"twitter:card\" content=\"summary_large_image\" \/>\n<meta name=\"twitter:label1\" content=\"Escrito por\" \/>\n\t<meta name=\"twitter:data1\" content=\"Diario del Sur Digital\" \/>\n\t<meta name=\"twitter:label2\" content=\"Tiempo de lectura\" \/>\n\t<meta name=\"twitter:data2\" content=\"5 minutos\" \/>\n<script type=\"application\/ld+json\" class=\"yoast-schema-graph\">{\"@context\":\"https:\\\/\\\/schema.org\",\"@graph\":[{\"@type\":\"Article\",\"@id\":\"https:\\\/\\\/diariodelsurdigital.com.ar\\\/?p=1489#article\",\"isPartOf\":{\"@id\":\"https:\\\/\\\/diariodelsurdigital.com.ar\\\/?p=1489\"},\"author\":{\"name\":\"Diario del Sur Digital\",\"@id\":\"https:\\\/\\\/diariodelsurdigital.com.ar\\\/#\\\/schema\\\/person\\\/1a4992532ed62965c968031b49195c81\"},\"headline\":\"M\u00e1s de la mitad de los alumnos argentinos dicen que se distraen con el celular en clase\",\"datePublished\":\"2025-03-11T22:55:34+00:00\",\"dateModified\":\"2025-03-11T22:55:36+00:00\",\"mainEntityOfPage\":{\"@id\":\"https:\\\/\\\/diariodelsurdigital.com.ar\\\/?p=1489\"},\"wordCount\":896,\"commentCount\":0,\"image\":{\"@id\":\"https:\\\/\\\/diariodelsurdigital.com.ar\\\/?p=1489#primaryimage\"},\"thumbnailUrl\":\"https:\\\/\\\/diariodelsurdigital.com.ar\\\/wp-content\\\/uploads\\\/2025\\\/03\\\/md-1.webp\",\"articleSection\":[\"Inter\u00e9s General\"],\"inLanguage\":\"es\",\"potentialAction\":[{\"@type\":\"CommentAction\",\"name\":\"Comment\",\"target\":[\"https:\\\/\\\/diariodelsurdigital.com.ar\\\/?p=1489#respond\"]}]},{\"@type\":\"WebPage\",\"@id\":\"https:\\\/\\\/diariodelsurdigital.com.ar\\\/?p=1489\",\"url\":\"https:\\\/\\\/diariodelsurdigital.com.ar\\\/?p=1489\",\"name\":\"M\u00e1s de la mitad de los alumnos argentinos dicen que se distraen con el celular en clase - Diario del Sur\",\"isPartOf\":{\"@id\":\"https:\\\/\\\/diariodelsurdigital.com.ar\\\/#website\"},\"primaryImageOfPage\":{\"@id\":\"https:\\\/\\\/diariodelsurdigital.com.ar\\\/?p=1489#primaryimage\"},\"image\":{\"@id\":\"https:\\\/\\\/diariodelsurdigital.com.ar\\\/?p=1489#primaryimage\"},\"thumbnailUrl\":\"https:\\\/\\\/diariodelsurdigital.com.ar\\\/wp-content\\\/uploads\\\/2025\\\/03\\\/md-1.webp\",\"datePublished\":\"2025-03-11T22:55:34+00:00\",\"dateModified\":\"2025-03-11T22:55:36+00:00\",\"author\":{\"@id\":\"https:\\\/\\\/diariodelsurdigital.com.ar\\\/#\\\/schema\\\/person\\\/1a4992532ed62965c968031b49195c81\"},\"breadcrumb\":{\"@id\":\"https:\\\/\\\/diariodelsurdigital.com.ar\\\/?p=1489#breadcrumb\"},\"inLanguage\":\"es\",\"potentialAction\":[{\"@type\":\"ReadAction\",\"target\":[\"https:\\\/\\\/diariodelsurdigital.com.ar\\\/?p=1489\"]}]},{\"@type\":\"ImageObject\",\"inLanguage\":\"es\",\"@id\":\"https:\\\/\\\/diariodelsurdigital.com.ar\\\/?p=1489#primaryimage\",\"url\":\"https:\\\/\\\/diariodelsurdigital.com.ar\\\/wp-content\\\/uploads\\\/2025\\\/03\\\/md-1.webp\",\"contentUrl\":\"https:\\\/\\\/diariodelsurdigital.com.ar\\\/wp-content\\\/uploads\\\/2025\\\/03\\\/md-1.webp\",\"width\":992,\"height\":624},{\"@type\":\"BreadcrumbList\",\"@id\":\"https:\\\/\\\/diariodelsurdigital.com.ar\\\/?p=1489#breadcrumb\",\"itemListElement\":[{\"@type\":\"ListItem\",\"position\":1,\"name\":\"Portada\",\"item\":\"https:\\\/\\\/diariodelsurdigital.com.ar\\\/\"},{\"@type\":\"ListItem\",\"position\":2,\"name\":\"M\u00e1s de la mitad de los alumnos argentinos dicen que se distraen con el celular en clase\"}]},{\"@type\":\"WebSite\",\"@id\":\"https:\\\/\\\/diariodelsurdigital.com.ar\\\/#website\",\"url\":\"https:\\\/\\\/diariodelsurdigital.com.ar\\\/\",\"name\":\"Diario del Sur\",\"description\":\"Digital\",\"potentialAction\":[{\"@type\":\"SearchAction\",\"target\":{\"@type\":\"EntryPoint\",\"urlTemplate\":\"https:\\\/\\\/diariodelsurdigital.com.ar\\\/?s={search_term_string}\"},\"query-input\":{\"@type\":\"PropertyValueSpecification\",\"valueRequired\":true,\"valueName\":\"search_term_string\"}}],\"inLanguage\":\"es\"},{\"@type\":\"Person\",\"@id\":\"https:\\\/\\\/diariodelsurdigital.com.ar\\\/#\\\/schema\\\/person\\\/1a4992532ed62965c968031b49195c81\",\"name\":\"Diario del Sur Digital\",\"image\":{\"@type\":\"ImageObject\",\"inLanguage\":\"es\",\"@id\":\"https:\\\/\\\/secure.gravatar.com\\\/avatar\\\/f0c7c47fc7146d19828273b9b8eda651c9c7ab583767e6338d3d3bee825adf76?s=96&d=mm&r=g\",\"url\":\"https:\\\/\\\/secure.gravatar.com\\\/avatar\\\/f0c7c47fc7146d19828273b9b8eda651c9c7ab583767e6338d3d3bee825adf76?s=96&d=mm&r=g\",\"contentUrl\":\"https:\\\/\\\/secure.gravatar.com\\\/avatar\\\/f0c7c47fc7146d19828273b9b8eda651c9c7ab583767e6338d3d3bee825adf76?s=96&d=mm&r=g\",\"caption\":\"Diario del Sur Digital\"},\"url\":\"https:\\\/\\\/diariodelsurdigital.com.ar\\\/?author=4\"}]}<\/script>\n<!-- \/ Yoast SEO plugin. -->","yoast_head_json":{"title":"M\u00e1s de la mitad de los alumnos argentinos dicen que se distraen con el celular en clase - Diario del Sur","robots":{"index":"index","follow":"follow","max-snippet":"max-snippet:-1","max-image-preview":"max-image-preview:large","max-video-preview":"max-video-preview:-1"},"canonical":"https:\/\/diariodelsurdigital.com.ar\/?p=1489","og_locale":"es_ES","og_type":"article","og_title":"M\u00e1s de la mitad de los alumnos argentinos dicen que se distraen con el celular en clase - Diario del Sur","og_description":"M\u00e1s de la mitad (54%) de los estudiantes argentinos de 15 a\u00f1os reconocen que se distraen en clase usando dispositivos digitales. La cifra se ubica muy por encima del promedio de la OCDE (30%) y surge del \u00faltimo informe del Observatorio de Argentinos por la Educaci\u00f3n, basado en las respuestas de los alumnos a los [&hellip;]","og_url":"https:\/\/diariodelsurdigital.com.ar\/?p=1489","og_site_name":"Diario del Sur","article_published_time":"2025-03-11T22:55:34+00:00","article_modified_time":"2025-03-11T22:55:36+00:00","og_image":[{"width":992,"height":624,"url":"https:\/\/diariodelsurdigital.com.ar\/wp-content\/uploads\/2025\/03\/md-1.webp","type":"image\/webp"}],"author":"Diario del Sur Digital","twitter_card":"summary_large_image","twitter_misc":{"Escrito por":"Diario del Sur Digital","Tiempo de lectura":"5 minutos"},"schema":{"@context":"https:\/\/schema.org","@graph":[{"@type":"Article","@id":"https:\/\/diariodelsurdigital.com.ar\/?p=1489#article","isPartOf":{"@id":"https:\/\/diariodelsurdigital.com.ar\/?p=1489"},"author":{"name":"Diario del Sur Digital","@id":"https:\/\/diariodelsurdigital.com.ar\/#\/schema\/person\/1a4992532ed62965c968031b49195c81"},"headline":"M\u00e1s de la mitad de los alumnos argentinos dicen que se distraen con el celular en clase","datePublished":"2025-03-11T22:55:34+00:00","dateModified":"2025-03-11T22:55:36+00:00","mainEntityOfPage":{"@id":"https:\/\/diariodelsurdigital.com.ar\/?p=1489"},"wordCount":896,"commentCount":0,"image":{"@id":"https:\/\/diariodelsurdigital.com.ar\/?p=1489#primaryimage"},"thumbnailUrl":"https:\/\/diariodelsurdigital.com.ar\/wp-content\/uploads\/2025\/03\/md-1.webp","articleSection":["Inter\u00e9s General"],"inLanguage":"es","potentialAction":[{"@type":"CommentAction","name":"Comment","target":["https:\/\/diariodelsurdigital.com.ar\/?p=1489#respond"]}]},{"@type":"WebPage","@id":"https:\/\/diariodelsurdigital.com.ar\/?p=1489","url":"https:\/\/diariodelsurdigital.com.ar\/?p=1489","name":"M\u00e1s de la mitad de los alumnos argentinos dicen que se distraen con el celular en clase - Diario del Sur","isPartOf":{"@id":"https:\/\/diariodelsurdigital.com.ar\/#website"},"primaryImageOfPage":{"@id":"https:\/\/diariodelsurdigital.com.ar\/?p=1489#primaryimage"},"image":{"@id":"https:\/\/diariodelsurdigital.com.ar\/?p=1489#primaryimage"},"thumbnailUrl":"https:\/\/diariodelsurdigital.com.ar\/wp-content\/uploads\/2025\/03\/md-1.webp","datePublished":"2025-03-11T22:55:34+00:00","dateModified":"2025-03-11T22:55:36+00:00","author":{"@id":"https:\/\/diariodelsurdigital.com.ar\/#\/schema\/person\/1a4992532ed62965c968031b49195c81"},"breadcrumb":{"@id":"https:\/\/diariodelsurdigital.com.ar\/?p=1489#breadcrumb"},"inLanguage":"es","potentialAction":[{"@type":"ReadAction","target":["https:\/\/diariodelsurdigital.com.ar\/?p=1489"]}]},{"@type":"ImageObject","inLanguage":"es","@id":"https:\/\/diariodelsurdigital.com.ar\/?p=1489#primaryimage","url":"https:\/\/diariodelsurdigital.com.ar\/wp-content\/uploads\/2025\/03\/md-1.webp","contentUrl":"https:\/\/diariodelsurdigital.com.ar\/wp-content\/uploads\/2025\/03\/md-1.webp","width":992,"height":624},{"@type":"BreadcrumbList","@id":"https:\/\/diariodelsurdigital.com.ar\/?p=1489#breadcrumb","itemListElement":[{"@type":"ListItem","position":1,"name":"Portada","item":"https:\/\/diariodelsurdigital.com.ar\/"},{"@type":"ListItem","position":2,"name":"M\u00e1s de la mitad de los alumnos argentinos dicen que se distraen con el celular en clase"}]},{"@type":"WebSite","@id":"https:\/\/diariodelsurdigital.com.ar\/#website","url":"https:\/\/diariodelsurdigital.com.ar\/","name":"Diario del Sur","description":"Digital","potentialAction":[{"@type":"SearchAction","target":{"@type":"EntryPoint","urlTemplate":"https:\/\/diariodelsurdigital.com.ar\/?s={search_term_string}"},"query-input":{"@type":"PropertyValueSpecification","valueRequired":true,"valueName":"search_term_string"}}],"inLanguage":"es"},{"@type":"Person","@id":"https:\/\/diariodelsurdigital.com.ar\/#\/schema\/person\/1a4992532ed62965c968031b49195c81","name":"Diario del Sur Digital","image":{"@type":"ImageObject","inLanguage":"es","@id":"https:\/\/secure.gravatar.com\/avatar\/f0c7c47fc7146d19828273b9b8eda651c9c7ab583767e6338d3d3bee825adf76?s=96&d=mm&r=g","url":"https:\/\/secure.gravatar.com\/avatar\/f0c7c47fc7146d19828273b9b8eda651c9c7ab583767e6338d3d3bee825adf76?s=96&d=mm&r=g","contentUrl":"https:\/\/secure.gravatar.com\/avatar\/f0c7c47fc7146d19828273b9b8eda651c9c7ab583767e6338d3d3bee825adf76?s=96&d=mm&r=g","caption":"Diario del Sur Digital"},"url":"https:\/\/diariodelsurdigital.com.ar\/?author=4"}]}},"_links":{"self":[{"href":"https:\/\/diariodelsurdigital.com.ar\/index.php?rest_route=\/wp\/v2\/posts\/1489","targetHints":{"allow":["GET"]}}],"collection":[{"href":"https:\/\/diariodelsurdigital.com.ar\/index.php?rest_route=\/wp\/v2\/posts"}],"about":[{"href":"https:\/\/diariodelsurdigital.com.ar\/index.php?rest_route=\/wp\/v2\/types\/post"}],"author":[{"embeddable":true,"href":"https:\/\/diariodelsurdigital.com.ar\/index.php?rest_route=\/wp\/v2\/users\/4"}],"replies":[{"embeddable":true,"href":"https:\/\/diariodelsurdigital.com.ar\/index.php?rest_route=%2Fwp%2Fv2%2Fcomments&post=1489"}],"version-history":[{"count":1,"href":"https:\/\/diariodelsurdigital.com.ar\/index.php?rest_route=\/wp\/v2\/posts\/1489\/revisions"}],"predecessor-version":[{"id":1491,"href":"https:\/\/diariodelsurdigital.com.ar\/index.php?rest_route=\/wp\/v2\/posts\/1489\/revisions\/1491"}],"wp:featuredmedia":[{"embeddable":true,"href":"https:\/\/diariodelsurdigital.com.ar\/index.php?rest_route=\/wp\/v2\/media\/1490"}],"wp:attachment":[{"href":"https:\/\/diariodelsurdigital.com.ar\/index.php?rest_route=%2Fwp%2Fv2%2Fmedia&parent=1489"}],"wp:term":[{"taxonomy":"category","embeddable":true,"href":"https:\/\/diariodelsurdigital.com.ar\/index.php?rest_route=%2Fwp%2Fv2%2Fcategories&post=1489"},{"taxonomy":"post_tag","embeddable":true,"href":"https:\/\/diariodelsurdigital.com.ar\/index.php?rest_route=%2Fwp%2Fv2%2Ftags&post=1489"}],"curies":[{"name":"wp","href":"https:\/\/api.w.org\/{rel}","templated":true}]}}