{"id":1492,"date":"2025-03-11T19:59:02","date_gmt":"2025-03-11T22:59:02","guid":{"rendered":"https:\/\/diariodelsurdigital.com.ar\/?p=1492"},"modified":"2025-03-11T19:59:03","modified_gmt":"2025-03-11T22:59:03","slug":"milei-firmo-el-dnu-del-acuerdo-con-el-fondo","status":"publish","type":"post","link":"https:\/\/diariodelsurdigital.com.ar\/?p=1492","title":{"rendered":"Milei firm\u00f3 el DNU del acuerdo con el Fondo"},"content":{"rendered":"\n<p>El presidente Javier Milei firm\u00f3 el decreto de necesidad y urgencia con el acuerdo alcanzado con el Fondo Monetario Internacional. El mismo ser\u00e1 publicado este martes en el Bolet\u00edn Oficial y cuenta con cinco art\u00edculos, el primero de los cuales establece que el Programa de Facilidades Extendidas celebrado con el FMI tendr\u00e1 un plazo de amortizaci\u00f3n de diez a\u00f1os.<\/p>\n\n\n\n<p>Seg\u00fan establece el texto conocido, el cr\u00e9dito otorgado por el organismo encabezado por Kristalina Georgieva ser\u00e1 destinado a la cancelaci\u00f3n de las letras intransferibles en d\u00f3lares estadounidenses en poder del Banco Central de la Rep\u00fablica Argentina; como as\u00ed tambi\u00e9n las operaciones de cr\u00e9dito p\u00fablico en el marco del Programa de Facilidades Extendidas del 2022, cuyo vencimiento opere dentro de los 4 a\u00f1os de la suscripci\u00f3n del acuerdo.<\/p>\n\n\n\n<p>El DNU no da mayores detalles sobre el acuerdo, fundamentalmente el monto establecido, public\u00f3 Parlamentario.<\/p>\n\n\n\n<p>El presidente de la Naci\u00f3n adelant\u00f3 el 1\u00b0 de marzo ante la Asamblea Legislativa que su gobierno est\u00e1 avanzando \u201cen un acuerdo con el Fondo Monetario Internacional para poder terminar de sanear el balance del Banco Central y salir del cepo cambiario definitivamente durante este a\u00f1o\u201d.<\/p>\n\n\n\n<p>En esa oportunidad inform\u00f3 que en los pr\u00f3ximos d\u00edas le pedir\u00eda al Congreso que apoye al Gobierno en este nuevo acuerdo con el Fondo Monetario Internacional. En rigor, as\u00ed lo establece la Ley 27.612 de Fortalecimiento de la Sostenibilidad de la Deuda P\u00fablica, que en su art\u00edculo 2\u00b0 dice que \u201ctodo programa de financiamiento u operaci\u00f3n de cr\u00e9dito p\u00fablico realizados con el Fondo Monetario Internacional (FMI), as\u00ed como tambi\u00e9n cualquier ampliaci\u00f3n de los montos de esos programas u operaciones, requerir\u00e1 de una ley del Honorable Congreso de la Naci\u00f3n que lo apruebe expresamente\u201d.<\/p>\n\n\n\n<p>Como se ve, la norma habla de una ley y no un DNU, como lo que env\u00eda el Poder Ejecutivo al Congreso, por lo que previsiblemente la oposici\u00f3n reaccion\u00f3 de manera cr\u00edtica.<\/p>\n\n\n\n<p>El ministro de Econom\u00eda, Luis Caputo, justific\u00f3 el uso de la facultad del Poder Ejecutivo de apelar a un DNU con el argumento de que enviar un proyecto al Congreso \u201cdemorar\u00eda\u201d el avance porque \u201cen el Senado hay mayor\u00eda kirchnerista\u201d.<\/p>\n\n\n\n<p>El titular del Palacio de Hacienda se mostr\u00f3 optimista de que la C\u00e1mara de Diputados apruebe el decreto una vez que sea tratado en el recinto. En caso de que la Comisi\u00f3n Bicameral Permanente de Tr\u00e1mite Legislativo no convoque el tratamiento del DNU, el mismo podr\u00e1 ser llevado al recinto de cualquiera de las dos c\u00e1maras trascurridos los diez d\u00edas h\u00e1biles desde su ingreso.<\/p>\n\n\n\n<p>No obstante, con la sola aprobaci\u00f3n de una c\u00e1mara, el DNU quedar\u00e1 vigente, pero requiere del rechazo de ambas para su derogaci\u00f3n. Cabe recordar que el gobierno de Javier Milei fue el primero desde la sanci\u00f3n de la Ley 26.122 (marco normativo de los DNU) al que el Congreso le derog\u00f3 un decreto cuando en septiembre pasado el Senado (primero Diputados en agosto) hizo caer el DNU 656\/24, por el cual se asign\u00f3 100 mil millones de pesos a la Secretar\u00eda de Inteligencia de Estado (SIDE).&nbsp;<\/p>\n","protected":false},"excerpt":{"rendered":"<p>El presidente Javier Milei firm\u00f3 el decreto de necesidad y urgencia con el acuerdo alcanzado con el Fondo Monetario Internacional. El mismo ser\u00e1 publicado este martes en el Bolet\u00edn Oficial y cuenta con cinco art\u00edculos, el primero de los cuales establece que el Programa de Facilidades Extendidas celebrado con el FMI tendr\u00e1 un plazo de [&hellip;]<\/p>\n","protected":false},"author":4,"featured_media":1246,"comment_status":"open","ping_status":"open","sticky":false,"template":"","format":"standard","meta":{"footnotes":""},"categories":[18,22],"tags":[],"class_list":{"0":"post-1492","1":"post","2":"type-post","3":"status-publish","4":"format-standard","5":"has-post-thumbnail","7":"category-nacionales","8":"category-politica"},"yoast_head":"<!-- This site is optimized with the Yoast SEO plugin v27.4 - https:\/\/yoast.com\/product\/yoast-seo-wordpress\/ -->\n<title>Milei firm\u00f3 el DNU del acuerdo con el Fondo - Diario del Sur<\/title>\n<meta name=\"robots\" content=\"index, follow, max-snippet:-1, max-image-preview:large, max-video-preview:-1\" \/>\n<link rel=\"canonical\" href=\"https:\/\/diariodelsurdigital.com.ar\/?p=1492\" \/>\n<meta property=\"og:locale\" content=\"es_ES\" \/>\n<meta property=\"og:type\" content=\"article\" \/>\n<meta property=\"og:title\" content=\"Milei firm\u00f3 el DNU del acuerdo con el Fondo - Diario del Sur\" \/>\n<meta property=\"og:description\" content=\"El presidente Javier Milei firm\u00f3 el decreto de necesidad y urgencia con el acuerdo alcanzado con el Fondo Monetario Internacional. El mismo ser\u00e1 publicado este martes en el Bolet\u00edn Oficial y cuenta con cinco art\u00edculos, el primero de los cuales establece que el Programa de Facilidades Extendidas celebrado con el FMI tendr\u00e1 un plazo de [&hellip;]\" \/>\n<meta property=\"og:url\" content=\"https:\/\/diariodelsurdigital.com.ar\/?p=1492\" \/>\n<meta property=\"og:site_name\" content=\"Diario del Sur\" \/>\n<meta property=\"article:published_time\" content=\"2025-03-11T22:59:02+00:00\" \/>\n<meta property=\"article:modified_time\" content=\"2025-03-11T22:59:03+00:00\" \/>\n<meta property=\"og:image\" content=\"https:\/\/diariodelsurdigital.com.ar\/wp-content\/uploads\/2025\/02\/md-18.webp\" \/>\n\t<meta property=\"og:image:width\" content=\"992\" \/>\n\t<meta property=\"og:image:height\" content=\"552\" \/>\n\t<meta property=\"og:image:type\" content=\"image\/webp\" \/>\n<meta name=\"author\" content=\"Diario del Sur Digital\" \/>\n<meta name=\"twitter:card\" content=\"summary_large_image\" \/>\n<meta name=\"twitter:label1\" content=\"Escrito por\" \/>\n\t<meta name=\"twitter:data1\" content=\"Diario del Sur Digital\" \/>\n\t<meta name=\"twitter:label2\" content=\"Tiempo de lectura\" \/>\n\t<meta name=\"twitter:data2\" content=\"3 minutos\" \/>\n<script type=\"application\/ld+json\" class=\"yoast-schema-graph\">{\"@context\":\"https:\\\/\\\/schema.org\",\"@graph\":[{\"@type\":\"Article\",\"@id\":\"https:\\\/\\\/diariodelsurdigital.com.ar\\\/?p=1492#article\",\"isPartOf\":{\"@id\":\"https:\\\/\\\/diariodelsurdigital.com.ar\\\/?p=1492\"},\"author\":{\"name\":\"Diario del Sur Digital\",\"@id\":\"https:\\\/\\\/diariodelsurdigital.com.ar\\\/#\\\/schema\\\/person\\\/1a4992532ed62965c968031b49195c81\"},\"headline\":\"Milei firm\u00f3 el DNU del acuerdo con el Fondo\",\"datePublished\":\"2025-03-11T22:59:02+00:00\",\"dateModified\":\"2025-03-11T22:59:03+00:00\",\"mainEntityOfPage\":{\"@id\":\"https:\\\/\\\/diariodelsurdigital.com.ar\\\/?p=1492\"},\"wordCount\":548,\"commentCount\":0,\"image\":{\"@id\":\"https:\\\/\\\/diariodelsurdigital.com.ar\\\/?p=1492#primaryimage\"},\"thumbnailUrl\":\"https:\\\/\\\/diariodelsurdigital.com.ar\\\/wp-content\\\/uploads\\\/2025\\\/02\\\/md-18.webp\",\"articleSection\":[\"Nacionales\",\"Pol\u00edtica\"],\"inLanguage\":\"es\",\"potentialAction\":[{\"@type\":\"CommentAction\",\"name\":\"Comment\",\"target\":[\"https:\\\/\\\/diariodelsurdigital.com.ar\\\/?p=1492#respond\"]}]},{\"@type\":\"WebPage\",\"@id\":\"https:\\\/\\\/diariodelsurdigital.com.ar\\\/?p=1492\",\"url\":\"https:\\\/\\\/diariodelsurdigital.com.ar\\\/?p=1492\",\"name\":\"Milei firm\u00f3 el DNU del acuerdo con el Fondo - Diario del Sur\",\"isPartOf\":{\"@id\":\"https:\\\/\\\/diariodelsurdigital.com.ar\\\/#website\"},\"primaryImageOfPage\":{\"@id\":\"https:\\\/\\\/diariodelsurdigital.com.ar\\\/?p=1492#primaryimage\"},\"image\":{\"@id\":\"https:\\\/\\\/diariodelsurdigital.com.ar\\\/?p=1492#primaryimage\"},\"thumbnailUrl\":\"https:\\\/\\\/diariodelsurdigital.com.ar\\\/wp-content\\\/uploads\\\/2025\\\/02\\\/md-18.webp\",\"datePublished\":\"2025-03-11T22:59:02+00:00\",\"dateModified\":\"2025-03-11T22:59:03+00:00\",\"author\":{\"@id\":\"https:\\\/\\\/diariodelsurdigital.com.ar\\\/#\\\/schema\\\/person\\\/1a4992532ed62965c968031b49195c81\"},\"breadcrumb\":{\"@id\":\"https:\\\/\\\/diariodelsurdigital.com.ar\\\/?p=1492#breadcrumb\"},\"inLanguage\":\"es\",\"potentialAction\":[{\"@type\":\"ReadAction\",\"target\":[\"https:\\\/\\\/diariodelsurdigital.com.ar\\\/?p=1492\"]}]},{\"@type\":\"ImageObject\",\"inLanguage\":\"es\",\"@id\":\"https:\\\/\\\/diariodelsurdigital.com.ar\\\/?p=1492#primaryimage\",\"url\":\"https:\\\/\\\/diariodelsurdigital.com.ar\\\/wp-content\\\/uploads\\\/2025\\\/02\\\/md-18.webp\",\"contentUrl\":\"https:\\\/\\\/diariodelsurdigital.com.ar\\\/wp-content\\\/uploads\\\/2025\\\/02\\\/md-18.webp\",\"width\":992,\"height\":552},{\"@type\":\"BreadcrumbList\",\"@id\":\"https:\\\/\\\/diariodelsurdigital.com.ar\\\/?p=1492#breadcrumb\",\"itemListElement\":[{\"@type\":\"ListItem\",\"position\":1,\"name\":\"Portada\",\"item\":\"https:\\\/\\\/diariodelsurdigital.com.ar\\\/\"},{\"@type\":\"ListItem\",\"position\":2,\"name\":\"Milei firm\u00f3 el DNU del acuerdo con el Fondo\"}]},{\"@type\":\"WebSite\",\"@id\":\"https:\\\/\\\/diariodelsurdigital.com.ar\\\/#website\",\"url\":\"https:\\\/\\\/diariodelsurdigital.com.ar\\\/\",\"name\":\"Diario del Sur\",\"description\":\"Digital\",\"potentialAction\":[{\"@type\":\"SearchAction\",\"target\":{\"@type\":\"EntryPoint\",\"urlTemplate\":\"https:\\\/\\\/diariodelsurdigital.com.ar\\\/?s={search_term_string}\"},\"query-input\":{\"@type\":\"PropertyValueSpecification\",\"valueRequired\":true,\"valueName\":\"search_term_string\"}}],\"inLanguage\":\"es\"},{\"@type\":\"Person\",\"@id\":\"https:\\\/\\\/diariodelsurdigital.com.ar\\\/#\\\/schema\\\/person\\\/1a4992532ed62965c968031b49195c81\",\"name\":\"Diario del Sur Digital\",\"image\":{\"@type\":\"ImageObject\",\"inLanguage\":\"es\",\"@id\":\"https:\\\/\\\/secure.gravatar.com\\\/avatar\\\/f0c7c47fc7146d19828273b9b8eda651c9c7ab583767e6338d3d3bee825adf76?s=96&d=mm&r=g\",\"url\":\"https:\\\/\\\/secure.gravatar.com\\\/avatar\\\/f0c7c47fc7146d19828273b9b8eda651c9c7ab583767e6338d3d3bee825adf76?s=96&d=mm&r=g\",\"contentUrl\":\"https:\\\/\\\/secure.gravatar.com\\\/avatar\\\/f0c7c47fc7146d19828273b9b8eda651c9c7ab583767e6338d3d3bee825adf76?s=96&d=mm&r=g\",\"caption\":\"Diario del Sur Digital\"},\"url\":\"https:\\\/\\\/diariodelsurdigital.com.ar\\\/?author=4\"}]}<\/script>\n<!-- \/ Yoast SEO plugin. -->","yoast_head_json":{"title":"Milei firm\u00f3 el DNU del acuerdo con el Fondo - Diario del Sur","robots":{"index":"index","follow":"follow","max-snippet":"max-snippet:-1","max-image-preview":"max-image-preview:large","max-video-preview":"max-video-preview:-1"},"canonical":"https:\/\/diariodelsurdigital.com.ar\/?p=1492","og_locale":"es_ES","og_type":"article","og_title":"Milei firm\u00f3 el DNU del acuerdo con el Fondo - Diario del Sur","og_description":"El presidente Javier Milei firm\u00f3 el decreto de necesidad y urgencia con el acuerdo alcanzado con el Fondo Monetario Internacional. El mismo ser\u00e1 publicado este martes en el Bolet\u00edn Oficial y cuenta con cinco art\u00edculos, el primero de los cuales establece que el Programa de Facilidades Extendidas celebrado con el FMI tendr\u00e1 un plazo de [&hellip;]","og_url":"https:\/\/diariodelsurdigital.com.ar\/?p=1492","og_site_name":"Diario del Sur","article_published_time":"2025-03-11T22:59:02+00:00","article_modified_time":"2025-03-11T22:59:03+00:00","og_image":[{"width":992,"height":552,"url":"https:\/\/diariodelsurdigital.com.ar\/wp-content\/uploads\/2025\/02\/md-18.webp","type":"image\/webp"}],"author":"Diario del Sur Digital","twitter_card":"summary_large_image","twitter_misc":{"Escrito por":"Diario del Sur Digital","Tiempo de lectura":"3 minutos"},"schema":{"@context":"https:\/\/schema.org","@graph":[{"@type":"Article","@id":"https:\/\/diariodelsurdigital.com.ar\/?p=1492#article","isPartOf":{"@id":"https:\/\/diariodelsurdigital.com.ar\/?p=1492"},"author":{"name":"Diario del Sur Digital","@id":"https:\/\/diariodelsurdigital.com.ar\/#\/schema\/person\/1a4992532ed62965c968031b49195c81"},"headline":"Milei firm\u00f3 el DNU del acuerdo con el Fondo","datePublished":"2025-03-11T22:59:02+00:00","dateModified":"2025-03-11T22:59:03+00:00","mainEntityOfPage":{"@id":"https:\/\/diariodelsurdigital.com.ar\/?p=1492"},"wordCount":548,"commentCount":0,"image":{"@id":"https:\/\/diariodelsurdigital.com.ar\/?p=1492#primaryimage"},"thumbnailUrl":"https:\/\/diariodelsurdigital.com.ar\/wp-content\/uploads\/2025\/02\/md-18.webp","articleSection":["Nacionales","Pol\u00edtica"],"inLanguage":"es","potentialAction":[{"@type":"CommentAction","name":"Comment","target":["https:\/\/diariodelsurdigital.com.ar\/?p=1492#respond"]}]},{"@type":"WebPage","@id":"https:\/\/diariodelsurdigital.com.ar\/?p=1492","url":"https:\/\/diariodelsurdigital.com.ar\/?p=1492","name":"Milei firm\u00f3 el DNU del acuerdo con el Fondo - Diario del Sur","isPartOf":{"@id":"https:\/\/diariodelsurdigital.com.ar\/#website"},"primaryImageOfPage":{"@id":"https:\/\/diariodelsurdigital.com.ar\/?p=1492#primaryimage"},"image":{"@id":"https:\/\/diariodelsurdigital.com.ar\/?p=1492#primaryimage"},"thumbnailUrl":"https:\/\/diariodelsurdigital.com.ar\/wp-content\/uploads\/2025\/02\/md-18.webp","datePublished":"2025-03-11T22:59:02+00:00","dateModified":"2025-03-11T22:59:03+00:00","author":{"@id":"https:\/\/diariodelsurdigital.com.ar\/#\/schema\/person\/1a4992532ed62965c968031b49195c81"},"breadcrumb":{"@id":"https:\/\/diariodelsurdigital.com.ar\/?p=1492#breadcrumb"},"inLanguage":"es","potentialAction":[{"@type":"ReadAction","target":["https:\/\/diariodelsurdigital.com.ar\/?p=1492"]}]},{"@type":"ImageObject","inLanguage":"es","@id":"https:\/\/diariodelsurdigital.com.ar\/?p=1492#primaryimage","url":"https:\/\/diariodelsurdigital.com.ar\/wp-content\/uploads\/2025\/02\/md-18.webp","contentUrl":"https:\/\/diariodelsurdigital.com.ar\/wp-content\/uploads\/2025\/02\/md-18.webp","width":992,"height":552},{"@type":"BreadcrumbList","@id":"https:\/\/diariodelsurdigital.com.ar\/?p=1492#breadcrumb","itemListElement":[{"@type":"ListItem","position":1,"name":"Portada","item":"https:\/\/diariodelsurdigital.com.ar\/"},{"@type":"ListItem","position":2,"name":"Milei firm\u00f3 el DNU del acuerdo con el Fondo"}]},{"@type":"WebSite","@id":"https:\/\/diariodelsurdigital.com.ar\/#website","url":"https:\/\/diariodelsurdigital.com.ar\/","name":"Diario del Sur","description":"Digital","potentialAction":[{"@type":"SearchAction","target":{"@type":"EntryPoint","urlTemplate":"https:\/\/diariodelsurdigital.com.ar\/?s={search_term_string}"},"query-input":{"@type":"PropertyValueSpecification","valueRequired":true,"valueName":"search_term_string"}}],"inLanguage":"es"},{"@type":"Person","@id":"https:\/\/diariodelsurdigital.com.ar\/#\/schema\/person\/1a4992532ed62965c968031b49195c81","name":"Diario del Sur Digital","image":{"@type":"ImageObject","inLanguage":"es","@id":"https:\/\/secure.gravatar.com\/avatar\/f0c7c47fc7146d19828273b9b8eda651c9c7ab583767e6338d3d3bee825adf76?s=96&d=mm&r=g","url":"https:\/\/secure.gravatar.com\/avatar\/f0c7c47fc7146d19828273b9b8eda651c9c7ab583767e6338d3d3bee825adf76?s=96&d=mm&r=g","contentUrl":"https:\/\/secure.gravatar.com\/avatar\/f0c7c47fc7146d19828273b9b8eda651c9c7ab583767e6338d3d3bee825adf76?s=96&d=mm&r=g","caption":"Diario del Sur Digital"},"url":"https:\/\/diariodelsurdigital.com.ar\/?author=4"}]}},"_links":{"self":[{"href":"https:\/\/diariodelsurdigital.com.ar\/index.php?rest_route=\/wp\/v2\/posts\/1492","targetHints":{"allow":["GET"]}}],"collection":[{"href":"https:\/\/diariodelsurdigital.com.ar\/index.php?rest_route=\/wp\/v2\/posts"}],"about":[{"href":"https:\/\/diariodelsurdigital.com.ar\/index.php?rest_route=\/wp\/v2\/types\/post"}],"author":[{"embeddable":true,"href":"https:\/\/diariodelsurdigital.com.ar\/index.php?rest_route=\/wp\/v2\/users\/4"}],"replies":[{"embeddable":true,"href":"https:\/\/diariodelsurdigital.com.ar\/index.php?rest_route=%2Fwp%2Fv2%2Fcomments&post=1492"}],"version-history":[{"count":1,"href":"https:\/\/diariodelsurdigital.com.ar\/index.php?rest_route=\/wp\/v2\/posts\/1492\/revisions"}],"predecessor-version":[{"id":1493,"href":"https:\/\/diariodelsurdigital.com.ar\/index.php?rest_route=\/wp\/v2\/posts\/1492\/revisions\/1493"}],"wp:featuredmedia":[{"embeddable":true,"href":"https:\/\/diariodelsurdigital.com.ar\/index.php?rest_route=\/wp\/v2\/media\/1246"}],"wp:attachment":[{"href":"https:\/\/diariodelsurdigital.com.ar\/index.php?rest_route=%2Fwp%2Fv2%2Fmedia&parent=1492"}],"wp:term":[{"taxonomy":"category","embeddable":true,"href":"https:\/\/diariodelsurdigital.com.ar\/index.php?rest_route=%2Fwp%2Fv2%2Fcategories&post=1492"},{"taxonomy":"post_tag","embeddable":true,"href":"https:\/\/diariodelsurdigital.com.ar\/index.php?rest_route=%2Fwp%2Fv2%2Ftags&post=1492"}],"curies":[{"name":"wp","href":"https:\/\/api.w.org\/{rel}","templated":true}]}}