{"id":1511,"date":"2025-03-12T14:39:16","date_gmt":"2025-03-12T17:39:16","guid":{"rendered":"https:\/\/diariodelsurdigital.com.ar\/?p=1511"},"modified":"2025-03-12T14:39:17","modified_gmt":"2025-03-12T17:39:17","slug":"silvina-decco-asumio-como-diputada-en-reemplazo-de-stefania-cora-que-se-fue-al-senado-de-la-nacion","status":"publish","type":"post","link":"https:\/\/diariodelsurdigital.com.ar\/?p=1511","title":{"rendered":"Silvina Decc\u00f3 asumi\u00f3 como diputada en reemplazo de Stefan\u00eda Cora, que se fue al Senado de la Naci\u00f3n"},"content":{"rendered":"\n<p>En la sesi\u00f3n que se realiz\u00f3 este mi\u00e9rcoles 12 en la C\u00e1mara de Diputados de la Provincia, se tom\u00f3 juramento, asumi\u00f3 la banca y se puso a trabajar, la flamante diputada oriunda de Diamante, Silvina Soledad Decc\u00f3. Reemplaza a Stefan\u00eda Cora, quien e fue al Senado de la Naci\u00f3n a ocupar la banca que dej\u00f3 el expulsado senador peronista-libertario, Edgardo Kueider, investigado en Paraguay y Argentina por presuntos hechos de corrupci\u00f3n. Jur\u00f3 por Dios, por la Patria y la memoria de su padre.<\/p>\n\n\n\n<figure class=\"wp-block-image\"><img decoding=\"async\" src=\"https:\/\/apfdigital-s3.cdn.net.ar\/s3i233\/2025\/01\/apfdigital\/files\/01\/18\/11895\/cb29b1e8607fb06dd3a94f2f898154d0a274406ec9136f929a09d81052d2583a.gif\" alt=\"Publicidad\"\/><\/figure>\n\n\n\n<p><a href=\"https:\/\/www.apfdigital.com.ar\/primera-plana\/\">Primera Plana<\/a><\/p>\n\n\n\n<h1 class=\"wp-block-heading\">&nbsp; Silvina Decc\u00f3 asumi\u00f3 como diputada en reemplazo de Stefan\u00eda Cora, que se fue al Senado de la Naci\u00f3n<\/h1>\n\n\n\n<p>En la sesi\u00f3n que se realiz\u00f3 este mi\u00e9rcoles 12 en la C\u00e1mara de Diputados de la Provincia, se tom\u00f3 juramento, asumi\u00f3 la banca y se puso a trabajar, la flamante diputada oriunda de Diamante, Silvina Soledad Decc\u00f3. Reemplaza a Stefan\u00eda Cora, quien e fue al Senado de la Naci\u00f3n a ocupar la banca que dej\u00f3 el expulsado senador peronista-libertario, Edgardo Kueider, investigado en Paraguay y Argentina por presuntos hechos de corrupci\u00f3n. Jur\u00f3 por Dios, por la Patria y la memoria de su padre.<\/p>\n\n\n\n<p>mi\u00e9rcoles 12 de marzo de 2025 | 12:55hs.<\/p>\n\n\n\n<figure class=\"wp-block-image\"><img decoding=\"async\" src=\"https:\/\/apfdigital-s3.cdn.net.ar\/s3i233\/2025\/03\/apfdigital\/images\/01\/79\/88\/1798840_a580538b81df7b5cb16b70361d663fbb67b1f8c9fe38416ca4971598d0edac57\/md.webp\" alt=\"\"\/><\/figure>\n\n\n\n<p>En la segunda sesi\u00f3n ordinaria de la Honorable C\u00e1mara de Diputados de la provincia que se realiz\u00f3 este mi\u00e9rcoles 12, Silvina Soledad Decc\u00f3, jur\u00f3 \u201cpor Dios, por la Patria y la memoria de su padre\u201d y asumi\u00f3 como diputada provincial.<\/p>\n\n\n\n<blockquote class=\"wp-block-quote is-layout-flow wp-block-quote-is-layout-flow\">\n<h4 class=\"wp-block-heading\"><a href=\"https:\/\/www.apfdigital.com.ar\/noticias\/2025\/03\/12\/430556-silvina-decco-asume-la-banca-que-stefania-cora-dejo-en-la-camara-de-diputados\">Silvina Decc\u00f3 asume la banca que Stefan\u00eda Cora dej\u00f3 en la C\u00e1mara de Diputados<\/a><\/h4>\n<\/blockquote>\n\n\n\n<p>La dirigente peronista del Departamento Diamante se sum\u00f3 al bloque peronista en reemplazo de Stefan\u00eda Cora, que asumi\u00f3 hace d\u00edas la banca que qued\u00f3 vacante luego de la expulsi\u00f3n del senador peronista-libertario, Edgardo Kueider, investigado en Paraguay y Argentina por intentar ingresar al primer pa\u00eds, desde Brasil, con 210.000 d\u00f3lares, e importantes sumas en pesos y guaran\u00edes, sin declarar.&nbsp;<\/p>\n","protected":false},"excerpt":{"rendered":"<p>En la sesi\u00f3n que se realiz\u00f3 este mi\u00e9rcoles 12 en la C\u00e1mara de Diputados de la Provincia, se tom\u00f3 juramento, asumi\u00f3 la banca y se puso a trabajar, la flamante diputada oriunda de Diamante, Silvina Soledad Decc\u00f3. Reemplaza a Stefan\u00eda Cora, quien e fue al Senado de la Naci\u00f3n a ocupar la banca que dej\u00f3 [&hellip;]<\/p>\n","protected":false},"author":4,"featured_media":1512,"comment_status":"open","ping_status":"open","sticky":false,"template":"","format":"standard","meta":{"footnotes":""},"categories":[17],"tags":[],"class_list":{"0":"post-1511","1":"post","2":"type-post","3":"status-publish","4":"format-standard","5":"has-post-thumbnail","7":"category-provinciales"},"yoast_head":"<!-- This site is optimized with the Yoast SEO plugin v27.4 - https:\/\/yoast.com\/product\/yoast-seo-wordpress\/ -->\n<title>Silvina Decc\u00f3 asumi\u00f3 como diputada en reemplazo de Stefan\u00eda Cora, que se fue al Senado de la Naci\u00f3n - Diario del Sur<\/title>\n<meta name=\"robots\" content=\"index, follow, max-snippet:-1, max-image-preview:large, max-video-preview:-1\" \/>\n<link rel=\"canonical\" href=\"https:\/\/diariodelsurdigital.com.ar\/?p=1511\" \/>\n<meta property=\"og:locale\" content=\"es_ES\" \/>\n<meta property=\"og:type\" content=\"article\" \/>\n<meta property=\"og:title\" content=\"Silvina Decc\u00f3 asumi\u00f3 como diputada en reemplazo de Stefan\u00eda Cora, que se fue al Senado de la Naci\u00f3n - Diario del Sur\" \/>\n<meta property=\"og:description\" content=\"En la sesi\u00f3n que se realiz\u00f3 este mi\u00e9rcoles 12 en la C\u00e1mara de Diputados de la Provincia, se tom\u00f3 juramento, asumi\u00f3 la banca y se puso a trabajar, la flamante diputada oriunda de Diamante, Silvina Soledad Decc\u00f3. Reemplaza a Stefan\u00eda Cora, quien e fue al Senado de la Naci\u00f3n a ocupar la banca que dej\u00f3 [&hellip;]\" \/>\n<meta property=\"og:url\" content=\"https:\/\/diariodelsurdigital.com.ar\/?p=1511\" \/>\n<meta property=\"og:site_name\" content=\"Diario del Sur\" \/>\n<meta property=\"article:published_time\" content=\"2025-03-12T17:39:16+00:00\" \/>\n<meta property=\"article:modified_time\" content=\"2025-03-12T17:39:17+00:00\" \/>\n<meta property=\"og:image\" content=\"https:\/\/diariodelsurdigital.com.ar\/wp-content\/uploads\/2025\/03\/md-4-1.webp\" \/>\n\t<meta property=\"og:image:width\" content=\"992\" \/>\n\t<meta property=\"og:image:height\" content=\"660\" \/>\n\t<meta property=\"og:image:type\" content=\"image\/webp\" \/>\n<meta name=\"author\" content=\"Diario del Sur Digital\" \/>\n<meta name=\"twitter:card\" content=\"summary_large_image\" \/>\n<meta name=\"twitter:label1\" content=\"Escrito por\" \/>\n\t<meta name=\"twitter:data1\" content=\"Diario del Sur Digital\" \/>\n\t<meta name=\"twitter:label2\" content=\"Tiempo de lectura\" \/>\n\t<meta name=\"twitter:data2\" content=\"2 minutos\" \/>\n<script type=\"application\/ld+json\" class=\"yoast-schema-graph\">{\"@context\":\"https:\\\/\\\/schema.org\",\"@graph\":[{\"@type\":\"Article\",\"@id\":\"https:\\\/\\\/diariodelsurdigital.com.ar\\\/?p=1511#article\",\"isPartOf\":{\"@id\":\"https:\\\/\\\/diariodelsurdigital.com.ar\\\/?p=1511\"},\"author\":{\"name\":\"Diario del Sur Digital\",\"@id\":\"https:\\\/\\\/diariodelsurdigital.com.ar\\\/#\\\/schema\\\/person\\\/1a4992532ed62965c968031b49195c81\"},\"headline\":\"Silvina Decc\u00f3 asumi\u00f3 como diputada en reemplazo de Stefan\u00eda Cora, que se fue al Senado de la Naci\u00f3n\",\"datePublished\":\"2025-03-12T17:39:16+00:00\",\"dateModified\":\"2025-03-12T17:39:17+00:00\",\"mainEntityOfPage\":{\"@id\":\"https:\\\/\\\/diariodelsurdigital.com.ar\\\/?p=1511\"},\"wordCount\":348,\"commentCount\":0,\"image\":{\"@id\":\"https:\\\/\\\/diariodelsurdigital.com.ar\\\/?p=1511#primaryimage\"},\"thumbnailUrl\":\"https:\\\/\\\/diariodelsurdigital.com.ar\\\/wp-content\\\/uploads\\\/2025\\\/03\\\/md-4-1.webp\",\"articleSection\":[\"Provinciales\"],\"inLanguage\":\"es\",\"potentialAction\":[{\"@type\":\"CommentAction\",\"name\":\"Comment\",\"target\":[\"https:\\\/\\\/diariodelsurdigital.com.ar\\\/?p=1511#respond\"]}]},{\"@type\":\"WebPage\",\"@id\":\"https:\\\/\\\/diariodelsurdigital.com.ar\\\/?p=1511\",\"url\":\"https:\\\/\\\/diariodelsurdigital.com.ar\\\/?p=1511\",\"name\":\"Silvina Decc\u00f3 asumi\u00f3 como diputada en reemplazo de Stefan\u00eda Cora, que se fue al Senado de la Naci\u00f3n - Diario del Sur\",\"isPartOf\":{\"@id\":\"https:\\\/\\\/diariodelsurdigital.com.ar\\\/#website\"},\"primaryImageOfPage\":{\"@id\":\"https:\\\/\\\/diariodelsurdigital.com.ar\\\/?p=1511#primaryimage\"},\"image\":{\"@id\":\"https:\\\/\\\/diariodelsurdigital.com.ar\\\/?p=1511#primaryimage\"},\"thumbnailUrl\":\"https:\\\/\\\/diariodelsurdigital.com.ar\\\/wp-content\\\/uploads\\\/2025\\\/03\\\/md-4-1.webp\",\"datePublished\":\"2025-03-12T17:39:16+00:00\",\"dateModified\":\"2025-03-12T17:39:17+00:00\",\"author\":{\"@id\":\"https:\\\/\\\/diariodelsurdigital.com.ar\\\/#\\\/schema\\\/person\\\/1a4992532ed62965c968031b49195c81\"},\"breadcrumb\":{\"@id\":\"https:\\\/\\\/diariodelsurdigital.com.ar\\\/?p=1511#breadcrumb\"},\"inLanguage\":\"es\",\"potentialAction\":[{\"@type\":\"ReadAction\",\"target\":[\"https:\\\/\\\/diariodelsurdigital.com.ar\\\/?p=1511\"]}]},{\"@type\":\"ImageObject\",\"inLanguage\":\"es\",\"@id\":\"https:\\\/\\\/diariodelsurdigital.com.ar\\\/?p=1511#primaryimage\",\"url\":\"https:\\\/\\\/diariodelsurdigital.com.ar\\\/wp-content\\\/uploads\\\/2025\\\/03\\\/md-4-1.webp\",\"contentUrl\":\"https:\\\/\\\/diariodelsurdigital.com.ar\\\/wp-content\\\/uploads\\\/2025\\\/03\\\/md-4-1.webp\",\"width\":992,\"height\":660},{\"@type\":\"BreadcrumbList\",\"@id\":\"https:\\\/\\\/diariodelsurdigital.com.ar\\\/?p=1511#breadcrumb\",\"itemListElement\":[{\"@type\":\"ListItem\",\"position\":1,\"name\":\"Portada\",\"item\":\"https:\\\/\\\/diariodelsurdigital.com.ar\\\/\"},{\"@type\":\"ListItem\",\"position\":2,\"name\":\"Silvina Decc\u00f3 asumi\u00f3 como diputada en reemplazo de Stefan\u00eda Cora, que se fue al Senado de la Naci\u00f3n\"}]},{\"@type\":\"WebSite\",\"@id\":\"https:\\\/\\\/diariodelsurdigital.com.ar\\\/#website\",\"url\":\"https:\\\/\\\/diariodelsurdigital.com.ar\\\/\",\"name\":\"Diario del Sur\",\"description\":\"Digital\",\"potentialAction\":[{\"@type\":\"SearchAction\",\"target\":{\"@type\":\"EntryPoint\",\"urlTemplate\":\"https:\\\/\\\/diariodelsurdigital.com.ar\\\/?s={search_term_string}\"},\"query-input\":{\"@type\":\"PropertyValueSpecification\",\"valueRequired\":true,\"valueName\":\"search_term_string\"}}],\"inLanguage\":\"es\"},{\"@type\":\"Person\",\"@id\":\"https:\\\/\\\/diariodelsurdigital.com.ar\\\/#\\\/schema\\\/person\\\/1a4992532ed62965c968031b49195c81\",\"name\":\"Diario del Sur Digital\",\"image\":{\"@type\":\"ImageObject\",\"inLanguage\":\"es\",\"@id\":\"https:\\\/\\\/secure.gravatar.com\\\/avatar\\\/f0c7c47fc7146d19828273b9b8eda651c9c7ab583767e6338d3d3bee825adf76?s=96&d=mm&r=g\",\"url\":\"https:\\\/\\\/secure.gravatar.com\\\/avatar\\\/f0c7c47fc7146d19828273b9b8eda651c9c7ab583767e6338d3d3bee825adf76?s=96&d=mm&r=g\",\"contentUrl\":\"https:\\\/\\\/secure.gravatar.com\\\/avatar\\\/f0c7c47fc7146d19828273b9b8eda651c9c7ab583767e6338d3d3bee825adf76?s=96&d=mm&r=g\",\"caption\":\"Diario del Sur Digital\"},\"url\":\"https:\\\/\\\/diariodelsurdigital.com.ar\\\/?author=4\"}]}<\/script>\n<!-- \/ Yoast SEO plugin. -->","yoast_head_json":{"title":"Silvina Decc\u00f3 asumi\u00f3 como diputada en reemplazo de Stefan\u00eda Cora, que se fue al Senado de la Naci\u00f3n - Diario del Sur","robots":{"index":"index","follow":"follow","max-snippet":"max-snippet:-1","max-image-preview":"max-image-preview:large","max-video-preview":"max-video-preview:-1"},"canonical":"https:\/\/diariodelsurdigital.com.ar\/?p=1511","og_locale":"es_ES","og_type":"article","og_title":"Silvina Decc\u00f3 asumi\u00f3 como diputada en reemplazo de Stefan\u00eda Cora, que se fue al Senado de la Naci\u00f3n - Diario del Sur","og_description":"En la sesi\u00f3n que se realiz\u00f3 este mi\u00e9rcoles 12 en la C\u00e1mara de Diputados de la Provincia, se tom\u00f3 juramento, asumi\u00f3 la banca y se puso a trabajar, la flamante diputada oriunda de Diamante, Silvina Soledad Decc\u00f3. Reemplaza a Stefan\u00eda Cora, quien e fue al Senado de la Naci\u00f3n a ocupar la banca que dej\u00f3 [&hellip;]","og_url":"https:\/\/diariodelsurdigital.com.ar\/?p=1511","og_site_name":"Diario del Sur","article_published_time":"2025-03-12T17:39:16+00:00","article_modified_time":"2025-03-12T17:39:17+00:00","og_image":[{"width":992,"height":660,"url":"https:\/\/diariodelsurdigital.com.ar\/wp-content\/uploads\/2025\/03\/md-4-1.webp","type":"image\/webp"}],"author":"Diario del Sur Digital","twitter_card":"summary_large_image","twitter_misc":{"Escrito por":"Diario del Sur Digital","Tiempo de lectura":"2 minutos"},"schema":{"@context":"https:\/\/schema.org","@graph":[{"@type":"Article","@id":"https:\/\/diariodelsurdigital.com.ar\/?p=1511#article","isPartOf":{"@id":"https:\/\/diariodelsurdigital.com.ar\/?p=1511"},"author":{"name":"Diario del Sur Digital","@id":"https:\/\/diariodelsurdigital.com.ar\/#\/schema\/person\/1a4992532ed62965c968031b49195c81"},"headline":"Silvina Decc\u00f3 asumi\u00f3 como diputada en reemplazo de Stefan\u00eda Cora, que se fue al Senado de la Naci\u00f3n","datePublished":"2025-03-12T17:39:16+00:00","dateModified":"2025-03-12T17:39:17+00:00","mainEntityOfPage":{"@id":"https:\/\/diariodelsurdigital.com.ar\/?p=1511"},"wordCount":348,"commentCount":0,"image":{"@id":"https:\/\/diariodelsurdigital.com.ar\/?p=1511#primaryimage"},"thumbnailUrl":"https:\/\/diariodelsurdigital.com.ar\/wp-content\/uploads\/2025\/03\/md-4-1.webp","articleSection":["Provinciales"],"inLanguage":"es","potentialAction":[{"@type":"CommentAction","name":"Comment","target":["https:\/\/diariodelsurdigital.com.ar\/?p=1511#respond"]}]},{"@type":"WebPage","@id":"https:\/\/diariodelsurdigital.com.ar\/?p=1511","url":"https:\/\/diariodelsurdigital.com.ar\/?p=1511","name":"Silvina Decc\u00f3 asumi\u00f3 como diputada en reemplazo de Stefan\u00eda Cora, que se fue al Senado de la Naci\u00f3n - Diario del Sur","isPartOf":{"@id":"https:\/\/diariodelsurdigital.com.ar\/#website"},"primaryImageOfPage":{"@id":"https:\/\/diariodelsurdigital.com.ar\/?p=1511#primaryimage"},"image":{"@id":"https:\/\/diariodelsurdigital.com.ar\/?p=1511#primaryimage"},"thumbnailUrl":"https:\/\/diariodelsurdigital.com.ar\/wp-content\/uploads\/2025\/03\/md-4-1.webp","datePublished":"2025-03-12T17:39:16+00:00","dateModified":"2025-03-12T17:39:17+00:00","author":{"@id":"https:\/\/diariodelsurdigital.com.ar\/#\/schema\/person\/1a4992532ed62965c968031b49195c81"},"breadcrumb":{"@id":"https:\/\/diariodelsurdigital.com.ar\/?p=1511#breadcrumb"},"inLanguage":"es","potentialAction":[{"@type":"ReadAction","target":["https:\/\/diariodelsurdigital.com.ar\/?p=1511"]}]},{"@type":"ImageObject","inLanguage":"es","@id":"https:\/\/diariodelsurdigital.com.ar\/?p=1511#primaryimage","url":"https:\/\/diariodelsurdigital.com.ar\/wp-content\/uploads\/2025\/03\/md-4-1.webp","contentUrl":"https:\/\/diariodelsurdigital.com.ar\/wp-content\/uploads\/2025\/03\/md-4-1.webp","width":992,"height":660},{"@type":"BreadcrumbList","@id":"https:\/\/diariodelsurdigital.com.ar\/?p=1511#breadcrumb","itemListElement":[{"@type":"ListItem","position":1,"name":"Portada","item":"https:\/\/diariodelsurdigital.com.ar\/"},{"@type":"ListItem","position":2,"name":"Silvina Decc\u00f3 asumi\u00f3 como diputada en reemplazo de Stefan\u00eda Cora, que se fue al Senado de la Naci\u00f3n"}]},{"@type":"WebSite","@id":"https:\/\/diariodelsurdigital.com.ar\/#website","url":"https:\/\/diariodelsurdigital.com.ar\/","name":"Diario del Sur","description":"Digital","potentialAction":[{"@type":"SearchAction","target":{"@type":"EntryPoint","urlTemplate":"https:\/\/diariodelsurdigital.com.ar\/?s={search_term_string}"},"query-input":{"@type":"PropertyValueSpecification","valueRequired":true,"valueName":"search_term_string"}}],"inLanguage":"es"},{"@type":"Person","@id":"https:\/\/diariodelsurdigital.com.ar\/#\/schema\/person\/1a4992532ed62965c968031b49195c81","name":"Diario del Sur Digital","image":{"@type":"ImageObject","inLanguage":"es","@id":"https:\/\/secure.gravatar.com\/avatar\/f0c7c47fc7146d19828273b9b8eda651c9c7ab583767e6338d3d3bee825adf76?s=96&d=mm&r=g","url":"https:\/\/secure.gravatar.com\/avatar\/f0c7c47fc7146d19828273b9b8eda651c9c7ab583767e6338d3d3bee825adf76?s=96&d=mm&r=g","contentUrl":"https:\/\/secure.gravatar.com\/avatar\/f0c7c47fc7146d19828273b9b8eda651c9c7ab583767e6338d3d3bee825adf76?s=96&d=mm&r=g","caption":"Diario del Sur Digital"},"url":"https:\/\/diariodelsurdigital.com.ar\/?author=4"}]}},"_links":{"self":[{"href":"https:\/\/diariodelsurdigital.com.ar\/index.php?rest_route=\/wp\/v2\/posts\/1511","targetHints":{"allow":["GET"]}}],"collection":[{"href":"https:\/\/diariodelsurdigital.com.ar\/index.php?rest_route=\/wp\/v2\/posts"}],"about":[{"href":"https:\/\/diariodelsurdigital.com.ar\/index.php?rest_route=\/wp\/v2\/types\/post"}],"author":[{"embeddable":true,"href":"https:\/\/diariodelsurdigital.com.ar\/index.php?rest_route=\/wp\/v2\/users\/4"}],"replies":[{"embeddable":true,"href":"https:\/\/diariodelsurdigital.com.ar\/index.php?rest_route=%2Fwp%2Fv2%2Fcomments&post=1511"}],"version-history":[{"count":1,"href":"https:\/\/diariodelsurdigital.com.ar\/index.php?rest_route=\/wp\/v2\/posts\/1511\/revisions"}],"predecessor-version":[{"id":1513,"href":"https:\/\/diariodelsurdigital.com.ar\/index.php?rest_route=\/wp\/v2\/posts\/1511\/revisions\/1513"}],"wp:featuredmedia":[{"embeddable":true,"href":"https:\/\/diariodelsurdigital.com.ar\/index.php?rest_route=\/wp\/v2\/media\/1512"}],"wp:attachment":[{"href":"https:\/\/diariodelsurdigital.com.ar\/index.php?rest_route=%2Fwp%2Fv2%2Fmedia&parent=1511"}],"wp:term":[{"taxonomy":"category","embeddable":true,"href":"https:\/\/diariodelsurdigital.com.ar\/index.php?rest_route=%2Fwp%2Fv2%2Fcategories&post=1511"},{"taxonomy":"post_tag","embeddable":true,"href":"https:\/\/diariodelsurdigital.com.ar\/index.php?rest_route=%2Fwp%2Fv2%2Ftags&post=1511"}],"curies":[{"name":"wp","href":"https:\/\/api.w.org\/{rel}","templated":true}]}}