{"id":1514,"date":"2025-03-12T14:41:02","date_gmt":"2025-03-12T17:41:02","guid":{"rendered":"https:\/\/diariodelsurdigital.com.ar\/?p=1514"},"modified":"2025-03-12T14:41:04","modified_gmt":"2025-03-12T17:41:04","slug":"tras-las-gestiones-de-upcn-a-fin-de-mes-saldrian-los-primeros-pagos-al-personal-temporario","status":"publish","type":"post","link":"https:\/\/diariodelsurdigital.com.ar\/?p=1514","title":{"rendered":"Tras las gestiones de UPCN, a fin de mes saldr\u00edan los primeros pagos al personal temporario"},"content":{"rendered":"\n<p>El sindicato se hizo eco de la preocupaci\u00f3n de los contratados de obra que pasaron a personal temporario, por la demora en pago de sus haberes. \u201cNing\u00fan trabajador puede estar tres meses sin cobrar\u201d, afirm\u00f3 la Secretaria Adjunta, Carina Dom\u00ednguez, al tiempo que inform\u00f3 que existe un compromiso del Ministro de Econom\u00eda de \u201cabonar inmediatamente los expedientes que est\u00e9n resueltos\u201d, lo que podr\u00eda ocurrir a fines de este mes.<\/p>\n\n\n\n<p>\u201cYa no est\u00e1n en discusi\u00f3n los listados, ahora el tema es que ning\u00fan trabajador puede estar tres meses sin cobrar\u201d, expuso Dom\u00ednguez y record\u00f3 que UPCN realiz\u00f3 dos reuniones con estos trabajadores y otras tantas con el gobierno, \u201cdonde planteamos claramente que esto deb\u00eda priorizarse\u201d.<\/p>\n\n\n\n<p>\u201cLa demora es angustiante para los trabajadores, pero entendemos tambi\u00e9n que con esta medida van a cobrar mejor, van a tener certeza y ser\u00e1n reubicados de acuerdo a su funci\u00f3n y sus condiciones. Si bien no justificamos la demora, con esto se ha dado un paso fundamental\u201d, subray\u00f3 la dirigente sindical.<\/p>\n\n\n\n<p>Adem\u00e1s, resalt\u00f3 que \u201cen la paritaria, ante nuestra exigencia para que se concrete el pago, nos explicaron que a fin de mes podr\u00edan estar resueltos los primeros expedientes\u201d y tambi\u00e9n que \u201cla orden del Ministro de Econom\u00eda es abonarlos inmediatamente\u201d.<\/p>\n\n\n\n<p>\u201cNos parece un gesto enorme, porque no van a esperar la pr\u00f3xima complementaria ni que pase un mes entero, sino que est\u00e1n dispuestos a resolver en el marco de la urgencia todo lo que est\u00e9 en condiciones\u201d, ampli\u00f3 Dom\u00ednguez.<\/p>\n\n\n\n<p><strong>Atraso<\/strong><\/p>\n\n\n\n<p>La Secretaria Adjunta de UPCN aclar\u00f3 que \u201ccada ministerio y cada jurisdicci\u00f3n tiene distintos tr\u00e1mites, por lo tanto no se puede hablar de los contratos en general sino de la rapidez, o no, de cada \u00e1rea de la administraci\u00f3n p\u00fablica\u201d.<\/p>\n\n\n\n<p>Apunt\u00f3 tambi\u00e9n que \u201cel principal atraso que nos informa el Gobierno es porque, a veces, uno o dos compa\u00f1eros no presentan la documentaci\u00f3n, lo que perjudica a todos los dem\u00e1s\u201d.<\/p>\n\n\n\n<p>\u201cAs\u00ed como se solidariz\u00f3 toda la administraci\u00f3n p\u00fablica con los contratados de obra para que puedan pasar a una situaci\u00f3n mejor, es inadmisible que alguien que tiene que llevar papeles para dar cumplimiento a la parte burocr\u00e1tica, no lo haga y atrase todo el expediente\u201d, se\u00f1al\u00f3 y precis\u00f3 que cada expediente contiene los pases de todos los trabajadores del \u00e1rea. Por eso, si uno no presenta la documentaci\u00f3n, se retrasa el expediente completo.<\/p>\n\n\n\n<p>Al respecto remarc\u00f3: \u201cDe nuestra parte fuimos muy claros en solicitar que el expediente siga su curso con la informaci\u00f3n que tiene correctamente. Y que quienes no presenten la documentaci\u00f3n requerida queden afuera, porque si no la presentan es porque no necesitan la continuidad laboral\u201d.<\/p>\n\n\n\n<p>\u201cHay que ser estrictos en esto, no podemos avalar que se perjudique al resto de los trabajadores por esa omisi\u00f3n\u201d, expuso por \u00faltimo la dirigente gremial.&nbsp;<\/p>\n","protected":false},"excerpt":{"rendered":"<p>El sindicato se hizo eco de la preocupaci\u00f3n de los contratados de obra que pasaron a personal temporario, por la demora en pago de sus haberes. \u201cNing\u00fan trabajador puede estar tres meses sin cobrar\u201d, afirm\u00f3 la Secretaria Adjunta, Carina Dom\u00ednguez, al tiempo que inform\u00f3 que existe un compromiso del Ministro de Econom\u00eda de \u201cabonar inmediatamente [&hellip;]<\/p>\n","protected":false},"author":4,"featured_media":1515,"comment_status":"open","ping_status":"open","sticky":false,"template":"","format":"standard","meta":{"footnotes":""},"categories":[17],"tags":[],"class_list":{"0":"post-1514","1":"post","2":"type-post","3":"status-publish","4":"format-standard","5":"has-post-thumbnail","7":"category-provinciales"},"yoast_head":"<!-- This site is optimized with the Yoast SEO plugin v27.4 - https:\/\/yoast.com\/product\/yoast-seo-wordpress\/ -->\n<title>Tras las gestiones de UPCN, a fin de mes saldr\u00edan los primeros pagos al personal temporario - Diario del Sur<\/title>\n<meta name=\"robots\" content=\"index, follow, max-snippet:-1, max-image-preview:large, max-video-preview:-1\" \/>\n<link rel=\"canonical\" href=\"https:\/\/diariodelsurdigital.com.ar\/?p=1514\" \/>\n<meta property=\"og:locale\" content=\"es_ES\" \/>\n<meta property=\"og:type\" content=\"article\" \/>\n<meta property=\"og:title\" content=\"Tras las gestiones de UPCN, a fin de mes saldr\u00edan los primeros pagos al personal temporario - Diario del Sur\" \/>\n<meta property=\"og:description\" content=\"El sindicato se hizo eco de la preocupaci\u00f3n de los contratados de obra que pasaron a personal temporario, por la demora en pago de sus haberes. \u201cNing\u00fan trabajador puede estar tres meses sin cobrar\u201d, afirm\u00f3 la Secretaria Adjunta, Carina Dom\u00ednguez, al tiempo que inform\u00f3 que existe un compromiso del Ministro de Econom\u00eda de \u201cabonar inmediatamente [&hellip;]\" \/>\n<meta property=\"og:url\" content=\"https:\/\/diariodelsurdigital.com.ar\/?p=1514\" \/>\n<meta property=\"og:site_name\" content=\"Diario del Sur\" \/>\n<meta property=\"article:published_time\" content=\"2025-03-12T17:41:02+00:00\" \/>\n<meta property=\"article:modified_time\" content=\"2025-03-12T17:41:04+00:00\" \/>\n<meta property=\"og:image\" content=\"https:\/\/diariodelsurdigital.com.ar\/wp-content\/uploads\/2025\/03\/md-5-1.webp\" \/>\n\t<meta property=\"og:image:width\" content=\"992\" \/>\n\t<meta property=\"og:image:height\" content=\"557\" \/>\n\t<meta property=\"og:image:type\" content=\"image\/webp\" \/>\n<meta name=\"author\" content=\"Diario del Sur Digital\" \/>\n<meta name=\"twitter:card\" content=\"summary_large_image\" \/>\n<meta name=\"twitter:label1\" content=\"Escrito por\" \/>\n\t<meta name=\"twitter:data1\" content=\"Diario del Sur Digital\" \/>\n\t<meta name=\"twitter:label2\" content=\"Tiempo de lectura\" \/>\n\t<meta name=\"twitter:data2\" content=\"3 minutos\" \/>\n<script type=\"application\/ld+json\" class=\"yoast-schema-graph\">{\"@context\":\"https:\\\/\\\/schema.org\",\"@graph\":[{\"@type\":\"Article\",\"@id\":\"https:\\\/\\\/diariodelsurdigital.com.ar\\\/?p=1514#article\",\"isPartOf\":{\"@id\":\"https:\\\/\\\/diariodelsurdigital.com.ar\\\/?p=1514\"},\"author\":{\"name\":\"Diario del Sur Digital\",\"@id\":\"https:\\\/\\\/diariodelsurdigital.com.ar\\\/#\\\/schema\\\/person\\\/1a4992532ed62965c968031b49195c81\"},\"headline\":\"Tras las gestiones de UPCN, a fin de mes saldr\u00edan los primeros pagos al personal temporario\",\"datePublished\":\"2025-03-12T17:41:02+00:00\",\"dateModified\":\"2025-03-12T17:41:04+00:00\",\"mainEntityOfPage\":{\"@id\":\"https:\\\/\\\/diariodelsurdigital.com.ar\\\/?p=1514\"},\"wordCount\":515,\"commentCount\":0,\"image\":{\"@id\":\"https:\\\/\\\/diariodelsurdigital.com.ar\\\/?p=1514#primaryimage\"},\"thumbnailUrl\":\"https:\\\/\\\/diariodelsurdigital.com.ar\\\/wp-content\\\/uploads\\\/2025\\\/03\\\/md-5-1.webp\",\"articleSection\":[\"Provinciales\"],\"inLanguage\":\"es\",\"potentialAction\":[{\"@type\":\"CommentAction\",\"name\":\"Comment\",\"target\":[\"https:\\\/\\\/diariodelsurdigital.com.ar\\\/?p=1514#respond\"]}]},{\"@type\":\"WebPage\",\"@id\":\"https:\\\/\\\/diariodelsurdigital.com.ar\\\/?p=1514\",\"url\":\"https:\\\/\\\/diariodelsurdigital.com.ar\\\/?p=1514\",\"name\":\"Tras las gestiones de UPCN, a fin de mes saldr\u00edan los primeros pagos al personal temporario - Diario del Sur\",\"isPartOf\":{\"@id\":\"https:\\\/\\\/diariodelsurdigital.com.ar\\\/#website\"},\"primaryImageOfPage\":{\"@id\":\"https:\\\/\\\/diariodelsurdigital.com.ar\\\/?p=1514#primaryimage\"},\"image\":{\"@id\":\"https:\\\/\\\/diariodelsurdigital.com.ar\\\/?p=1514#primaryimage\"},\"thumbnailUrl\":\"https:\\\/\\\/diariodelsurdigital.com.ar\\\/wp-content\\\/uploads\\\/2025\\\/03\\\/md-5-1.webp\",\"datePublished\":\"2025-03-12T17:41:02+00:00\",\"dateModified\":\"2025-03-12T17:41:04+00:00\",\"author\":{\"@id\":\"https:\\\/\\\/diariodelsurdigital.com.ar\\\/#\\\/schema\\\/person\\\/1a4992532ed62965c968031b49195c81\"},\"breadcrumb\":{\"@id\":\"https:\\\/\\\/diariodelsurdigital.com.ar\\\/?p=1514#breadcrumb\"},\"inLanguage\":\"es\",\"potentialAction\":[{\"@type\":\"ReadAction\",\"target\":[\"https:\\\/\\\/diariodelsurdigital.com.ar\\\/?p=1514\"]}]},{\"@type\":\"ImageObject\",\"inLanguage\":\"es\",\"@id\":\"https:\\\/\\\/diariodelsurdigital.com.ar\\\/?p=1514#primaryimage\",\"url\":\"https:\\\/\\\/diariodelsurdigital.com.ar\\\/wp-content\\\/uploads\\\/2025\\\/03\\\/md-5-1.webp\",\"contentUrl\":\"https:\\\/\\\/diariodelsurdigital.com.ar\\\/wp-content\\\/uploads\\\/2025\\\/03\\\/md-5-1.webp\",\"width\":992,\"height\":557},{\"@type\":\"BreadcrumbList\",\"@id\":\"https:\\\/\\\/diariodelsurdigital.com.ar\\\/?p=1514#breadcrumb\",\"itemListElement\":[{\"@type\":\"ListItem\",\"position\":1,\"name\":\"Portada\",\"item\":\"https:\\\/\\\/diariodelsurdigital.com.ar\\\/\"},{\"@type\":\"ListItem\",\"position\":2,\"name\":\"Tras las gestiones de UPCN, a fin de mes saldr\u00edan los primeros pagos al personal temporario\"}]},{\"@type\":\"WebSite\",\"@id\":\"https:\\\/\\\/diariodelsurdigital.com.ar\\\/#website\",\"url\":\"https:\\\/\\\/diariodelsurdigital.com.ar\\\/\",\"name\":\"Diario del Sur\",\"description\":\"Digital\",\"potentialAction\":[{\"@type\":\"SearchAction\",\"target\":{\"@type\":\"EntryPoint\",\"urlTemplate\":\"https:\\\/\\\/diariodelsurdigital.com.ar\\\/?s={search_term_string}\"},\"query-input\":{\"@type\":\"PropertyValueSpecification\",\"valueRequired\":true,\"valueName\":\"search_term_string\"}}],\"inLanguage\":\"es\"},{\"@type\":\"Person\",\"@id\":\"https:\\\/\\\/diariodelsurdigital.com.ar\\\/#\\\/schema\\\/person\\\/1a4992532ed62965c968031b49195c81\",\"name\":\"Diario del Sur Digital\",\"image\":{\"@type\":\"ImageObject\",\"inLanguage\":\"es\",\"@id\":\"https:\\\/\\\/secure.gravatar.com\\\/avatar\\\/f0c7c47fc7146d19828273b9b8eda651c9c7ab583767e6338d3d3bee825adf76?s=96&d=mm&r=g\",\"url\":\"https:\\\/\\\/secure.gravatar.com\\\/avatar\\\/f0c7c47fc7146d19828273b9b8eda651c9c7ab583767e6338d3d3bee825adf76?s=96&d=mm&r=g\",\"contentUrl\":\"https:\\\/\\\/secure.gravatar.com\\\/avatar\\\/f0c7c47fc7146d19828273b9b8eda651c9c7ab583767e6338d3d3bee825adf76?s=96&d=mm&r=g\",\"caption\":\"Diario del Sur Digital\"},\"url\":\"https:\\\/\\\/diariodelsurdigital.com.ar\\\/?author=4\"}]}<\/script>\n<!-- \/ Yoast SEO plugin. -->","yoast_head_json":{"title":"Tras las gestiones de UPCN, a fin de mes saldr\u00edan los primeros pagos al personal temporario - Diario del Sur","robots":{"index":"index","follow":"follow","max-snippet":"max-snippet:-1","max-image-preview":"max-image-preview:large","max-video-preview":"max-video-preview:-1"},"canonical":"https:\/\/diariodelsurdigital.com.ar\/?p=1514","og_locale":"es_ES","og_type":"article","og_title":"Tras las gestiones de UPCN, a fin de mes saldr\u00edan los primeros pagos al personal temporario - Diario del Sur","og_description":"El sindicato se hizo eco de la preocupaci\u00f3n de los contratados de obra que pasaron a personal temporario, por la demora en pago de sus haberes. \u201cNing\u00fan trabajador puede estar tres meses sin cobrar\u201d, afirm\u00f3 la Secretaria Adjunta, Carina Dom\u00ednguez, al tiempo que inform\u00f3 que existe un compromiso del Ministro de Econom\u00eda de \u201cabonar inmediatamente [&hellip;]","og_url":"https:\/\/diariodelsurdigital.com.ar\/?p=1514","og_site_name":"Diario del Sur","article_published_time":"2025-03-12T17:41:02+00:00","article_modified_time":"2025-03-12T17:41:04+00:00","og_image":[{"width":992,"height":557,"url":"https:\/\/diariodelsurdigital.com.ar\/wp-content\/uploads\/2025\/03\/md-5-1.webp","type":"image\/webp"}],"author":"Diario del Sur Digital","twitter_card":"summary_large_image","twitter_misc":{"Escrito por":"Diario del Sur Digital","Tiempo de lectura":"3 minutos"},"schema":{"@context":"https:\/\/schema.org","@graph":[{"@type":"Article","@id":"https:\/\/diariodelsurdigital.com.ar\/?p=1514#article","isPartOf":{"@id":"https:\/\/diariodelsurdigital.com.ar\/?p=1514"},"author":{"name":"Diario del Sur Digital","@id":"https:\/\/diariodelsurdigital.com.ar\/#\/schema\/person\/1a4992532ed62965c968031b49195c81"},"headline":"Tras las gestiones de UPCN, a fin de mes saldr\u00edan los primeros pagos al personal temporario","datePublished":"2025-03-12T17:41:02+00:00","dateModified":"2025-03-12T17:41:04+00:00","mainEntityOfPage":{"@id":"https:\/\/diariodelsurdigital.com.ar\/?p=1514"},"wordCount":515,"commentCount":0,"image":{"@id":"https:\/\/diariodelsurdigital.com.ar\/?p=1514#primaryimage"},"thumbnailUrl":"https:\/\/diariodelsurdigital.com.ar\/wp-content\/uploads\/2025\/03\/md-5-1.webp","articleSection":["Provinciales"],"inLanguage":"es","potentialAction":[{"@type":"CommentAction","name":"Comment","target":["https:\/\/diariodelsurdigital.com.ar\/?p=1514#respond"]}]},{"@type":"WebPage","@id":"https:\/\/diariodelsurdigital.com.ar\/?p=1514","url":"https:\/\/diariodelsurdigital.com.ar\/?p=1514","name":"Tras las gestiones de UPCN, a fin de mes saldr\u00edan los primeros pagos al personal temporario - Diario del Sur","isPartOf":{"@id":"https:\/\/diariodelsurdigital.com.ar\/#website"},"primaryImageOfPage":{"@id":"https:\/\/diariodelsurdigital.com.ar\/?p=1514#primaryimage"},"image":{"@id":"https:\/\/diariodelsurdigital.com.ar\/?p=1514#primaryimage"},"thumbnailUrl":"https:\/\/diariodelsurdigital.com.ar\/wp-content\/uploads\/2025\/03\/md-5-1.webp","datePublished":"2025-03-12T17:41:02+00:00","dateModified":"2025-03-12T17:41:04+00:00","author":{"@id":"https:\/\/diariodelsurdigital.com.ar\/#\/schema\/person\/1a4992532ed62965c968031b49195c81"},"breadcrumb":{"@id":"https:\/\/diariodelsurdigital.com.ar\/?p=1514#breadcrumb"},"inLanguage":"es","potentialAction":[{"@type":"ReadAction","target":["https:\/\/diariodelsurdigital.com.ar\/?p=1514"]}]},{"@type":"ImageObject","inLanguage":"es","@id":"https:\/\/diariodelsurdigital.com.ar\/?p=1514#primaryimage","url":"https:\/\/diariodelsurdigital.com.ar\/wp-content\/uploads\/2025\/03\/md-5-1.webp","contentUrl":"https:\/\/diariodelsurdigital.com.ar\/wp-content\/uploads\/2025\/03\/md-5-1.webp","width":992,"height":557},{"@type":"BreadcrumbList","@id":"https:\/\/diariodelsurdigital.com.ar\/?p=1514#breadcrumb","itemListElement":[{"@type":"ListItem","position":1,"name":"Portada","item":"https:\/\/diariodelsurdigital.com.ar\/"},{"@type":"ListItem","position":2,"name":"Tras las gestiones de UPCN, a fin de mes saldr\u00edan los primeros pagos al personal temporario"}]},{"@type":"WebSite","@id":"https:\/\/diariodelsurdigital.com.ar\/#website","url":"https:\/\/diariodelsurdigital.com.ar\/","name":"Diario del Sur","description":"Digital","potentialAction":[{"@type":"SearchAction","target":{"@type":"EntryPoint","urlTemplate":"https:\/\/diariodelsurdigital.com.ar\/?s={search_term_string}"},"query-input":{"@type":"PropertyValueSpecification","valueRequired":true,"valueName":"search_term_string"}}],"inLanguage":"es"},{"@type":"Person","@id":"https:\/\/diariodelsurdigital.com.ar\/#\/schema\/person\/1a4992532ed62965c968031b49195c81","name":"Diario del Sur Digital","image":{"@type":"ImageObject","inLanguage":"es","@id":"https:\/\/secure.gravatar.com\/avatar\/f0c7c47fc7146d19828273b9b8eda651c9c7ab583767e6338d3d3bee825adf76?s=96&d=mm&r=g","url":"https:\/\/secure.gravatar.com\/avatar\/f0c7c47fc7146d19828273b9b8eda651c9c7ab583767e6338d3d3bee825adf76?s=96&d=mm&r=g","contentUrl":"https:\/\/secure.gravatar.com\/avatar\/f0c7c47fc7146d19828273b9b8eda651c9c7ab583767e6338d3d3bee825adf76?s=96&d=mm&r=g","caption":"Diario del Sur Digital"},"url":"https:\/\/diariodelsurdigital.com.ar\/?author=4"}]}},"_links":{"self":[{"href":"https:\/\/diariodelsurdigital.com.ar\/index.php?rest_route=\/wp\/v2\/posts\/1514","targetHints":{"allow":["GET"]}}],"collection":[{"href":"https:\/\/diariodelsurdigital.com.ar\/index.php?rest_route=\/wp\/v2\/posts"}],"about":[{"href":"https:\/\/diariodelsurdigital.com.ar\/index.php?rest_route=\/wp\/v2\/types\/post"}],"author":[{"embeddable":true,"href":"https:\/\/diariodelsurdigital.com.ar\/index.php?rest_route=\/wp\/v2\/users\/4"}],"replies":[{"embeddable":true,"href":"https:\/\/diariodelsurdigital.com.ar\/index.php?rest_route=%2Fwp%2Fv2%2Fcomments&post=1514"}],"version-history":[{"count":1,"href":"https:\/\/diariodelsurdigital.com.ar\/index.php?rest_route=\/wp\/v2\/posts\/1514\/revisions"}],"predecessor-version":[{"id":1516,"href":"https:\/\/diariodelsurdigital.com.ar\/index.php?rest_route=\/wp\/v2\/posts\/1514\/revisions\/1516"}],"wp:featuredmedia":[{"embeddable":true,"href":"https:\/\/diariodelsurdigital.com.ar\/index.php?rest_route=\/wp\/v2\/media\/1515"}],"wp:attachment":[{"href":"https:\/\/diariodelsurdigital.com.ar\/index.php?rest_route=%2Fwp%2Fv2%2Fmedia&parent=1514"}],"wp:term":[{"taxonomy":"category","embeddable":true,"href":"https:\/\/diariodelsurdigital.com.ar\/index.php?rest_route=%2Fwp%2Fv2%2Fcategories&post=1514"},{"taxonomy":"post_tag","embeddable":true,"href":"https:\/\/diariodelsurdigital.com.ar\/index.php?rest_route=%2Fwp%2Fv2%2Ftags&post=1514"}],"curies":[{"name":"wp","href":"https:\/\/api.w.org\/{rel}","templated":true}]}}