{"id":1517,"date":"2025-03-12T14:42:49","date_gmt":"2025-03-12T17:42:49","guid":{"rendered":"https:\/\/diariodelsurdigital.com.ar\/?p=1517"},"modified":"2025-03-12T14:42:50","modified_gmt":"2025-03-12T17:42:50","slug":"la-compleja-ruta-de-la-denuncia-por-posibles-desmanejos-en-el-iosper-extenderia-el-periodo-de-intervencion","status":"publish","type":"post","link":"https:\/\/diariodelsurdigital.com.ar\/?p=1517","title":{"rendered":"La compleja ruta de la denuncia por posibles desmanejos en el Iosper extender\u00eda el per\u00edodo de intervenci\u00f3n"},"content":{"rendered":"\n<p>En los pr\u00f3ximos d\u00edas la Comisi\u00f3n Fiscalizadora del Iosper har\u00e1 una presentaci\u00f3n ante el Tribunal de Cuentas para que se investiguen las posibles irregularidades que habr\u00eda cometido el Directorio que se desempe\u00f1\u00f3 hasta diciembre. Hay una serie de pasos burocr\u00e1ticos que dilatan la llegada del caso a la Justicia. Hay fuertes pruebas que evidencian sobresueldos y sobreprecios en materia de medicamentos y de pr\u00f3tesis. Se dar\u00e1n de baja varios convenios y se reformular\u00e1n convenios.<\/p>\n\n\n\n<p>Tal como lo adelant\u00f3 el gobernador Rogelio Frigerio d\u00edas atr\u00e1s, es inminente la denuncia por demanejos e irregularidades en el Instituto de la Obra Social de la Provincia de Entre R\u00edos, que se encuentra intervenida desde el mes de diciembre por el Gobierno provincial.<\/p>\n\n\n\n<p>Pero el engorroso camino por el que debe transitar la denuncia provocar\u00eda que se dilate su ingreso a Tribunales y, en consecuencia, que la intervenci\u00f3n del Iosper se extienda m\u00e1s all\u00e1 de junio (mes en el que estaba previsto que finalice).<\/p>\n\n\n\n<p>La Comisi\u00f3n Fiscalizadora del Iosper, que es el organismo de control interno, es la encargada de avanzar en la denuncia y para ello deber seguir ciertos pasos institucionales y burocr\u00e1ticos que dilatan en el tiempo la posibilidad de que la Justicia abra una investigaci\u00f3n para que se indague sobre el desempe\u00f1o de los ahora ex Directores de la obra social m\u00e1s grande de Entre R\u00edos.<\/p>\n\n\n\n<blockquote class=\"wp-block-quote is-layout-flow wp-block-quote-is-layout-flow\">\n<h4 class=\"wp-block-heading\"><a href=\"https:\/\/www.apfdigital.com.ar\/noticias\/2025\/03\/06\/430440-frigerio-adelanto-que-ira-a-la-justicia-tras-la-intervencion-del-iosper\">Frigerio adelant\u00f3 que ir\u00e1 a la Justicia tras la intervenci\u00f3n del Iosper<\/a><\/h4>\n<\/blockquote>\n\n\n\n<p>Los pasos a seguir son los siguientes: la intervenci\u00f3n env\u00eda las pruebas a la Comisi\u00f3n, est\u00e1 debe elevarlas al Tribunal de Cuentas de la Provincia, de ah\u00ed pasa a la Justicia y reci\u00e9n despu\u00e9s llegar\u00eda a Tribunales.<br>Entre las irregularidades encontradas, algunas de las cuales ya fueron dadas a conocer por los interventores de la obra social, se encuentran evidentes sobreprecios de hasta mil por ciento en medicamentos de alto costo, ser\u00edas anomal\u00edas en la provisi\u00f3n de pr\u00f3tesis y un centenar de trabajadores que no iban a trabajar.<\/p>\n\n\n\n<p>En relaci\u00f3n a las irregularidades con la pr\u00f3tesis se arm\u00f3 una suerte de cartelizaci\u00f3n entre pocas empresas con las que el Iosper firm\u00f3 un contrato oneroso y las prestaciones para nada se correspond\u00edan con ese monto.<\/p>\n\n\n\n<p>La irregularidades son tantas que hasta el inicio de la intervenci\u00f3n hab\u00eda unas 1.200 cirug\u00edas adeudadas que requer\u00edan pr\u00f3tesis y el colmo es que las propias ortopedias determinaban cu\u00e1les pr\u00f3tesis se entregaban y cu\u00e1les no, es decir, ten\u00edan la \u00faltima palabra sobre qui\u00e9n se pod\u00eda operar.<\/p>\n\n\n\n<p>Las inconsistencias que se registraron en materia de pr\u00f3tesis, medicamentos y otros prestadores demuestran que hay un patr\u00f3n de conducta que beneficiaba a ciertos actores y perjudicaba a la obra social y a sus afiliados.<\/p>\n\n\n\n<p>Es en este marco que la Intervenci\u00f3n del Iosper adelant\u00f3 que dar\u00e1 de baja varios de los contratos de manera justificada, se llamar\u00e1 a licitaci\u00f3n y se har\u00e1n nuevos convenios bajo otro formato regidos bajo un perfil de trazabilidad particular.<\/p>\n","protected":false},"excerpt":{"rendered":"<p>En los pr\u00f3ximos d\u00edas la Comisi\u00f3n Fiscalizadora del Iosper har\u00e1 una presentaci\u00f3n ante el Tribunal de Cuentas para que se investiguen las posibles irregularidades que habr\u00eda cometido el Directorio que se desempe\u00f1\u00f3 hasta diciembre. Hay una serie de pasos burocr\u00e1ticos que dilatan la llegada del caso a la Justicia. Hay fuertes pruebas que evidencian sobresueldos [&hellip;]<\/p>\n","protected":false},"author":4,"featured_media":1518,"comment_status":"open","ping_status":"open","sticky":false,"template":"","format":"standard","meta":{"footnotes":""},"categories":[19,17],"tags":[],"class_list":{"0":"post-1517","1":"post","2":"type-post","3":"status-publish","4":"format-standard","5":"has-post-thumbnail","7":"category-interes-general","8":"category-provinciales"},"yoast_head":"<!-- This site is optimized with the Yoast SEO plugin v27.4 - https:\/\/yoast.com\/product\/yoast-seo-wordpress\/ -->\n<title>La compleja ruta de la denuncia por posibles desmanejos en el Iosper extender\u00eda el per\u00edodo de intervenci\u00f3n - Diario del Sur<\/title>\n<meta name=\"robots\" content=\"index, follow, max-snippet:-1, max-image-preview:large, max-video-preview:-1\" \/>\n<link rel=\"canonical\" href=\"https:\/\/diariodelsurdigital.com.ar\/?p=1517\" \/>\n<meta property=\"og:locale\" content=\"es_ES\" \/>\n<meta property=\"og:type\" content=\"article\" \/>\n<meta property=\"og:title\" content=\"La compleja ruta de la denuncia por posibles desmanejos en el Iosper extender\u00eda el per\u00edodo de intervenci\u00f3n - Diario del Sur\" \/>\n<meta property=\"og:description\" content=\"En los pr\u00f3ximos d\u00edas la Comisi\u00f3n Fiscalizadora del Iosper har\u00e1 una presentaci\u00f3n ante el Tribunal de Cuentas para que se investiguen las posibles irregularidades que habr\u00eda cometido el Directorio que se desempe\u00f1\u00f3 hasta diciembre. Hay una serie de pasos burocr\u00e1ticos que dilatan la llegada del caso a la Justicia. Hay fuertes pruebas que evidencian sobresueldos [&hellip;]\" \/>\n<meta property=\"og:url\" content=\"https:\/\/diariodelsurdigital.com.ar\/?p=1517\" \/>\n<meta property=\"og:site_name\" content=\"Diario del Sur\" \/>\n<meta property=\"article:published_time\" content=\"2025-03-12T17:42:49+00:00\" \/>\n<meta property=\"article:modified_time\" content=\"2025-03-12T17:42:50+00:00\" \/>\n<meta property=\"og:image\" content=\"https:\/\/diariodelsurdigital.com.ar\/wp-content\/uploads\/2025\/03\/md-6-1.webp\" \/>\n\t<meta property=\"og:image:width\" content=\"992\" \/>\n\t<meta property=\"og:image:height\" content=\"547\" \/>\n\t<meta property=\"og:image:type\" content=\"image\/webp\" \/>\n<meta name=\"author\" content=\"Diario del Sur Digital\" \/>\n<meta name=\"twitter:card\" content=\"summary_large_image\" \/>\n<meta name=\"twitter:label1\" content=\"Escrito por\" \/>\n\t<meta name=\"twitter:data1\" content=\"Diario del Sur Digital\" \/>\n\t<meta name=\"twitter:label2\" content=\"Tiempo de lectura\" \/>\n\t<meta name=\"twitter:data2\" content=\"3 minutos\" \/>\n<script type=\"application\/ld+json\" class=\"yoast-schema-graph\">{\"@context\":\"https:\\\/\\\/schema.org\",\"@graph\":[{\"@type\":\"Article\",\"@id\":\"https:\\\/\\\/diariodelsurdigital.com.ar\\\/?p=1517#article\",\"isPartOf\":{\"@id\":\"https:\\\/\\\/diariodelsurdigital.com.ar\\\/?p=1517\"},\"author\":{\"name\":\"Diario del Sur Digital\",\"@id\":\"https:\\\/\\\/diariodelsurdigital.com.ar\\\/#\\\/schema\\\/person\\\/1a4992532ed62965c968031b49195c81\"},\"headline\":\"La compleja ruta de la denuncia por posibles desmanejos en el Iosper extender\u00eda el per\u00edodo de intervenci\u00f3n\",\"datePublished\":\"2025-03-12T17:42:49+00:00\",\"dateModified\":\"2025-03-12T17:42:50+00:00\",\"mainEntityOfPage\":{\"@id\":\"https:\\\/\\\/diariodelsurdigital.com.ar\\\/?p=1517\"},\"wordCount\":552,\"commentCount\":0,\"image\":{\"@id\":\"https:\\\/\\\/diariodelsurdigital.com.ar\\\/?p=1517#primaryimage\"},\"thumbnailUrl\":\"https:\\\/\\\/diariodelsurdigital.com.ar\\\/wp-content\\\/uploads\\\/2025\\\/03\\\/md-6-1.webp\",\"articleSection\":[\"Inter\u00e9s General\",\"Provinciales\"],\"inLanguage\":\"es\",\"potentialAction\":[{\"@type\":\"CommentAction\",\"name\":\"Comment\",\"target\":[\"https:\\\/\\\/diariodelsurdigital.com.ar\\\/?p=1517#respond\"]}]},{\"@type\":\"WebPage\",\"@id\":\"https:\\\/\\\/diariodelsurdigital.com.ar\\\/?p=1517\",\"url\":\"https:\\\/\\\/diariodelsurdigital.com.ar\\\/?p=1517\",\"name\":\"La compleja ruta de la denuncia por posibles desmanejos en el Iosper extender\u00eda el per\u00edodo de intervenci\u00f3n - Diario del Sur\",\"isPartOf\":{\"@id\":\"https:\\\/\\\/diariodelsurdigital.com.ar\\\/#website\"},\"primaryImageOfPage\":{\"@id\":\"https:\\\/\\\/diariodelsurdigital.com.ar\\\/?p=1517#primaryimage\"},\"image\":{\"@id\":\"https:\\\/\\\/diariodelsurdigital.com.ar\\\/?p=1517#primaryimage\"},\"thumbnailUrl\":\"https:\\\/\\\/diariodelsurdigital.com.ar\\\/wp-content\\\/uploads\\\/2025\\\/03\\\/md-6-1.webp\",\"datePublished\":\"2025-03-12T17:42:49+00:00\",\"dateModified\":\"2025-03-12T17:42:50+00:00\",\"author\":{\"@id\":\"https:\\\/\\\/diariodelsurdigital.com.ar\\\/#\\\/schema\\\/person\\\/1a4992532ed62965c968031b49195c81\"},\"breadcrumb\":{\"@id\":\"https:\\\/\\\/diariodelsurdigital.com.ar\\\/?p=1517#breadcrumb\"},\"inLanguage\":\"es\",\"potentialAction\":[{\"@type\":\"ReadAction\",\"target\":[\"https:\\\/\\\/diariodelsurdigital.com.ar\\\/?p=1517\"]}]},{\"@type\":\"ImageObject\",\"inLanguage\":\"es\",\"@id\":\"https:\\\/\\\/diariodelsurdigital.com.ar\\\/?p=1517#primaryimage\",\"url\":\"https:\\\/\\\/diariodelsurdigital.com.ar\\\/wp-content\\\/uploads\\\/2025\\\/03\\\/md-6-1.webp\",\"contentUrl\":\"https:\\\/\\\/diariodelsurdigital.com.ar\\\/wp-content\\\/uploads\\\/2025\\\/03\\\/md-6-1.webp\",\"width\":992,\"height\":547},{\"@type\":\"BreadcrumbList\",\"@id\":\"https:\\\/\\\/diariodelsurdigital.com.ar\\\/?p=1517#breadcrumb\",\"itemListElement\":[{\"@type\":\"ListItem\",\"position\":1,\"name\":\"Portada\",\"item\":\"https:\\\/\\\/diariodelsurdigital.com.ar\\\/\"},{\"@type\":\"ListItem\",\"position\":2,\"name\":\"La compleja ruta de la denuncia por posibles desmanejos en el Iosper extender\u00eda el per\u00edodo de intervenci\u00f3n\"}]},{\"@type\":\"WebSite\",\"@id\":\"https:\\\/\\\/diariodelsurdigital.com.ar\\\/#website\",\"url\":\"https:\\\/\\\/diariodelsurdigital.com.ar\\\/\",\"name\":\"Diario del Sur\",\"description\":\"Digital\",\"potentialAction\":[{\"@type\":\"SearchAction\",\"target\":{\"@type\":\"EntryPoint\",\"urlTemplate\":\"https:\\\/\\\/diariodelsurdigital.com.ar\\\/?s={search_term_string}\"},\"query-input\":{\"@type\":\"PropertyValueSpecification\",\"valueRequired\":true,\"valueName\":\"search_term_string\"}}],\"inLanguage\":\"es\"},{\"@type\":\"Person\",\"@id\":\"https:\\\/\\\/diariodelsurdigital.com.ar\\\/#\\\/schema\\\/person\\\/1a4992532ed62965c968031b49195c81\",\"name\":\"Diario del Sur Digital\",\"image\":{\"@type\":\"ImageObject\",\"inLanguage\":\"es\",\"@id\":\"https:\\\/\\\/secure.gravatar.com\\\/avatar\\\/f0c7c47fc7146d19828273b9b8eda651c9c7ab583767e6338d3d3bee825adf76?s=96&d=mm&r=g\",\"url\":\"https:\\\/\\\/secure.gravatar.com\\\/avatar\\\/f0c7c47fc7146d19828273b9b8eda651c9c7ab583767e6338d3d3bee825adf76?s=96&d=mm&r=g\",\"contentUrl\":\"https:\\\/\\\/secure.gravatar.com\\\/avatar\\\/f0c7c47fc7146d19828273b9b8eda651c9c7ab583767e6338d3d3bee825adf76?s=96&d=mm&r=g\",\"caption\":\"Diario del Sur Digital\"},\"url\":\"https:\\\/\\\/diariodelsurdigital.com.ar\\\/?author=4\"}]}<\/script>\n<!-- \/ Yoast SEO plugin. -->","yoast_head_json":{"title":"La compleja ruta de la denuncia por posibles desmanejos en el Iosper extender\u00eda el per\u00edodo de intervenci\u00f3n - Diario del Sur","robots":{"index":"index","follow":"follow","max-snippet":"max-snippet:-1","max-image-preview":"max-image-preview:large","max-video-preview":"max-video-preview:-1"},"canonical":"https:\/\/diariodelsurdigital.com.ar\/?p=1517","og_locale":"es_ES","og_type":"article","og_title":"La compleja ruta de la denuncia por posibles desmanejos en el Iosper extender\u00eda el per\u00edodo de intervenci\u00f3n - Diario del Sur","og_description":"En los pr\u00f3ximos d\u00edas la Comisi\u00f3n Fiscalizadora del Iosper har\u00e1 una presentaci\u00f3n ante el Tribunal de Cuentas para que se investiguen las posibles irregularidades que habr\u00eda cometido el Directorio que se desempe\u00f1\u00f3 hasta diciembre. Hay una serie de pasos burocr\u00e1ticos que dilatan la llegada del caso a la Justicia. Hay fuertes pruebas que evidencian sobresueldos [&hellip;]","og_url":"https:\/\/diariodelsurdigital.com.ar\/?p=1517","og_site_name":"Diario del Sur","article_published_time":"2025-03-12T17:42:49+00:00","article_modified_time":"2025-03-12T17:42:50+00:00","og_image":[{"width":992,"height":547,"url":"https:\/\/diariodelsurdigital.com.ar\/wp-content\/uploads\/2025\/03\/md-6-1.webp","type":"image\/webp"}],"author":"Diario del Sur Digital","twitter_card":"summary_large_image","twitter_misc":{"Escrito por":"Diario del Sur Digital","Tiempo de lectura":"3 minutos"},"schema":{"@context":"https:\/\/schema.org","@graph":[{"@type":"Article","@id":"https:\/\/diariodelsurdigital.com.ar\/?p=1517#article","isPartOf":{"@id":"https:\/\/diariodelsurdigital.com.ar\/?p=1517"},"author":{"name":"Diario del Sur Digital","@id":"https:\/\/diariodelsurdigital.com.ar\/#\/schema\/person\/1a4992532ed62965c968031b49195c81"},"headline":"La compleja ruta de la denuncia por posibles desmanejos en el Iosper extender\u00eda el per\u00edodo de intervenci\u00f3n","datePublished":"2025-03-12T17:42:49+00:00","dateModified":"2025-03-12T17:42:50+00:00","mainEntityOfPage":{"@id":"https:\/\/diariodelsurdigital.com.ar\/?p=1517"},"wordCount":552,"commentCount":0,"image":{"@id":"https:\/\/diariodelsurdigital.com.ar\/?p=1517#primaryimage"},"thumbnailUrl":"https:\/\/diariodelsurdigital.com.ar\/wp-content\/uploads\/2025\/03\/md-6-1.webp","articleSection":["Inter\u00e9s General","Provinciales"],"inLanguage":"es","potentialAction":[{"@type":"CommentAction","name":"Comment","target":["https:\/\/diariodelsurdigital.com.ar\/?p=1517#respond"]}]},{"@type":"WebPage","@id":"https:\/\/diariodelsurdigital.com.ar\/?p=1517","url":"https:\/\/diariodelsurdigital.com.ar\/?p=1517","name":"La compleja ruta de la denuncia por posibles desmanejos en el Iosper extender\u00eda el per\u00edodo de intervenci\u00f3n - Diario del Sur","isPartOf":{"@id":"https:\/\/diariodelsurdigital.com.ar\/#website"},"primaryImageOfPage":{"@id":"https:\/\/diariodelsurdigital.com.ar\/?p=1517#primaryimage"},"image":{"@id":"https:\/\/diariodelsurdigital.com.ar\/?p=1517#primaryimage"},"thumbnailUrl":"https:\/\/diariodelsurdigital.com.ar\/wp-content\/uploads\/2025\/03\/md-6-1.webp","datePublished":"2025-03-12T17:42:49+00:00","dateModified":"2025-03-12T17:42:50+00:00","author":{"@id":"https:\/\/diariodelsurdigital.com.ar\/#\/schema\/person\/1a4992532ed62965c968031b49195c81"},"breadcrumb":{"@id":"https:\/\/diariodelsurdigital.com.ar\/?p=1517#breadcrumb"},"inLanguage":"es","potentialAction":[{"@type":"ReadAction","target":["https:\/\/diariodelsurdigital.com.ar\/?p=1517"]}]},{"@type":"ImageObject","inLanguage":"es","@id":"https:\/\/diariodelsurdigital.com.ar\/?p=1517#primaryimage","url":"https:\/\/diariodelsurdigital.com.ar\/wp-content\/uploads\/2025\/03\/md-6-1.webp","contentUrl":"https:\/\/diariodelsurdigital.com.ar\/wp-content\/uploads\/2025\/03\/md-6-1.webp","width":992,"height":547},{"@type":"BreadcrumbList","@id":"https:\/\/diariodelsurdigital.com.ar\/?p=1517#breadcrumb","itemListElement":[{"@type":"ListItem","position":1,"name":"Portada","item":"https:\/\/diariodelsurdigital.com.ar\/"},{"@type":"ListItem","position":2,"name":"La compleja ruta de la denuncia por posibles desmanejos en el Iosper extender\u00eda el per\u00edodo de intervenci\u00f3n"}]},{"@type":"WebSite","@id":"https:\/\/diariodelsurdigital.com.ar\/#website","url":"https:\/\/diariodelsurdigital.com.ar\/","name":"Diario del Sur","description":"Digital","potentialAction":[{"@type":"SearchAction","target":{"@type":"EntryPoint","urlTemplate":"https:\/\/diariodelsurdigital.com.ar\/?s={search_term_string}"},"query-input":{"@type":"PropertyValueSpecification","valueRequired":true,"valueName":"search_term_string"}}],"inLanguage":"es"},{"@type":"Person","@id":"https:\/\/diariodelsurdigital.com.ar\/#\/schema\/person\/1a4992532ed62965c968031b49195c81","name":"Diario del Sur Digital","image":{"@type":"ImageObject","inLanguage":"es","@id":"https:\/\/secure.gravatar.com\/avatar\/f0c7c47fc7146d19828273b9b8eda651c9c7ab583767e6338d3d3bee825adf76?s=96&d=mm&r=g","url":"https:\/\/secure.gravatar.com\/avatar\/f0c7c47fc7146d19828273b9b8eda651c9c7ab583767e6338d3d3bee825adf76?s=96&d=mm&r=g","contentUrl":"https:\/\/secure.gravatar.com\/avatar\/f0c7c47fc7146d19828273b9b8eda651c9c7ab583767e6338d3d3bee825adf76?s=96&d=mm&r=g","caption":"Diario del Sur Digital"},"url":"https:\/\/diariodelsurdigital.com.ar\/?author=4"}]}},"_links":{"self":[{"href":"https:\/\/diariodelsurdigital.com.ar\/index.php?rest_route=\/wp\/v2\/posts\/1517","targetHints":{"allow":["GET"]}}],"collection":[{"href":"https:\/\/diariodelsurdigital.com.ar\/index.php?rest_route=\/wp\/v2\/posts"}],"about":[{"href":"https:\/\/diariodelsurdigital.com.ar\/index.php?rest_route=\/wp\/v2\/types\/post"}],"author":[{"embeddable":true,"href":"https:\/\/diariodelsurdigital.com.ar\/index.php?rest_route=\/wp\/v2\/users\/4"}],"replies":[{"embeddable":true,"href":"https:\/\/diariodelsurdigital.com.ar\/index.php?rest_route=%2Fwp%2Fv2%2Fcomments&post=1517"}],"version-history":[{"count":1,"href":"https:\/\/diariodelsurdigital.com.ar\/index.php?rest_route=\/wp\/v2\/posts\/1517\/revisions"}],"predecessor-version":[{"id":1519,"href":"https:\/\/diariodelsurdigital.com.ar\/index.php?rest_route=\/wp\/v2\/posts\/1517\/revisions\/1519"}],"wp:featuredmedia":[{"embeddable":true,"href":"https:\/\/diariodelsurdigital.com.ar\/index.php?rest_route=\/wp\/v2\/media\/1518"}],"wp:attachment":[{"href":"https:\/\/diariodelsurdigital.com.ar\/index.php?rest_route=%2Fwp%2Fv2%2Fmedia&parent=1517"}],"wp:term":[{"taxonomy":"category","embeddable":true,"href":"https:\/\/diariodelsurdigital.com.ar\/index.php?rest_route=%2Fwp%2Fv2%2Fcategories&post=1517"},{"taxonomy":"post_tag","embeddable":true,"href":"https:\/\/diariodelsurdigital.com.ar\/index.php?rest_route=%2Fwp%2Fv2%2Ftags&post=1517"}],"curies":[{"name":"wp","href":"https:\/\/api.w.org\/{rel}","templated":true}]}}