{"id":1534,"date":"2025-03-13T19:52:23","date_gmt":"2025-03-13T22:52:23","guid":{"rendered":"https:\/\/diariodelsurdigital.com.ar\/?p=1534"},"modified":"2025-03-13T19:52:24","modified_gmt":"2025-03-13T22:52:24","slug":"el-colegio-de-profesionales-de-turismo-informo-que-en-marzo-vence-el-plazo-limite-para-el-registro-de-guias-idoneos","status":"publish","type":"post","link":"https:\/\/diariodelsurdigital.com.ar\/?p=1534","title":{"rendered":"El Colegio de Profesionales de Turismo inform\u00f3 que en marzo vence el plazo l\u00edmite para el registro de gu\u00edas id\u00f3neos"},"content":{"rendered":"\n<p>El Colegio de Profesionales en Turismo de Entre R\u00edos (Coprotuer) inform\u00f3 que el lunes 31 de marzo cerrar\u00e1 el Registro de Gu\u00edas de Turismo Id\u00f3neos, una iniciativa que se orienta a formalizar y actualizar el listado de gu\u00edas habilitados para ejercer su funci\u00f3n en la provincia y que se enmarca en la Ley N\u00ba 10.808 y su Decreto Reglamentario N\u00ba 3.127\/21.<\/p>\n\n\n\n<p>Con el prop\u00f3sito de profesionalizar el sector, el registro es impulsado por el Coprotuer como una oportunidad para regularizar la situaci\u00f3n de los gu\u00edas que no tienen t\u00edtulo pero acreditan experiencia, y resulta una herramienta fundamental para garantizar la calidad en los servicios tur\u00edsticos que se brindan en Entre R\u00edos, asegurando que los visitantes reciban atenci\u00f3n profesional, segura y conforme a las normativas locales.<\/p>\n\n\n\n<p>Para registrarse, los interesados pueden ingresar al sitio web oficial www.coprotuer.com.ar y descargar el formulario, que se deber\u00e1 completar y anexar a la documentaci\u00f3n requerida. Para acceder a mayor informaci\u00f3n, los medios de contacto son las l\u00edneas de Whatsapp 3442-626608 y 3442-546079 y los correos electr\u00f3nicos:&nbsp;presidencia@coprotuer.com.ar&nbsp;y&nbsp;<a>secretaria@coprotuer.com.ar<\/a>.<\/p>\n","protected":false},"excerpt":{"rendered":"<p>El Colegio de Profesionales en Turismo de Entre R\u00edos (Coprotuer) inform\u00f3 que el lunes 31 de marzo cerrar\u00e1 el Registro de Gu\u00edas de Turismo Id\u00f3neos, una iniciativa que se orienta a formalizar y actualizar el listado de gu\u00edas habilitados para ejercer su funci\u00f3n en la provincia y que se enmarca en la Ley N\u00ba 10.808 [&hellip;]<\/p>\n","protected":false},"author":4,"featured_media":1535,"comment_status":"open","ping_status":"open","sticky":false,"template":"","format":"standard","meta":{"footnotes":""},"categories":[19,17],"tags":[],"class_list":{"0":"post-1534","1":"post","2":"type-post","3":"status-publish","4":"format-standard","5":"has-post-thumbnail","7":"category-interes-general","8":"category-provinciales"},"yoast_head":"<!-- This site is optimized with the Yoast SEO plugin v27.4 - https:\/\/yoast.com\/product\/yoast-seo-wordpress\/ -->\n<title>El Colegio de Profesionales de Turismo inform\u00f3 que en marzo vence el plazo l\u00edmite para el registro de gu\u00edas id\u00f3neos - Diario del Sur<\/title>\n<meta name=\"robots\" content=\"index, follow, max-snippet:-1, max-image-preview:large, max-video-preview:-1\" \/>\n<link rel=\"canonical\" href=\"https:\/\/diariodelsurdigital.com.ar\/?p=1534\" \/>\n<meta property=\"og:locale\" content=\"es_ES\" \/>\n<meta property=\"og:type\" content=\"article\" \/>\n<meta property=\"og:title\" content=\"El Colegio de Profesionales de Turismo inform\u00f3 que en marzo vence el plazo l\u00edmite para el registro de gu\u00edas id\u00f3neos - Diario del Sur\" \/>\n<meta property=\"og:description\" content=\"El Colegio de Profesionales en Turismo de Entre R\u00edos (Coprotuer) inform\u00f3 que el lunes 31 de marzo cerrar\u00e1 el Registro de Gu\u00edas de Turismo Id\u00f3neos, una iniciativa que se orienta a formalizar y actualizar el listado de gu\u00edas habilitados para ejercer su funci\u00f3n en la provincia y que se enmarca en la Ley N\u00ba 10.808 [&hellip;]\" \/>\n<meta property=\"og:url\" content=\"https:\/\/diariodelsurdigital.com.ar\/?p=1534\" \/>\n<meta property=\"og:site_name\" content=\"Diario del Sur\" \/>\n<meta property=\"article:published_time\" content=\"2025-03-13T22:52:23+00:00\" \/>\n<meta property=\"article:modified_time\" content=\"2025-03-13T22:52:24+00:00\" \/>\n<meta property=\"og:image\" content=\"https:\/\/diariodelsurdigital.com.ar\/wp-content\/uploads\/2025\/03\/md-7-1.webp\" \/>\n\t<meta property=\"og:image:width\" content=\"992\" \/>\n\t<meta property=\"og:image:height\" content=\"661\" \/>\n\t<meta property=\"og:image:type\" content=\"image\/webp\" \/>\n<meta name=\"author\" content=\"Diario del Sur Digital\" \/>\n<meta name=\"twitter:card\" content=\"summary_large_image\" \/>\n<meta name=\"twitter:label1\" content=\"Escrito por\" \/>\n\t<meta name=\"twitter:data1\" content=\"Diario del Sur Digital\" \/>\n\t<meta name=\"twitter:label2\" content=\"Tiempo de lectura\" \/>\n\t<meta name=\"twitter:data2\" content=\"1 minuto\" \/>\n<script type=\"application\/ld+json\" class=\"yoast-schema-graph\">{\"@context\":\"https:\\\/\\\/schema.org\",\"@graph\":[{\"@type\":\"Article\",\"@id\":\"https:\\\/\\\/diariodelsurdigital.com.ar\\\/?p=1534#article\",\"isPartOf\":{\"@id\":\"https:\\\/\\\/diariodelsurdigital.com.ar\\\/?p=1534\"},\"author\":{\"name\":\"Diario del Sur Digital\",\"@id\":\"https:\\\/\\\/diariodelsurdigital.com.ar\\\/#\\\/schema\\\/person\\\/1a4992532ed62965c968031b49195c81\"},\"headline\":\"El Colegio de Profesionales de Turismo inform\u00f3 que en marzo vence el plazo l\u00edmite para el registro de gu\u00edas id\u00f3neos\",\"datePublished\":\"2025-03-13T22:52:23+00:00\",\"dateModified\":\"2025-03-13T22:52:24+00:00\",\"mainEntityOfPage\":{\"@id\":\"https:\\\/\\\/diariodelsurdigital.com.ar\\\/?p=1534\"},\"wordCount\":222,\"commentCount\":0,\"image\":{\"@id\":\"https:\\\/\\\/diariodelsurdigital.com.ar\\\/?p=1534#primaryimage\"},\"thumbnailUrl\":\"https:\\\/\\\/diariodelsurdigital.com.ar\\\/wp-content\\\/uploads\\\/2025\\\/03\\\/md-7-1.webp\",\"articleSection\":[\"Inter\u00e9s General\",\"Provinciales\"],\"inLanguage\":\"es\",\"potentialAction\":[{\"@type\":\"CommentAction\",\"name\":\"Comment\",\"target\":[\"https:\\\/\\\/diariodelsurdigital.com.ar\\\/?p=1534#respond\"]}]},{\"@type\":\"WebPage\",\"@id\":\"https:\\\/\\\/diariodelsurdigital.com.ar\\\/?p=1534\",\"url\":\"https:\\\/\\\/diariodelsurdigital.com.ar\\\/?p=1534\",\"name\":\"El Colegio de Profesionales de Turismo inform\u00f3 que en marzo vence el plazo l\u00edmite para el registro de gu\u00edas id\u00f3neos - Diario del Sur\",\"isPartOf\":{\"@id\":\"https:\\\/\\\/diariodelsurdigital.com.ar\\\/#website\"},\"primaryImageOfPage\":{\"@id\":\"https:\\\/\\\/diariodelsurdigital.com.ar\\\/?p=1534#primaryimage\"},\"image\":{\"@id\":\"https:\\\/\\\/diariodelsurdigital.com.ar\\\/?p=1534#primaryimage\"},\"thumbnailUrl\":\"https:\\\/\\\/diariodelsurdigital.com.ar\\\/wp-content\\\/uploads\\\/2025\\\/03\\\/md-7-1.webp\",\"datePublished\":\"2025-03-13T22:52:23+00:00\",\"dateModified\":\"2025-03-13T22:52:24+00:00\",\"author\":{\"@id\":\"https:\\\/\\\/diariodelsurdigital.com.ar\\\/#\\\/schema\\\/person\\\/1a4992532ed62965c968031b49195c81\"},\"breadcrumb\":{\"@id\":\"https:\\\/\\\/diariodelsurdigital.com.ar\\\/?p=1534#breadcrumb\"},\"inLanguage\":\"es\",\"potentialAction\":[{\"@type\":\"ReadAction\",\"target\":[\"https:\\\/\\\/diariodelsurdigital.com.ar\\\/?p=1534\"]}]},{\"@type\":\"ImageObject\",\"inLanguage\":\"es\",\"@id\":\"https:\\\/\\\/diariodelsurdigital.com.ar\\\/?p=1534#primaryimage\",\"url\":\"https:\\\/\\\/diariodelsurdigital.com.ar\\\/wp-content\\\/uploads\\\/2025\\\/03\\\/md-7-1.webp\",\"contentUrl\":\"https:\\\/\\\/diariodelsurdigital.com.ar\\\/wp-content\\\/uploads\\\/2025\\\/03\\\/md-7-1.webp\",\"width\":992,\"height\":661},{\"@type\":\"BreadcrumbList\",\"@id\":\"https:\\\/\\\/diariodelsurdigital.com.ar\\\/?p=1534#breadcrumb\",\"itemListElement\":[{\"@type\":\"ListItem\",\"position\":1,\"name\":\"Portada\",\"item\":\"https:\\\/\\\/diariodelsurdigital.com.ar\\\/\"},{\"@type\":\"ListItem\",\"position\":2,\"name\":\"El Colegio de Profesionales de Turismo inform\u00f3 que en marzo vence el plazo l\u00edmite para el registro de gu\u00edas id\u00f3neos\"}]},{\"@type\":\"WebSite\",\"@id\":\"https:\\\/\\\/diariodelsurdigital.com.ar\\\/#website\",\"url\":\"https:\\\/\\\/diariodelsurdigital.com.ar\\\/\",\"name\":\"Diario del Sur\",\"description\":\"Digital\",\"potentialAction\":[{\"@type\":\"SearchAction\",\"target\":{\"@type\":\"EntryPoint\",\"urlTemplate\":\"https:\\\/\\\/diariodelsurdigital.com.ar\\\/?s={search_term_string}\"},\"query-input\":{\"@type\":\"PropertyValueSpecification\",\"valueRequired\":true,\"valueName\":\"search_term_string\"}}],\"inLanguage\":\"es\"},{\"@type\":\"Person\",\"@id\":\"https:\\\/\\\/diariodelsurdigital.com.ar\\\/#\\\/schema\\\/person\\\/1a4992532ed62965c968031b49195c81\",\"name\":\"Diario del Sur Digital\",\"image\":{\"@type\":\"ImageObject\",\"inLanguage\":\"es\",\"@id\":\"https:\\\/\\\/secure.gravatar.com\\\/avatar\\\/f0c7c47fc7146d19828273b9b8eda651c9c7ab583767e6338d3d3bee825adf76?s=96&d=mm&r=g\",\"url\":\"https:\\\/\\\/secure.gravatar.com\\\/avatar\\\/f0c7c47fc7146d19828273b9b8eda651c9c7ab583767e6338d3d3bee825adf76?s=96&d=mm&r=g\",\"contentUrl\":\"https:\\\/\\\/secure.gravatar.com\\\/avatar\\\/f0c7c47fc7146d19828273b9b8eda651c9c7ab583767e6338d3d3bee825adf76?s=96&d=mm&r=g\",\"caption\":\"Diario del Sur Digital\"},\"url\":\"https:\\\/\\\/diariodelsurdigital.com.ar\\\/?author=4\"}]}<\/script>\n<!-- \/ Yoast SEO plugin. -->","yoast_head_json":{"title":"El Colegio de Profesionales de Turismo inform\u00f3 que en marzo vence el plazo l\u00edmite para el registro de gu\u00edas id\u00f3neos - Diario del Sur","robots":{"index":"index","follow":"follow","max-snippet":"max-snippet:-1","max-image-preview":"max-image-preview:large","max-video-preview":"max-video-preview:-1"},"canonical":"https:\/\/diariodelsurdigital.com.ar\/?p=1534","og_locale":"es_ES","og_type":"article","og_title":"El Colegio de Profesionales de Turismo inform\u00f3 que en marzo vence el plazo l\u00edmite para el registro de gu\u00edas id\u00f3neos - Diario del Sur","og_description":"El Colegio de Profesionales en Turismo de Entre R\u00edos (Coprotuer) inform\u00f3 que el lunes 31 de marzo cerrar\u00e1 el Registro de Gu\u00edas de Turismo Id\u00f3neos, una iniciativa que se orienta a formalizar y actualizar el listado de gu\u00edas habilitados para ejercer su funci\u00f3n en la provincia y que se enmarca en la Ley N\u00ba 10.808 [&hellip;]","og_url":"https:\/\/diariodelsurdigital.com.ar\/?p=1534","og_site_name":"Diario del Sur","article_published_time":"2025-03-13T22:52:23+00:00","article_modified_time":"2025-03-13T22:52:24+00:00","og_image":[{"width":992,"height":661,"url":"https:\/\/diariodelsurdigital.com.ar\/wp-content\/uploads\/2025\/03\/md-7-1.webp","type":"image\/webp"}],"author":"Diario del Sur Digital","twitter_card":"summary_large_image","twitter_misc":{"Escrito por":"Diario del Sur Digital","Tiempo de lectura":"1 minuto"},"schema":{"@context":"https:\/\/schema.org","@graph":[{"@type":"Article","@id":"https:\/\/diariodelsurdigital.com.ar\/?p=1534#article","isPartOf":{"@id":"https:\/\/diariodelsurdigital.com.ar\/?p=1534"},"author":{"name":"Diario del Sur Digital","@id":"https:\/\/diariodelsurdigital.com.ar\/#\/schema\/person\/1a4992532ed62965c968031b49195c81"},"headline":"El Colegio de Profesionales de Turismo inform\u00f3 que en marzo vence el plazo l\u00edmite para el registro de gu\u00edas id\u00f3neos","datePublished":"2025-03-13T22:52:23+00:00","dateModified":"2025-03-13T22:52:24+00:00","mainEntityOfPage":{"@id":"https:\/\/diariodelsurdigital.com.ar\/?p=1534"},"wordCount":222,"commentCount":0,"image":{"@id":"https:\/\/diariodelsurdigital.com.ar\/?p=1534#primaryimage"},"thumbnailUrl":"https:\/\/diariodelsurdigital.com.ar\/wp-content\/uploads\/2025\/03\/md-7-1.webp","articleSection":["Inter\u00e9s General","Provinciales"],"inLanguage":"es","potentialAction":[{"@type":"CommentAction","name":"Comment","target":["https:\/\/diariodelsurdigital.com.ar\/?p=1534#respond"]}]},{"@type":"WebPage","@id":"https:\/\/diariodelsurdigital.com.ar\/?p=1534","url":"https:\/\/diariodelsurdigital.com.ar\/?p=1534","name":"El Colegio de Profesionales de Turismo inform\u00f3 que en marzo vence el plazo l\u00edmite para el registro de gu\u00edas id\u00f3neos - Diario del Sur","isPartOf":{"@id":"https:\/\/diariodelsurdigital.com.ar\/#website"},"primaryImageOfPage":{"@id":"https:\/\/diariodelsurdigital.com.ar\/?p=1534#primaryimage"},"image":{"@id":"https:\/\/diariodelsurdigital.com.ar\/?p=1534#primaryimage"},"thumbnailUrl":"https:\/\/diariodelsurdigital.com.ar\/wp-content\/uploads\/2025\/03\/md-7-1.webp","datePublished":"2025-03-13T22:52:23+00:00","dateModified":"2025-03-13T22:52:24+00:00","author":{"@id":"https:\/\/diariodelsurdigital.com.ar\/#\/schema\/person\/1a4992532ed62965c968031b49195c81"},"breadcrumb":{"@id":"https:\/\/diariodelsurdigital.com.ar\/?p=1534#breadcrumb"},"inLanguage":"es","potentialAction":[{"@type":"ReadAction","target":["https:\/\/diariodelsurdigital.com.ar\/?p=1534"]}]},{"@type":"ImageObject","inLanguage":"es","@id":"https:\/\/diariodelsurdigital.com.ar\/?p=1534#primaryimage","url":"https:\/\/diariodelsurdigital.com.ar\/wp-content\/uploads\/2025\/03\/md-7-1.webp","contentUrl":"https:\/\/diariodelsurdigital.com.ar\/wp-content\/uploads\/2025\/03\/md-7-1.webp","width":992,"height":661},{"@type":"BreadcrumbList","@id":"https:\/\/diariodelsurdigital.com.ar\/?p=1534#breadcrumb","itemListElement":[{"@type":"ListItem","position":1,"name":"Portada","item":"https:\/\/diariodelsurdigital.com.ar\/"},{"@type":"ListItem","position":2,"name":"El Colegio de Profesionales de Turismo inform\u00f3 que en marzo vence el plazo l\u00edmite para el registro de gu\u00edas id\u00f3neos"}]},{"@type":"WebSite","@id":"https:\/\/diariodelsurdigital.com.ar\/#website","url":"https:\/\/diariodelsurdigital.com.ar\/","name":"Diario del Sur","description":"Digital","potentialAction":[{"@type":"SearchAction","target":{"@type":"EntryPoint","urlTemplate":"https:\/\/diariodelsurdigital.com.ar\/?s={search_term_string}"},"query-input":{"@type":"PropertyValueSpecification","valueRequired":true,"valueName":"search_term_string"}}],"inLanguage":"es"},{"@type":"Person","@id":"https:\/\/diariodelsurdigital.com.ar\/#\/schema\/person\/1a4992532ed62965c968031b49195c81","name":"Diario del Sur Digital","image":{"@type":"ImageObject","inLanguage":"es","@id":"https:\/\/secure.gravatar.com\/avatar\/f0c7c47fc7146d19828273b9b8eda651c9c7ab583767e6338d3d3bee825adf76?s=96&d=mm&r=g","url":"https:\/\/secure.gravatar.com\/avatar\/f0c7c47fc7146d19828273b9b8eda651c9c7ab583767e6338d3d3bee825adf76?s=96&d=mm&r=g","contentUrl":"https:\/\/secure.gravatar.com\/avatar\/f0c7c47fc7146d19828273b9b8eda651c9c7ab583767e6338d3d3bee825adf76?s=96&d=mm&r=g","caption":"Diario del Sur Digital"},"url":"https:\/\/diariodelsurdigital.com.ar\/?author=4"}]}},"_links":{"self":[{"href":"https:\/\/diariodelsurdigital.com.ar\/index.php?rest_route=\/wp\/v2\/posts\/1534","targetHints":{"allow":["GET"]}}],"collection":[{"href":"https:\/\/diariodelsurdigital.com.ar\/index.php?rest_route=\/wp\/v2\/posts"}],"about":[{"href":"https:\/\/diariodelsurdigital.com.ar\/index.php?rest_route=\/wp\/v2\/types\/post"}],"author":[{"embeddable":true,"href":"https:\/\/diariodelsurdigital.com.ar\/index.php?rest_route=\/wp\/v2\/users\/4"}],"replies":[{"embeddable":true,"href":"https:\/\/diariodelsurdigital.com.ar\/index.php?rest_route=%2Fwp%2Fv2%2Fcomments&post=1534"}],"version-history":[{"count":1,"href":"https:\/\/diariodelsurdigital.com.ar\/index.php?rest_route=\/wp\/v2\/posts\/1534\/revisions"}],"predecessor-version":[{"id":1536,"href":"https:\/\/diariodelsurdigital.com.ar\/index.php?rest_route=\/wp\/v2\/posts\/1534\/revisions\/1536"}],"wp:featuredmedia":[{"embeddable":true,"href":"https:\/\/diariodelsurdigital.com.ar\/index.php?rest_route=\/wp\/v2\/media\/1535"}],"wp:attachment":[{"href":"https:\/\/diariodelsurdigital.com.ar\/index.php?rest_route=%2Fwp%2Fv2%2Fmedia&parent=1534"}],"wp:term":[{"taxonomy":"category","embeddable":true,"href":"https:\/\/diariodelsurdigital.com.ar\/index.php?rest_route=%2Fwp%2Fv2%2Fcategories&post=1534"},{"taxonomy":"post_tag","embeddable":true,"href":"https:\/\/diariodelsurdigital.com.ar\/index.php?rest_route=%2Fwp%2Fv2%2Ftags&post=1534"}],"curies":[{"name":"wp","href":"https:\/\/api.w.org\/{rel}","templated":true}]}}