{"id":1544,"date":"2025-03-13T20:00:32","date_gmt":"2025-03-13T23:00:32","guid":{"rendered":"https:\/\/diariodelsurdigital.com.ar\/?p=1544"},"modified":"2025-03-13T20:00:33","modified_gmt":"2025-03-13T23:00:33","slug":"futuro-opaco-la-provincia-cerro-2024-con-un-deficit-de-45-mil-millones-por-el-impacto-de-la-deuda","status":"publish","type":"post","link":"https:\/\/diariodelsurdigital.com.ar\/?p=1544","title":{"rendered":"Futuro opaco: La Provincia cerr\u00f3 2024 con un d\u00e9ficit de $ 45 mil millones por el impacto de la deuda"},"content":{"rendered":"\n<p>La diferencia entre el total de ingresos y egresos del Tesoro mostr\u00f3 un d\u00e9ficit de 45 mil millones de pesos, seg\u00fan revel\u00f3 un informe del Consejo Empresario de Entre R\u00edos. La Administraci\u00f3n P\u00fablica hab\u00eda logrado un super\u00e1vit operativo de $ 27 mil millones pero el pago de servicios de la deuda revirti\u00f3 ese resultado.<\/p>\n\n\n\n<figure class=\"wp-block-image\"><img decoding=\"async\" src=\"https:\/\/apfdigital-s3.cdn.net.ar\/s3i233\/2024\/07\/apfdigital\/files\/70\/7024\/7ac5136d55d269ddda40c5676c08639eba3dc4452b8d63f59dec92bdd676a3c9.jpg\" alt=\"Publicidad\"\/><\/figure>\n\n\n\n<p><a href=\"https:\/\/www.apfdigital.com.ar\/provinciales\/\">Provinciales<\/a><\/p>\n\n\n\n<h1 class=\"wp-block-heading\">La Provincia cerr\u00f3 2024 con un d\u00e9ficit de $ 45 mil millones por el impacto de la deuda<\/h1>\n\n\n\n<p>La diferencia entre el total de ingresos y egresos del Tesoro mostr\u00f3 un d\u00e9ficit de 45 mil millones de pesos, seg\u00fan revel\u00f3 un informe del Consejo Empresario de Entre R\u00edos. La Administraci\u00f3n P\u00fablica hab\u00eda logrado un super\u00e1vit operativo de $ 27 mil millones pero el pago de servicios de la deuda revirti\u00f3 ese resultado.<\/p>\n\n\n\n<p>jueves 13 de marzo de 2025 | 16:21hs.<\/p>\n\n\n\n<figure class=\"wp-block-image\"><img decoding=\"async\" src=\"https:\/\/apfdigital-s3.cdn.net.ar\/s3i233\/2024\/08\/apfdigital\/images\/97\/96\/979646_bdd23f4cf13a7c7285fbbd40bd131f077e0ff37942c2de60cbcbd27041196ce3\/md.webp\" alt=\"\"\/><\/figure>\n\n\n\n<p>El resultado primario acumulado del Estado Provincial a diciembre de 2024 fue superavitario en $27 mil millones. Incluyendo el pago de intereses de deuda que llega a $72 mil millones, el resultado financiero\u2013es decir, la diferencia entre el total de ingresos y total de egresos\u2013 fue deficitario en casi $45 mil millones, indic\u00f3 el estudio de la entidad empresaria.<\/p>\n\n\n\n<p>Tomando los datos de inflaci\u00f3n mensual y llevando a precios de diciembre 2024, surge que tanto los recursos totales como los gastos primarios crecieron por debajo de la inflaci\u00f3n, un -23% y -26% respectivamente comparado al de igual per\u00edodo del a\u00f1o anterior, agrega.<\/p>\n\n\n\n<p>Los recursos tributarios nacionales, que son la principal fuente de financiamiento provincial, no lograron superar la inflaci\u00f3n, disminuyendo un -9% real. Lo mismo sucedi\u00f3 con los impuestos provinciales que disminuyeron un -10% real, a\u00f1ade<\/p>\n\n\n\n<p>Las transferencias discrecionales enviada desde el gobierno nacional cayeron -67% en t\u00e9rminos reales, agrega.<\/p>\n\n\n\n<p>El concepto otros recursos no tributarios compuesto por ventas de bienes y servicios y otros ingresos, disminuyeron en t\u00e9rminos reales -72% y las rentas generadas por inversiones financieras lo hicieron un -77%, se\u00f1ala.<\/p>\n\n\n\n<p>Del total de los recursos tributarios de origen provincial, a diciembre de 2024, los Ingresos Brutos tienen la mayor participaci\u00f3n (71%), donde el ingreso por el convenio multilateral alcanza el 37% y el directo un 34%. En menor medida, el impuesto a los sellos representa un 7% del total tributario provincial, el impuesto al automotor un 7%, e inmobiliario urbano y rural un 4% cada uno, describe.<\/p>\n\n\n\n<p>El total del gasto primario cay\u00f3 -26% en t\u00e9rminos reales, como resultado de que los gastos corrientes cayeron -22% real y los gastos de capital -72%.<\/p>\n\n\n\n<p>Dentro de los gastos corrientes, los de mayor rigidez y participaci\u00f3n son el gasto en empleo p\u00fablico (46% del total) y seguridad social (25%) que cayeron en t\u00e9rminos reales -20% y -15% respectivamente, mientras que la coparticipaci\u00f3n a municipios cay\u00f3 -8% real. Los intereses de la deuda superaron la inflaci\u00f3n del a\u00f1o aumentando 32% interanual.<\/p>\n\n\n\n<p>En el detalle de la deuda, el Consejo Empresario resalta que el total al mes de diciembre de 2024, se ubic\u00f3 en $751 mil millones. Este total representa 19% del total recursos p\u00fablicos provinciales acumulados al mes de diciembre (a precios de diciembre 2024).<\/p>\n\n\n\n<p>Si bien el monto se increment\u00f3 un 29% respecto al mes de diciembre de 2023, dado que la inflaci\u00f3n interanual fue de 117,8%, la disminuci\u00f3n de la deuda p\u00fablica fue de -41% en t\u00e9rminos reales.<\/p>\n\n\n\n<p>Del total adeudado, el 52% son t\u00edtulos p\u00fablicos teniendo un valor de $390 mil millones, el 33% son con el Estado nacional con un valor $251 mil millones y el 15% es con bancos privados que son $110 mil millones.<\/p>\n\n\n\n<p>Por otro lado, la deuda con el Estado Nacional disminuy\u00f3 en -7% (su variaci\u00f3n real fue de -57%) y el monto de los bonos p\u00fablicos se increment\u00f3 en 2% (-53% variaci\u00f3n real).<\/p>\n\n\n\n<p>Lo que resalta entre las variaciones de la deuda con los acreedores es especialmente la deuda con entidades financieras (o bancos privados) que pas\u00f3 de apenas $260 mil a unos $110 mil millones en el transcurso de un a\u00f1o. En junio de este a\u00f1o, en el bolet\u00edn oficial del Gobierno de la provincia de Entre R\u00edos se anunci\u00f3 la autorizaci\u00f3n para la toma de un \u201cpr\u00e9stamo sindicado\u201d otorgado por el Nuevo Banco de Entre R\u00edos por un valor de $70 mil millones, para afrontar el pago de la deuda del Bono ER2025 en agosto del 2024, de U$S 65 millones.<\/p>\n\n\n\n<p>Este pr\u00e9stamo se obtuvo gracias a la cancelaci\u00f3n en junio de 2024 de otro tomado a principios del a\u00f1o pasado con la misma entidad financiera, que fue de $40 mil millones (m\u00e1s $14 mil millones de intereses). Esto mejor\u00f3 el perfil crediticio del Estado Provincial posibilitando esta segunda deuda.&nbsp;<\/p>\n\n\n\n<p><\/p>\n","protected":false},"excerpt":{"rendered":"<p>La diferencia entre el total de ingresos y egresos del Tesoro mostr\u00f3 un d\u00e9ficit de 45 mil millones de pesos, seg\u00fan revel\u00f3 un informe del Consejo Empresario de Entre R\u00edos. La Administraci\u00f3n P\u00fablica hab\u00eda logrado un super\u00e1vit operativo de $ 27 mil millones pero el pago de servicios de la deuda revirti\u00f3 ese resultado. Provinciales [&hellip;]<\/p>\n","protected":false},"author":4,"featured_media":1545,"comment_status":"open","ping_status":"open","sticky":false,"template":"","format":"standard","meta":{"footnotes":""},"categories":[22,17],"tags":[],"class_list":{"0":"post-1544","1":"post","2":"type-post","3":"status-publish","4":"format-standard","5":"has-post-thumbnail","7":"category-politica","8":"category-provinciales"},"yoast_head":"<!-- This site is optimized with the Yoast SEO plugin v27.4 - https:\/\/yoast.com\/product\/yoast-seo-wordpress\/ -->\n<title>Futuro opaco: La Provincia cerr\u00f3 2024 con un d\u00e9ficit de $ 45 mil millones por el impacto de la deuda - Diario del Sur<\/title>\n<meta name=\"robots\" content=\"index, follow, max-snippet:-1, max-image-preview:large, max-video-preview:-1\" \/>\n<link rel=\"canonical\" href=\"https:\/\/diariodelsurdigital.com.ar\/?p=1544\" \/>\n<meta property=\"og:locale\" content=\"es_ES\" \/>\n<meta property=\"og:type\" content=\"article\" \/>\n<meta property=\"og:title\" content=\"Futuro opaco: La Provincia cerr\u00f3 2024 con un d\u00e9ficit de $ 45 mil millones por el impacto de la deuda - Diario del Sur\" \/>\n<meta property=\"og:description\" content=\"La diferencia entre el total de ingresos y egresos del Tesoro mostr\u00f3 un d\u00e9ficit de 45 mil millones de pesos, seg\u00fan revel\u00f3 un informe del Consejo Empresario de Entre R\u00edos. La Administraci\u00f3n P\u00fablica hab\u00eda logrado un super\u00e1vit operativo de $ 27 mil millones pero el pago de servicios de la deuda revirti\u00f3 ese resultado. Provinciales [&hellip;]\" \/>\n<meta property=\"og:url\" content=\"https:\/\/diariodelsurdigital.com.ar\/?p=1544\" \/>\n<meta property=\"og:site_name\" content=\"Diario del Sur\" \/>\n<meta property=\"article:published_time\" content=\"2025-03-13T23:00:32+00:00\" \/>\n<meta property=\"article:modified_time\" content=\"2025-03-13T23:00:33+00:00\" \/>\n<meta property=\"og:image\" content=\"https:\/\/diariodelsurdigital.com.ar\/wp-content\/uploads\/2025\/03\/md-10-1.webp\" \/>\n\t<meta property=\"og:image:width\" content=\"992\" \/>\n\t<meta property=\"og:image:height\" content=\"661\" \/>\n\t<meta property=\"og:image:type\" content=\"image\/webp\" \/>\n<meta name=\"author\" content=\"Diario del Sur Digital\" \/>\n<meta name=\"twitter:card\" content=\"summary_large_image\" \/>\n<meta name=\"twitter:label1\" content=\"Escrito por\" \/>\n\t<meta name=\"twitter:data1\" content=\"Diario del Sur Digital\" \/>\n\t<meta name=\"twitter:label2\" content=\"Tiempo de lectura\" \/>\n\t<meta name=\"twitter:data2\" content=\"5 minutos\" \/>\n<script type=\"application\/ld+json\" class=\"yoast-schema-graph\">{\"@context\":\"https:\\\/\\\/schema.org\",\"@graph\":[{\"@type\":\"Article\",\"@id\":\"https:\\\/\\\/diariodelsurdigital.com.ar\\\/?p=1544#article\",\"isPartOf\":{\"@id\":\"https:\\\/\\\/diariodelsurdigital.com.ar\\\/?p=1544\"},\"author\":{\"name\":\"Diario del Sur Digital\",\"@id\":\"https:\\\/\\\/diariodelsurdigital.com.ar\\\/#\\\/schema\\\/person\\\/1a4992532ed62965c968031b49195c81\"},\"headline\":\"Futuro opaco: La Provincia cerr\u00f3 2024 con un d\u00e9ficit de $ 45 mil millones por el impacto de la deuda\",\"datePublished\":\"2025-03-13T23:00:32+00:00\",\"dateModified\":\"2025-03-13T23:00:33+00:00\",\"mainEntityOfPage\":{\"@id\":\"https:\\\/\\\/diariodelsurdigital.com.ar\\\/?p=1544\"},\"wordCount\":791,\"commentCount\":0,\"image\":{\"@id\":\"https:\\\/\\\/diariodelsurdigital.com.ar\\\/?p=1544#primaryimage\"},\"thumbnailUrl\":\"https:\\\/\\\/diariodelsurdigital.com.ar\\\/wp-content\\\/uploads\\\/2025\\\/03\\\/md-10-1.webp\",\"articleSection\":[\"Pol\u00edtica\",\"Provinciales\"],\"inLanguage\":\"es\",\"potentialAction\":[{\"@type\":\"CommentAction\",\"name\":\"Comment\",\"target\":[\"https:\\\/\\\/diariodelsurdigital.com.ar\\\/?p=1544#respond\"]}]},{\"@type\":\"WebPage\",\"@id\":\"https:\\\/\\\/diariodelsurdigital.com.ar\\\/?p=1544\",\"url\":\"https:\\\/\\\/diariodelsurdigital.com.ar\\\/?p=1544\",\"name\":\"Futuro opaco: La Provincia cerr\u00f3 2024 con un d\u00e9ficit de $ 45 mil millones por el impacto de la deuda - Diario del Sur\",\"isPartOf\":{\"@id\":\"https:\\\/\\\/diariodelsurdigital.com.ar\\\/#website\"},\"primaryImageOfPage\":{\"@id\":\"https:\\\/\\\/diariodelsurdigital.com.ar\\\/?p=1544#primaryimage\"},\"image\":{\"@id\":\"https:\\\/\\\/diariodelsurdigital.com.ar\\\/?p=1544#primaryimage\"},\"thumbnailUrl\":\"https:\\\/\\\/diariodelsurdigital.com.ar\\\/wp-content\\\/uploads\\\/2025\\\/03\\\/md-10-1.webp\",\"datePublished\":\"2025-03-13T23:00:32+00:00\",\"dateModified\":\"2025-03-13T23:00:33+00:00\",\"author\":{\"@id\":\"https:\\\/\\\/diariodelsurdigital.com.ar\\\/#\\\/schema\\\/person\\\/1a4992532ed62965c968031b49195c81\"},\"breadcrumb\":{\"@id\":\"https:\\\/\\\/diariodelsurdigital.com.ar\\\/?p=1544#breadcrumb\"},\"inLanguage\":\"es\",\"potentialAction\":[{\"@type\":\"ReadAction\",\"target\":[\"https:\\\/\\\/diariodelsurdigital.com.ar\\\/?p=1544\"]}]},{\"@type\":\"ImageObject\",\"inLanguage\":\"es\",\"@id\":\"https:\\\/\\\/diariodelsurdigital.com.ar\\\/?p=1544#primaryimage\",\"url\":\"https:\\\/\\\/diariodelsurdigital.com.ar\\\/wp-content\\\/uploads\\\/2025\\\/03\\\/md-10-1.webp\",\"contentUrl\":\"https:\\\/\\\/diariodelsurdigital.com.ar\\\/wp-content\\\/uploads\\\/2025\\\/03\\\/md-10-1.webp\",\"width\":992,\"height\":661},{\"@type\":\"BreadcrumbList\",\"@id\":\"https:\\\/\\\/diariodelsurdigital.com.ar\\\/?p=1544#breadcrumb\",\"itemListElement\":[{\"@type\":\"ListItem\",\"position\":1,\"name\":\"Portada\",\"item\":\"https:\\\/\\\/diariodelsurdigital.com.ar\\\/\"},{\"@type\":\"ListItem\",\"position\":2,\"name\":\"Futuro opaco: La Provincia cerr\u00f3 2024 con un d\u00e9ficit de $ 45 mil millones por el impacto de la deuda\"}]},{\"@type\":\"WebSite\",\"@id\":\"https:\\\/\\\/diariodelsurdigital.com.ar\\\/#website\",\"url\":\"https:\\\/\\\/diariodelsurdigital.com.ar\\\/\",\"name\":\"Diario del Sur\",\"description\":\"Digital\",\"potentialAction\":[{\"@type\":\"SearchAction\",\"target\":{\"@type\":\"EntryPoint\",\"urlTemplate\":\"https:\\\/\\\/diariodelsurdigital.com.ar\\\/?s={search_term_string}\"},\"query-input\":{\"@type\":\"PropertyValueSpecification\",\"valueRequired\":true,\"valueName\":\"search_term_string\"}}],\"inLanguage\":\"es\"},{\"@type\":\"Person\",\"@id\":\"https:\\\/\\\/diariodelsurdigital.com.ar\\\/#\\\/schema\\\/person\\\/1a4992532ed62965c968031b49195c81\",\"name\":\"Diario del Sur Digital\",\"image\":{\"@type\":\"ImageObject\",\"inLanguage\":\"es\",\"@id\":\"https:\\\/\\\/secure.gravatar.com\\\/avatar\\\/f0c7c47fc7146d19828273b9b8eda651c9c7ab583767e6338d3d3bee825adf76?s=96&d=mm&r=g\",\"url\":\"https:\\\/\\\/secure.gravatar.com\\\/avatar\\\/f0c7c47fc7146d19828273b9b8eda651c9c7ab583767e6338d3d3bee825adf76?s=96&d=mm&r=g\",\"contentUrl\":\"https:\\\/\\\/secure.gravatar.com\\\/avatar\\\/f0c7c47fc7146d19828273b9b8eda651c9c7ab583767e6338d3d3bee825adf76?s=96&d=mm&r=g\",\"caption\":\"Diario del Sur Digital\"},\"url\":\"https:\\\/\\\/diariodelsurdigital.com.ar\\\/?author=4\"}]}<\/script>\n<!-- \/ Yoast SEO plugin. -->","yoast_head_json":{"title":"Futuro opaco: La Provincia cerr\u00f3 2024 con un d\u00e9ficit de $ 45 mil millones por el impacto de la deuda - Diario del Sur","robots":{"index":"index","follow":"follow","max-snippet":"max-snippet:-1","max-image-preview":"max-image-preview:large","max-video-preview":"max-video-preview:-1"},"canonical":"https:\/\/diariodelsurdigital.com.ar\/?p=1544","og_locale":"es_ES","og_type":"article","og_title":"Futuro opaco: La Provincia cerr\u00f3 2024 con un d\u00e9ficit de $ 45 mil millones por el impacto de la deuda - Diario del Sur","og_description":"La diferencia entre el total de ingresos y egresos del Tesoro mostr\u00f3 un d\u00e9ficit de 45 mil millones de pesos, seg\u00fan revel\u00f3 un informe del Consejo Empresario de Entre R\u00edos. La Administraci\u00f3n P\u00fablica hab\u00eda logrado un super\u00e1vit operativo de $ 27 mil millones pero el pago de servicios de la deuda revirti\u00f3 ese resultado. Provinciales [&hellip;]","og_url":"https:\/\/diariodelsurdigital.com.ar\/?p=1544","og_site_name":"Diario del Sur","article_published_time":"2025-03-13T23:00:32+00:00","article_modified_time":"2025-03-13T23:00:33+00:00","og_image":[{"width":992,"height":661,"url":"https:\/\/diariodelsurdigital.com.ar\/wp-content\/uploads\/2025\/03\/md-10-1.webp","type":"image\/webp"}],"author":"Diario del Sur Digital","twitter_card":"summary_large_image","twitter_misc":{"Escrito por":"Diario del Sur Digital","Tiempo de lectura":"5 minutos"},"schema":{"@context":"https:\/\/schema.org","@graph":[{"@type":"Article","@id":"https:\/\/diariodelsurdigital.com.ar\/?p=1544#article","isPartOf":{"@id":"https:\/\/diariodelsurdigital.com.ar\/?p=1544"},"author":{"name":"Diario del Sur Digital","@id":"https:\/\/diariodelsurdigital.com.ar\/#\/schema\/person\/1a4992532ed62965c968031b49195c81"},"headline":"Futuro opaco: La Provincia cerr\u00f3 2024 con un d\u00e9ficit de $ 45 mil millones por el impacto de la deuda","datePublished":"2025-03-13T23:00:32+00:00","dateModified":"2025-03-13T23:00:33+00:00","mainEntityOfPage":{"@id":"https:\/\/diariodelsurdigital.com.ar\/?p=1544"},"wordCount":791,"commentCount":0,"image":{"@id":"https:\/\/diariodelsurdigital.com.ar\/?p=1544#primaryimage"},"thumbnailUrl":"https:\/\/diariodelsurdigital.com.ar\/wp-content\/uploads\/2025\/03\/md-10-1.webp","articleSection":["Pol\u00edtica","Provinciales"],"inLanguage":"es","potentialAction":[{"@type":"CommentAction","name":"Comment","target":["https:\/\/diariodelsurdigital.com.ar\/?p=1544#respond"]}]},{"@type":"WebPage","@id":"https:\/\/diariodelsurdigital.com.ar\/?p=1544","url":"https:\/\/diariodelsurdigital.com.ar\/?p=1544","name":"Futuro opaco: La Provincia cerr\u00f3 2024 con un d\u00e9ficit de $ 45 mil millones por el impacto de la deuda - Diario del Sur","isPartOf":{"@id":"https:\/\/diariodelsurdigital.com.ar\/#website"},"primaryImageOfPage":{"@id":"https:\/\/diariodelsurdigital.com.ar\/?p=1544#primaryimage"},"image":{"@id":"https:\/\/diariodelsurdigital.com.ar\/?p=1544#primaryimage"},"thumbnailUrl":"https:\/\/diariodelsurdigital.com.ar\/wp-content\/uploads\/2025\/03\/md-10-1.webp","datePublished":"2025-03-13T23:00:32+00:00","dateModified":"2025-03-13T23:00:33+00:00","author":{"@id":"https:\/\/diariodelsurdigital.com.ar\/#\/schema\/person\/1a4992532ed62965c968031b49195c81"},"breadcrumb":{"@id":"https:\/\/diariodelsurdigital.com.ar\/?p=1544#breadcrumb"},"inLanguage":"es","potentialAction":[{"@type":"ReadAction","target":["https:\/\/diariodelsurdigital.com.ar\/?p=1544"]}]},{"@type":"ImageObject","inLanguage":"es","@id":"https:\/\/diariodelsurdigital.com.ar\/?p=1544#primaryimage","url":"https:\/\/diariodelsurdigital.com.ar\/wp-content\/uploads\/2025\/03\/md-10-1.webp","contentUrl":"https:\/\/diariodelsurdigital.com.ar\/wp-content\/uploads\/2025\/03\/md-10-1.webp","width":992,"height":661},{"@type":"BreadcrumbList","@id":"https:\/\/diariodelsurdigital.com.ar\/?p=1544#breadcrumb","itemListElement":[{"@type":"ListItem","position":1,"name":"Portada","item":"https:\/\/diariodelsurdigital.com.ar\/"},{"@type":"ListItem","position":2,"name":"Futuro opaco: La Provincia cerr\u00f3 2024 con un d\u00e9ficit de $ 45 mil millones por el impacto de la deuda"}]},{"@type":"WebSite","@id":"https:\/\/diariodelsurdigital.com.ar\/#website","url":"https:\/\/diariodelsurdigital.com.ar\/","name":"Diario del Sur","description":"Digital","potentialAction":[{"@type":"SearchAction","target":{"@type":"EntryPoint","urlTemplate":"https:\/\/diariodelsurdigital.com.ar\/?s={search_term_string}"},"query-input":{"@type":"PropertyValueSpecification","valueRequired":true,"valueName":"search_term_string"}}],"inLanguage":"es"},{"@type":"Person","@id":"https:\/\/diariodelsurdigital.com.ar\/#\/schema\/person\/1a4992532ed62965c968031b49195c81","name":"Diario del Sur Digital","image":{"@type":"ImageObject","inLanguage":"es","@id":"https:\/\/secure.gravatar.com\/avatar\/f0c7c47fc7146d19828273b9b8eda651c9c7ab583767e6338d3d3bee825adf76?s=96&d=mm&r=g","url":"https:\/\/secure.gravatar.com\/avatar\/f0c7c47fc7146d19828273b9b8eda651c9c7ab583767e6338d3d3bee825adf76?s=96&d=mm&r=g","contentUrl":"https:\/\/secure.gravatar.com\/avatar\/f0c7c47fc7146d19828273b9b8eda651c9c7ab583767e6338d3d3bee825adf76?s=96&d=mm&r=g","caption":"Diario del Sur Digital"},"url":"https:\/\/diariodelsurdigital.com.ar\/?author=4"}]}},"_links":{"self":[{"href":"https:\/\/diariodelsurdigital.com.ar\/index.php?rest_route=\/wp\/v2\/posts\/1544","targetHints":{"allow":["GET"]}}],"collection":[{"href":"https:\/\/diariodelsurdigital.com.ar\/index.php?rest_route=\/wp\/v2\/posts"}],"about":[{"href":"https:\/\/diariodelsurdigital.com.ar\/index.php?rest_route=\/wp\/v2\/types\/post"}],"author":[{"embeddable":true,"href":"https:\/\/diariodelsurdigital.com.ar\/index.php?rest_route=\/wp\/v2\/users\/4"}],"replies":[{"embeddable":true,"href":"https:\/\/diariodelsurdigital.com.ar\/index.php?rest_route=%2Fwp%2Fv2%2Fcomments&post=1544"}],"version-history":[{"count":1,"href":"https:\/\/diariodelsurdigital.com.ar\/index.php?rest_route=\/wp\/v2\/posts\/1544\/revisions"}],"predecessor-version":[{"id":1546,"href":"https:\/\/diariodelsurdigital.com.ar\/index.php?rest_route=\/wp\/v2\/posts\/1544\/revisions\/1546"}],"wp:featuredmedia":[{"embeddable":true,"href":"https:\/\/diariodelsurdigital.com.ar\/index.php?rest_route=\/wp\/v2\/media\/1545"}],"wp:attachment":[{"href":"https:\/\/diariodelsurdigital.com.ar\/index.php?rest_route=%2Fwp%2Fv2%2Fmedia&parent=1544"}],"wp:term":[{"taxonomy":"category","embeddable":true,"href":"https:\/\/diariodelsurdigital.com.ar\/index.php?rest_route=%2Fwp%2Fv2%2Fcategories&post=1544"},{"taxonomy":"post_tag","embeddable":true,"href":"https:\/\/diariodelsurdigital.com.ar\/index.php?rest_route=%2Fwp%2Fv2%2Ftags&post=1544"}],"curies":[{"name":"wp","href":"https:\/\/api.w.org\/{rel}","templated":true}]}}