{"id":1568,"date":"2025-03-14T18:02:08","date_gmt":"2025-03-14T21:02:08","guid":{"rendered":"https:\/\/diariodelsurdigital.com.ar\/?p=1568"},"modified":"2025-03-14T18:02:09","modified_gmt":"2025-03-14T21:02:09","slug":"el-papa-francisco-cumple-un-mes-de-internacion-y-su-estado-es-estable-pero-complejo","status":"publish","type":"post","link":"https:\/\/diariodelsurdigital.com.ar\/?p=1568","title":{"rendered":"El papa Francisco cumple un mes de internaci\u00f3n y su estado es estable pero complejo"},"content":{"rendered":"\n<p>El Papa pas\u00f3 una noche tranquila\u00bb, se\u00f1alaron desde el Vaticano. Siguen las terapias contin\u00faan y el Papa alterna oxigenaci\u00f3n de alto flujo durante el d\u00eda y ventilaci\u00f3n mec\u00e1nica durante la noche.<\/p>\n\n\n\n<p>El papa Francisco pas\u00f3 una noche tranquila en el Policl\u00ednico Agostino Gemelli y este viernes vuelve a la Plaza de San Pedro el Rosario por la salud del Sumo Pont\u00edfice organizado por la Secretar\u00eda de Estado y la Di\u00f3cesis de Roma.<\/p>\n\n\n\n<p>\u00abEl Papa pas\u00f3 una noche tranquila\u00bb, se\u00f1alaron desde la Oficina de Prensa del Vaticano, mientras que se indic\u00f3 que las terapias contin\u00faan y el Papa alterna oxigenaci\u00f3n de alto flujo durante el d\u00eda y ventilaci\u00f3n mec\u00e1nica durante la noche.<\/p>\n\n\n\n<p>En la tarde del jueves, el personal m\u00e9dico le llev\u00f3 a Francisco a la habitaci\u00f3n una torta con velas para celebrar el 12\u00ba aniversario de su elecci\u00f3n y el Papa sigui\u00f3 por videoconferencia los ejercicios espirituales para la Curia Romana en el Aula Pablo VI.<\/p>\n\n\n\n<p>A continuaci\u00f3n, reanud\u00f3 la terapia respiratoria, sigue alternando la ventilaci\u00f3n mec\u00e1nica no invasiva por la noche con la oxigenaci\u00f3n de alto flujo con c\u00e1nulas nasales utilizadas durante el d\u00eda y la situaci\u00f3n cl\u00ednica sigue siendo estacionaria en un cuadro complejo.<\/p>\n\n\n\n<p><strong>Oraciones por la salud del papa Francisco<\/strong><\/p>\n\n\n\n<p>En tanto, este viernes vuelve el Rosario por la salud del Papa en una cita que originariamente se celebraba a las 21 y durante el tiempo de los Ejercicios Espirituales se traslad\u00f3 al Aula Pablo VI a las 18.<\/p>\n\n\n\n<p>La misma reuni\u00f3 cada noche a fieles que, a menudo con antorchas en las manos, quisieron expresar su cercan\u00eda y afecto a Francisco, quien est\u00e1 internado desde el pasado 14 de febrero por una neumon\u00eda bilateral.<\/p>\n\n\n\n<p>Muchas personas siguieron el rezo desde la distancia conect\u00e1ndose a los medios de comunicaci\u00f3n vaticanos, que siguen retransmitiendo diariamente el Rosario en directo.<\/p>\n\n\n\n<p>Entre los momentos que tuvieron m\u00e1s emoci\u00f3n se destaca el del 6 de marzo cuando, al comienzo del und\u00e9cimo Rosario consecutivo, la voz del Sumo Pont\u00edfice grabada en el hospital, reson\u00f3 en San Pedro y en todo el mundo diciendo: \u00abLes agradezco de coraz\u00f3n las oraciones por mi salud. Que Dios los bendiga y la Virgen los cuide\u00bb.<\/p>\n\n\n\n<p><strong>El papa Francisco celebr\u00f3 los 12 a\u00f1os de su pontificado<\/strong><\/p>\n\n\n\n<p>El papa Francisco contin\u00faa \u00abestable\u00bb mientras permanece internado en el hospital Gemelli de Roma, al tiempo que aprovech\u00f3 para festejar los 12 de a\u00f1os de su pontificado, seg\u00fan inform\u00f3 este jueves la Oficina de Prensa del Vaticano.<\/p>\n\n\n\n<p>El nuevo parte m\u00e9dico revelado por la Santa Sede indic\u00f3 que, por la tarde, Francisco reanud\u00f3 la terapia respiratoria y \u00absigui\u00f3 alternando la ventilaci\u00f3n mec\u00e1nica no invasiva por la noche con la oxigenaci\u00f3n de alto flujo con c\u00e1nulas nasales utilizadas durante el d\u00eda\u00bb. Sus condiciones cl\u00ednicas siguen siendo \u00abestacionarias\u00bb dada la complejidad del cuadro general.<\/p>\n\n\n\n<p>Bajo este marco, el Sumo Pont\u00edfice fue sorprendido por el personal de salud, que le llev\u00f3 una torta con velas para celebrar el 12\u00ba aniversario de su elecci\u00f3n tras la renuncia del papa em\u00e9rito Benedicto XVI, fallecido el 31 de diciembre de 2022, a los 95 a\u00f1os.<\/p>\n\n\n\n<p>Adem\u00e1s, Jorge Bergoglio se conect\u00f3 mediante una videoconferencia para participar de los ejercicios para la Curia Romana que se desarrollan en el Aula Pablo VI, mientras que el pr\u00f3ximo bolet\u00edn m\u00e9dico se publicar\u00e1 ma\u00f1ana.&nbsp;<\/p>\n","protected":false},"excerpt":{"rendered":"<p>El Papa pas\u00f3 una noche tranquila\u00bb, se\u00f1alaron desde el Vaticano. Siguen las terapias contin\u00faan y el Papa alterna oxigenaci\u00f3n de alto flujo durante el d\u00eda y ventilaci\u00f3n mec\u00e1nica durante la noche. El papa Francisco pas\u00f3 una noche tranquila en el Policl\u00ednico Agostino Gemelli y este viernes vuelve a la Plaza de San Pedro el Rosario [&hellip;]<\/p>\n","protected":false},"author":4,"featured_media":1569,"comment_status":"open","ping_status":"open","sticky":false,"template":"","format":"standard","meta":{"footnotes":""},"categories":[20],"tags":[],"class_list":{"0":"post-1568","1":"post","2":"type-post","3":"status-publish","4":"format-standard","5":"has-post-thumbnail","7":"category-internacionales"},"yoast_head":"<!-- This site is optimized with the Yoast SEO plugin v27.4 - https:\/\/yoast.com\/product\/yoast-seo-wordpress\/ -->\n<title>El papa Francisco cumple un mes de internaci\u00f3n y su estado es estable pero complejo - Diario del Sur<\/title>\n<meta name=\"robots\" content=\"index, follow, max-snippet:-1, max-image-preview:large, max-video-preview:-1\" \/>\n<link rel=\"canonical\" href=\"https:\/\/diariodelsurdigital.com.ar\/?p=1568\" \/>\n<meta property=\"og:locale\" content=\"es_ES\" \/>\n<meta property=\"og:type\" content=\"article\" \/>\n<meta property=\"og:title\" content=\"El papa Francisco cumple un mes de internaci\u00f3n y su estado es estable pero complejo - Diario del Sur\" \/>\n<meta property=\"og:description\" content=\"El Papa pas\u00f3 una noche tranquila\u00bb, se\u00f1alaron desde el Vaticano. Siguen las terapias contin\u00faan y el Papa alterna oxigenaci\u00f3n de alto flujo durante el d\u00eda y ventilaci\u00f3n mec\u00e1nica durante la noche. El papa Francisco pas\u00f3 una noche tranquila en el Policl\u00ednico Agostino Gemelli y este viernes vuelve a la Plaza de San Pedro el Rosario [&hellip;]\" \/>\n<meta property=\"og:url\" content=\"https:\/\/diariodelsurdigital.com.ar\/?p=1568\" \/>\n<meta property=\"og:site_name\" content=\"Diario del Sur\" \/>\n<meta property=\"article:published_time\" content=\"2025-03-14T21:02:08+00:00\" \/>\n<meta property=\"article:modified_time\" content=\"2025-03-14T21:02:09+00:00\" \/>\n<meta property=\"og:image\" content=\"https:\/\/diariodelsurdigital.com.ar\/wp-content\/uploads\/2025\/03\/md-12-1.webp\" \/>\n\t<meta property=\"og:image:width\" content=\"992\" \/>\n\t<meta property=\"og:image:height\" content=\"557\" \/>\n\t<meta property=\"og:image:type\" content=\"image\/webp\" \/>\n<meta name=\"author\" content=\"Diario del Sur Digital\" \/>\n<meta name=\"twitter:card\" content=\"summary_large_image\" \/>\n<meta name=\"twitter:label1\" content=\"Escrito por\" \/>\n\t<meta name=\"twitter:data1\" content=\"Diario del Sur Digital\" \/>\n\t<meta name=\"twitter:label2\" content=\"Tiempo de lectura\" \/>\n\t<meta name=\"twitter:data2\" content=\"3 minutos\" \/>\n<script type=\"application\/ld+json\" class=\"yoast-schema-graph\">{\"@context\":\"https:\\\/\\\/schema.org\",\"@graph\":[{\"@type\":\"Article\",\"@id\":\"https:\\\/\\\/diariodelsurdigital.com.ar\\\/?p=1568#article\",\"isPartOf\":{\"@id\":\"https:\\\/\\\/diariodelsurdigital.com.ar\\\/?p=1568\"},\"author\":{\"name\":\"Diario del Sur Digital\",\"@id\":\"https:\\\/\\\/diariodelsurdigital.com.ar\\\/#\\\/schema\\\/person\\\/1a4992532ed62965c968031b49195c81\"},\"headline\":\"El papa Francisco cumple un mes de internaci\u00f3n y su estado es estable pero complejo\",\"datePublished\":\"2025-03-14T21:02:08+00:00\",\"dateModified\":\"2025-03-14T21:02:09+00:00\",\"mainEntityOfPage\":{\"@id\":\"https:\\\/\\\/diariodelsurdigital.com.ar\\\/?p=1568\"},\"wordCount\":604,\"commentCount\":0,\"image\":{\"@id\":\"https:\\\/\\\/diariodelsurdigital.com.ar\\\/?p=1568#primaryimage\"},\"thumbnailUrl\":\"https:\\\/\\\/diariodelsurdigital.com.ar\\\/wp-content\\\/uploads\\\/2025\\\/03\\\/md-12-1.webp\",\"articleSection\":[\"Internacionales\"],\"inLanguage\":\"es\",\"potentialAction\":[{\"@type\":\"CommentAction\",\"name\":\"Comment\",\"target\":[\"https:\\\/\\\/diariodelsurdigital.com.ar\\\/?p=1568#respond\"]}]},{\"@type\":\"WebPage\",\"@id\":\"https:\\\/\\\/diariodelsurdigital.com.ar\\\/?p=1568\",\"url\":\"https:\\\/\\\/diariodelsurdigital.com.ar\\\/?p=1568\",\"name\":\"El papa Francisco cumple un mes de internaci\u00f3n y su estado es estable pero complejo - Diario del Sur\",\"isPartOf\":{\"@id\":\"https:\\\/\\\/diariodelsurdigital.com.ar\\\/#website\"},\"primaryImageOfPage\":{\"@id\":\"https:\\\/\\\/diariodelsurdigital.com.ar\\\/?p=1568#primaryimage\"},\"image\":{\"@id\":\"https:\\\/\\\/diariodelsurdigital.com.ar\\\/?p=1568#primaryimage\"},\"thumbnailUrl\":\"https:\\\/\\\/diariodelsurdigital.com.ar\\\/wp-content\\\/uploads\\\/2025\\\/03\\\/md-12-1.webp\",\"datePublished\":\"2025-03-14T21:02:08+00:00\",\"dateModified\":\"2025-03-14T21:02:09+00:00\",\"author\":{\"@id\":\"https:\\\/\\\/diariodelsurdigital.com.ar\\\/#\\\/schema\\\/person\\\/1a4992532ed62965c968031b49195c81\"},\"breadcrumb\":{\"@id\":\"https:\\\/\\\/diariodelsurdigital.com.ar\\\/?p=1568#breadcrumb\"},\"inLanguage\":\"es\",\"potentialAction\":[{\"@type\":\"ReadAction\",\"target\":[\"https:\\\/\\\/diariodelsurdigital.com.ar\\\/?p=1568\"]}]},{\"@type\":\"ImageObject\",\"inLanguage\":\"es\",\"@id\":\"https:\\\/\\\/diariodelsurdigital.com.ar\\\/?p=1568#primaryimage\",\"url\":\"https:\\\/\\\/diariodelsurdigital.com.ar\\\/wp-content\\\/uploads\\\/2025\\\/03\\\/md-12-1.webp\",\"contentUrl\":\"https:\\\/\\\/diariodelsurdigital.com.ar\\\/wp-content\\\/uploads\\\/2025\\\/03\\\/md-12-1.webp\",\"width\":992,\"height\":557},{\"@type\":\"BreadcrumbList\",\"@id\":\"https:\\\/\\\/diariodelsurdigital.com.ar\\\/?p=1568#breadcrumb\",\"itemListElement\":[{\"@type\":\"ListItem\",\"position\":1,\"name\":\"Portada\",\"item\":\"https:\\\/\\\/diariodelsurdigital.com.ar\\\/\"},{\"@type\":\"ListItem\",\"position\":2,\"name\":\"El papa Francisco cumple un mes de internaci\u00f3n y su estado es estable pero complejo\"}]},{\"@type\":\"WebSite\",\"@id\":\"https:\\\/\\\/diariodelsurdigital.com.ar\\\/#website\",\"url\":\"https:\\\/\\\/diariodelsurdigital.com.ar\\\/\",\"name\":\"Diario del Sur\",\"description\":\"Digital\",\"potentialAction\":[{\"@type\":\"SearchAction\",\"target\":{\"@type\":\"EntryPoint\",\"urlTemplate\":\"https:\\\/\\\/diariodelsurdigital.com.ar\\\/?s={search_term_string}\"},\"query-input\":{\"@type\":\"PropertyValueSpecification\",\"valueRequired\":true,\"valueName\":\"search_term_string\"}}],\"inLanguage\":\"es\"},{\"@type\":\"Person\",\"@id\":\"https:\\\/\\\/diariodelsurdigital.com.ar\\\/#\\\/schema\\\/person\\\/1a4992532ed62965c968031b49195c81\",\"name\":\"Diario del Sur Digital\",\"image\":{\"@type\":\"ImageObject\",\"inLanguage\":\"es\",\"@id\":\"https:\\\/\\\/secure.gravatar.com\\\/avatar\\\/f0c7c47fc7146d19828273b9b8eda651c9c7ab583767e6338d3d3bee825adf76?s=96&d=mm&r=g\",\"url\":\"https:\\\/\\\/secure.gravatar.com\\\/avatar\\\/f0c7c47fc7146d19828273b9b8eda651c9c7ab583767e6338d3d3bee825adf76?s=96&d=mm&r=g\",\"contentUrl\":\"https:\\\/\\\/secure.gravatar.com\\\/avatar\\\/f0c7c47fc7146d19828273b9b8eda651c9c7ab583767e6338d3d3bee825adf76?s=96&d=mm&r=g\",\"caption\":\"Diario del Sur Digital\"},\"url\":\"https:\\\/\\\/diariodelsurdigital.com.ar\\\/?author=4\"}]}<\/script>\n<!-- \/ Yoast SEO plugin. -->","yoast_head_json":{"title":"El papa Francisco cumple un mes de internaci\u00f3n y su estado es estable pero complejo - Diario del Sur","robots":{"index":"index","follow":"follow","max-snippet":"max-snippet:-1","max-image-preview":"max-image-preview:large","max-video-preview":"max-video-preview:-1"},"canonical":"https:\/\/diariodelsurdigital.com.ar\/?p=1568","og_locale":"es_ES","og_type":"article","og_title":"El papa Francisco cumple un mes de internaci\u00f3n y su estado es estable pero complejo - Diario del Sur","og_description":"El Papa pas\u00f3 una noche tranquila\u00bb, se\u00f1alaron desde el Vaticano. Siguen las terapias contin\u00faan y el Papa alterna oxigenaci\u00f3n de alto flujo durante el d\u00eda y ventilaci\u00f3n mec\u00e1nica durante la noche. El papa Francisco pas\u00f3 una noche tranquila en el Policl\u00ednico Agostino Gemelli y este viernes vuelve a la Plaza de San Pedro el Rosario [&hellip;]","og_url":"https:\/\/diariodelsurdigital.com.ar\/?p=1568","og_site_name":"Diario del Sur","article_published_time":"2025-03-14T21:02:08+00:00","article_modified_time":"2025-03-14T21:02:09+00:00","og_image":[{"width":992,"height":557,"url":"https:\/\/diariodelsurdigital.com.ar\/wp-content\/uploads\/2025\/03\/md-12-1.webp","type":"image\/webp"}],"author":"Diario del Sur Digital","twitter_card":"summary_large_image","twitter_misc":{"Escrito por":"Diario del Sur Digital","Tiempo de lectura":"3 minutos"},"schema":{"@context":"https:\/\/schema.org","@graph":[{"@type":"Article","@id":"https:\/\/diariodelsurdigital.com.ar\/?p=1568#article","isPartOf":{"@id":"https:\/\/diariodelsurdigital.com.ar\/?p=1568"},"author":{"name":"Diario del Sur Digital","@id":"https:\/\/diariodelsurdigital.com.ar\/#\/schema\/person\/1a4992532ed62965c968031b49195c81"},"headline":"El papa Francisco cumple un mes de internaci\u00f3n y su estado es estable pero complejo","datePublished":"2025-03-14T21:02:08+00:00","dateModified":"2025-03-14T21:02:09+00:00","mainEntityOfPage":{"@id":"https:\/\/diariodelsurdigital.com.ar\/?p=1568"},"wordCount":604,"commentCount":0,"image":{"@id":"https:\/\/diariodelsurdigital.com.ar\/?p=1568#primaryimage"},"thumbnailUrl":"https:\/\/diariodelsurdigital.com.ar\/wp-content\/uploads\/2025\/03\/md-12-1.webp","articleSection":["Internacionales"],"inLanguage":"es","potentialAction":[{"@type":"CommentAction","name":"Comment","target":["https:\/\/diariodelsurdigital.com.ar\/?p=1568#respond"]}]},{"@type":"WebPage","@id":"https:\/\/diariodelsurdigital.com.ar\/?p=1568","url":"https:\/\/diariodelsurdigital.com.ar\/?p=1568","name":"El papa Francisco cumple un mes de internaci\u00f3n y su estado es estable pero complejo - Diario del Sur","isPartOf":{"@id":"https:\/\/diariodelsurdigital.com.ar\/#website"},"primaryImageOfPage":{"@id":"https:\/\/diariodelsurdigital.com.ar\/?p=1568#primaryimage"},"image":{"@id":"https:\/\/diariodelsurdigital.com.ar\/?p=1568#primaryimage"},"thumbnailUrl":"https:\/\/diariodelsurdigital.com.ar\/wp-content\/uploads\/2025\/03\/md-12-1.webp","datePublished":"2025-03-14T21:02:08+00:00","dateModified":"2025-03-14T21:02:09+00:00","author":{"@id":"https:\/\/diariodelsurdigital.com.ar\/#\/schema\/person\/1a4992532ed62965c968031b49195c81"},"breadcrumb":{"@id":"https:\/\/diariodelsurdigital.com.ar\/?p=1568#breadcrumb"},"inLanguage":"es","potentialAction":[{"@type":"ReadAction","target":["https:\/\/diariodelsurdigital.com.ar\/?p=1568"]}]},{"@type":"ImageObject","inLanguage":"es","@id":"https:\/\/diariodelsurdigital.com.ar\/?p=1568#primaryimage","url":"https:\/\/diariodelsurdigital.com.ar\/wp-content\/uploads\/2025\/03\/md-12-1.webp","contentUrl":"https:\/\/diariodelsurdigital.com.ar\/wp-content\/uploads\/2025\/03\/md-12-1.webp","width":992,"height":557},{"@type":"BreadcrumbList","@id":"https:\/\/diariodelsurdigital.com.ar\/?p=1568#breadcrumb","itemListElement":[{"@type":"ListItem","position":1,"name":"Portada","item":"https:\/\/diariodelsurdigital.com.ar\/"},{"@type":"ListItem","position":2,"name":"El papa Francisco cumple un mes de internaci\u00f3n y su estado es estable pero complejo"}]},{"@type":"WebSite","@id":"https:\/\/diariodelsurdigital.com.ar\/#website","url":"https:\/\/diariodelsurdigital.com.ar\/","name":"Diario del Sur","description":"Digital","potentialAction":[{"@type":"SearchAction","target":{"@type":"EntryPoint","urlTemplate":"https:\/\/diariodelsurdigital.com.ar\/?s={search_term_string}"},"query-input":{"@type":"PropertyValueSpecification","valueRequired":true,"valueName":"search_term_string"}}],"inLanguage":"es"},{"@type":"Person","@id":"https:\/\/diariodelsurdigital.com.ar\/#\/schema\/person\/1a4992532ed62965c968031b49195c81","name":"Diario del Sur Digital","image":{"@type":"ImageObject","inLanguage":"es","@id":"https:\/\/secure.gravatar.com\/avatar\/f0c7c47fc7146d19828273b9b8eda651c9c7ab583767e6338d3d3bee825adf76?s=96&d=mm&r=g","url":"https:\/\/secure.gravatar.com\/avatar\/f0c7c47fc7146d19828273b9b8eda651c9c7ab583767e6338d3d3bee825adf76?s=96&d=mm&r=g","contentUrl":"https:\/\/secure.gravatar.com\/avatar\/f0c7c47fc7146d19828273b9b8eda651c9c7ab583767e6338d3d3bee825adf76?s=96&d=mm&r=g","caption":"Diario del Sur Digital"},"url":"https:\/\/diariodelsurdigital.com.ar\/?author=4"}]}},"_links":{"self":[{"href":"https:\/\/diariodelsurdigital.com.ar\/index.php?rest_route=\/wp\/v2\/posts\/1568","targetHints":{"allow":["GET"]}}],"collection":[{"href":"https:\/\/diariodelsurdigital.com.ar\/index.php?rest_route=\/wp\/v2\/posts"}],"about":[{"href":"https:\/\/diariodelsurdigital.com.ar\/index.php?rest_route=\/wp\/v2\/types\/post"}],"author":[{"embeddable":true,"href":"https:\/\/diariodelsurdigital.com.ar\/index.php?rest_route=\/wp\/v2\/users\/4"}],"replies":[{"embeddable":true,"href":"https:\/\/diariodelsurdigital.com.ar\/index.php?rest_route=%2Fwp%2Fv2%2Fcomments&post=1568"}],"version-history":[{"count":1,"href":"https:\/\/diariodelsurdigital.com.ar\/index.php?rest_route=\/wp\/v2\/posts\/1568\/revisions"}],"predecessor-version":[{"id":1570,"href":"https:\/\/diariodelsurdigital.com.ar\/index.php?rest_route=\/wp\/v2\/posts\/1568\/revisions\/1570"}],"wp:featuredmedia":[{"embeddable":true,"href":"https:\/\/diariodelsurdigital.com.ar\/index.php?rest_route=\/wp\/v2\/media\/1569"}],"wp:attachment":[{"href":"https:\/\/diariodelsurdigital.com.ar\/index.php?rest_route=%2Fwp%2Fv2%2Fmedia&parent=1568"}],"wp:term":[{"taxonomy":"category","embeddable":true,"href":"https:\/\/diariodelsurdigital.com.ar\/index.php?rest_route=%2Fwp%2Fv2%2Fcategories&post=1568"},{"taxonomy":"post_tag","embeddable":true,"href":"https:\/\/diariodelsurdigital.com.ar\/index.php?rest_route=%2Fwp%2Fv2%2Ftags&post=1568"}],"curies":[{"name":"wp","href":"https:\/\/api.w.org\/{rel}","templated":true}]}}