{"id":1571,"date":"2025-03-14T18:04:25","date_gmt":"2025-03-14T21:04:25","guid":{"rendered":"https:\/\/diariodelsurdigital.com.ar\/?p=1571"},"modified":"2025-03-14T18:04:26","modified_gmt":"2025-03-14T21:04:26","slug":"fuerte-respaldo-de-milei-a-bullrich-los-buenos-son-los-de-azul-y-los-hijos-de-puta-que-rompen-autos-son-los-malos","status":"publish","type":"post","link":"https:\/\/diariodelsurdigital.com.ar\/?p=1571","title":{"rendered":"Fuerte respaldo de Milei a Bullrich: \u201cLos buenos son los de azul y los hijos de puta que rompen autos son los malos\u201d"},"content":{"rendered":"\n<p>El Presidente habl\u00f3 durante una exposici\u00f3n agropecuaria ExpoAgro acompa\u00f1ado por la Ministra de Seguridad, tras las cr\u00edticas que le realizaron por el operativo en el Congreso que termin\u00f3 con severos incidentes y un herido de gravedad. Tambi\u00e9n hubo un gui\u00f1o oficial para Jos\u00e9 Luis Espert.<\/p>\n\n\n\n<figure class=\"wp-block-image\"><img decoding=\"async\" src=\"https:\/\/apfdigital-s3.cdn.net.ar\/s3i233\/2025\/01\/apfdigital\/files\/01\/18\/11895\/cb29b1e8607fb06dd3a94f2f898154d0a274406ec9136f929a09d81052d2583a.gif\" alt=\"Publicidad\"\/><\/figure>\n\n\n\n<p><a href=\"https:\/\/www.apfdigital.com.ar\/nacionales\/\">Nacionales<\/a><\/p>\n\n\n\n<h1 class=\"wp-block-heading\">Fuerte respaldo de Milei a Bullrich: \u201cLos buenos son los de azul y los hijos de puta que rompen autos son los malos\u201d<\/h1>\n\n\n\n<p>El Presidente habl\u00f3 durante una exposici\u00f3n agropecuaria ExpoAgro acompa\u00f1ado por la Ministra de Seguridad, tras las cr\u00edticas que le realizaron por el operativo en el Congreso que termin\u00f3 con severos incidentes y un herido de gravedad. Tambi\u00e9n hubo un gui\u00f1o oficial para Jos\u00e9 Luis Espert.<\/p>\n\n\n\n<p>viernes 14 de marzo de 2025 | 12:35hs.<\/p>\n\n\n\n<figure class=\"wp-block-image\"><img decoding=\"async\" src=\"https:\/\/apfdigital-s3.cdn.net.ar\/s3i233\/2025\/03\/apfdigital\/images\/01\/80\/15\/1801529_ea28a88bf3c4a23841e678557709b89d5779e947caedd3537d114bf8b0702a15\/md.webp\" alt=\"\"\/><\/figure>\n\n\n\n<p>El presidente Javier Milei respald\u00f3 p\u00fablicamente a la ministra de Seguridad, Patricia Bullrich, en el discurso que pronunci\u00f3 en la muestra agropecuaria Expoagro.<\/p>\n\n\n\n<p>Durante un fragmento de su exposici\u00f3n, el jefe de Estado se refiri\u00f3 por primera vez en p\u00fablico a los incidentes en el Congreso, que se produjeron durante la movilizaci\u00f3n por los jubilados de la que participaron tambi\u00e9n barras de clubes de f\u00fatbol y militantes pol\u00edticos.<\/p>\n\n\n\n<p>\u201cEstoy con alguien que compiti\u00f3 conmigo y su grandeza permiti\u00f3 que se sumara a este gobierno. En materia de seguridad, el que las hace las paga. Los buenos son los de azul y los hijos de puta que andan con trapos en la cara y rompen autos, queman autos y amenazan a toda la gente porque no quieren perder sus curros son malos\u201d, dijo Milei.<\/p>\n\n\n\n<p>\u201cLos vamos a meter presos, vamos a defender a la Rep\u00fablica: no vienen contra m\u00ed, vienen contra ustedes, yo s\u00f3lo estoy en el medio\u201d, agreg\u00f3.<\/p>\n\n\n\n<p>Los de \u201cazul\u201d a los que alude Milei son los miembros de la fuerza de seguridad que fueron se\u00f1alados por la oposici\u00f3n por los incidentes en los que un fot\u00f3grafo result\u00f3 herido de gravedad.<\/p>\n\n\n\n<p>\u201cSe termin\u00f3 el modelo en el que las v\u00edctimas son tratadas como victimarios y los victimarios como v\u00edctimas\u201d, sostuvo el mandatario ante la atenta mirada de la Ministra de Seguridad, que sonri\u00f3 en varias ocasiones al escuchar las definiciones de l\u00edder del gobierno nacional.<\/p>\n\n\n\n<p>El respaldo presidencial a la funcionaria fue total. \u201cQuiero agradecer la presencia de la doctora Bullrich, que vino a acompa\u00f1arme, por su enorme trabajo defendiendo los valores de la Rep\u00fablica\u201d, resalt\u00f3 Milei.<\/p>\n\n\n\n<p>Desde el Gobierno cerraron filas en torno a la ministra, justificando el accionar de las fuerzas policiales ante los incidentes que provocaron destrozos en la v\u00eda p\u00fablica y dejaron numerosos heridos. Incluso, antes de esta expresi\u00f3n p\u00fablica, Milei retuite\u00f3 un fragmento de la conferencia de prensa de Bullrich, en la que afirm\u00f3: \u201cTodo estaba preparado para generar este nivel de violencia (&#8230;), por eso tomamos la decisi\u00f3n de operar y dispersar desde el primer momento que comenz\u00f3 la marcha\u201d.<\/p>\n\n\n\n<p>En la Casa Rosada relativizaron las cr\u00edticas y destacaron la imagen positiva de Bullrich dentro del electorado oficialista. Consideran que su firmeza en el manejo de la seguridad refuerza la narrativa de orden que promueve La Libertad Avanza como fuerza pol\u00edtica.<\/p>\n\n\n\n<p>\u201cImaginen que si acelero en las curvas, ahora voy a acelerar mucho m\u00e1s&#8230;\u201d, advirti\u00f3 Milei con una sonrisa, a modo de remate de lo que fue su defensa al estilo de Bullrich para mantener el control del orden p\u00fablico.<\/p>\n\n\n\n<p>El discurso del Presidente en ExpoAgro refuerza la postura del Gobierno de no ceder ante las presiones opositoras ni realizar cambios en la estrategia de seguridad. La ministra Bullrich ha sido objeto de pedidos de renuncia por parte de sectores opositores, pero desde el oficialismo desestiman los reclamos y destacan su valor dentro del gabinete nacional.<\/p>\n\n\n\n<p>Adem\u00e1s del respaldo a Bullrich, Milei tambi\u00e9n elogi\u00f3 al diputado Jos\u00e9 Luis Espert, quien ha sido mencionado como posible candidato de La Libertad Avanza en la provincia de Buenos Aires: \u201cEst\u00e1 haciendo una tarea tit\u00e1nica, cicl\u00f3pea en el Congreso de la Naci\u00f3n\u201d, afirm\u00f3 al agradecerle que lo acompa\u00f1ara en la exposici\u00f3n agropecuaria.<\/p>\n\n\n\n<p>Adem\u00e1s, el jefe de Estado se refiri\u00f3 al temporal que devast\u00f3 Bah\u00eda Blanca y les respondi\u00f3 a quienes lo criticaron por no haber viajado a la ciudad bonaerense r\u00e1pidamente.<\/p>\n\n\n\n<p>\u201cFui cuando se pod\u00eda, antes hubiera estorbado. Era una foto linda, pero le hac\u00edamos perder tiempo a los grupos asignados a resolver las tareas. Si iba antes, hubieran perdido tiempo en darme explicaciones. Yo ten\u00eda que elegir entre la foto linda que le gusta a la pol\u00edtica o salvar vidas; yo prefer\u00ed salvar vidas, otros prefirieron la foto linda\u2026\u201d, dispar\u00f3 en un mensaje indirecto a Axel Kicillof y otros referentes opositores.<\/p>\n\n\n\n<p>En el mismo sentido, el Presidente resalt\u00f3 la tarea del gobierno que encabeza: \u201cAlgunos aprovechan la desgracia para el carancheo pol\u00edtico y berreta. De los ocho ministerios que tenemos, seis estuvieron trabajando de modo activo en ayudar a Bah\u00eda Blanca. Donde hab\u00eda caos, ellos fueron a poner orden. Llegaron las ayudas de Capital Humano y el Ministerio de Salud arm\u00f3 un hospital de campa\u00f1a\u201d.<\/p>\n\n\n\n<p>En su discurso, tambi\u00e9n aprovech\u00f3 el evento para reforzar su mensaje a favor del sector agropecuario. \u201cEs mentira que el campo no genera valor agregado. Gracias a la siembra directa y a la innovaci\u00f3n gen\u00e9tica podemos producir alimentos para 500 millones de seres humanos, que ser\u00edan m\u00e1s si le sacamos el pie de encima al campo\u201d, sostuvo, public\u00f3 InfoBae.<\/p>\n\n\n\n<p>Asimismo, cuestion\u00f3 el rol del Estado en la actividad productiva y destac\u00f3 la resiliencia del sector: \u201cA pesar del peso asfixiante del Estado, el sector sigue siendo competitivo en todo el mundo. Imaginemos cu\u00e1nto m\u00e1s se podr\u00eda lograr con un Estado que no estorbe\u201d.&nbsp;<\/p>\n","protected":false},"excerpt":{"rendered":"<p>El Presidente habl\u00f3 durante una exposici\u00f3n agropecuaria ExpoAgro acompa\u00f1ado por la Ministra de Seguridad, tras las cr\u00edticas que le realizaron por el operativo en el Congreso que termin\u00f3 con severos incidentes y un herido de gravedad. Tambi\u00e9n hubo un gui\u00f1o oficial para Jos\u00e9 Luis Espert. Nacionales Fuerte respaldo de Milei a Bullrich: \u201cLos buenos son [&hellip;]<\/p>\n","protected":false},"author":4,"featured_media":1572,"comment_status":"open","ping_status":"open","sticky":false,"template":"","format":"standard","meta":{"footnotes":""},"categories":[18,22],"tags":[],"class_list":{"0":"post-1571","1":"post","2":"type-post","3":"status-publish","4":"format-standard","5":"has-post-thumbnail","7":"category-nacionales","8":"category-politica"},"yoast_head":"<!-- This site is optimized with the Yoast SEO plugin v27.4 - https:\/\/yoast.com\/product\/yoast-seo-wordpress\/ -->\n<title>Fuerte respaldo de Milei a Bullrich: \u201cLos buenos son los de azul y los hijos de puta que rompen autos son los malos\u201d - Diario del Sur<\/title>\n<meta name=\"robots\" content=\"index, follow, max-snippet:-1, max-image-preview:large, max-video-preview:-1\" \/>\n<link rel=\"canonical\" href=\"https:\/\/diariodelsurdigital.com.ar\/?p=1571\" \/>\n<meta property=\"og:locale\" content=\"es_ES\" \/>\n<meta property=\"og:type\" content=\"article\" \/>\n<meta property=\"og:title\" content=\"Fuerte respaldo de Milei a Bullrich: \u201cLos buenos son los de azul y los hijos de puta que rompen autos son los malos\u201d - Diario del Sur\" \/>\n<meta property=\"og:description\" content=\"El Presidente habl\u00f3 durante una exposici\u00f3n agropecuaria ExpoAgro acompa\u00f1ado por la Ministra de Seguridad, tras las cr\u00edticas que le realizaron por el operativo en el Congreso que termin\u00f3 con severos incidentes y un herido de gravedad. Tambi\u00e9n hubo un gui\u00f1o oficial para Jos\u00e9 Luis Espert. Nacionales Fuerte respaldo de Milei a Bullrich: \u201cLos buenos son [&hellip;]\" \/>\n<meta property=\"og:url\" content=\"https:\/\/diariodelsurdigital.com.ar\/?p=1571\" \/>\n<meta property=\"og:site_name\" content=\"Diario del Sur\" \/>\n<meta property=\"article:published_time\" content=\"2025-03-14T21:04:25+00:00\" \/>\n<meta property=\"article:modified_time\" content=\"2025-03-14T21:04:26+00:00\" \/>\n<meta property=\"og:image\" content=\"https:\/\/diariodelsurdigital.com.ar\/wp-content\/uploads\/2025\/03\/md-13-1.webp\" \/>\n\t<meta property=\"og:image:width\" content=\"992\" \/>\n\t<meta property=\"og:image:height\" content=\"564\" \/>\n\t<meta property=\"og:image:type\" content=\"image\/webp\" \/>\n<meta name=\"author\" content=\"Diario del Sur Digital\" \/>\n<meta name=\"twitter:card\" content=\"summary_large_image\" \/>\n<meta name=\"twitter:label1\" content=\"Escrito por\" \/>\n\t<meta name=\"twitter:data1\" content=\"Diario del Sur Digital\" \/>\n\t<meta name=\"twitter:label2\" content=\"Tiempo de lectura\" \/>\n\t<meta name=\"twitter:data2\" content=\"5 minutos\" \/>\n<script type=\"application\/ld+json\" class=\"yoast-schema-graph\">{\"@context\":\"https:\\\/\\\/schema.org\",\"@graph\":[{\"@type\":\"Article\",\"@id\":\"https:\\\/\\\/diariodelsurdigital.com.ar\\\/?p=1571#article\",\"isPartOf\":{\"@id\":\"https:\\\/\\\/diariodelsurdigital.com.ar\\\/?p=1571\"},\"author\":{\"name\":\"Diario del Sur Digital\",\"@id\":\"https:\\\/\\\/diariodelsurdigital.com.ar\\\/#\\\/schema\\\/person\\\/1a4992532ed62965c968031b49195c81\"},\"headline\":\"Fuerte respaldo de Milei a Bullrich: \u201cLos buenos son los de azul y los hijos de puta que rompen autos son los malos\u201d\",\"datePublished\":\"2025-03-14T21:04:25+00:00\",\"dateModified\":\"2025-03-14T21:04:26+00:00\",\"mainEntityOfPage\":{\"@id\":\"https:\\\/\\\/diariodelsurdigital.com.ar\\\/?p=1571\"},\"wordCount\":1005,\"commentCount\":1,\"image\":{\"@id\":\"https:\\\/\\\/diariodelsurdigital.com.ar\\\/?p=1571#primaryimage\"},\"thumbnailUrl\":\"https:\\\/\\\/diariodelsurdigital.com.ar\\\/wp-content\\\/uploads\\\/2025\\\/03\\\/md-13-1.webp\",\"articleSection\":[\"Nacionales\",\"Pol\u00edtica\"],\"inLanguage\":\"es\",\"potentialAction\":[{\"@type\":\"CommentAction\",\"name\":\"Comment\",\"target\":[\"https:\\\/\\\/diariodelsurdigital.com.ar\\\/?p=1571#respond\"]}]},{\"@type\":\"WebPage\",\"@id\":\"https:\\\/\\\/diariodelsurdigital.com.ar\\\/?p=1571\",\"url\":\"https:\\\/\\\/diariodelsurdigital.com.ar\\\/?p=1571\",\"name\":\"Fuerte respaldo de Milei a Bullrich: \u201cLos buenos son los de azul y los hijos de puta que rompen autos son los malos\u201d - Diario del Sur\",\"isPartOf\":{\"@id\":\"https:\\\/\\\/diariodelsurdigital.com.ar\\\/#website\"},\"primaryImageOfPage\":{\"@id\":\"https:\\\/\\\/diariodelsurdigital.com.ar\\\/?p=1571#primaryimage\"},\"image\":{\"@id\":\"https:\\\/\\\/diariodelsurdigital.com.ar\\\/?p=1571#primaryimage\"},\"thumbnailUrl\":\"https:\\\/\\\/diariodelsurdigital.com.ar\\\/wp-content\\\/uploads\\\/2025\\\/03\\\/md-13-1.webp\",\"datePublished\":\"2025-03-14T21:04:25+00:00\",\"dateModified\":\"2025-03-14T21:04:26+00:00\",\"author\":{\"@id\":\"https:\\\/\\\/diariodelsurdigital.com.ar\\\/#\\\/schema\\\/person\\\/1a4992532ed62965c968031b49195c81\"},\"breadcrumb\":{\"@id\":\"https:\\\/\\\/diariodelsurdigital.com.ar\\\/?p=1571#breadcrumb\"},\"inLanguage\":\"es\",\"potentialAction\":[{\"@type\":\"ReadAction\",\"target\":[\"https:\\\/\\\/diariodelsurdigital.com.ar\\\/?p=1571\"]}]},{\"@type\":\"ImageObject\",\"inLanguage\":\"es\",\"@id\":\"https:\\\/\\\/diariodelsurdigital.com.ar\\\/?p=1571#primaryimage\",\"url\":\"https:\\\/\\\/diariodelsurdigital.com.ar\\\/wp-content\\\/uploads\\\/2025\\\/03\\\/md-13-1.webp\",\"contentUrl\":\"https:\\\/\\\/diariodelsurdigital.com.ar\\\/wp-content\\\/uploads\\\/2025\\\/03\\\/md-13-1.webp\",\"width\":992,\"height\":564},{\"@type\":\"BreadcrumbList\",\"@id\":\"https:\\\/\\\/diariodelsurdigital.com.ar\\\/?p=1571#breadcrumb\",\"itemListElement\":[{\"@type\":\"ListItem\",\"position\":1,\"name\":\"Portada\",\"item\":\"https:\\\/\\\/diariodelsurdigital.com.ar\\\/\"},{\"@type\":\"ListItem\",\"position\":2,\"name\":\"Fuerte respaldo de Milei a Bullrich: \u201cLos buenos son los de azul y los hijos de puta que rompen autos son los malos\u201d\"}]},{\"@type\":\"WebSite\",\"@id\":\"https:\\\/\\\/diariodelsurdigital.com.ar\\\/#website\",\"url\":\"https:\\\/\\\/diariodelsurdigital.com.ar\\\/\",\"name\":\"Diario del Sur\",\"description\":\"Digital\",\"potentialAction\":[{\"@type\":\"SearchAction\",\"target\":{\"@type\":\"EntryPoint\",\"urlTemplate\":\"https:\\\/\\\/diariodelsurdigital.com.ar\\\/?s={search_term_string}\"},\"query-input\":{\"@type\":\"PropertyValueSpecification\",\"valueRequired\":true,\"valueName\":\"search_term_string\"}}],\"inLanguage\":\"es\"},{\"@type\":\"Person\",\"@id\":\"https:\\\/\\\/diariodelsurdigital.com.ar\\\/#\\\/schema\\\/person\\\/1a4992532ed62965c968031b49195c81\",\"name\":\"Diario del Sur Digital\",\"image\":{\"@type\":\"ImageObject\",\"inLanguage\":\"es\",\"@id\":\"https:\\\/\\\/secure.gravatar.com\\\/avatar\\\/f0c7c47fc7146d19828273b9b8eda651c9c7ab583767e6338d3d3bee825adf76?s=96&d=mm&r=g\",\"url\":\"https:\\\/\\\/secure.gravatar.com\\\/avatar\\\/f0c7c47fc7146d19828273b9b8eda651c9c7ab583767e6338d3d3bee825adf76?s=96&d=mm&r=g\",\"contentUrl\":\"https:\\\/\\\/secure.gravatar.com\\\/avatar\\\/f0c7c47fc7146d19828273b9b8eda651c9c7ab583767e6338d3d3bee825adf76?s=96&d=mm&r=g\",\"caption\":\"Diario del Sur Digital\"},\"url\":\"https:\\\/\\\/diariodelsurdigital.com.ar\\\/?author=4\"}]}<\/script>\n<!-- \/ Yoast SEO plugin. -->","yoast_head_json":{"title":"Fuerte respaldo de Milei a Bullrich: \u201cLos buenos son los de azul y los hijos de puta que rompen autos son los malos\u201d - Diario del Sur","robots":{"index":"index","follow":"follow","max-snippet":"max-snippet:-1","max-image-preview":"max-image-preview:large","max-video-preview":"max-video-preview:-1"},"canonical":"https:\/\/diariodelsurdigital.com.ar\/?p=1571","og_locale":"es_ES","og_type":"article","og_title":"Fuerte respaldo de Milei a Bullrich: \u201cLos buenos son los de azul y los hijos de puta que rompen autos son los malos\u201d - Diario del Sur","og_description":"El Presidente habl\u00f3 durante una exposici\u00f3n agropecuaria ExpoAgro acompa\u00f1ado por la Ministra de Seguridad, tras las cr\u00edticas que le realizaron por el operativo en el Congreso que termin\u00f3 con severos incidentes y un herido de gravedad. Tambi\u00e9n hubo un gui\u00f1o oficial para Jos\u00e9 Luis Espert. Nacionales Fuerte respaldo de Milei a Bullrich: \u201cLos buenos son [&hellip;]","og_url":"https:\/\/diariodelsurdigital.com.ar\/?p=1571","og_site_name":"Diario del Sur","article_published_time":"2025-03-14T21:04:25+00:00","article_modified_time":"2025-03-14T21:04:26+00:00","og_image":[{"width":992,"height":564,"url":"https:\/\/diariodelsurdigital.com.ar\/wp-content\/uploads\/2025\/03\/md-13-1.webp","type":"image\/webp"}],"author":"Diario del Sur Digital","twitter_card":"summary_large_image","twitter_misc":{"Escrito por":"Diario del Sur Digital","Tiempo de lectura":"5 minutos"},"schema":{"@context":"https:\/\/schema.org","@graph":[{"@type":"Article","@id":"https:\/\/diariodelsurdigital.com.ar\/?p=1571#article","isPartOf":{"@id":"https:\/\/diariodelsurdigital.com.ar\/?p=1571"},"author":{"name":"Diario del Sur Digital","@id":"https:\/\/diariodelsurdigital.com.ar\/#\/schema\/person\/1a4992532ed62965c968031b49195c81"},"headline":"Fuerte respaldo de Milei a Bullrich: \u201cLos buenos son los de azul y los hijos de puta que rompen autos son los malos\u201d","datePublished":"2025-03-14T21:04:25+00:00","dateModified":"2025-03-14T21:04:26+00:00","mainEntityOfPage":{"@id":"https:\/\/diariodelsurdigital.com.ar\/?p=1571"},"wordCount":1005,"commentCount":1,"image":{"@id":"https:\/\/diariodelsurdigital.com.ar\/?p=1571#primaryimage"},"thumbnailUrl":"https:\/\/diariodelsurdigital.com.ar\/wp-content\/uploads\/2025\/03\/md-13-1.webp","articleSection":["Nacionales","Pol\u00edtica"],"inLanguage":"es","potentialAction":[{"@type":"CommentAction","name":"Comment","target":["https:\/\/diariodelsurdigital.com.ar\/?p=1571#respond"]}]},{"@type":"WebPage","@id":"https:\/\/diariodelsurdigital.com.ar\/?p=1571","url":"https:\/\/diariodelsurdigital.com.ar\/?p=1571","name":"Fuerte respaldo de Milei a Bullrich: \u201cLos buenos son los de azul y los hijos de puta que rompen autos son los malos\u201d - Diario del Sur","isPartOf":{"@id":"https:\/\/diariodelsurdigital.com.ar\/#website"},"primaryImageOfPage":{"@id":"https:\/\/diariodelsurdigital.com.ar\/?p=1571#primaryimage"},"image":{"@id":"https:\/\/diariodelsurdigital.com.ar\/?p=1571#primaryimage"},"thumbnailUrl":"https:\/\/diariodelsurdigital.com.ar\/wp-content\/uploads\/2025\/03\/md-13-1.webp","datePublished":"2025-03-14T21:04:25+00:00","dateModified":"2025-03-14T21:04:26+00:00","author":{"@id":"https:\/\/diariodelsurdigital.com.ar\/#\/schema\/person\/1a4992532ed62965c968031b49195c81"},"breadcrumb":{"@id":"https:\/\/diariodelsurdigital.com.ar\/?p=1571#breadcrumb"},"inLanguage":"es","potentialAction":[{"@type":"ReadAction","target":["https:\/\/diariodelsurdigital.com.ar\/?p=1571"]}]},{"@type":"ImageObject","inLanguage":"es","@id":"https:\/\/diariodelsurdigital.com.ar\/?p=1571#primaryimage","url":"https:\/\/diariodelsurdigital.com.ar\/wp-content\/uploads\/2025\/03\/md-13-1.webp","contentUrl":"https:\/\/diariodelsurdigital.com.ar\/wp-content\/uploads\/2025\/03\/md-13-1.webp","width":992,"height":564},{"@type":"BreadcrumbList","@id":"https:\/\/diariodelsurdigital.com.ar\/?p=1571#breadcrumb","itemListElement":[{"@type":"ListItem","position":1,"name":"Portada","item":"https:\/\/diariodelsurdigital.com.ar\/"},{"@type":"ListItem","position":2,"name":"Fuerte respaldo de Milei a Bullrich: \u201cLos buenos son los de azul y los hijos de puta que rompen autos son los malos\u201d"}]},{"@type":"WebSite","@id":"https:\/\/diariodelsurdigital.com.ar\/#website","url":"https:\/\/diariodelsurdigital.com.ar\/","name":"Diario del Sur","description":"Digital","potentialAction":[{"@type":"SearchAction","target":{"@type":"EntryPoint","urlTemplate":"https:\/\/diariodelsurdigital.com.ar\/?s={search_term_string}"},"query-input":{"@type":"PropertyValueSpecification","valueRequired":true,"valueName":"search_term_string"}}],"inLanguage":"es"},{"@type":"Person","@id":"https:\/\/diariodelsurdigital.com.ar\/#\/schema\/person\/1a4992532ed62965c968031b49195c81","name":"Diario del Sur Digital","image":{"@type":"ImageObject","inLanguage":"es","@id":"https:\/\/secure.gravatar.com\/avatar\/f0c7c47fc7146d19828273b9b8eda651c9c7ab583767e6338d3d3bee825adf76?s=96&d=mm&r=g","url":"https:\/\/secure.gravatar.com\/avatar\/f0c7c47fc7146d19828273b9b8eda651c9c7ab583767e6338d3d3bee825adf76?s=96&d=mm&r=g","contentUrl":"https:\/\/secure.gravatar.com\/avatar\/f0c7c47fc7146d19828273b9b8eda651c9c7ab583767e6338d3d3bee825adf76?s=96&d=mm&r=g","caption":"Diario del Sur Digital"},"url":"https:\/\/diariodelsurdigital.com.ar\/?author=4"}]}},"_links":{"self":[{"href":"https:\/\/diariodelsurdigital.com.ar\/index.php?rest_route=\/wp\/v2\/posts\/1571","targetHints":{"allow":["GET"]}}],"collection":[{"href":"https:\/\/diariodelsurdigital.com.ar\/index.php?rest_route=\/wp\/v2\/posts"}],"about":[{"href":"https:\/\/diariodelsurdigital.com.ar\/index.php?rest_route=\/wp\/v2\/types\/post"}],"author":[{"embeddable":true,"href":"https:\/\/diariodelsurdigital.com.ar\/index.php?rest_route=\/wp\/v2\/users\/4"}],"replies":[{"embeddable":true,"href":"https:\/\/diariodelsurdigital.com.ar\/index.php?rest_route=%2Fwp%2Fv2%2Fcomments&post=1571"}],"version-history":[{"count":1,"href":"https:\/\/diariodelsurdigital.com.ar\/index.php?rest_route=\/wp\/v2\/posts\/1571\/revisions"}],"predecessor-version":[{"id":1573,"href":"https:\/\/diariodelsurdigital.com.ar\/index.php?rest_route=\/wp\/v2\/posts\/1571\/revisions\/1573"}],"wp:featuredmedia":[{"embeddable":true,"href":"https:\/\/diariodelsurdigital.com.ar\/index.php?rest_route=\/wp\/v2\/media\/1572"}],"wp:attachment":[{"href":"https:\/\/diariodelsurdigital.com.ar\/index.php?rest_route=%2Fwp%2Fv2%2Fmedia&parent=1571"}],"wp:term":[{"taxonomy":"category","embeddable":true,"href":"https:\/\/diariodelsurdigital.com.ar\/index.php?rest_route=%2Fwp%2Fv2%2Fcategories&post=1571"},{"taxonomy":"post_tag","embeddable":true,"href":"https:\/\/diariodelsurdigital.com.ar\/index.php?rest_route=%2Fwp%2Fv2%2Ftags&post=1571"}],"curies":[{"name":"wp","href":"https:\/\/api.w.org\/{rel}","templated":true}]}}