{"id":1584,"date":"2025-03-15T10:22:26","date_gmt":"2025-03-15T13:22:26","guid":{"rendered":"https:\/\/diariodelsurdigital.com.ar\/?p=1584"},"modified":"2025-03-15T13:19:21","modified_gmt":"2025-03-15T16:19:21","slug":"emotivo-encuentro-en-el-pj-concordia","status":"publish","type":"post","link":"https:\/\/diariodelsurdigital.com.ar\/?p=1584","title":{"rendered":"Emotivo encuentro en el PJ Concordia"},"content":{"rendered":"\n<p>Este viernes se llev\u00f3 a cabo una reuni\u00f3n con referentes de distintos sectores del peronismo concordiense junto a ex presos pol\u00edticos de la \u00faltima dictadura olig\u00e1rquica militar. En el c\u00f3nclave se compartieron reflexiones sobre aquellos a\u00f1os oscuros de nuestra historia y la importancia de mantener viva la memoria para fortalecer nuestra democracia.<\/p>\n\n\n\n<figure class=\"wp-block-image size-full\"><img loading=\"lazy\" decoding=\"async\" width=\"616\" height=\"451\" src=\"https:\/\/diariodelsurdigital.com.ar\/wp-content\/uploads\/2025\/03\/Imagen-de-WhatsApp-2025-03-15-a-las-01.38.40_43169fd7.jpg\" alt=\"\" class=\"wp-image-1586\" srcset=\"https:\/\/diariodelsurdigital.com.ar\/wp-content\/uploads\/2025\/03\/Imagen-de-WhatsApp-2025-03-15-a-las-01.38.40_43169fd7.jpg 616w, https:\/\/diariodelsurdigital.com.ar\/wp-content\/uploads\/2025\/03\/Imagen-de-WhatsApp-2025-03-15-a-las-01.38.40_43169fd7-300x220.jpg 300w, https:\/\/diariodelsurdigital.com.ar\/wp-content\/uploads\/2025\/03\/Imagen-de-WhatsApp-2025-03-15-a-las-01.38.40_43169fd7-574x420.jpg 574w, https:\/\/diariodelsurdigital.com.ar\/wp-content\/uploads\/2025\/03\/Imagen-de-WhatsApp-2025-03-15-a-las-01.38.40_43169fd7-80x60.jpg 80w\" sizes=\"auto, (max-width: 616px) 100vw, 616px\" \/><\/figure>\n\n\n\n<p>Estuvieron presentes por ex presos pol\u00edticos, Jos\u00e9 Luis Uranga, Jos\u00e9 \u00abMaca\u00bb Godoy, Horacio Maciel, Jorge Villarreal, Hugo Galvani y Carlos Villa. Por el Partido Justicialista, su Presidente, Facundo Ru\u00edz D\u00edaz, su Vicepresidenta, Yan Barbona, el consejero Kevin Inda y la responsable de derechos humanos del PJ Concordia, Agnes P\u00e9rez. Tambi\u00e9n el secretario de la CTA Concordia, Julio L\u00f3pez, el secretario de DD HH de la CTA Concordia, Luis Niz, el dirigente bancario y congresal provincial, Gustavo D\u00edaz, el congresal provincial, Roberto Gonz\u00e1lez, el congresal provincial, Rub\u00e9n Bonelli, el congresal provincial Horacio Barboza y otros referentes gremiales, sociales y pol\u00edticos.<\/p>\n\n\n\n<figure class=\"wp-block-image size-full\"><img loading=\"lazy\" decoding=\"async\" width=\"640\" height=\"480\" src=\"https:\/\/diariodelsurdigital.com.ar\/wp-content\/uploads\/2025\/03\/Imagen-de-WhatsApp-2025-03-15-a-las-09.04.09_5b7b4013.jpg\" alt=\"\" class=\"wp-image-1587\" srcset=\"https:\/\/diariodelsurdigital.com.ar\/wp-content\/uploads\/2025\/03\/Imagen-de-WhatsApp-2025-03-15-a-las-09.04.09_5b7b4013.jpg 640w, https:\/\/diariodelsurdigital.com.ar\/wp-content\/uploads\/2025\/03\/Imagen-de-WhatsApp-2025-03-15-a-las-09.04.09_5b7b4013-300x225.jpg 300w, https:\/\/diariodelsurdigital.com.ar\/wp-content\/uploads\/2025\/03\/Imagen-de-WhatsApp-2025-03-15-a-las-09.04.09_5b7b4013-560x420.jpg 560w, https:\/\/diariodelsurdigital.com.ar\/wp-content\/uploads\/2025\/03\/Imagen-de-WhatsApp-2025-03-15-a-las-09.04.09_5b7b4013-80x60.jpg 80w, https:\/\/diariodelsurdigital.com.ar\/wp-content\/uploads\/2025\/03\/Imagen-de-WhatsApp-2025-03-15-a-las-09.04.09_5b7b4013-265x198.jpg 265w\" sizes=\"auto, (max-width: 640px) 100vw, 640px\" \/><\/figure>\n\n\n\n<p>En este marco organizativo, se invitar\u00e1 a toda la militancia y el resto de los ex detenidos y ex detenidas a participar el pr\u00f3ximo 25 de marzo de una charla en primera persona con quienes sufrieron la persecuci\u00f3n y el encarcelamiento en su lucha por los ideales y la resistencia a la dictadura, tambi\u00e9n en la sede partidaria. Ser\u00e1 una oportunidad para escuchar testimonios, vivencias de ese proceso hist\u00f3rico, para reafirmar nuestro compromiso con la verdad, la memoria y la justicia.<\/p>\n\n\n\n<p>A casi 49 a\u00f1os del golpe de Estado de 1976, recordamos que el Nunca M\u00e1s no es solo una consigna, sino un principio inquebrantable de nuestro movimiento. La memoria nos marca el camino y nos recuerda que no hay democracia sin justicia social, se\u00f1ala un parte de prensa del Partido Justicialista de Concordia enviado a <strong>Diario del SUR Digital.<\/strong><\/p>\n","protected":false},"excerpt":{"rendered":"<p>Este viernes se llev\u00f3 a cabo una reuni\u00f3n con referentes de distintos sectores del peronismo concordiense junto a ex presos pol\u00edticos de la \u00faltima dictadura olig\u00e1rquica militar. En el c\u00f3nclave se compartieron reflexiones sobre aquellos a\u00f1os oscuros de nuestra historia y la importancia de mantener viva la memoria para fortalecer nuestra democracia. Estuvieron presentes por [&hellip;]<\/p>\n","protected":false},"author":2,"featured_media":1585,"comment_status":"open","ping_status":"open","sticky":false,"template":"","format":"standard","meta":{"footnotes":""},"categories":[16],"tags":[],"class_list":{"0":"post-1584","1":"post","2":"type-post","3":"status-publish","4":"format-standard","5":"has-post-thumbnail","7":"category-locales"},"yoast_head":"<!-- This site is optimized with the Yoast SEO plugin v27.4 - https:\/\/yoast.com\/product\/yoast-seo-wordpress\/ -->\n<title>Emotivo encuentro en el PJ Concordia - Diario del Sur<\/title>\n<meta name=\"robots\" content=\"index, follow, max-snippet:-1, max-image-preview:large, max-video-preview:-1\" \/>\n<link rel=\"canonical\" href=\"https:\/\/diariodelsurdigital.com.ar\/?p=1584\" \/>\n<meta property=\"og:locale\" content=\"es_ES\" \/>\n<meta property=\"og:type\" content=\"article\" \/>\n<meta property=\"og:title\" content=\"Emotivo encuentro en el PJ Concordia - Diario del Sur\" \/>\n<meta property=\"og:description\" content=\"Este viernes se llev\u00f3 a cabo una reuni\u00f3n con referentes de distintos sectores del peronismo concordiense junto a ex presos pol\u00edticos de la \u00faltima dictadura olig\u00e1rquica militar. En el c\u00f3nclave se compartieron reflexiones sobre aquellos a\u00f1os oscuros de nuestra historia y la importancia de mantener viva la memoria para fortalecer nuestra democracia. Estuvieron presentes por [&hellip;]\" \/>\n<meta property=\"og:url\" content=\"https:\/\/diariodelsurdigital.com.ar\/?p=1584\" \/>\n<meta property=\"og:site_name\" content=\"Diario del Sur\" \/>\n<meta property=\"article:published_time\" content=\"2025-03-15T13:22:26+00:00\" \/>\n<meta property=\"article:modified_time\" content=\"2025-03-15T16:19:21+00:00\" \/>\n<meta property=\"og:image\" content=\"https:\/\/diariodelsurdigital.com.ar\/wp-content\/uploads\/2025\/03\/Imagen-de-WhatsApp-2025-03-14-a-las-23.34.23_66fbb34c.jpg\" \/>\n\t<meta property=\"og:image:width\" content=\"512\" \/>\n\t<meta property=\"og:image:height\" content=\"317\" \/>\n\t<meta property=\"og:image:type\" content=\"image\/jpeg\" \/>\n<meta name=\"author\" content=\"Diario del Sur Digital\" \/>\n<meta name=\"twitter:card\" content=\"summary_large_image\" \/>\n<meta name=\"twitter:label1\" content=\"Escrito por\" \/>\n\t<meta name=\"twitter:data1\" content=\"Diario del Sur Digital\" \/>\n\t<meta name=\"twitter:label2\" content=\"Tiempo de lectura\" \/>\n\t<meta name=\"twitter:data2\" content=\"2 minutos\" \/>\n<script type=\"application\/ld+json\" class=\"yoast-schema-graph\">{\"@context\":\"https:\\\/\\\/schema.org\",\"@graph\":[{\"@type\":\"Article\",\"@id\":\"https:\\\/\\\/diariodelsurdigital.com.ar\\\/?p=1584#article\",\"isPartOf\":{\"@id\":\"https:\\\/\\\/diariodelsurdigital.com.ar\\\/?p=1584\"},\"author\":{\"name\":\"Diario del Sur Digital\",\"@id\":\"https:\\\/\\\/diariodelsurdigital.com.ar\\\/#\\\/schema\\\/person\\\/6136a32571657f7dba980b88b04c5465\"},\"headline\":\"Emotivo encuentro en el PJ Concordia\",\"datePublished\":\"2025-03-15T13:22:26+00:00\",\"dateModified\":\"2025-03-15T16:19:21+00:00\",\"mainEntityOfPage\":{\"@id\":\"https:\\\/\\\/diariodelsurdigital.com.ar\\\/?p=1584\"},\"wordCount\":316,\"commentCount\":0,\"image\":{\"@id\":\"https:\\\/\\\/diariodelsurdigital.com.ar\\\/?p=1584#primaryimage\"},\"thumbnailUrl\":\"https:\\\/\\\/diariodelsurdigital.com.ar\\\/wp-content\\\/uploads\\\/2025\\\/03\\\/Imagen-de-WhatsApp-2025-03-14-a-las-23.34.23_66fbb34c.jpg\",\"articleSection\":[\"Locales\"],\"inLanguage\":\"es\",\"potentialAction\":[{\"@type\":\"CommentAction\",\"name\":\"Comment\",\"target\":[\"https:\\\/\\\/diariodelsurdigital.com.ar\\\/?p=1584#respond\"]}]},{\"@type\":\"WebPage\",\"@id\":\"https:\\\/\\\/diariodelsurdigital.com.ar\\\/?p=1584\",\"url\":\"https:\\\/\\\/diariodelsurdigital.com.ar\\\/?p=1584\",\"name\":\"Emotivo encuentro en el PJ Concordia - Diario del Sur\",\"isPartOf\":{\"@id\":\"https:\\\/\\\/diariodelsurdigital.com.ar\\\/#website\"},\"primaryImageOfPage\":{\"@id\":\"https:\\\/\\\/diariodelsurdigital.com.ar\\\/?p=1584#primaryimage\"},\"image\":{\"@id\":\"https:\\\/\\\/diariodelsurdigital.com.ar\\\/?p=1584#primaryimage\"},\"thumbnailUrl\":\"https:\\\/\\\/diariodelsurdigital.com.ar\\\/wp-content\\\/uploads\\\/2025\\\/03\\\/Imagen-de-WhatsApp-2025-03-14-a-las-23.34.23_66fbb34c.jpg\",\"datePublished\":\"2025-03-15T13:22:26+00:00\",\"dateModified\":\"2025-03-15T16:19:21+00:00\",\"author\":{\"@id\":\"https:\\\/\\\/diariodelsurdigital.com.ar\\\/#\\\/schema\\\/person\\\/6136a32571657f7dba980b88b04c5465\"},\"breadcrumb\":{\"@id\":\"https:\\\/\\\/diariodelsurdigital.com.ar\\\/?p=1584#breadcrumb\"},\"inLanguage\":\"es\",\"potentialAction\":[{\"@type\":\"ReadAction\",\"target\":[\"https:\\\/\\\/diariodelsurdigital.com.ar\\\/?p=1584\"]}]},{\"@type\":\"ImageObject\",\"inLanguage\":\"es\",\"@id\":\"https:\\\/\\\/diariodelsurdigital.com.ar\\\/?p=1584#primaryimage\",\"url\":\"https:\\\/\\\/diariodelsurdigital.com.ar\\\/wp-content\\\/uploads\\\/2025\\\/03\\\/Imagen-de-WhatsApp-2025-03-14-a-las-23.34.23_66fbb34c.jpg\",\"contentUrl\":\"https:\\\/\\\/diariodelsurdigital.com.ar\\\/wp-content\\\/uploads\\\/2025\\\/03\\\/Imagen-de-WhatsApp-2025-03-14-a-las-23.34.23_66fbb34c.jpg\",\"width\":512,\"height\":317},{\"@type\":\"BreadcrumbList\",\"@id\":\"https:\\\/\\\/diariodelsurdigital.com.ar\\\/?p=1584#breadcrumb\",\"itemListElement\":[{\"@type\":\"ListItem\",\"position\":1,\"name\":\"Portada\",\"item\":\"https:\\\/\\\/diariodelsurdigital.com.ar\\\/\"},{\"@type\":\"ListItem\",\"position\":2,\"name\":\"Emotivo encuentro en el PJ Concordia\"}]},{\"@type\":\"WebSite\",\"@id\":\"https:\\\/\\\/diariodelsurdigital.com.ar\\\/#website\",\"url\":\"https:\\\/\\\/diariodelsurdigital.com.ar\\\/\",\"name\":\"Diario del Sur\",\"description\":\"Digital\",\"potentialAction\":[{\"@type\":\"SearchAction\",\"target\":{\"@type\":\"EntryPoint\",\"urlTemplate\":\"https:\\\/\\\/diariodelsurdigital.com.ar\\\/?s={search_term_string}\"},\"query-input\":{\"@type\":\"PropertyValueSpecification\",\"valueRequired\":true,\"valueName\":\"search_term_string\"}}],\"inLanguage\":\"es\"},{\"@type\":\"Person\",\"@id\":\"https:\\\/\\\/diariodelsurdigital.com.ar\\\/#\\\/schema\\\/person\\\/6136a32571657f7dba980b88b04c5465\",\"name\":\"Diario del Sur Digital\",\"image\":{\"@type\":\"ImageObject\",\"inLanguage\":\"es\",\"@id\":\"https:\\\/\\\/secure.gravatar.com\\\/avatar\\\/4c29ceac98541dd42460b2474aaa5dd37594d6ce6cb3cf2c101d09b48ee287ba?s=96&d=mm&r=g\",\"url\":\"https:\\\/\\\/secure.gravatar.com\\\/avatar\\\/4c29ceac98541dd42460b2474aaa5dd37594d6ce6cb3cf2c101d09b48ee287ba?s=96&d=mm&r=g\",\"contentUrl\":\"https:\\\/\\\/secure.gravatar.com\\\/avatar\\\/4c29ceac98541dd42460b2474aaa5dd37594d6ce6cb3cf2c101d09b48ee287ba?s=96&d=mm&r=g\",\"caption\":\"Diario del Sur Digital\"},\"url\":\"https:\\\/\\\/diariodelsurdigital.com.ar\\\/?author=2\"}]}<\/script>\n<!-- \/ Yoast SEO plugin. -->","yoast_head_json":{"title":"Emotivo encuentro en el PJ Concordia - Diario del Sur","robots":{"index":"index","follow":"follow","max-snippet":"max-snippet:-1","max-image-preview":"max-image-preview:large","max-video-preview":"max-video-preview:-1"},"canonical":"https:\/\/diariodelsurdigital.com.ar\/?p=1584","og_locale":"es_ES","og_type":"article","og_title":"Emotivo encuentro en el PJ Concordia - Diario del Sur","og_description":"Este viernes se llev\u00f3 a cabo una reuni\u00f3n con referentes de distintos sectores del peronismo concordiense junto a ex presos pol\u00edticos de la \u00faltima dictadura olig\u00e1rquica militar. En el c\u00f3nclave se compartieron reflexiones sobre aquellos a\u00f1os oscuros de nuestra historia y la importancia de mantener viva la memoria para fortalecer nuestra democracia. Estuvieron presentes por [&hellip;]","og_url":"https:\/\/diariodelsurdigital.com.ar\/?p=1584","og_site_name":"Diario del Sur","article_published_time":"2025-03-15T13:22:26+00:00","article_modified_time":"2025-03-15T16:19:21+00:00","og_image":[{"width":512,"height":317,"url":"https:\/\/diariodelsurdigital.com.ar\/wp-content\/uploads\/2025\/03\/Imagen-de-WhatsApp-2025-03-14-a-las-23.34.23_66fbb34c.jpg","type":"image\/jpeg"}],"author":"Diario del Sur Digital","twitter_card":"summary_large_image","twitter_misc":{"Escrito por":"Diario del Sur Digital","Tiempo de lectura":"2 minutos"},"schema":{"@context":"https:\/\/schema.org","@graph":[{"@type":"Article","@id":"https:\/\/diariodelsurdigital.com.ar\/?p=1584#article","isPartOf":{"@id":"https:\/\/diariodelsurdigital.com.ar\/?p=1584"},"author":{"name":"Diario del Sur Digital","@id":"https:\/\/diariodelsurdigital.com.ar\/#\/schema\/person\/6136a32571657f7dba980b88b04c5465"},"headline":"Emotivo encuentro en el PJ Concordia","datePublished":"2025-03-15T13:22:26+00:00","dateModified":"2025-03-15T16:19:21+00:00","mainEntityOfPage":{"@id":"https:\/\/diariodelsurdigital.com.ar\/?p=1584"},"wordCount":316,"commentCount":0,"image":{"@id":"https:\/\/diariodelsurdigital.com.ar\/?p=1584#primaryimage"},"thumbnailUrl":"https:\/\/diariodelsurdigital.com.ar\/wp-content\/uploads\/2025\/03\/Imagen-de-WhatsApp-2025-03-14-a-las-23.34.23_66fbb34c.jpg","articleSection":["Locales"],"inLanguage":"es","potentialAction":[{"@type":"CommentAction","name":"Comment","target":["https:\/\/diariodelsurdigital.com.ar\/?p=1584#respond"]}]},{"@type":"WebPage","@id":"https:\/\/diariodelsurdigital.com.ar\/?p=1584","url":"https:\/\/diariodelsurdigital.com.ar\/?p=1584","name":"Emotivo encuentro en el PJ Concordia - Diario del Sur","isPartOf":{"@id":"https:\/\/diariodelsurdigital.com.ar\/#website"},"primaryImageOfPage":{"@id":"https:\/\/diariodelsurdigital.com.ar\/?p=1584#primaryimage"},"image":{"@id":"https:\/\/diariodelsurdigital.com.ar\/?p=1584#primaryimage"},"thumbnailUrl":"https:\/\/diariodelsurdigital.com.ar\/wp-content\/uploads\/2025\/03\/Imagen-de-WhatsApp-2025-03-14-a-las-23.34.23_66fbb34c.jpg","datePublished":"2025-03-15T13:22:26+00:00","dateModified":"2025-03-15T16:19:21+00:00","author":{"@id":"https:\/\/diariodelsurdigital.com.ar\/#\/schema\/person\/6136a32571657f7dba980b88b04c5465"},"breadcrumb":{"@id":"https:\/\/diariodelsurdigital.com.ar\/?p=1584#breadcrumb"},"inLanguage":"es","potentialAction":[{"@type":"ReadAction","target":["https:\/\/diariodelsurdigital.com.ar\/?p=1584"]}]},{"@type":"ImageObject","inLanguage":"es","@id":"https:\/\/diariodelsurdigital.com.ar\/?p=1584#primaryimage","url":"https:\/\/diariodelsurdigital.com.ar\/wp-content\/uploads\/2025\/03\/Imagen-de-WhatsApp-2025-03-14-a-las-23.34.23_66fbb34c.jpg","contentUrl":"https:\/\/diariodelsurdigital.com.ar\/wp-content\/uploads\/2025\/03\/Imagen-de-WhatsApp-2025-03-14-a-las-23.34.23_66fbb34c.jpg","width":512,"height":317},{"@type":"BreadcrumbList","@id":"https:\/\/diariodelsurdigital.com.ar\/?p=1584#breadcrumb","itemListElement":[{"@type":"ListItem","position":1,"name":"Portada","item":"https:\/\/diariodelsurdigital.com.ar\/"},{"@type":"ListItem","position":2,"name":"Emotivo encuentro en el PJ Concordia"}]},{"@type":"WebSite","@id":"https:\/\/diariodelsurdigital.com.ar\/#website","url":"https:\/\/diariodelsurdigital.com.ar\/","name":"Diario del Sur","description":"Digital","potentialAction":[{"@type":"SearchAction","target":{"@type":"EntryPoint","urlTemplate":"https:\/\/diariodelsurdigital.com.ar\/?s={search_term_string}"},"query-input":{"@type":"PropertyValueSpecification","valueRequired":true,"valueName":"search_term_string"}}],"inLanguage":"es"},{"@type":"Person","@id":"https:\/\/diariodelsurdigital.com.ar\/#\/schema\/person\/6136a32571657f7dba980b88b04c5465","name":"Diario del Sur Digital","image":{"@type":"ImageObject","inLanguage":"es","@id":"https:\/\/secure.gravatar.com\/avatar\/4c29ceac98541dd42460b2474aaa5dd37594d6ce6cb3cf2c101d09b48ee287ba?s=96&d=mm&r=g","url":"https:\/\/secure.gravatar.com\/avatar\/4c29ceac98541dd42460b2474aaa5dd37594d6ce6cb3cf2c101d09b48ee287ba?s=96&d=mm&r=g","contentUrl":"https:\/\/secure.gravatar.com\/avatar\/4c29ceac98541dd42460b2474aaa5dd37594d6ce6cb3cf2c101d09b48ee287ba?s=96&d=mm&r=g","caption":"Diario del Sur Digital"},"url":"https:\/\/diariodelsurdigital.com.ar\/?author=2"}]}},"_links":{"self":[{"href":"https:\/\/diariodelsurdigital.com.ar\/index.php?rest_route=\/wp\/v2\/posts\/1584","targetHints":{"allow":["GET"]}}],"collection":[{"href":"https:\/\/diariodelsurdigital.com.ar\/index.php?rest_route=\/wp\/v2\/posts"}],"about":[{"href":"https:\/\/diariodelsurdigital.com.ar\/index.php?rest_route=\/wp\/v2\/types\/post"}],"author":[{"embeddable":true,"href":"https:\/\/diariodelsurdigital.com.ar\/index.php?rest_route=\/wp\/v2\/users\/2"}],"replies":[{"embeddable":true,"href":"https:\/\/diariodelsurdigital.com.ar\/index.php?rest_route=%2Fwp%2Fv2%2Fcomments&post=1584"}],"version-history":[{"count":4,"href":"https:\/\/diariodelsurdigital.com.ar\/index.php?rest_route=\/wp\/v2\/posts\/1584\/revisions"}],"predecessor-version":[{"id":1595,"href":"https:\/\/diariodelsurdigital.com.ar\/index.php?rest_route=\/wp\/v2\/posts\/1584\/revisions\/1595"}],"wp:featuredmedia":[{"embeddable":true,"href":"https:\/\/diariodelsurdigital.com.ar\/index.php?rest_route=\/wp\/v2\/media\/1585"}],"wp:attachment":[{"href":"https:\/\/diariodelsurdigital.com.ar\/index.php?rest_route=%2Fwp%2Fv2%2Fmedia&parent=1584"}],"wp:term":[{"taxonomy":"category","embeddable":true,"href":"https:\/\/diariodelsurdigital.com.ar\/index.php?rest_route=%2Fwp%2Fv2%2Fcategories&post=1584"},{"taxonomy":"post_tag","embeddable":true,"href":"https:\/\/diariodelsurdigital.com.ar\/index.php?rest_route=%2Fwp%2Fv2%2Ftags&post=1584"}],"curies":[{"name":"wp","href":"https:\/\/api.w.org\/{rel}","templated":true}]}}