{"id":1590,"date":"2025-03-15T13:05:29","date_gmt":"2025-03-15T16:05:29","guid":{"rendered":"https:\/\/diariodelsurdigital.com.ar\/?p=1590"},"modified":"2025-03-15T13:05:30","modified_gmt":"2025-03-15T16:05:30","slug":"la-arbolada-te-espera-con-canciones-contadas","status":"publish","type":"post","link":"https:\/\/diariodelsurdigital.com.ar\/?p=1590","title":{"rendered":"La Arbolada te espera con \u00abCanciones Contadas\u00bb"},"content":{"rendered":"\n<p>\u00abEste 15 de marzo a partir de las 19.30 horas en Estancia Grande, volar\u00e1n los r\u00edos a trav\u00e9s de la poes\u00eda de Dami\u00e1n Corti\u00f1as y sobre ella ir\u00e1 Norita, su abuela\u2026el piano y saxo de Lilia, la voz de Pablo y Horacio con su guitarra.<br>Honraremos la tierra y los r\u00edos. La Sole har\u00e1 la apertura de este espect\u00e1culo, inmersa en la naturaleza.<br>El micr\u00f3fono luego estar\u00e1 abierto, para quienes quieran compartir su m\u00fasica o poes\u00eda\u00bb, cuenta la invitaci\u00f3n.<br><br>\u00a1\u00a1Te esperamos!! Habr\u00e1 pizza libre y barrita de tragos. \u00a1\u00a1No te olvides tu reposera!!<\/p>\n\n\n\n<p><br>Estancia Grande a 15 min. de Concordia. <\/p>\n\n\n\n<p>Pizza libre &#8211; Barra &#8211; M\u00fasica en Vivo &#8211; Micr\u00f3fono Libre.<\/p>\n\n\n\n<p><a href=\"https:\/\/www.facebook.com\/casadecampolaarbolada\/?_rdr\">https:\/\/www.facebook.com\/casadecampolaarbolada\/?_rdr<\/a><\/p>\n\n\n\n<p>Anticipadas: 3454032592- 3454074835<\/p>\n","protected":false},"excerpt":{"rendered":"<p>\u00abEste 15 de marzo a partir de las 19.30 horas en Estancia Grande, volar\u00e1n los r\u00edos a trav\u00e9s de la poes\u00eda de Dami\u00e1n Corti\u00f1as y sobre ella ir\u00e1 Norita, su abuela\u2026el piano y saxo de Lilia, la voz de Pablo y Horacio con su guitarra.Honraremos la tierra y los r\u00edos. La Sole har\u00e1 la apertura [&hellip;]<\/p>\n","protected":false},"author":2,"featured_media":1592,"comment_status":"open","ping_status":"open","sticky":false,"template":"","format":"standard","meta":{"footnotes":""},"categories":[16],"tags":[],"class_list":{"0":"post-1590","1":"post","2":"type-post","3":"status-publish","4":"format-standard","5":"has-post-thumbnail","7":"category-locales"},"yoast_head":"<!-- This site is optimized with the Yoast SEO plugin v27.4 - https:\/\/yoast.com\/product\/yoast-seo-wordpress\/ -->\n<title>La Arbolada te espera con &quot;Canciones Contadas&quot; - Diario del Sur<\/title>\n<meta name=\"robots\" content=\"index, follow, max-snippet:-1, max-image-preview:large, max-video-preview:-1\" \/>\n<link rel=\"canonical\" href=\"https:\/\/diariodelsurdigital.com.ar\/?p=1590\" \/>\n<meta property=\"og:locale\" content=\"es_ES\" \/>\n<meta property=\"og:type\" content=\"article\" \/>\n<meta property=\"og:title\" content=\"La Arbolada te espera con &quot;Canciones Contadas&quot; - Diario del Sur\" \/>\n<meta property=\"og:description\" content=\"\u00abEste 15 de marzo a partir de las 19.30 horas en Estancia Grande, volar\u00e1n los r\u00edos a trav\u00e9s de la poes\u00eda de Dami\u00e1n Corti\u00f1as y sobre ella ir\u00e1 Norita, su abuela\u2026el piano y saxo de Lilia, la voz de Pablo y Horacio con su guitarra.Honraremos la tierra y los r\u00edos. La Sole har\u00e1 la apertura [&hellip;]\" \/>\n<meta property=\"og:url\" content=\"https:\/\/diariodelsurdigital.com.ar\/?p=1590\" \/>\n<meta property=\"og:site_name\" content=\"Diario del Sur\" \/>\n<meta property=\"article:published_time\" content=\"2025-03-15T16:05:29+00:00\" \/>\n<meta property=\"article:modified_time\" content=\"2025-03-15T16:05:30+00:00\" \/>\n<meta property=\"og:image\" content=\"https:\/\/diariodelsurdigital.com.ar\/wp-content\/uploads\/2025\/03\/Imagen-de-WhatsApp-2025-03-14-a-las-11.10.56_8f552368.jpg\" \/>\n\t<meta property=\"og:image:width\" content=\"432\" \/>\n\t<meta property=\"og:image:height\" content=\"401\" \/>\n\t<meta property=\"og:image:type\" content=\"image\/jpeg\" \/>\n<meta name=\"author\" content=\"Diario del Sur Digital\" \/>\n<meta name=\"twitter:card\" content=\"summary_large_image\" \/>\n<meta name=\"twitter:label1\" content=\"Escrito por\" \/>\n\t<meta name=\"twitter:data1\" content=\"Diario del Sur Digital\" \/>\n\t<meta name=\"twitter:label2\" content=\"Tiempo de lectura\" \/>\n\t<meta name=\"twitter:data2\" content=\"1 minuto\" \/>\n<script type=\"application\/ld+json\" class=\"yoast-schema-graph\">{\"@context\":\"https:\\\/\\\/schema.org\",\"@graph\":[{\"@type\":\"Article\",\"@id\":\"https:\\\/\\\/diariodelsurdigital.com.ar\\\/?p=1590#article\",\"isPartOf\":{\"@id\":\"https:\\\/\\\/diariodelsurdigital.com.ar\\\/?p=1590\"},\"author\":{\"name\":\"Diario del Sur Digital\",\"@id\":\"https:\\\/\\\/diariodelsurdigital.com.ar\\\/#\\\/schema\\\/person\\\/6136a32571657f7dba980b88b04c5465\"},\"headline\":\"La Arbolada te espera con \u00abCanciones Contadas\u00bb\",\"datePublished\":\"2025-03-15T16:05:29+00:00\",\"dateModified\":\"2025-03-15T16:05:30+00:00\",\"mainEntityOfPage\":{\"@id\":\"https:\\\/\\\/diariodelsurdigital.com.ar\\\/?p=1590\"},\"wordCount\":138,\"commentCount\":0,\"image\":{\"@id\":\"https:\\\/\\\/diariodelsurdigital.com.ar\\\/?p=1590#primaryimage\"},\"thumbnailUrl\":\"https:\\\/\\\/diariodelsurdigital.com.ar\\\/wp-content\\\/uploads\\\/2025\\\/03\\\/Imagen-de-WhatsApp-2025-03-14-a-las-11.10.56_8f552368.jpg\",\"articleSection\":[\"Locales\"],\"inLanguage\":\"es\",\"potentialAction\":[{\"@type\":\"CommentAction\",\"name\":\"Comment\",\"target\":[\"https:\\\/\\\/diariodelsurdigital.com.ar\\\/?p=1590#respond\"]}]},{\"@type\":\"WebPage\",\"@id\":\"https:\\\/\\\/diariodelsurdigital.com.ar\\\/?p=1590\",\"url\":\"https:\\\/\\\/diariodelsurdigital.com.ar\\\/?p=1590\",\"name\":\"La Arbolada te espera con \\\"Canciones Contadas\\\" - Diario del Sur\",\"isPartOf\":{\"@id\":\"https:\\\/\\\/diariodelsurdigital.com.ar\\\/#website\"},\"primaryImageOfPage\":{\"@id\":\"https:\\\/\\\/diariodelsurdigital.com.ar\\\/?p=1590#primaryimage\"},\"image\":{\"@id\":\"https:\\\/\\\/diariodelsurdigital.com.ar\\\/?p=1590#primaryimage\"},\"thumbnailUrl\":\"https:\\\/\\\/diariodelsurdigital.com.ar\\\/wp-content\\\/uploads\\\/2025\\\/03\\\/Imagen-de-WhatsApp-2025-03-14-a-las-11.10.56_8f552368.jpg\",\"datePublished\":\"2025-03-15T16:05:29+00:00\",\"dateModified\":\"2025-03-15T16:05:30+00:00\",\"author\":{\"@id\":\"https:\\\/\\\/diariodelsurdigital.com.ar\\\/#\\\/schema\\\/person\\\/6136a32571657f7dba980b88b04c5465\"},\"breadcrumb\":{\"@id\":\"https:\\\/\\\/diariodelsurdigital.com.ar\\\/?p=1590#breadcrumb\"},\"inLanguage\":\"es\",\"potentialAction\":[{\"@type\":\"ReadAction\",\"target\":[\"https:\\\/\\\/diariodelsurdigital.com.ar\\\/?p=1590\"]}]},{\"@type\":\"ImageObject\",\"inLanguage\":\"es\",\"@id\":\"https:\\\/\\\/diariodelsurdigital.com.ar\\\/?p=1590#primaryimage\",\"url\":\"https:\\\/\\\/diariodelsurdigital.com.ar\\\/wp-content\\\/uploads\\\/2025\\\/03\\\/Imagen-de-WhatsApp-2025-03-14-a-las-11.10.56_8f552368.jpg\",\"contentUrl\":\"https:\\\/\\\/diariodelsurdigital.com.ar\\\/wp-content\\\/uploads\\\/2025\\\/03\\\/Imagen-de-WhatsApp-2025-03-14-a-las-11.10.56_8f552368.jpg\",\"width\":432,\"height\":401},{\"@type\":\"BreadcrumbList\",\"@id\":\"https:\\\/\\\/diariodelsurdigital.com.ar\\\/?p=1590#breadcrumb\",\"itemListElement\":[{\"@type\":\"ListItem\",\"position\":1,\"name\":\"Portada\",\"item\":\"https:\\\/\\\/diariodelsurdigital.com.ar\\\/\"},{\"@type\":\"ListItem\",\"position\":2,\"name\":\"La Arbolada te espera con \u00abCanciones Contadas\u00bb\"}]},{\"@type\":\"WebSite\",\"@id\":\"https:\\\/\\\/diariodelsurdigital.com.ar\\\/#website\",\"url\":\"https:\\\/\\\/diariodelsurdigital.com.ar\\\/\",\"name\":\"Diario del Sur\",\"description\":\"Digital\",\"potentialAction\":[{\"@type\":\"SearchAction\",\"target\":{\"@type\":\"EntryPoint\",\"urlTemplate\":\"https:\\\/\\\/diariodelsurdigital.com.ar\\\/?s={search_term_string}\"},\"query-input\":{\"@type\":\"PropertyValueSpecification\",\"valueRequired\":true,\"valueName\":\"search_term_string\"}}],\"inLanguage\":\"es\"},{\"@type\":\"Person\",\"@id\":\"https:\\\/\\\/diariodelsurdigital.com.ar\\\/#\\\/schema\\\/person\\\/6136a32571657f7dba980b88b04c5465\",\"name\":\"Diario del Sur Digital\",\"image\":{\"@type\":\"ImageObject\",\"inLanguage\":\"es\",\"@id\":\"https:\\\/\\\/secure.gravatar.com\\\/avatar\\\/4c29ceac98541dd42460b2474aaa5dd37594d6ce6cb3cf2c101d09b48ee287ba?s=96&d=mm&r=g\",\"url\":\"https:\\\/\\\/secure.gravatar.com\\\/avatar\\\/4c29ceac98541dd42460b2474aaa5dd37594d6ce6cb3cf2c101d09b48ee287ba?s=96&d=mm&r=g\",\"contentUrl\":\"https:\\\/\\\/secure.gravatar.com\\\/avatar\\\/4c29ceac98541dd42460b2474aaa5dd37594d6ce6cb3cf2c101d09b48ee287ba?s=96&d=mm&r=g\",\"caption\":\"Diario del Sur Digital\"},\"url\":\"https:\\\/\\\/diariodelsurdigital.com.ar\\\/?author=2\"}]}<\/script>\n<!-- \/ Yoast SEO plugin. -->","yoast_head_json":{"title":"La Arbolada te espera con \"Canciones Contadas\" - Diario del Sur","robots":{"index":"index","follow":"follow","max-snippet":"max-snippet:-1","max-image-preview":"max-image-preview:large","max-video-preview":"max-video-preview:-1"},"canonical":"https:\/\/diariodelsurdigital.com.ar\/?p=1590","og_locale":"es_ES","og_type":"article","og_title":"La Arbolada te espera con \"Canciones Contadas\" - Diario del Sur","og_description":"\u00abEste 15 de marzo a partir de las 19.30 horas en Estancia Grande, volar\u00e1n los r\u00edos a trav\u00e9s de la poes\u00eda de Dami\u00e1n Corti\u00f1as y sobre ella ir\u00e1 Norita, su abuela\u2026el piano y saxo de Lilia, la voz de Pablo y Horacio con su guitarra.Honraremos la tierra y los r\u00edos. La Sole har\u00e1 la apertura [&hellip;]","og_url":"https:\/\/diariodelsurdigital.com.ar\/?p=1590","og_site_name":"Diario del Sur","article_published_time":"2025-03-15T16:05:29+00:00","article_modified_time":"2025-03-15T16:05:30+00:00","og_image":[{"width":432,"height":401,"url":"https:\/\/diariodelsurdigital.com.ar\/wp-content\/uploads\/2025\/03\/Imagen-de-WhatsApp-2025-03-14-a-las-11.10.56_8f552368.jpg","type":"image\/jpeg"}],"author":"Diario del Sur Digital","twitter_card":"summary_large_image","twitter_misc":{"Escrito por":"Diario del Sur Digital","Tiempo de lectura":"1 minuto"},"schema":{"@context":"https:\/\/schema.org","@graph":[{"@type":"Article","@id":"https:\/\/diariodelsurdigital.com.ar\/?p=1590#article","isPartOf":{"@id":"https:\/\/diariodelsurdigital.com.ar\/?p=1590"},"author":{"name":"Diario del Sur Digital","@id":"https:\/\/diariodelsurdigital.com.ar\/#\/schema\/person\/6136a32571657f7dba980b88b04c5465"},"headline":"La Arbolada te espera con \u00abCanciones Contadas\u00bb","datePublished":"2025-03-15T16:05:29+00:00","dateModified":"2025-03-15T16:05:30+00:00","mainEntityOfPage":{"@id":"https:\/\/diariodelsurdigital.com.ar\/?p=1590"},"wordCount":138,"commentCount":0,"image":{"@id":"https:\/\/diariodelsurdigital.com.ar\/?p=1590#primaryimage"},"thumbnailUrl":"https:\/\/diariodelsurdigital.com.ar\/wp-content\/uploads\/2025\/03\/Imagen-de-WhatsApp-2025-03-14-a-las-11.10.56_8f552368.jpg","articleSection":["Locales"],"inLanguage":"es","potentialAction":[{"@type":"CommentAction","name":"Comment","target":["https:\/\/diariodelsurdigital.com.ar\/?p=1590#respond"]}]},{"@type":"WebPage","@id":"https:\/\/diariodelsurdigital.com.ar\/?p=1590","url":"https:\/\/diariodelsurdigital.com.ar\/?p=1590","name":"La Arbolada te espera con \"Canciones Contadas\" - Diario del Sur","isPartOf":{"@id":"https:\/\/diariodelsurdigital.com.ar\/#website"},"primaryImageOfPage":{"@id":"https:\/\/diariodelsurdigital.com.ar\/?p=1590#primaryimage"},"image":{"@id":"https:\/\/diariodelsurdigital.com.ar\/?p=1590#primaryimage"},"thumbnailUrl":"https:\/\/diariodelsurdigital.com.ar\/wp-content\/uploads\/2025\/03\/Imagen-de-WhatsApp-2025-03-14-a-las-11.10.56_8f552368.jpg","datePublished":"2025-03-15T16:05:29+00:00","dateModified":"2025-03-15T16:05:30+00:00","author":{"@id":"https:\/\/diariodelsurdigital.com.ar\/#\/schema\/person\/6136a32571657f7dba980b88b04c5465"},"breadcrumb":{"@id":"https:\/\/diariodelsurdigital.com.ar\/?p=1590#breadcrumb"},"inLanguage":"es","potentialAction":[{"@type":"ReadAction","target":["https:\/\/diariodelsurdigital.com.ar\/?p=1590"]}]},{"@type":"ImageObject","inLanguage":"es","@id":"https:\/\/diariodelsurdigital.com.ar\/?p=1590#primaryimage","url":"https:\/\/diariodelsurdigital.com.ar\/wp-content\/uploads\/2025\/03\/Imagen-de-WhatsApp-2025-03-14-a-las-11.10.56_8f552368.jpg","contentUrl":"https:\/\/diariodelsurdigital.com.ar\/wp-content\/uploads\/2025\/03\/Imagen-de-WhatsApp-2025-03-14-a-las-11.10.56_8f552368.jpg","width":432,"height":401},{"@type":"BreadcrumbList","@id":"https:\/\/diariodelsurdigital.com.ar\/?p=1590#breadcrumb","itemListElement":[{"@type":"ListItem","position":1,"name":"Portada","item":"https:\/\/diariodelsurdigital.com.ar\/"},{"@type":"ListItem","position":2,"name":"La Arbolada te espera con \u00abCanciones Contadas\u00bb"}]},{"@type":"WebSite","@id":"https:\/\/diariodelsurdigital.com.ar\/#website","url":"https:\/\/diariodelsurdigital.com.ar\/","name":"Diario del Sur","description":"Digital","potentialAction":[{"@type":"SearchAction","target":{"@type":"EntryPoint","urlTemplate":"https:\/\/diariodelsurdigital.com.ar\/?s={search_term_string}"},"query-input":{"@type":"PropertyValueSpecification","valueRequired":true,"valueName":"search_term_string"}}],"inLanguage":"es"},{"@type":"Person","@id":"https:\/\/diariodelsurdigital.com.ar\/#\/schema\/person\/6136a32571657f7dba980b88b04c5465","name":"Diario del Sur Digital","image":{"@type":"ImageObject","inLanguage":"es","@id":"https:\/\/secure.gravatar.com\/avatar\/4c29ceac98541dd42460b2474aaa5dd37594d6ce6cb3cf2c101d09b48ee287ba?s=96&d=mm&r=g","url":"https:\/\/secure.gravatar.com\/avatar\/4c29ceac98541dd42460b2474aaa5dd37594d6ce6cb3cf2c101d09b48ee287ba?s=96&d=mm&r=g","contentUrl":"https:\/\/secure.gravatar.com\/avatar\/4c29ceac98541dd42460b2474aaa5dd37594d6ce6cb3cf2c101d09b48ee287ba?s=96&d=mm&r=g","caption":"Diario del Sur Digital"},"url":"https:\/\/diariodelsurdigital.com.ar\/?author=2"}]}},"_links":{"self":[{"href":"https:\/\/diariodelsurdigital.com.ar\/index.php?rest_route=\/wp\/v2\/posts\/1590","targetHints":{"allow":["GET"]}}],"collection":[{"href":"https:\/\/diariodelsurdigital.com.ar\/index.php?rest_route=\/wp\/v2\/posts"}],"about":[{"href":"https:\/\/diariodelsurdigital.com.ar\/index.php?rest_route=\/wp\/v2\/types\/post"}],"author":[{"embeddable":true,"href":"https:\/\/diariodelsurdigital.com.ar\/index.php?rest_route=\/wp\/v2\/users\/2"}],"replies":[{"embeddable":true,"href":"https:\/\/diariodelsurdigital.com.ar\/index.php?rest_route=%2Fwp%2Fv2%2Fcomments&post=1590"}],"version-history":[{"count":1,"href":"https:\/\/diariodelsurdigital.com.ar\/index.php?rest_route=\/wp\/v2\/posts\/1590\/revisions"}],"predecessor-version":[{"id":1593,"href":"https:\/\/diariodelsurdigital.com.ar\/index.php?rest_route=\/wp\/v2\/posts\/1590\/revisions\/1593"}],"wp:featuredmedia":[{"embeddable":true,"href":"https:\/\/diariodelsurdigital.com.ar\/index.php?rest_route=\/wp\/v2\/media\/1592"}],"wp:attachment":[{"href":"https:\/\/diariodelsurdigital.com.ar\/index.php?rest_route=%2Fwp%2Fv2%2Fmedia&parent=1590"}],"wp:term":[{"taxonomy":"category","embeddable":true,"href":"https:\/\/diariodelsurdigital.com.ar\/index.php?rest_route=%2Fwp%2Fv2%2Fcategories&post=1590"},{"taxonomy":"post_tag","embeddable":true,"href":"https:\/\/diariodelsurdigital.com.ar\/index.php?rest_route=%2Fwp%2Fv2%2Ftags&post=1590"}],"curies":[{"name":"wp","href":"https:\/\/api.w.org\/{rel}","templated":true}]}}