{"id":1599,"date":"2025-03-16T16:33:13","date_gmt":"2025-03-16T19:33:13","guid":{"rendered":"https:\/\/diariodelsurdigital.com.ar\/?p=1599"},"modified":"2025-03-16T16:33:15","modified_gmt":"2025-03-16T19:33:15","slug":"las-huellas-que-conducen-a-bullrich","status":"publish","type":"post","link":"https:\/\/diariodelsurdigital.com.ar\/?p=1599","title":{"rendered":"Las huellas que conducen a Bullrich\u00a0"},"content":{"rendered":"\n<p>Un disparo anunciado pone en jaque la vida del fot\u00f3grafo Grillo. La pista legal y las arengas que ubican a la ministra en el banquillo. Forcejeos para terminar en Comodoro Py, donde los caminos se bifurcan. La complicidad del Grupo Clar\u00edn y el cajoneo de un habeas corpus en la Corte Suprema.<\/p>\n\n\n\n<p>Desde hace d\u00e9cadas,&nbsp;<strong>Patricia Bullrich<\/strong>&nbsp;altera la vida p\u00fablica argentina desde posiciones prominentes en el Estado. Como ministra de Trabajo o Seguridad, diputada o candidata presidencial, Bullrich se erigi\u00f3 en una inexorable agitadora de la violencia, tarea que combina con la mentira aviesa como m\u00e9todo. Esta semana, con la vida de un fotorreportero en juego, el m\u00e9todo Bullrich alcanz\u00f3 un nuevo umbral.<\/p>\n\n\n\n<p><strong>Fabi\u00e1n Grillo<\/strong>, padre de Pablo, tiene su cabeza ocupada en la sala de terapia intensiva del Hospital Ramos Mej\u00eda, desde donde surgieron se\u00f1ales alentadoras en las \u00faltimas horas. El cuadro de salud de su hijo comenzar\u00e1 a aclararse a mediados de la semana entrante, eval\u00faan los m\u00e9dicos.<a href=\"https:\/\/account.microsoft.com\/privacy\/ad-settings\" target=\"_blank\" rel=\"noreferrer noopener\"><\/a><\/p>\n\n\n\n<p>Argentina es el pa\u00eds de la crueldad s\u00e1dica que disparan los hermanos Milei, pero tambi\u00e9n el de organizaciones de derechos humanos y de familiares de las v\u00edctimas de violencia estatal que nunca se rinden, capaces de mover monta\u00f1as hasta conseguir justicia.<strong>&nbsp;Y Bullrich lo sabe<\/strong>.<\/p>\n\n\n\n<h2 class=\"wp-block-heading\">Legado de temer<\/h2>\n\n\n\n<p>Si el foco se pone en la trayectoria de Bullrich como ministra de Seguridad, su legado reciente incluye personas privadas de la libertad durante semanas o meses por participar de protestas contra el Gobierno de Macri, que resultaron sobrese\u00eddas por falta de pruebas; frecuentes episodios de extranjeros absurdamente se\u00f1alados como terroristas, liberados en cuesti\u00f3n de horas; confusi\u00f3n chapucera de identidades de presuntos sospechosos, escrachados por la brutalidad medi\u00e1tica del c\u00f3mplice Grupo Clar\u00edn; periodistas heridos por balas de goma y gases lacrim\u00f3genos;\u00a0<a href=\"https:\/\/www.pagina12.com.ar\/751886-el-abogado-que-perdio-la-vision-de-un-ojo-en-la-represion-an\" target=\"_blank\" rel=\"noreferrer noopener\">manifestantes que perdieron un ojo<\/a>, Tambi\u00e9n como el concordiense Roberto Alvarez y un largo etc\u00e9tera.<\/p>\n\n\n\n<p>Ning\u00fan caso alcanz\u00f3 la gravedad de la muerte del joven mapuche&nbsp;<strong>Rafael Nahuel&nbsp;<\/strong>en noviembre de 2017, ultimado por una patrulla del Grupo Albatros de Prefectura Federal en un bosque de Bariloche. Tras atravesar la mara\u00f1a de obst\u00e1culos que anega al fuero federal, la investigaci\u00f3n lleg\u00f3 en 2023 a sentencias de hasta cinco a\u00f1os de prisi\u00f3n contra cinco prefectos.<\/p>\n\n\n\n<p>La muerte de Nahuel en la sombra de un bosque junto al lago Mascardi, a 1.500 kil\u00f3metros de Buenos Aires, y la estigmatizaci\u00f3n de los mapuches lavaron las responsabilidades pol\u00edticas del hecho. Tres meses antes, el ahogamiento de Santiago Maldonado en un r\u00edo inh\u00f3spito de Chubut, el falso testimonio de un testigo mapuche que afect\u00f3 la denuncia y<a href=\"https:\/\/www.eldestapeweb.com\/politica\/la-agenda-secreta-de-macri\/el-secretario-de-macri-anoto-que-el-juez-del-caso-maldonado-era-propio-y-que-lo-visitaria-un-operador-judicial-pro-202141617530\" target=\"_blank\" rel=\"noreferrer noopener\">&nbsp;la digitaci\u00f3n del juez de la causa desde el mismo despacho de&nbsp;<\/a><a href=\"https:\/\/www.eldestapeweb.com\/politica\/la-agenda-secreta-de-macri\/el-secretario-de-macri-anoto-que-el-juez-del-caso-maldonado-era-propio-y-que-lo-visitaria-un-operador-judicial-pro-202141617530\" target=\"_blank\" rel=\"noreferrer noopener\"><strong>Mauricio Macri&nbsp;<\/strong><\/a>sirvieron para que el Gobierno de Cambiemos no s\u00f3lo se eximiera de consecuencias, sino que tomara impulso para incrementar su ofensiva.<\/p>\n\n\n\n<p>El ataque al fot\u00f3grafo Pablo Grillo es distinto.\u00a0<a href=\"https:\/\/x.com\/mapadelapolicia\/status\/1900257830587846725\" target=\"_blank\" rel=\"noreferrer noopener\">El trayecto de la granada disparada por un gendarme en un costado de la Plaza de los Dos Congresos qued\u00f3 expuesto con absoluta claridad\u00a0<\/a>y el rastro de Bullrich resulta indeleble, tanto, que ser\u00e1 dif\u00edcil enterrar la causa, por m\u00e1s t\u00edtulos intoxicantes del Grupo C\u00f3mplice y proclamas presidenciales sobre<strong>\u00a0\u201cla mejor ministro de seguridad de la historia\u201d<\/strong>.<\/p>\n\n\n\n<h2 class=\"wp-block-heading\">Combo urgente<\/h2>\n\n\n\n<p>Es comprensible que Bullrich intente erigirse ella en denunciante y arrastrar el expediente a los tribunales federales de Comodoro Py. Con justificadas razones, considera propio ese territorio, pero, esta vez, no tuvo la mejor de las suertes.<\/p>\n\n\n\n<p>La denuncia por \u201csedici\u00f3n\u201d del Ministerio de Seguridad recal\u00f3 en el juzgado federal 11, subrogado por&nbsp;<strong>Sebasti\u00e1n Casanello<\/strong>, y la investigaci\u00f3n qued\u00f3 a cargo del fiscal<strong>&nbsp;Franco Picardi<\/strong>. Tanto Casanello como Picardi han demostrado criterios aut\u00f3nomos y son mirados con recelo por esa implacable trama de impunidad orquestada por los servicios de Inteligencia y tent\u00e1culos del macrismo que funciona en el edificio de Retiro.<\/p>\n\n\n\n<blockquote class=\"wp-block-quote is-layout-flow wp-block-quote-is-layout-flow\">\n<p>Bullrich necesita coronar un combo: que intervengan varios juzgados federales y todo conduzca al embudo de la C\u00e1mara de Casaci\u00f3n Federal<\/p>\n<\/blockquote>\n\n\n\n<p><strong>Fernando Oscar Soto<\/strong>, abogado manodurista del ministerio de Bullrich, present\u00f3 una denuncia por \u201csedici\u00f3n, atentado al orden constitucional y la vida democr\u00e1tica, y asociaci\u00f3n il\u00edcita\u201d. El texto, de prosa grandilocuente, incluye recortes period\u00edsticos, lanza unos pocos nombres de responsables, enumera polic\u00edas lesionados y reza:&nbsp;<strong>\u201cLamentablemente tambi\u00e9n han resultado heridos un fot\u00f3grafo, Pablo Grillo, y una se\u00f1ora mayor de edad (Beatriz Bianco, 87 a\u00f1os)\u201d<\/strong>. Refiere a los dos casos m\u00e1s graves&nbsp;<a href=\"https:\/\/x.com\/_IPNoticias\/status\/1900638040038797392\" target=\"_blank\" rel=\"noreferrer noopener\">entre decenas de manifestantes heridos<\/a>, que Soto omite.<\/p>\n\n\n\n<p>Bullrich necesita coronar un combo en lo inmediato: que intervengan varios juzgados federales sobre la supuesta sedici\u00f3n, el encarcelamiento de decenas de personas y la previsible acusaci\u00f3n en su contra por el intento de homicidio de Grillo, y que todo conduzca al embudo de la C\u00e1mara de Casaci\u00f3n Federal. A falta de Bonadio, a la ministra le urge que el enfoque preponderante sea sobre un intento de golpe de Estado. Ser\u00eda un disparate, pero servir\u00eda para hacer ruido y consagrar, una vez m\u00e1s, la impunidad.<\/p>\n\n\n\n<p>A trav\u00e9s de Soto, la ministra reclam\u00f3 que la justicia federal declare la incompetencia de la jueza del fuero ordinario<strong>&nbsp;Karina Andrade<\/strong>&nbsp;\u2014<a href=\"https:\/\/x.com\/coragamarnik\/status\/1900579792652579108\" target=\"_blank\" rel=\"noreferrer noopener\">a quien Clar\u00edn etiqueta como \u201ccamporista\u201d en notas que, por verg\u00fcenza, nadie firma<\/a>\u2014, y anticip\u00f3 que apuntar\u00e1 a destituir a la magistrada por haber ordenado la liberaci\u00f3n de 114 detenidos.<\/p>\n\n\n\n<p><strong>Pero Bullrich se vuelve a encontrar con Bullrich<\/strong>. En el auto que orden\u00f3 la libertad de los detenidos, la jueza Andrade puntualiz\u00f3 la palmaria carencia de pruebas para mantener a manifestantes privados de la libertad. Esa mezcla de temeridad y chapucer\u00eda, que la ministra intenta subsanar con sonoras acusaciones y z\u00f3calos de sus amigos de la tele, reaparece en la presentaci\u00f3n de Soto ante Comodoro Py.<\/p>\n\n\n\n<p><strong>\u201cLa denuncia presentada por el Ministerio de Seguridad enuncia una serie de delitos graves vinculados a la alteraci\u00f3n del orden constitucional y menciona a presuntos responsables, pero, pese a estar cargado de afirmaciones, no aporta ninguna prueba\u201d<\/strong>, indic\u00f3 una fuente de la investigaci\u00f3n.<img decoding=\"async\" src=\"https:\/\/img-s-msn-com.akamaized.net\/tenant\/amp\/entityid\/AA1B0hYQ.img?w=768&amp;h=548&amp;m=6&amp;x=20&amp;y=389&amp;s=317&amp;d=317\" alt=\"El fot\u00f3grafo Pablo Grillo, herido de gravedad durante la marcha por el aumento de las jubilaciones, el 12 de marzo de 2025\"><\/p>\n\n\n\n<p>El fot\u00f3grafo Pablo Grillo, herido de gravedad durante la marcha por el aumento de las jubilaciones, el 12 de marzo de 2025<\/p>\n\n\n\n<p>Para cubrir los agujeros de la denuncia, Picardi solicit\u00f3 al Ministerio de Seguridad que aporte \u201cregistros, documentaciones e informaci\u00f3n\u201d de los presuntos barrabravas y sus mandantes acusados de atentar contra la vida democr\u00e1tica. Por lo pronto, ya est\u00e1 demostrado que, de los cinco mencionados como \u201cbarrabravas\u201d (\u00a1sobre m\u00e1s de cien detenidos!), al menos dos no lo son.<\/p>\n\n\n\n<p>La hip\u00f3tesis de trasladar la investigaci\u00f3n de Andrade a Comodoro Py no est\u00e1 cerca, porque ni siquiera tiene cuerpo la acusaci\u00f3n por sedici\u00f3n, y si lo tuviere, habr\u00e1 que demostrar el nexo de los detenidos con el golpe de Estado. De modo que la ansiedad de Bullrich, los Milei y los Macri por disparar un festival de arrestos con un horizonte de varios a\u00f1os de prisi\u00f3n deber\u00e1 esperar.<\/p>\n\n\n\n<p>Los registros de gendarmes y polic\u00edas federales y de la Ciudad actuando como v\u00e1ndalos ante jubilados y manifestantes son profusos y quedaron a la vista de todos. Penetran hasta en los canales de noticias oficialistas.&nbsp;<strong>\u201cVengan zurdos\u201d<\/strong>, areng\u00f3 una voz desde una tanqueta hidrante pinochetista de la Polic\u00eda de la Ciudad, a cargo de los Macri, que en este juego, luchan espalda con espalda los Milei. Si un grupo de polic\u00edas a bordo de ese veh\u00edculo act\u00faa como un grupo de tareas de la dictadura en plena Avenida de Mayo, y otro detiene a ni\u00f1os de 12 y 14 a\u00f1os en Plaza de Mayo \u00bfc\u00f3mo no dar cr\u00e9dito a decenas de testimonios que dan cuenta de abusos y torturas contra los detenidos?<\/p>\n\n\n\n<p>El desmadre policial fue tan burdo como otra invariante. En medio de la batahola, encapuchados logran parsimoniosamente incendiar autos particulares y patrulleros sin que nadie los moleste. Ocurre en cada protesta. Hombres con mochila se mueven entre los manifestantes, saltan, agitan, provocan, encienden contenedores o veh\u00edculos, rompen y&nbsp;<a href=\"https:\/\/x.com\/Editor_76\/status\/1900913979062403577\" target=\"_blank\" rel=\"noreferrer noopener\">se esfuman detr\u00e1s de cordones policiales<\/a>.&nbsp;<a href=\"https:\/\/x.com\/marianherrrera\/status\/1900942004667756749\" target=\"_blank\" rel=\"noreferrer noopener\">Est\u00e1n filmados, pero nadie los busca<\/a>.&nbsp;<strong>A Bullrich se le acaban los videos y las acusaciones estridentes a la hora de encontrar a los autores de esos desmanes<\/strong>.<\/p>\n\n\n\n<h2 class=\"wp-block-heading\">La pista<\/h2>\n\n\n\n<p>El 14 de diciembre de 2023, con cuatro d\u00edas en su segunda oportunidad como titular de Seguridad, Bullrich anunci\u00f3 la derogaci\u00f3n del \u201cprotocolo garantista de Garr\u00e9\u201d.<\/p>\n\n\n\n<p>Se refer\u00eda a <a href=\"https:\/\/www.eldiarioar.com\/opinion\/principio-no-represion-significa-bullrich-derogue-resolucion-210-2011_129_10772845.html\" target=\"_blank\" rel=\"noreferrer noopener\">la resoluci\u00f3n 210 de 2011 de la entonces ministra de Seguridad<\/a>, con la memoria reciente de las muertes en el Parque Indoamericano porte\u00f1o por una actuaci\u00f3n conjunta de las polic\u00edas de la Ciudad y Federal, y muchas otras v\u00edctimas de la brutalidad institucional en todo el pa\u00eds.<\/p>\n\n\n\n<p>La reglamentaci\u00f3n de 2011 establec\u00eda restricciones a cierto tipo de armas y una serie de medidas preventivas sobre los modos de actuaci\u00f3n policial para que no ocurra, por ejemplo, que un gendarme dispare un proyectil que acabe con la vida de un fot\u00f3grafo.<\/p>\n\n\n\n<p>Bullrich se solaza con la violencia y encuentra eco en la dirigencia pol\u00edtica y econ\u00f3mica, y en los votantes. El \u201cprotocolo para el mantenimiento del orden p\u00fablico ante el corte de v\u00edas de circulaci\u00f3n\u201d (antipiquetes) firmado por la titular de Seguridad fue celebrado por la claque medi\u00e1tica oficialista.<\/p>\n\n\n\n<p>A contramano del protocolo de Garr\u00e9, el texto de Bullrich otorga una amplia discrecionalidad a la Polic\u00eda y establece normas tan estrictas para las manifestaciones, que terminan conculcando el derecho a la protesta. Todo reclamo \u2014como manifestar por haber perdido un cuarto del ingreso jubilatorio en un a\u00f1o\u2014 pasa a ser considerado infracci\u00f3n y habilita el palazo policial.<\/p>\n\n\n\n<p>La ministra intent\u00f3 completar la faena en la primera versi\u00f3n de la ley Bases, que anulaba el derecho a siquiera denunciar los abusos policiales, lo que habr\u00eda transformado al Gobierno de Milei en una dictadura lisa y llana.<\/p>\n\n\n\n<p>Jos\u00e9 Luis Espert, Patricia Bullrich y Javier Milei. Se odiaron en el pasado, pero esta semana estuvieron contentos en Expoagro<\/p>\n\n\n\n<p><strong>En sinton\u00eda con el Gobierno ultra que acababa de asumir, dos columnas de la C\u00e1mara Federal de Comodoro Py, Mart\u00edn Irurzun y Eduardo Farah, hicieron lo esperable. Quitaron la causa a Casanello, lo que origin\u00f3 un conflicto de competencia con un juez del fuero ordinario, que no acept\u00f3 tratar el caso<\/strong>. El expediente lleg\u00f3 a la Corte Suprema, donde el pedido de habeas corpus, un recurso ante la afectaci\u00f3n de derechos constitucionales que debe ser resuelto de manera urgente, qued\u00f3 cajoneado. Sus se\u00f1or\u00edas Rosatti, Lorenzetti, Rosenkrantz y Maqueda tuvieron otras ocupaciones, como denunciarse entre ellos de cometer graves delitos.<\/p>\n\n\n\n<p>Ese aviso emitido por el juzgado federal de Casanello tuvo un correlato en reclamos contra el protocolo antipiquetes de organismos de Naciones Unidas, organizaciones internacionales como Amnist\u00eda Internacional y Reporteros Sin Fronteras, sindicatos period\u00edsticos como Sipreba, entidades de derechos humanos como el CELS y muchos otros. Todos ellos alertaron el peligro que significaba dar rienda suelta a la brutalidad policial contra los manifestantes y, en particular, el periodismo.<\/p>\n\n\n\n<p>Premonitoriamente, el 10 de marzo pasado, 48 horas antes de la manifestaci\u00f3n de los jubilados y las hinchadas de f\u00fatbol, la Asociaci\u00f3n de Corresponsales Extranjeros hizo p\u00fablica una nota en la que alert\u00f3 que los periodistas&nbsp;<a href=\"https:\/\/corresponsalesenargentina.org\/comunicados-de-prensa\/\" target=\"_blank\" rel=\"noreferrer noopener\"><strong>\u201cse han visto en la necesidad de comenzar a utilizar cascos, m\u00e1scaras respiratorias&nbsp;y otros tipos de&nbsp;protecci\u00f3n durante coberturas en la v\u00eda p\u00fablica\u201d<\/strong><\/a>. La entidad, con d\u00e9cadas de existencia y afiliados de medios de todo el mundo, aludi\u00f3 al creciente n\u00famero de corresponsales y periodistas heridos,&nbsp;<strong>\u201cproducto del accionar policial dependiente del Gobierno nacional\u201d<\/strong>.<\/p>\n\n\n\n<p>Dos d\u00edas despu\u00e9s, Pablo Grillo, uno de los fotorreporteros independientes que han venido cumpliendo una funci\u00f3n esencial en el registro de las manifestaciones y la brutalidad policial, logrando im\u00e1genes de alt\u00edsimo valor que luego recorren continentes, se desplom\u00f3 producto de un disparo anunciado desde el mismo momento en que Bullrich alarde\u00f3 de derogar \u201cel protocolo garantista de Garr\u00e9\u201d.<\/p>\n\n\n\n<p>Si el autor del disparo resulta identificado, lo que no parece improbable, lo sensato en su beneficio ser\u00eda que no acepte la defensa legal que gentilmente le ofrecer\u00e1 Gendarmer\u00eda. Un abogado defensor independiente tendr\u00eda margen para aducir que el efectivo cumpii\u00f3 \u00f3rdenes, lo que no lo eximir\u00e1 de responsabilidad, pero podria compartirla con la autora del protocolo.<\/p>\n\n\n\n<p>Es tiempo de justicia.<\/p>\n\n\n\n<p><em>SL\/DTC<\/em><\/p>\n","protected":false},"excerpt":{"rendered":"<p>Un disparo anunciado pone en jaque la vida del fot\u00f3grafo Grillo. La pista legal y las arengas que ubican a la ministra en el banquillo. Forcejeos para terminar en Comodoro Py, donde los caminos se bifurcan. La complicidad del Grupo Clar\u00edn y el cajoneo de un habeas corpus en la Corte Suprema. Desde hace d\u00e9cadas,&nbsp;Patricia [&hellip;]<\/p>\n","protected":false},"author":2,"featured_media":1600,"comment_status":"open","ping_status":"open","sticky":false,"template":"","format":"standard","meta":{"footnotes":""},"categories":[18],"tags":[],"class_list":{"0":"post-1599","1":"post","2":"type-post","3":"status-publish","4":"format-standard","5":"has-post-thumbnail","7":"category-nacionales"},"yoast_head":"<!-- This site is optimized with the Yoast SEO plugin v27.4 - https:\/\/yoast.com\/product\/yoast-seo-wordpress\/ -->\n<title>Las huellas que conducen a Bullrich\u00a0 - Diario del Sur<\/title>\n<meta name=\"robots\" content=\"index, follow, max-snippet:-1, max-image-preview:large, max-video-preview:-1\" \/>\n<link rel=\"canonical\" href=\"https:\/\/diariodelsurdigital.com.ar\/?p=1599\" \/>\n<meta property=\"og:locale\" content=\"es_ES\" \/>\n<meta property=\"og:type\" content=\"article\" \/>\n<meta property=\"og:title\" content=\"Las huellas que conducen a Bullrich\u00a0 - Diario del Sur\" \/>\n<meta property=\"og:description\" content=\"Un disparo anunciado pone en jaque la vida del fot\u00f3grafo Grillo. La pista legal y las arengas que ubican a la ministra en el banquillo. Forcejeos para terminar en Comodoro Py, donde los caminos se bifurcan. La complicidad del Grupo Clar\u00edn y el cajoneo de un habeas corpus en la Corte Suprema. Desde hace d\u00e9cadas,&nbsp;Patricia [&hellip;]\" \/>\n<meta property=\"og:url\" content=\"https:\/\/diariodelsurdigital.com.ar\/?p=1599\" \/>\n<meta property=\"og:site_name\" content=\"Diario del Sur\" \/>\n<meta property=\"article:published_time\" content=\"2025-03-16T19:33:13+00:00\" \/>\n<meta property=\"article:modified_time\" content=\"2025-03-16T19:33:15+00:00\" \/>\n<meta property=\"og:image\" content=\"https:\/\/diariodelsurdigital.com.ar\/wp-content\/uploads\/2025\/03\/AA1B0mlL.jpeg\" \/>\n\t<meta property=\"og:image:width\" content=\"555\" \/>\n\t<meta property=\"og:image:height\" content=\"345\" \/>\n\t<meta property=\"og:image:type\" content=\"image\/jpeg\" \/>\n<meta name=\"author\" content=\"Diario del Sur Digital\" \/>\n<meta name=\"twitter:card\" content=\"summary_large_image\" \/>\n<meta name=\"twitter:label1\" content=\"Escrito por\" \/>\n\t<meta name=\"twitter:data1\" content=\"Diario del Sur Digital\" \/>\n\t<meta name=\"twitter:label2\" content=\"Tiempo de lectura\" \/>\n\t<meta name=\"twitter:data2\" content=\"10 minutos\" \/>\n<script type=\"application\/ld+json\" class=\"yoast-schema-graph\">{\"@context\":\"https:\\\/\\\/schema.org\",\"@graph\":[{\"@type\":\"Article\",\"@id\":\"https:\\\/\\\/diariodelsurdigital.com.ar\\\/?p=1599#article\",\"isPartOf\":{\"@id\":\"https:\\\/\\\/diariodelsurdigital.com.ar\\\/?p=1599\"},\"author\":{\"name\":\"Diario del Sur Digital\",\"@id\":\"https:\\\/\\\/diariodelsurdigital.com.ar\\\/#\\\/schema\\\/person\\\/6136a32571657f7dba980b88b04c5465\"},\"headline\":\"Las huellas que conducen a Bullrich\u00a0\",\"datePublished\":\"2025-03-16T19:33:13+00:00\",\"dateModified\":\"2025-03-16T19:33:15+00:00\",\"mainEntityOfPage\":{\"@id\":\"https:\\\/\\\/diariodelsurdigital.com.ar\\\/?p=1599\"},\"wordCount\":2147,\"commentCount\":0,\"image\":{\"@id\":\"https:\\\/\\\/diariodelsurdigital.com.ar\\\/?p=1599#primaryimage\"},\"thumbnailUrl\":\"https:\\\/\\\/diariodelsurdigital.com.ar\\\/wp-content\\\/uploads\\\/2025\\\/03\\\/AA1B0mlL.jpeg\",\"articleSection\":[\"Nacionales\"],\"inLanguage\":\"es\",\"potentialAction\":[{\"@type\":\"CommentAction\",\"name\":\"Comment\",\"target\":[\"https:\\\/\\\/diariodelsurdigital.com.ar\\\/?p=1599#respond\"]}]},{\"@type\":\"WebPage\",\"@id\":\"https:\\\/\\\/diariodelsurdigital.com.ar\\\/?p=1599\",\"url\":\"https:\\\/\\\/diariodelsurdigital.com.ar\\\/?p=1599\",\"name\":\"Las huellas que conducen a Bullrich\u00a0 - Diario del Sur\",\"isPartOf\":{\"@id\":\"https:\\\/\\\/diariodelsurdigital.com.ar\\\/#website\"},\"primaryImageOfPage\":{\"@id\":\"https:\\\/\\\/diariodelsurdigital.com.ar\\\/?p=1599#primaryimage\"},\"image\":{\"@id\":\"https:\\\/\\\/diariodelsurdigital.com.ar\\\/?p=1599#primaryimage\"},\"thumbnailUrl\":\"https:\\\/\\\/diariodelsurdigital.com.ar\\\/wp-content\\\/uploads\\\/2025\\\/03\\\/AA1B0mlL.jpeg\",\"datePublished\":\"2025-03-16T19:33:13+00:00\",\"dateModified\":\"2025-03-16T19:33:15+00:00\",\"author\":{\"@id\":\"https:\\\/\\\/diariodelsurdigital.com.ar\\\/#\\\/schema\\\/person\\\/6136a32571657f7dba980b88b04c5465\"},\"breadcrumb\":{\"@id\":\"https:\\\/\\\/diariodelsurdigital.com.ar\\\/?p=1599#breadcrumb\"},\"inLanguage\":\"es\",\"potentialAction\":[{\"@type\":\"ReadAction\",\"target\":[\"https:\\\/\\\/diariodelsurdigital.com.ar\\\/?p=1599\"]}]},{\"@type\":\"ImageObject\",\"inLanguage\":\"es\",\"@id\":\"https:\\\/\\\/diariodelsurdigital.com.ar\\\/?p=1599#primaryimage\",\"url\":\"https:\\\/\\\/diariodelsurdigital.com.ar\\\/wp-content\\\/uploads\\\/2025\\\/03\\\/AA1B0mlL.jpeg\",\"contentUrl\":\"https:\\\/\\\/diariodelsurdigital.com.ar\\\/wp-content\\\/uploads\\\/2025\\\/03\\\/AA1B0mlL.jpeg\",\"width\":555,\"height\":345},{\"@type\":\"BreadcrumbList\",\"@id\":\"https:\\\/\\\/diariodelsurdigital.com.ar\\\/?p=1599#breadcrumb\",\"itemListElement\":[{\"@type\":\"ListItem\",\"position\":1,\"name\":\"Portada\",\"item\":\"https:\\\/\\\/diariodelsurdigital.com.ar\\\/\"},{\"@type\":\"ListItem\",\"position\":2,\"name\":\"Las huellas que conducen a Bullrich\u00a0\"}]},{\"@type\":\"WebSite\",\"@id\":\"https:\\\/\\\/diariodelsurdigital.com.ar\\\/#website\",\"url\":\"https:\\\/\\\/diariodelsurdigital.com.ar\\\/\",\"name\":\"Diario del Sur\",\"description\":\"Digital\",\"potentialAction\":[{\"@type\":\"SearchAction\",\"target\":{\"@type\":\"EntryPoint\",\"urlTemplate\":\"https:\\\/\\\/diariodelsurdigital.com.ar\\\/?s={search_term_string}\"},\"query-input\":{\"@type\":\"PropertyValueSpecification\",\"valueRequired\":true,\"valueName\":\"search_term_string\"}}],\"inLanguage\":\"es\"},{\"@type\":\"Person\",\"@id\":\"https:\\\/\\\/diariodelsurdigital.com.ar\\\/#\\\/schema\\\/person\\\/6136a32571657f7dba980b88b04c5465\",\"name\":\"Diario del Sur Digital\",\"image\":{\"@type\":\"ImageObject\",\"inLanguage\":\"es\",\"@id\":\"https:\\\/\\\/secure.gravatar.com\\\/avatar\\\/4c29ceac98541dd42460b2474aaa5dd37594d6ce6cb3cf2c101d09b48ee287ba?s=96&d=mm&r=g\",\"url\":\"https:\\\/\\\/secure.gravatar.com\\\/avatar\\\/4c29ceac98541dd42460b2474aaa5dd37594d6ce6cb3cf2c101d09b48ee287ba?s=96&d=mm&r=g\",\"contentUrl\":\"https:\\\/\\\/secure.gravatar.com\\\/avatar\\\/4c29ceac98541dd42460b2474aaa5dd37594d6ce6cb3cf2c101d09b48ee287ba?s=96&d=mm&r=g\",\"caption\":\"Diario del Sur Digital\"},\"url\":\"https:\\\/\\\/diariodelsurdigital.com.ar\\\/?author=2\"}]}<\/script>\n<!-- \/ Yoast SEO plugin. -->","yoast_head_json":{"title":"Las huellas que conducen a Bullrich\u00a0 - Diario del Sur","robots":{"index":"index","follow":"follow","max-snippet":"max-snippet:-1","max-image-preview":"max-image-preview:large","max-video-preview":"max-video-preview:-1"},"canonical":"https:\/\/diariodelsurdigital.com.ar\/?p=1599","og_locale":"es_ES","og_type":"article","og_title":"Las huellas que conducen a Bullrich\u00a0 - Diario del Sur","og_description":"Un disparo anunciado pone en jaque la vida del fot\u00f3grafo Grillo. La pista legal y las arengas que ubican a la ministra en el banquillo. Forcejeos para terminar en Comodoro Py, donde los caminos se bifurcan. La complicidad del Grupo Clar\u00edn y el cajoneo de un habeas corpus en la Corte Suprema. Desde hace d\u00e9cadas,&nbsp;Patricia [&hellip;]","og_url":"https:\/\/diariodelsurdigital.com.ar\/?p=1599","og_site_name":"Diario del Sur","article_published_time":"2025-03-16T19:33:13+00:00","article_modified_time":"2025-03-16T19:33:15+00:00","og_image":[{"width":555,"height":345,"url":"https:\/\/diariodelsurdigital.com.ar\/wp-content\/uploads\/2025\/03\/AA1B0mlL.jpeg","type":"image\/jpeg"}],"author":"Diario del Sur Digital","twitter_card":"summary_large_image","twitter_misc":{"Escrito por":"Diario del Sur Digital","Tiempo de lectura":"10 minutos"},"schema":{"@context":"https:\/\/schema.org","@graph":[{"@type":"Article","@id":"https:\/\/diariodelsurdigital.com.ar\/?p=1599#article","isPartOf":{"@id":"https:\/\/diariodelsurdigital.com.ar\/?p=1599"},"author":{"name":"Diario del Sur Digital","@id":"https:\/\/diariodelsurdigital.com.ar\/#\/schema\/person\/6136a32571657f7dba980b88b04c5465"},"headline":"Las huellas que conducen a Bullrich\u00a0","datePublished":"2025-03-16T19:33:13+00:00","dateModified":"2025-03-16T19:33:15+00:00","mainEntityOfPage":{"@id":"https:\/\/diariodelsurdigital.com.ar\/?p=1599"},"wordCount":2147,"commentCount":0,"image":{"@id":"https:\/\/diariodelsurdigital.com.ar\/?p=1599#primaryimage"},"thumbnailUrl":"https:\/\/diariodelsurdigital.com.ar\/wp-content\/uploads\/2025\/03\/AA1B0mlL.jpeg","articleSection":["Nacionales"],"inLanguage":"es","potentialAction":[{"@type":"CommentAction","name":"Comment","target":["https:\/\/diariodelsurdigital.com.ar\/?p=1599#respond"]}]},{"@type":"WebPage","@id":"https:\/\/diariodelsurdigital.com.ar\/?p=1599","url":"https:\/\/diariodelsurdigital.com.ar\/?p=1599","name":"Las huellas que conducen a Bullrich\u00a0 - Diario del Sur","isPartOf":{"@id":"https:\/\/diariodelsurdigital.com.ar\/#website"},"primaryImageOfPage":{"@id":"https:\/\/diariodelsurdigital.com.ar\/?p=1599#primaryimage"},"image":{"@id":"https:\/\/diariodelsurdigital.com.ar\/?p=1599#primaryimage"},"thumbnailUrl":"https:\/\/diariodelsurdigital.com.ar\/wp-content\/uploads\/2025\/03\/AA1B0mlL.jpeg","datePublished":"2025-03-16T19:33:13+00:00","dateModified":"2025-03-16T19:33:15+00:00","author":{"@id":"https:\/\/diariodelsurdigital.com.ar\/#\/schema\/person\/6136a32571657f7dba980b88b04c5465"},"breadcrumb":{"@id":"https:\/\/diariodelsurdigital.com.ar\/?p=1599#breadcrumb"},"inLanguage":"es","potentialAction":[{"@type":"ReadAction","target":["https:\/\/diariodelsurdigital.com.ar\/?p=1599"]}]},{"@type":"ImageObject","inLanguage":"es","@id":"https:\/\/diariodelsurdigital.com.ar\/?p=1599#primaryimage","url":"https:\/\/diariodelsurdigital.com.ar\/wp-content\/uploads\/2025\/03\/AA1B0mlL.jpeg","contentUrl":"https:\/\/diariodelsurdigital.com.ar\/wp-content\/uploads\/2025\/03\/AA1B0mlL.jpeg","width":555,"height":345},{"@type":"BreadcrumbList","@id":"https:\/\/diariodelsurdigital.com.ar\/?p=1599#breadcrumb","itemListElement":[{"@type":"ListItem","position":1,"name":"Portada","item":"https:\/\/diariodelsurdigital.com.ar\/"},{"@type":"ListItem","position":2,"name":"Las huellas que conducen a Bullrich\u00a0"}]},{"@type":"WebSite","@id":"https:\/\/diariodelsurdigital.com.ar\/#website","url":"https:\/\/diariodelsurdigital.com.ar\/","name":"Diario del Sur","description":"Digital","potentialAction":[{"@type":"SearchAction","target":{"@type":"EntryPoint","urlTemplate":"https:\/\/diariodelsurdigital.com.ar\/?s={search_term_string}"},"query-input":{"@type":"PropertyValueSpecification","valueRequired":true,"valueName":"search_term_string"}}],"inLanguage":"es"},{"@type":"Person","@id":"https:\/\/diariodelsurdigital.com.ar\/#\/schema\/person\/6136a32571657f7dba980b88b04c5465","name":"Diario del Sur Digital","image":{"@type":"ImageObject","inLanguage":"es","@id":"https:\/\/secure.gravatar.com\/avatar\/4c29ceac98541dd42460b2474aaa5dd37594d6ce6cb3cf2c101d09b48ee287ba?s=96&d=mm&r=g","url":"https:\/\/secure.gravatar.com\/avatar\/4c29ceac98541dd42460b2474aaa5dd37594d6ce6cb3cf2c101d09b48ee287ba?s=96&d=mm&r=g","contentUrl":"https:\/\/secure.gravatar.com\/avatar\/4c29ceac98541dd42460b2474aaa5dd37594d6ce6cb3cf2c101d09b48ee287ba?s=96&d=mm&r=g","caption":"Diario del Sur Digital"},"url":"https:\/\/diariodelsurdigital.com.ar\/?author=2"}]}},"_links":{"self":[{"href":"https:\/\/diariodelsurdigital.com.ar\/index.php?rest_route=\/wp\/v2\/posts\/1599","targetHints":{"allow":["GET"]}}],"collection":[{"href":"https:\/\/diariodelsurdigital.com.ar\/index.php?rest_route=\/wp\/v2\/posts"}],"about":[{"href":"https:\/\/diariodelsurdigital.com.ar\/index.php?rest_route=\/wp\/v2\/types\/post"}],"author":[{"embeddable":true,"href":"https:\/\/diariodelsurdigital.com.ar\/index.php?rest_route=\/wp\/v2\/users\/2"}],"replies":[{"embeddable":true,"href":"https:\/\/diariodelsurdigital.com.ar\/index.php?rest_route=%2Fwp%2Fv2%2Fcomments&post=1599"}],"version-history":[{"count":1,"href":"https:\/\/diariodelsurdigital.com.ar\/index.php?rest_route=\/wp\/v2\/posts\/1599\/revisions"}],"predecessor-version":[{"id":1601,"href":"https:\/\/diariodelsurdigital.com.ar\/index.php?rest_route=\/wp\/v2\/posts\/1599\/revisions\/1601"}],"wp:featuredmedia":[{"embeddable":true,"href":"https:\/\/diariodelsurdigital.com.ar\/index.php?rest_route=\/wp\/v2\/media\/1600"}],"wp:attachment":[{"href":"https:\/\/diariodelsurdigital.com.ar\/index.php?rest_route=%2Fwp%2Fv2%2Fmedia&parent=1599"}],"wp:term":[{"taxonomy":"category","embeddable":true,"href":"https:\/\/diariodelsurdigital.com.ar\/index.php?rest_route=%2Fwp%2Fv2%2Fcategories&post=1599"},{"taxonomy":"post_tag","embeddable":true,"href":"https:\/\/diariodelsurdigital.com.ar\/index.php?rest_route=%2Fwp%2Fv2%2Ftags&post=1599"}],"curies":[{"name":"wp","href":"https:\/\/api.w.org\/{rel}","templated":true}]}}