{"id":1613,"date":"2025-03-17T16:33:26","date_gmt":"2025-03-17T19:33:26","guid":{"rendered":"https:\/\/diariodelsurdigital.com.ar\/?p=1613"},"modified":"2025-03-17T16:33:27","modified_gmt":"2025-03-17T19:33:27","slug":"desde-el-pj-entre-rios-afirman-que-el-gobierno-de-milei-trata-de-culpar-al-peronismo-de-su-propia-incapacidad-para-gobernar","status":"publish","type":"post","link":"https:\/\/diariodelsurdigital.com.ar\/?p=1613","title":{"rendered":"Desde el PJ Entre R\u00edos afirman que \u201cel Gobierno de Milei trata de culpar al peronismo de su propia incapacidad para gobernar\u201d"},"content":{"rendered":"\n<p>El Partido Justicialista de Entre R\u00edos comparti\u00f3 un comunicado que lanz\u00f3 el partido a nivel nacional en el que denuncian una \u201cdesvergonzada campa\u00f1a\u201d que Milei y el Grupo Clar\u00edn est\u00e1n llevando a cabo contra sectores del peronismo.<\/p>\n\n\n\n<figure class=\"wp-block-image\"><img decoding=\"async\" src=\"https:\/\/apfdigital-s3.cdn.net.ar\/s3i233\/2024\/10\/apfdigital\/files\/88\/8832\/0bf8a98e16d6a6bc92e05f6920e0c74d122c3ea70402aa59bc06aa6d4d8a0974.gif\" alt=\"Publicidad\"\/><\/figure>\n\n\n\n<p><a href=\"https:\/\/www.apfdigital.com.ar\/politicas\/\">Politicas<\/a><\/p>\n\n\n\n<h1 class=\"wp-block-heading\">Desde el PJ Entre R\u00edos afirman que \u201cel Gobierno de Milei trata de culpar al peronismo de su propia incapacidad para gobernar\u201d<\/h1>\n\n\n\n<p>El Partido Justicialista de Entre R\u00edos comparti\u00f3 un comunicado que lanz\u00f3 el partido a nivel nacional en el que denuncian una \u201cdesvergonzada campa\u00f1a\u201d que Milei y el Grupo Clar\u00edn est\u00e1n llevando a cabo contra sectores del peronismo.<\/p>\n\n\n\n<p>lunes 17 de marzo de 2025 | 11:04hs.<\/p>\n\n\n\n<figure class=\"wp-block-image\"><img decoding=\"async\" src=\"https:\/\/apfdigital-s3.cdn.net.ar\/s3i233\/2025\/03\/apfdigital\/images\/01\/80\/45\/1804584_b0d3c2e2d3c8c59888b2f9e081d9593d274231193c4e40abc64d2f2d8cb6b415\/md.webp\" alt=\"\"\/><\/figure>\n\n\n\n<p>\u201cEl gobierno de Milei trata de culpar al peronismo de su propia incapacidad para gobernar, comete un error atr\u00e1s de otro y cuando se lo se\u00f1alan ataca con crueldad y desprecio\u201d, public\u00f3 el PJ Entre R\u00edos en su cuenta de X.<\/p>\n\n\n\n<p>En la publicaci\u00f3n compartieron un texto difundido por el PJ nacional en el que se alerta \u201csobre la desvergonzada campa\u00f1a de desinformaci\u00f3n y mentiras que en los \u00faltimos d\u00edas lleva adelante el monopolio Clar\u00edn contra sectores del peronismo\u201d-<\/p>\n\n\n\n<p>\u201cDicha campa\u00f1a busca encubrir la responsabilidad del gobierno nacional y, en particular, de la ministra de Seguridad, Patricia Bullrich, en la represi\u00f3n ilegal contra jubilados, fot\u00f3grafos y ciudadanos en general que se manifestaron el mi\u00e9rcoles pasado frente al Congreso de la Naci\u00f3n\u201d.<\/p>\n\n\n\n<p>\u201cEste alineamiento sin fisuras entre las mentiras que Clar\u00edn publica en sus tapas y el relato oficial desplegado luego de la represi\u00f3n tiene lugar en el mismo momento en que el grupo empresario busca quedarse con Telef\u00f3nica, hecho que le permitir\u00eda consolidar un monopolio absoluto en el sector de las telecomunicaciones\u201d.<\/p>\n","protected":false},"excerpt":{"rendered":"<p>El Partido Justicialista de Entre R\u00edos comparti\u00f3 un comunicado que lanz\u00f3 el partido a nivel nacional en el que denuncian una \u201cdesvergonzada campa\u00f1a\u201d que Milei y el Grupo Clar\u00edn est\u00e1n llevando a cabo contra sectores del peronismo. Politicas Desde el PJ Entre R\u00edos afirman que \u201cel Gobierno de Milei trata de culpar al peronismo de [&hellip;]<\/p>\n","protected":false},"author":4,"featured_media":1614,"comment_status":"open","ping_status":"open","sticky":false,"template":"","format":"standard","meta":{"footnotes":""},"categories":[22],"tags":[],"class_list":{"0":"post-1613","1":"post","2":"type-post","3":"status-publish","4":"format-standard","5":"has-post-thumbnail","7":"category-politica"},"yoast_head":"<!-- This site is optimized with the Yoast SEO plugin v27.4 - https:\/\/yoast.com\/product\/yoast-seo-wordpress\/ -->\n<title>Desde el PJ Entre R\u00edos afirman que \u201cel Gobierno de Milei trata de culpar al peronismo de su propia incapacidad para gobernar\u201d - Diario del Sur<\/title>\n<meta name=\"robots\" content=\"index, follow, max-snippet:-1, max-image-preview:large, max-video-preview:-1\" \/>\n<link rel=\"canonical\" href=\"https:\/\/diariodelsurdigital.com.ar\/?p=1613\" \/>\n<meta property=\"og:locale\" content=\"es_ES\" \/>\n<meta property=\"og:type\" content=\"article\" \/>\n<meta property=\"og:title\" content=\"Desde el PJ Entre R\u00edos afirman que \u201cel Gobierno de Milei trata de culpar al peronismo de su propia incapacidad para gobernar\u201d - Diario del Sur\" \/>\n<meta property=\"og:description\" content=\"El Partido Justicialista de Entre R\u00edos comparti\u00f3 un comunicado que lanz\u00f3 el partido a nivel nacional en el que denuncian una \u201cdesvergonzada campa\u00f1a\u201d que Milei y el Grupo Clar\u00edn est\u00e1n llevando a cabo contra sectores del peronismo. Politicas Desde el PJ Entre R\u00edos afirman que \u201cel Gobierno de Milei trata de culpar al peronismo de [&hellip;]\" \/>\n<meta property=\"og:url\" content=\"https:\/\/diariodelsurdigital.com.ar\/?p=1613\" \/>\n<meta property=\"og:site_name\" content=\"Diario del Sur\" \/>\n<meta property=\"article:published_time\" content=\"2025-03-17T19:33:26+00:00\" \/>\n<meta property=\"article:modified_time\" content=\"2025-03-17T19:33:27+00:00\" \/>\n<meta property=\"og:image\" content=\"https:\/\/diariodelsurdigital.com.ar\/wp-content\/uploads\/2025\/03\/md-15-1.webp\" \/>\n\t<meta property=\"og:image:width\" content=\"992\" \/>\n\t<meta property=\"og:image:height\" content=\"558\" \/>\n\t<meta property=\"og:image:type\" content=\"image\/webp\" \/>\n<meta name=\"author\" content=\"Diario del Sur Digital\" \/>\n<meta name=\"twitter:card\" content=\"summary_large_image\" \/>\n<meta name=\"twitter:label1\" content=\"Escrito por\" \/>\n\t<meta name=\"twitter:data1\" content=\"Diario del Sur Digital\" \/>\n\t<meta name=\"twitter:label2\" content=\"Tiempo de lectura\" \/>\n\t<meta name=\"twitter:data2\" content=\"2 minutos\" \/>\n<script type=\"application\/ld+json\" class=\"yoast-schema-graph\">{\"@context\":\"https:\\\/\\\/schema.org\",\"@graph\":[{\"@type\":\"Article\",\"@id\":\"https:\\\/\\\/diariodelsurdigital.com.ar\\\/?p=1613#article\",\"isPartOf\":{\"@id\":\"https:\\\/\\\/diariodelsurdigital.com.ar\\\/?p=1613\"},\"author\":{\"name\":\"Diario del Sur Digital\",\"@id\":\"https:\\\/\\\/diariodelsurdigital.com.ar\\\/#\\\/schema\\\/person\\\/1a4992532ed62965c968031b49195c81\"},\"headline\":\"Desde el PJ Entre R\u00edos afirman que \u201cel Gobierno de Milei trata de culpar al peronismo de su propia incapacidad para gobernar\u201d\",\"datePublished\":\"2025-03-17T19:33:26+00:00\",\"dateModified\":\"2025-03-17T19:33:27+00:00\",\"mainEntityOfPage\":{\"@id\":\"https:\\\/\\\/diariodelsurdigital.com.ar\\\/?p=1613\"},\"wordCount\":324,\"commentCount\":0,\"image\":{\"@id\":\"https:\\\/\\\/diariodelsurdigital.com.ar\\\/?p=1613#primaryimage\"},\"thumbnailUrl\":\"https:\\\/\\\/diariodelsurdigital.com.ar\\\/wp-content\\\/uploads\\\/2025\\\/03\\\/md-15-1.webp\",\"articleSection\":[\"Pol\u00edtica\"],\"inLanguage\":\"es\",\"potentialAction\":[{\"@type\":\"CommentAction\",\"name\":\"Comment\",\"target\":[\"https:\\\/\\\/diariodelsurdigital.com.ar\\\/?p=1613#respond\"]}]},{\"@type\":\"WebPage\",\"@id\":\"https:\\\/\\\/diariodelsurdigital.com.ar\\\/?p=1613\",\"url\":\"https:\\\/\\\/diariodelsurdigital.com.ar\\\/?p=1613\",\"name\":\"Desde el PJ Entre R\u00edos afirman que \u201cel Gobierno de Milei trata de culpar al peronismo de su propia incapacidad para gobernar\u201d - Diario del Sur\",\"isPartOf\":{\"@id\":\"https:\\\/\\\/diariodelsurdigital.com.ar\\\/#website\"},\"primaryImageOfPage\":{\"@id\":\"https:\\\/\\\/diariodelsurdigital.com.ar\\\/?p=1613#primaryimage\"},\"image\":{\"@id\":\"https:\\\/\\\/diariodelsurdigital.com.ar\\\/?p=1613#primaryimage\"},\"thumbnailUrl\":\"https:\\\/\\\/diariodelsurdigital.com.ar\\\/wp-content\\\/uploads\\\/2025\\\/03\\\/md-15-1.webp\",\"datePublished\":\"2025-03-17T19:33:26+00:00\",\"dateModified\":\"2025-03-17T19:33:27+00:00\",\"author\":{\"@id\":\"https:\\\/\\\/diariodelsurdigital.com.ar\\\/#\\\/schema\\\/person\\\/1a4992532ed62965c968031b49195c81\"},\"breadcrumb\":{\"@id\":\"https:\\\/\\\/diariodelsurdigital.com.ar\\\/?p=1613#breadcrumb\"},\"inLanguage\":\"es\",\"potentialAction\":[{\"@type\":\"ReadAction\",\"target\":[\"https:\\\/\\\/diariodelsurdigital.com.ar\\\/?p=1613\"]}]},{\"@type\":\"ImageObject\",\"inLanguage\":\"es\",\"@id\":\"https:\\\/\\\/diariodelsurdigital.com.ar\\\/?p=1613#primaryimage\",\"url\":\"https:\\\/\\\/diariodelsurdigital.com.ar\\\/wp-content\\\/uploads\\\/2025\\\/03\\\/md-15-1.webp\",\"contentUrl\":\"https:\\\/\\\/diariodelsurdigital.com.ar\\\/wp-content\\\/uploads\\\/2025\\\/03\\\/md-15-1.webp\",\"width\":992,\"height\":558},{\"@type\":\"BreadcrumbList\",\"@id\":\"https:\\\/\\\/diariodelsurdigital.com.ar\\\/?p=1613#breadcrumb\",\"itemListElement\":[{\"@type\":\"ListItem\",\"position\":1,\"name\":\"Portada\",\"item\":\"https:\\\/\\\/diariodelsurdigital.com.ar\\\/\"},{\"@type\":\"ListItem\",\"position\":2,\"name\":\"Desde el PJ Entre R\u00edos afirman que \u201cel Gobierno de Milei trata de culpar al peronismo de su propia incapacidad para gobernar\u201d\"}]},{\"@type\":\"WebSite\",\"@id\":\"https:\\\/\\\/diariodelsurdigital.com.ar\\\/#website\",\"url\":\"https:\\\/\\\/diariodelsurdigital.com.ar\\\/\",\"name\":\"Diario del Sur\",\"description\":\"Digital\",\"potentialAction\":[{\"@type\":\"SearchAction\",\"target\":{\"@type\":\"EntryPoint\",\"urlTemplate\":\"https:\\\/\\\/diariodelsurdigital.com.ar\\\/?s={search_term_string}\"},\"query-input\":{\"@type\":\"PropertyValueSpecification\",\"valueRequired\":true,\"valueName\":\"search_term_string\"}}],\"inLanguage\":\"es\"},{\"@type\":\"Person\",\"@id\":\"https:\\\/\\\/diariodelsurdigital.com.ar\\\/#\\\/schema\\\/person\\\/1a4992532ed62965c968031b49195c81\",\"name\":\"Diario del Sur Digital\",\"image\":{\"@type\":\"ImageObject\",\"inLanguage\":\"es\",\"@id\":\"https:\\\/\\\/secure.gravatar.com\\\/avatar\\\/f0c7c47fc7146d19828273b9b8eda651c9c7ab583767e6338d3d3bee825adf76?s=96&d=mm&r=g\",\"url\":\"https:\\\/\\\/secure.gravatar.com\\\/avatar\\\/f0c7c47fc7146d19828273b9b8eda651c9c7ab583767e6338d3d3bee825adf76?s=96&d=mm&r=g\",\"contentUrl\":\"https:\\\/\\\/secure.gravatar.com\\\/avatar\\\/f0c7c47fc7146d19828273b9b8eda651c9c7ab583767e6338d3d3bee825adf76?s=96&d=mm&r=g\",\"caption\":\"Diario del Sur Digital\"},\"url\":\"https:\\\/\\\/diariodelsurdigital.com.ar\\\/?author=4\"}]}<\/script>\n<!-- \/ Yoast SEO plugin. -->","yoast_head_json":{"title":"Desde el PJ Entre R\u00edos afirman que \u201cel Gobierno de Milei trata de culpar al peronismo de su propia incapacidad para gobernar\u201d - Diario del Sur","robots":{"index":"index","follow":"follow","max-snippet":"max-snippet:-1","max-image-preview":"max-image-preview:large","max-video-preview":"max-video-preview:-1"},"canonical":"https:\/\/diariodelsurdigital.com.ar\/?p=1613","og_locale":"es_ES","og_type":"article","og_title":"Desde el PJ Entre R\u00edos afirman que \u201cel Gobierno de Milei trata de culpar al peronismo de su propia incapacidad para gobernar\u201d - Diario del Sur","og_description":"El Partido Justicialista de Entre R\u00edos comparti\u00f3 un comunicado que lanz\u00f3 el partido a nivel nacional en el que denuncian una \u201cdesvergonzada campa\u00f1a\u201d que Milei y el Grupo Clar\u00edn est\u00e1n llevando a cabo contra sectores del peronismo. Politicas Desde el PJ Entre R\u00edos afirman que \u201cel Gobierno de Milei trata de culpar al peronismo de [&hellip;]","og_url":"https:\/\/diariodelsurdigital.com.ar\/?p=1613","og_site_name":"Diario del Sur","article_published_time":"2025-03-17T19:33:26+00:00","article_modified_time":"2025-03-17T19:33:27+00:00","og_image":[{"width":992,"height":558,"url":"https:\/\/diariodelsurdigital.com.ar\/wp-content\/uploads\/2025\/03\/md-15-1.webp","type":"image\/webp"}],"author":"Diario del Sur Digital","twitter_card":"summary_large_image","twitter_misc":{"Escrito por":"Diario del Sur Digital","Tiempo de lectura":"2 minutos"},"schema":{"@context":"https:\/\/schema.org","@graph":[{"@type":"Article","@id":"https:\/\/diariodelsurdigital.com.ar\/?p=1613#article","isPartOf":{"@id":"https:\/\/diariodelsurdigital.com.ar\/?p=1613"},"author":{"name":"Diario del Sur Digital","@id":"https:\/\/diariodelsurdigital.com.ar\/#\/schema\/person\/1a4992532ed62965c968031b49195c81"},"headline":"Desde el PJ Entre R\u00edos afirman que \u201cel Gobierno de Milei trata de culpar al peronismo de su propia incapacidad para gobernar\u201d","datePublished":"2025-03-17T19:33:26+00:00","dateModified":"2025-03-17T19:33:27+00:00","mainEntityOfPage":{"@id":"https:\/\/diariodelsurdigital.com.ar\/?p=1613"},"wordCount":324,"commentCount":0,"image":{"@id":"https:\/\/diariodelsurdigital.com.ar\/?p=1613#primaryimage"},"thumbnailUrl":"https:\/\/diariodelsurdigital.com.ar\/wp-content\/uploads\/2025\/03\/md-15-1.webp","articleSection":["Pol\u00edtica"],"inLanguage":"es","potentialAction":[{"@type":"CommentAction","name":"Comment","target":["https:\/\/diariodelsurdigital.com.ar\/?p=1613#respond"]}]},{"@type":"WebPage","@id":"https:\/\/diariodelsurdigital.com.ar\/?p=1613","url":"https:\/\/diariodelsurdigital.com.ar\/?p=1613","name":"Desde el PJ Entre R\u00edos afirman que \u201cel Gobierno de Milei trata de culpar al peronismo de su propia incapacidad para gobernar\u201d - Diario del Sur","isPartOf":{"@id":"https:\/\/diariodelsurdigital.com.ar\/#website"},"primaryImageOfPage":{"@id":"https:\/\/diariodelsurdigital.com.ar\/?p=1613#primaryimage"},"image":{"@id":"https:\/\/diariodelsurdigital.com.ar\/?p=1613#primaryimage"},"thumbnailUrl":"https:\/\/diariodelsurdigital.com.ar\/wp-content\/uploads\/2025\/03\/md-15-1.webp","datePublished":"2025-03-17T19:33:26+00:00","dateModified":"2025-03-17T19:33:27+00:00","author":{"@id":"https:\/\/diariodelsurdigital.com.ar\/#\/schema\/person\/1a4992532ed62965c968031b49195c81"},"breadcrumb":{"@id":"https:\/\/diariodelsurdigital.com.ar\/?p=1613#breadcrumb"},"inLanguage":"es","potentialAction":[{"@type":"ReadAction","target":["https:\/\/diariodelsurdigital.com.ar\/?p=1613"]}]},{"@type":"ImageObject","inLanguage":"es","@id":"https:\/\/diariodelsurdigital.com.ar\/?p=1613#primaryimage","url":"https:\/\/diariodelsurdigital.com.ar\/wp-content\/uploads\/2025\/03\/md-15-1.webp","contentUrl":"https:\/\/diariodelsurdigital.com.ar\/wp-content\/uploads\/2025\/03\/md-15-1.webp","width":992,"height":558},{"@type":"BreadcrumbList","@id":"https:\/\/diariodelsurdigital.com.ar\/?p=1613#breadcrumb","itemListElement":[{"@type":"ListItem","position":1,"name":"Portada","item":"https:\/\/diariodelsurdigital.com.ar\/"},{"@type":"ListItem","position":2,"name":"Desde el PJ Entre R\u00edos afirman que \u201cel Gobierno de Milei trata de culpar al peronismo de su propia incapacidad para gobernar\u201d"}]},{"@type":"WebSite","@id":"https:\/\/diariodelsurdigital.com.ar\/#website","url":"https:\/\/diariodelsurdigital.com.ar\/","name":"Diario del Sur","description":"Digital","potentialAction":[{"@type":"SearchAction","target":{"@type":"EntryPoint","urlTemplate":"https:\/\/diariodelsurdigital.com.ar\/?s={search_term_string}"},"query-input":{"@type":"PropertyValueSpecification","valueRequired":true,"valueName":"search_term_string"}}],"inLanguage":"es"},{"@type":"Person","@id":"https:\/\/diariodelsurdigital.com.ar\/#\/schema\/person\/1a4992532ed62965c968031b49195c81","name":"Diario del Sur Digital","image":{"@type":"ImageObject","inLanguage":"es","@id":"https:\/\/secure.gravatar.com\/avatar\/f0c7c47fc7146d19828273b9b8eda651c9c7ab583767e6338d3d3bee825adf76?s=96&d=mm&r=g","url":"https:\/\/secure.gravatar.com\/avatar\/f0c7c47fc7146d19828273b9b8eda651c9c7ab583767e6338d3d3bee825adf76?s=96&d=mm&r=g","contentUrl":"https:\/\/secure.gravatar.com\/avatar\/f0c7c47fc7146d19828273b9b8eda651c9c7ab583767e6338d3d3bee825adf76?s=96&d=mm&r=g","caption":"Diario del Sur Digital"},"url":"https:\/\/diariodelsurdigital.com.ar\/?author=4"}]}},"_links":{"self":[{"href":"https:\/\/diariodelsurdigital.com.ar\/index.php?rest_route=\/wp\/v2\/posts\/1613","targetHints":{"allow":["GET"]}}],"collection":[{"href":"https:\/\/diariodelsurdigital.com.ar\/index.php?rest_route=\/wp\/v2\/posts"}],"about":[{"href":"https:\/\/diariodelsurdigital.com.ar\/index.php?rest_route=\/wp\/v2\/types\/post"}],"author":[{"embeddable":true,"href":"https:\/\/diariodelsurdigital.com.ar\/index.php?rest_route=\/wp\/v2\/users\/4"}],"replies":[{"embeddable":true,"href":"https:\/\/diariodelsurdigital.com.ar\/index.php?rest_route=%2Fwp%2Fv2%2Fcomments&post=1613"}],"version-history":[{"count":1,"href":"https:\/\/diariodelsurdigital.com.ar\/index.php?rest_route=\/wp\/v2\/posts\/1613\/revisions"}],"predecessor-version":[{"id":1615,"href":"https:\/\/diariodelsurdigital.com.ar\/index.php?rest_route=\/wp\/v2\/posts\/1613\/revisions\/1615"}],"wp:featuredmedia":[{"embeddable":true,"href":"https:\/\/diariodelsurdigital.com.ar\/index.php?rest_route=\/wp\/v2\/media\/1614"}],"wp:attachment":[{"href":"https:\/\/diariodelsurdigital.com.ar\/index.php?rest_route=%2Fwp%2Fv2%2Fmedia&parent=1613"}],"wp:term":[{"taxonomy":"category","embeddable":true,"href":"https:\/\/diariodelsurdigital.com.ar\/index.php?rest_route=%2Fwp%2Fv2%2Fcategories&post=1613"},{"taxonomy":"post_tag","embeddable":true,"href":"https:\/\/diariodelsurdigital.com.ar\/index.php?rest_route=%2Fwp%2Fv2%2Ftags&post=1613"}],"curies":[{"name":"wp","href":"https:\/\/api.w.org\/{rel}","templated":true}]}}