{"id":1622,"date":"2025-03-17T16:40:30","date_gmt":"2025-03-17T19:40:30","guid":{"rendered":"https:\/\/diariodelsurdigital.com.ar\/?p=1622"},"modified":"2025-03-17T16:40:31","modified_gmt":"2025-03-17T19:40:31","slug":"el-consumo-sigue-en-caida-y-las-ventas-de-supermercados-acumulan-15-meses-de-retraccion","status":"publish","type":"post","link":"https:\/\/diariodelsurdigital.com.ar\/?p=1622","title":{"rendered":"El consumo sigue en ca\u00edda y las ventas de supermercados acumulan 15 meses de retracci\u00f3n"},"content":{"rendered":"\n<p>Los rubros m\u00e1s afectados son bebidas, productos de compra impulsiva, art\u00edculos de limpieza de ropa y hogar e higiene y cosm\u00e9tica.<\/p>\n\n\n\n<p>El consumo de productos b\u00e1sicos ya acumula 15 meses de ca\u00edda consecutiva, con fuerte impacto en rubros como bebidas sin alcohol y alcoh\u00f3licas.<\/p>\n\n\n\n<p>Desde junio hasta diciembre del 2023 inclusive, la Argentina registr\u00f3 siete meses de crecimiento en el consumo masivo con picos en septiembre (8,5%) y octubre (8%).<\/p>\n\n\n\n<p>Sin embargo, desde enero del 2024 todos los meses fueron de ca\u00edda: inici\u00f3 con una retracci\u00f3n del 3,5% interanual en enero del 2024 y lleva 15 per\u00edodos consecutivos, hasta el 9,8% del pasado febrero.<\/p>\n\n\n\n<p>Seg\u00fan la consultora Scentia, se registr\u00f3 un 10,2% de ca\u00edda mensual desde el primer mes del 2024, con picos en septiembre (-22,3%), octubre (-20,4%) y noviembre (-20%).<\/p>\n\n\n\n<p>No obstante, desde octubre del 2024 la ca\u00edda del consumo transita cuatro meses de desaceleraci\u00f3n.<\/p>\n\n\n\n<p>Los rubros con mayores ca\u00eddas entre febrero del 2025 y febrero del 2024 fueron bebidas sin alcohol (-18,8%); bebidas con alcohol (-16,2%); productos considerados de consumo \u00abimpulsivo\u00bb (-10,5%); art\u00edculos de limpieza de ropa y hogar (-9,7%); y productos de higiene y cosm\u00e9tica (-8%).<\/p>\n\n\n\n<p>El consumo sigue en ca\u00edda y las ventas de supermercados acumulan 15 meses de retracci\u00f3n<\/p>\n\n\n\n<p>Las ventas sufrieron una retracci\u00f3n en supermercados y autoservicios de todo el pa\u00eds, tanto en el \u00c1rea Metropolitana de Buenos Aires (AMBA), donde la ca\u00edda fue del 8,3%, como en el resto de las provincias argentinas, que tuvieron en promedio una reducci\u00f3n del consumo de 4,9%.<\/p>\n\n\n\n<p>En este escenario, la canasta alimentaria anot\u00f3 en febrero su mayor suba en seis meses.<\/p>\n\n\n\n<p>El costo de la canasta b\u00e1sica alimentaria (CBA), que mide la l\u00ednea de indigencia, trep\u00f3 un 3,2% en febrero, el registro m\u00e1s alto desde septiembre del a\u00f1o pasado.<\/p>\n\n\n\n<p>La canasta b\u00e1sica total (CBT), que determina la l\u00ednea de pobreza, tambi\u00e9n se aceler\u00f3, aunque a un menor ritmo.<\/p>\n\n\n\n<p>El informe publicado por el INDEC mostr\u00f3 que, por primera vez en nueve meses, la CBA subi\u00f3 por encima de la CBT.<\/p>\n\n\n\n<p>Esto se dio en un contexto de mayores aumentos en algunos alimentos, fundamentalmente en la carne.<\/p>\n\n\n\n<p>De este modo, una familia \u00abtipo\u00bb, compuesta por dos adultos y dos ni\u00f1os, necesit\u00f3 en el segundo mes del a\u00f1o $1.057.923 para no ser considerada pobre, de acuerdo con la metodolog\u00eda oficial, mientras que para no caer en la indigencia requiri\u00f3 $468.108.<\/p>\n\n\n\n<p><\/p>\n","protected":false},"excerpt":{"rendered":"<p>Los rubros m\u00e1s afectados son bebidas, productos de compra impulsiva, art\u00edculos de limpieza de ropa y hogar e higiene y cosm\u00e9tica. El consumo de productos b\u00e1sicos ya acumula 15 meses de ca\u00edda consecutiva, con fuerte impacto en rubros como bebidas sin alcohol y alcoh\u00f3licas. Desde junio hasta diciembre del 2023 inclusive, la Argentina registr\u00f3 siete [&hellip;]<\/p>\n","protected":false},"author":4,"featured_media":1623,"comment_status":"open","ping_status":"open","sticky":false,"template":"","format":"standard","meta":{"footnotes":""},"categories":[18],"tags":[],"class_list":{"0":"post-1622","1":"post","2":"type-post","3":"status-publish","4":"format-standard","5":"has-post-thumbnail","7":"category-nacionales"},"yoast_head":"<!-- This site is optimized with the Yoast SEO plugin v27.4 - https:\/\/yoast.com\/product\/yoast-seo-wordpress\/ -->\n<title>El consumo sigue en ca\u00edda y las ventas de supermercados acumulan 15 meses de retracci\u00f3n - Diario del Sur<\/title>\n<meta name=\"robots\" content=\"index, follow, max-snippet:-1, max-image-preview:large, max-video-preview:-1\" \/>\n<link rel=\"canonical\" href=\"https:\/\/diariodelsurdigital.com.ar\/?p=1622\" \/>\n<meta property=\"og:locale\" content=\"es_ES\" \/>\n<meta property=\"og:type\" content=\"article\" \/>\n<meta property=\"og:title\" content=\"El consumo sigue en ca\u00edda y las ventas de supermercados acumulan 15 meses de retracci\u00f3n - Diario del Sur\" \/>\n<meta property=\"og:description\" content=\"Los rubros m\u00e1s afectados son bebidas, productos de compra impulsiva, art\u00edculos de limpieza de ropa y hogar e higiene y cosm\u00e9tica. El consumo de productos b\u00e1sicos ya acumula 15 meses de ca\u00edda consecutiva, con fuerte impacto en rubros como bebidas sin alcohol y alcoh\u00f3licas. Desde junio hasta diciembre del 2023 inclusive, la Argentina registr\u00f3 siete [&hellip;]\" \/>\n<meta property=\"og:url\" content=\"https:\/\/diariodelsurdigital.com.ar\/?p=1622\" \/>\n<meta property=\"og:site_name\" content=\"Diario del Sur\" \/>\n<meta property=\"article:published_time\" content=\"2025-03-17T19:40:30+00:00\" \/>\n<meta property=\"article:modified_time\" content=\"2025-03-17T19:40:31+00:00\" \/>\n<meta property=\"og:image\" content=\"https:\/\/diariodelsurdigital.com.ar\/wp-content\/uploads\/2025\/03\/md-18.webp\" \/>\n\t<meta property=\"og:image:width\" content=\"992\" \/>\n\t<meta property=\"og:image:height\" content=\"642\" \/>\n\t<meta property=\"og:image:type\" content=\"image\/webp\" \/>\n<meta name=\"author\" content=\"Diario del Sur Digital\" \/>\n<meta name=\"twitter:card\" content=\"summary_large_image\" \/>\n<meta name=\"twitter:label1\" content=\"Escrito por\" \/>\n\t<meta name=\"twitter:data1\" content=\"Diario del Sur Digital\" \/>\n\t<meta name=\"twitter:label2\" content=\"Tiempo de lectura\" \/>\n\t<meta name=\"twitter:data2\" content=\"2 minutos\" \/>\n<script type=\"application\/ld+json\" class=\"yoast-schema-graph\">{\"@context\":\"https:\\\/\\\/schema.org\",\"@graph\":[{\"@type\":\"Article\",\"@id\":\"https:\\\/\\\/diariodelsurdigital.com.ar\\\/?p=1622#article\",\"isPartOf\":{\"@id\":\"https:\\\/\\\/diariodelsurdigital.com.ar\\\/?p=1622\"},\"author\":{\"name\":\"Diario del Sur Digital\",\"@id\":\"https:\\\/\\\/diariodelsurdigital.com.ar\\\/#\\\/schema\\\/person\\\/1a4992532ed62965c968031b49195c81\"},\"headline\":\"El consumo sigue en ca\u00edda y las ventas de supermercados acumulan 15 meses de retracci\u00f3n\",\"datePublished\":\"2025-03-17T19:40:30+00:00\",\"dateModified\":\"2025-03-17T19:40:31+00:00\",\"mainEntityOfPage\":{\"@id\":\"https:\\\/\\\/diariodelsurdigital.com.ar\\\/?p=1622\"},\"wordCount\":420,\"commentCount\":0,\"image\":{\"@id\":\"https:\\\/\\\/diariodelsurdigital.com.ar\\\/?p=1622#primaryimage\"},\"thumbnailUrl\":\"https:\\\/\\\/diariodelsurdigital.com.ar\\\/wp-content\\\/uploads\\\/2025\\\/03\\\/md-18.webp\",\"articleSection\":[\"Nacionales\"],\"inLanguage\":\"es\",\"potentialAction\":[{\"@type\":\"CommentAction\",\"name\":\"Comment\",\"target\":[\"https:\\\/\\\/diariodelsurdigital.com.ar\\\/?p=1622#respond\"]}]},{\"@type\":\"WebPage\",\"@id\":\"https:\\\/\\\/diariodelsurdigital.com.ar\\\/?p=1622\",\"url\":\"https:\\\/\\\/diariodelsurdigital.com.ar\\\/?p=1622\",\"name\":\"El consumo sigue en ca\u00edda y las ventas de supermercados acumulan 15 meses de retracci\u00f3n - Diario del Sur\",\"isPartOf\":{\"@id\":\"https:\\\/\\\/diariodelsurdigital.com.ar\\\/#website\"},\"primaryImageOfPage\":{\"@id\":\"https:\\\/\\\/diariodelsurdigital.com.ar\\\/?p=1622#primaryimage\"},\"image\":{\"@id\":\"https:\\\/\\\/diariodelsurdigital.com.ar\\\/?p=1622#primaryimage\"},\"thumbnailUrl\":\"https:\\\/\\\/diariodelsurdigital.com.ar\\\/wp-content\\\/uploads\\\/2025\\\/03\\\/md-18.webp\",\"datePublished\":\"2025-03-17T19:40:30+00:00\",\"dateModified\":\"2025-03-17T19:40:31+00:00\",\"author\":{\"@id\":\"https:\\\/\\\/diariodelsurdigital.com.ar\\\/#\\\/schema\\\/person\\\/1a4992532ed62965c968031b49195c81\"},\"breadcrumb\":{\"@id\":\"https:\\\/\\\/diariodelsurdigital.com.ar\\\/?p=1622#breadcrumb\"},\"inLanguage\":\"es\",\"potentialAction\":[{\"@type\":\"ReadAction\",\"target\":[\"https:\\\/\\\/diariodelsurdigital.com.ar\\\/?p=1622\"]}]},{\"@type\":\"ImageObject\",\"inLanguage\":\"es\",\"@id\":\"https:\\\/\\\/diariodelsurdigital.com.ar\\\/?p=1622#primaryimage\",\"url\":\"https:\\\/\\\/diariodelsurdigital.com.ar\\\/wp-content\\\/uploads\\\/2025\\\/03\\\/md-18.webp\",\"contentUrl\":\"https:\\\/\\\/diariodelsurdigital.com.ar\\\/wp-content\\\/uploads\\\/2025\\\/03\\\/md-18.webp\",\"width\":992,\"height\":642},{\"@type\":\"BreadcrumbList\",\"@id\":\"https:\\\/\\\/diariodelsurdigital.com.ar\\\/?p=1622#breadcrumb\",\"itemListElement\":[{\"@type\":\"ListItem\",\"position\":1,\"name\":\"Portada\",\"item\":\"https:\\\/\\\/diariodelsurdigital.com.ar\\\/\"},{\"@type\":\"ListItem\",\"position\":2,\"name\":\"El consumo sigue en ca\u00edda y las ventas de supermercados acumulan 15 meses de retracci\u00f3n\"}]},{\"@type\":\"WebSite\",\"@id\":\"https:\\\/\\\/diariodelsurdigital.com.ar\\\/#website\",\"url\":\"https:\\\/\\\/diariodelsurdigital.com.ar\\\/\",\"name\":\"Diario del Sur\",\"description\":\"Digital\",\"potentialAction\":[{\"@type\":\"SearchAction\",\"target\":{\"@type\":\"EntryPoint\",\"urlTemplate\":\"https:\\\/\\\/diariodelsurdigital.com.ar\\\/?s={search_term_string}\"},\"query-input\":{\"@type\":\"PropertyValueSpecification\",\"valueRequired\":true,\"valueName\":\"search_term_string\"}}],\"inLanguage\":\"es\"},{\"@type\":\"Person\",\"@id\":\"https:\\\/\\\/diariodelsurdigital.com.ar\\\/#\\\/schema\\\/person\\\/1a4992532ed62965c968031b49195c81\",\"name\":\"Diario del Sur Digital\",\"image\":{\"@type\":\"ImageObject\",\"inLanguage\":\"es\",\"@id\":\"https:\\\/\\\/secure.gravatar.com\\\/avatar\\\/f0c7c47fc7146d19828273b9b8eda651c9c7ab583767e6338d3d3bee825adf76?s=96&d=mm&r=g\",\"url\":\"https:\\\/\\\/secure.gravatar.com\\\/avatar\\\/f0c7c47fc7146d19828273b9b8eda651c9c7ab583767e6338d3d3bee825adf76?s=96&d=mm&r=g\",\"contentUrl\":\"https:\\\/\\\/secure.gravatar.com\\\/avatar\\\/f0c7c47fc7146d19828273b9b8eda651c9c7ab583767e6338d3d3bee825adf76?s=96&d=mm&r=g\",\"caption\":\"Diario del Sur Digital\"},\"url\":\"https:\\\/\\\/diariodelsurdigital.com.ar\\\/?author=4\"}]}<\/script>\n<!-- \/ Yoast SEO plugin. -->","yoast_head_json":{"title":"El consumo sigue en ca\u00edda y las ventas de supermercados acumulan 15 meses de retracci\u00f3n - Diario del Sur","robots":{"index":"index","follow":"follow","max-snippet":"max-snippet:-1","max-image-preview":"max-image-preview:large","max-video-preview":"max-video-preview:-1"},"canonical":"https:\/\/diariodelsurdigital.com.ar\/?p=1622","og_locale":"es_ES","og_type":"article","og_title":"El consumo sigue en ca\u00edda y las ventas de supermercados acumulan 15 meses de retracci\u00f3n - Diario del Sur","og_description":"Los rubros m\u00e1s afectados son bebidas, productos de compra impulsiva, art\u00edculos de limpieza de ropa y hogar e higiene y cosm\u00e9tica. El consumo de productos b\u00e1sicos ya acumula 15 meses de ca\u00edda consecutiva, con fuerte impacto en rubros como bebidas sin alcohol y alcoh\u00f3licas. Desde junio hasta diciembre del 2023 inclusive, la Argentina registr\u00f3 siete [&hellip;]","og_url":"https:\/\/diariodelsurdigital.com.ar\/?p=1622","og_site_name":"Diario del Sur","article_published_time":"2025-03-17T19:40:30+00:00","article_modified_time":"2025-03-17T19:40:31+00:00","og_image":[{"width":992,"height":642,"url":"https:\/\/diariodelsurdigital.com.ar\/wp-content\/uploads\/2025\/03\/md-18.webp","type":"image\/webp"}],"author":"Diario del Sur Digital","twitter_card":"summary_large_image","twitter_misc":{"Escrito por":"Diario del Sur Digital","Tiempo de lectura":"2 minutos"},"schema":{"@context":"https:\/\/schema.org","@graph":[{"@type":"Article","@id":"https:\/\/diariodelsurdigital.com.ar\/?p=1622#article","isPartOf":{"@id":"https:\/\/diariodelsurdigital.com.ar\/?p=1622"},"author":{"name":"Diario del Sur Digital","@id":"https:\/\/diariodelsurdigital.com.ar\/#\/schema\/person\/1a4992532ed62965c968031b49195c81"},"headline":"El consumo sigue en ca\u00edda y las ventas de supermercados acumulan 15 meses de retracci\u00f3n","datePublished":"2025-03-17T19:40:30+00:00","dateModified":"2025-03-17T19:40:31+00:00","mainEntityOfPage":{"@id":"https:\/\/diariodelsurdigital.com.ar\/?p=1622"},"wordCount":420,"commentCount":0,"image":{"@id":"https:\/\/diariodelsurdigital.com.ar\/?p=1622#primaryimage"},"thumbnailUrl":"https:\/\/diariodelsurdigital.com.ar\/wp-content\/uploads\/2025\/03\/md-18.webp","articleSection":["Nacionales"],"inLanguage":"es","potentialAction":[{"@type":"CommentAction","name":"Comment","target":["https:\/\/diariodelsurdigital.com.ar\/?p=1622#respond"]}]},{"@type":"WebPage","@id":"https:\/\/diariodelsurdigital.com.ar\/?p=1622","url":"https:\/\/diariodelsurdigital.com.ar\/?p=1622","name":"El consumo sigue en ca\u00edda y las ventas de supermercados acumulan 15 meses de retracci\u00f3n - Diario del Sur","isPartOf":{"@id":"https:\/\/diariodelsurdigital.com.ar\/#website"},"primaryImageOfPage":{"@id":"https:\/\/diariodelsurdigital.com.ar\/?p=1622#primaryimage"},"image":{"@id":"https:\/\/diariodelsurdigital.com.ar\/?p=1622#primaryimage"},"thumbnailUrl":"https:\/\/diariodelsurdigital.com.ar\/wp-content\/uploads\/2025\/03\/md-18.webp","datePublished":"2025-03-17T19:40:30+00:00","dateModified":"2025-03-17T19:40:31+00:00","author":{"@id":"https:\/\/diariodelsurdigital.com.ar\/#\/schema\/person\/1a4992532ed62965c968031b49195c81"},"breadcrumb":{"@id":"https:\/\/diariodelsurdigital.com.ar\/?p=1622#breadcrumb"},"inLanguage":"es","potentialAction":[{"@type":"ReadAction","target":["https:\/\/diariodelsurdigital.com.ar\/?p=1622"]}]},{"@type":"ImageObject","inLanguage":"es","@id":"https:\/\/diariodelsurdigital.com.ar\/?p=1622#primaryimage","url":"https:\/\/diariodelsurdigital.com.ar\/wp-content\/uploads\/2025\/03\/md-18.webp","contentUrl":"https:\/\/diariodelsurdigital.com.ar\/wp-content\/uploads\/2025\/03\/md-18.webp","width":992,"height":642},{"@type":"BreadcrumbList","@id":"https:\/\/diariodelsurdigital.com.ar\/?p=1622#breadcrumb","itemListElement":[{"@type":"ListItem","position":1,"name":"Portada","item":"https:\/\/diariodelsurdigital.com.ar\/"},{"@type":"ListItem","position":2,"name":"El consumo sigue en ca\u00edda y las ventas de supermercados acumulan 15 meses de retracci\u00f3n"}]},{"@type":"WebSite","@id":"https:\/\/diariodelsurdigital.com.ar\/#website","url":"https:\/\/diariodelsurdigital.com.ar\/","name":"Diario del Sur","description":"Digital","potentialAction":[{"@type":"SearchAction","target":{"@type":"EntryPoint","urlTemplate":"https:\/\/diariodelsurdigital.com.ar\/?s={search_term_string}"},"query-input":{"@type":"PropertyValueSpecification","valueRequired":true,"valueName":"search_term_string"}}],"inLanguage":"es"},{"@type":"Person","@id":"https:\/\/diariodelsurdigital.com.ar\/#\/schema\/person\/1a4992532ed62965c968031b49195c81","name":"Diario del Sur Digital","image":{"@type":"ImageObject","inLanguage":"es","@id":"https:\/\/secure.gravatar.com\/avatar\/f0c7c47fc7146d19828273b9b8eda651c9c7ab583767e6338d3d3bee825adf76?s=96&d=mm&r=g","url":"https:\/\/secure.gravatar.com\/avatar\/f0c7c47fc7146d19828273b9b8eda651c9c7ab583767e6338d3d3bee825adf76?s=96&d=mm&r=g","contentUrl":"https:\/\/secure.gravatar.com\/avatar\/f0c7c47fc7146d19828273b9b8eda651c9c7ab583767e6338d3d3bee825adf76?s=96&d=mm&r=g","caption":"Diario del Sur Digital"},"url":"https:\/\/diariodelsurdigital.com.ar\/?author=4"}]}},"_links":{"self":[{"href":"https:\/\/diariodelsurdigital.com.ar\/index.php?rest_route=\/wp\/v2\/posts\/1622","targetHints":{"allow":["GET"]}}],"collection":[{"href":"https:\/\/diariodelsurdigital.com.ar\/index.php?rest_route=\/wp\/v2\/posts"}],"about":[{"href":"https:\/\/diariodelsurdigital.com.ar\/index.php?rest_route=\/wp\/v2\/types\/post"}],"author":[{"embeddable":true,"href":"https:\/\/diariodelsurdigital.com.ar\/index.php?rest_route=\/wp\/v2\/users\/4"}],"replies":[{"embeddable":true,"href":"https:\/\/diariodelsurdigital.com.ar\/index.php?rest_route=%2Fwp%2Fv2%2Fcomments&post=1622"}],"version-history":[{"count":1,"href":"https:\/\/diariodelsurdigital.com.ar\/index.php?rest_route=\/wp\/v2\/posts\/1622\/revisions"}],"predecessor-version":[{"id":1624,"href":"https:\/\/diariodelsurdigital.com.ar\/index.php?rest_route=\/wp\/v2\/posts\/1622\/revisions\/1624"}],"wp:featuredmedia":[{"embeddable":true,"href":"https:\/\/diariodelsurdigital.com.ar\/index.php?rest_route=\/wp\/v2\/media\/1623"}],"wp:attachment":[{"href":"https:\/\/diariodelsurdigital.com.ar\/index.php?rest_route=%2Fwp%2Fv2%2Fmedia&parent=1622"}],"wp:term":[{"taxonomy":"category","embeddable":true,"href":"https:\/\/diariodelsurdigital.com.ar\/index.php?rest_route=%2Fwp%2Fv2%2Fcategories&post=1622"},{"taxonomy":"post_tag","embeddable":true,"href":"https:\/\/diariodelsurdigital.com.ar\/index.php?rest_route=%2Fwp%2Fv2%2Ftags&post=1622"}],"curies":[{"name":"wp","href":"https:\/\/api.w.org\/{rel}","templated":true}]}}