{"id":1640,"date":"2025-03-18T16:11:53","date_gmt":"2025-03-18T19:11:53","guid":{"rendered":"https:\/\/diariodelsurdigital.com.ar\/?p=1640"},"modified":"2025-03-18T16:11:55","modified_gmt":"2025-03-18T19:11:55","slug":"entre-rios-quiere-ampliar-el-mercado-del-turismo-y-pone-la-lupa-en-el-uruguay","status":"publish","type":"post","link":"https:\/\/diariodelsurdigital.com.ar\/?p=1640","title":{"rendered":"Entre R\u00edos quiere ampliar el mercado del turismo y pone la lupa en el Uruguay"},"content":{"rendered":"\n<p>Se realiz\u00f3 en Villaguay la tercera reuni\u00f3n preparatoria del Ente Mixto de Turismo de Entre R\u00edos (Emturer). El temario incluy\u00f3 balance de la temporada verano; calendario de acciones y proyectos en desarrollo. \u201cQueremos ampliar los mercados y llegar a los uruguayos con la propuesta tur\u00edstica de la provincia\u201d, adelant\u00f3 el Secretario de Turismo de la Provincia, Jorge Satto.<\/p>\n\n\n\n<figure class=\"wp-block-image\"><img decoding=\"async\" src=\"https:\/\/apfdigital-s3.cdn.net.ar\/s3i233\/2024\/07\/apfdigital\/files\/70\/7024\/7ac5136d55d269ddda40c5676c08639eba3dc4452b8d63f59dec92bdd676a3c9.jpg\" alt=\"Publicidad\"\/><\/figure>\n\n\n\n<p><a href=\"https:\/\/www.apfdigital.com.ar\/provinciales\/\">Provinciales<\/a><\/p>\n\n\n\n<h1 class=\"wp-block-heading\">Entre R\u00edos quiere ampliar el mercado del turismo y pone la lupa en el Uruguay.<\/h1>\n\n\n\n<p>Se realiz\u00f3 en Villaguay la tercera reuni\u00f3n preparatoria del Ente Mixto de Turismo de Entre R\u00edos (Emturer). El temario incluy\u00f3 balance de la temporada verano; calendario de acciones y proyectos en desarrollo. \u201cQueremos ampliar los mercados y llegar a los uruguayos con la propuesta tur\u00edstica de la provincia\u201d, adelant\u00f3 el Secretario de Turismo de la Provincia, Jorge Satto.<\/p>\n\n\n\n<p>martes 18 de marzo de 2025 | 10:59hs.<\/p>\n\n\n\n<figure class=\"wp-block-image\"><img decoding=\"async\" src=\"https:\/\/apfdigital-s3.cdn.net.ar\/s3i233\/2025\/03\/apfdigital\/images\/01\/80\/61\/1806137_d537bed73c4ec5053b6bc7eebd268b48518aedbf95e34c72567f82fd1ad92f76\/md.webp\" alt=\"\"\/><\/figure>\n\n\n\n<p>Adem\u00e1s, se anunci\u00f3 el inicio del mapeo de oportunidades de inversi\u00f3n privada en territorio.<\/p>\n\n\n\n<p>Este lunes, en el Centro de Convenciones de Villaguay, se llev\u00f3 adelante la tercera reuni\u00f3n preliminar del Emturer, cuya ley de creaci\u00f3n logr\u00f3 sanci\u00f3n definitiva en diciembre de 2024 y que, mientras avanza la etapa de reglamentaci\u00f3n, contin\u00faa ensayando la din\u00e1mica del consenso incentivada por el gobernador Rogelio Frigerio.<\/p>\n\n\n\n<p>La recepci\u00f3n estuvo a cargo de la viceintendenta de Villaguay, Diana Baccaro, y la secretaria de Turismo, Deporte y Ambiente local, Cecilia Revoredo, quienes valoraron la instancia de articulaci\u00f3n p\u00fablico-privada en favor del desarrollo tur\u00edstico provincial.<\/p>\n\n\n\n<p>\u201cLa creaci\u00f3n del Ente significa un gran cambio en la forma de gestionar. M\u00e1s all\u00e1 de las voluntades y el tamiz que le podamos dar quienes estamos al frente de la gesti\u00f3n, el hecho de tener la ley implica compartir el poder, compartir las decisiones, consensuar el rumbo de una actividad que tiene m\u00faltiples representaciones\u201d, manifest\u00f3 Satto y en ese punto detall\u00f3 que actualmente el \u00e1rea legal y t\u00e9cnica de Gobernaci\u00f3n con el \u00e1rea jur\u00eddica de la Secretar\u00eda de Turismo trabajan en el decreto reglamentario, el proceso de designaciones y el reglamento interno de funcionamiento que formalizar\u00e1n su vigencia.<\/p>\n\n\n\n<p>El temario del encuentro comenz\u00f3 sometiendo al an\u00e1lisis de la mesa los resultados de la temporada de verano. Al respecto, Satto apunt\u00f3 que \u201cse trat\u00f3 de una temporada particular, dif\u00edcil de adjetivar, pero que desde la Secretar\u00eda se considera buena\u201d.<\/p>\n\n\n\n<p>\u201cEntre R\u00edos qued\u00f3 bien posicionado como destino\u201d, enfatiz\u00f3 y destac\u00f3 la afluencia de turistas a las fiestas populares y muy especialmente durante el fin de semana largo de Carnaval, cuando la provincia qued\u00f3 en directa competencia con destinos caracter\u00edsticamente carnavaleros como Corrientes y Jujuy.<\/p>\n\n\n\n<p>En representaci\u00f3n del sector privado, el referente de la C\u00e1mara Entrerriana de Turismo (CET), Juan Acedo, se\u00f1al\u00f3 la coincidencia en las mediciones de porcentajes de ocupaci\u00f3n hotelera, aunque llam\u00f3 la atenci\u00f3n el impacto de la ca\u00edda del consumo y la rentabilidad, influenciadas por la inflaci\u00f3n, el tipo de cambio y las tarifas de los servicios.<\/p>\n\n\n\n<p>El encuentro se concentr\u00f3 luego en el an\u00e1lisis del calendario de reuniones, eventos y ferias 2025 propuesto por la Secretar\u00eda de Turismo y que incluye instancias de trabajo, proyecci\u00f3n, exposici\u00f3n, promoci\u00f3n, networking y comercializaci\u00f3n de marzo a diciembre, comenzando con una Gira Promocional en Montevideo.<\/p>\n\n\n\n<p>\u201cSalir a los mercados regionales e internacionales es un desaf\u00edo para Entre R\u00edos. Queremos ampliar los mercados y llegar a los uruguayos con la propuesta tur\u00edstica de la provincia, que la elijan como destino para disfrutar y vacacionar. Lo mismo con el sur de Brasil\u201d, puntualiz\u00f3 Satto.<\/p>\n\n\n\n<p>Finalmente, se anunci\u00f3 a los miembros el inicio del mapeo de la provincia realizado a trav\u00e9s de la consultora InverTUR con financiamiento del Consejo Federal de Inversiones (CFI) para detectar en territorio oportunidades de inversi\u00f3n privada, conectar actores locales con potenciales inversores y armar una gu\u00eda completa.<\/p>\n\n\n\n<p>La reuni\u00f3n fue presidida por el secretario de Turismo de Entre R\u00edos, Jorge Satto, y el director General del \u00e1rea, Sebasti\u00e1n Bel, y convoc\u00f3 la presencia de representantes del Ministerio de Desarrollo Econ\u00f3mico; el Ministerio de Planeamiento, Infraestructura y Servicios; la Secretar\u00eda de Deportes, la Secretar\u00eda de Cultura; la C\u00e1mara de Senadores y la C\u00e1mara de Diputados; y dirigentes de la C\u00e1mara Entrerriana de Turismo (CET), la Asociaci\u00f3n Santafesina y Entrerriana de Agencias de Viajes y Turismo (ASEAVyT), la Uni\u00f3n de Trabajadores Hoteleros y Gastron\u00f3micos de la Rep\u00fablica Argentina (UTHGRA), y el Colegio de Profesionales del Turismo de Entre R\u00edos (COPROTUER) por el sector privado.<\/p>\n","protected":false},"excerpt":{"rendered":"<p>Se realiz\u00f3 en Villaguay la tercera reuni\u00f3n preparatoria del Ente Mixto de Turismo de Entre R\u00edos (Emturer). El temario incluy\u00f3 balance de la temporada verano; calendario de acciones y proyectos en desarrollo. \u201cQueremos ampliar los mercados y llegar a los uruguayos con la propuesta tur\u00edstica de la provincia\u201d, adelant\u00f3 el Secretario de Turismo de la [&hellip;]<\/p>\n","protected":false},"author":4,"featured_media":1641,"comment_status":"open","ping_status":"open","sticky":false,"template":"","format":"standard","meta":{"footnotes":""},"categories":[17],"tags":[],"class_list":{"0":"post-1640","1":"post","2":"type-post","3":"status-publish","4":"format-standard","5":"has-post-thumbnail","7":"category-provinciales"},"yoast_head":"<!-- This site is optimized with the Yoast SEO plugin v27.4 - https:\/\/yoast.com\/product\/yoast-seo-wordpress\/ -->\n<title>Entre R\u00edos quiere ampliar el mercado del turismo y pone la lupa en el Uruguay - Diario del Sur<\/title>\n<meta name=\"robots\" content=\"index, follow, max-snippet:-1, max-image-preview:large, max-video-preview:-1\" \/>\n<link rel=\"canonical\" href=\"https:\/\/diariodelsurdigital.com.ar\/?p=1640\" \/>\n<meta property=\"og:locale\" content=\"es_ES\" \/>\n<meta property=\"og:type\" content=\"article\" \/>\n<meta property=\"og:title\" content=\"Entre R\u00edos quiere ampliar el mercado del turismo y pone la lupa en el Uruguay - Diario del Sur\" \/>\n<meta property=\"og:description\" content=\"Se realiz\u00f3 en Villaguay la tercera reuni\u00f3n preparatoria del Ente Mixto de Turismo de Entre R\u00edos (Emturer). El temario incluy\u00f3 balance de la temporada verano; calendario de acciones y proyectos en desarrollo. \u201cQueremos ampliar los mercados y llegar a los uruguayos con la propuesta tur\u00edstica de la provincia\u201d, adelant\u00f3 el Secretario de Turismo de la [&hellip;]\" \/>\n<meta property=\"og:url\" content=\"https:\/\/diariodelsurdigital.com.ar\/?p=1640\" \/>\n<meta property=\"og:site_name\" content=\"Diario del Sur\" \/>\n<meta property=\"article:published_time\" content=\"2025-03-18T19:11:53+00:00\" \/>\n<meta property=\"article:modified_time\" content=\"2025-03-18T19:11:55+00:00\" \/>\n<meta property=\"og:image\" content=\"https:\/\/diariodelsurdigital.com.ar\/wp-content\/uploads\/2025\/03\/md-2-1.webp\" \/>\n\t<meta property=\"og:image:width\" content=\"992\" \/>\n\t<meta property=\"og:image:height\" content=\"661\" \/>\n\t<meta property=\"og:image:type\" content=\"image\/webp\" \/>\n<meta name=\"author\" content=\"Diario del Sur Digital\" \/>\n<meta name=\"twitter:card\" content=\"summary_large_image\" \/>\n<meta name=\"twitter:label1\" content=\"Escrito por\" \/>\n\t<meta name=\"twitter:data1\" content=\"Diario del Sur Digital\" \/>\n\t<meta name=\"twitter:label2\" content=\"Tiempo de lectura\" \/>\n\t<meta name=\"twitter:data2\" content=\"4 minutos\" \/>\n<script type=\"application\/ld+json\" class=\"yoast-schema-graph\">{\"@context\":\"https:\\\/\\\/schema.org\",\"@graph\":[{\"@type\":\"Article\",\"@id\":\"https:\\\/\\\/diariodelsurdigital.com.ar\\\/?p=1640#article\",\"isPartOf\":{\"@id\":\"https:\\\/\\\/diariodelsurdigital.com.ar\\\/?p=1640\"},\"author\":{\"name\":\"Diario del Sur Digital\",\"@id\":\"https:\\\/\\\/diariodelsurdigital.com.ar\\\/#\\\/schema\\\/person\\\/1a4992532ed62965c968031b49195c81\"},\"headline\":\"Entre R\u00edos quiere ampliar el mercado del turismo y pone la lupa en el Uruguay\",\"datePublished\":\"2025-03-18T19:11:53+00:00\",\"dateModified\":\"2025-03-18T19:11:55+00:00\",\"mainEntityOfPage\":{\"@id\":\"https:\\\/\\\/diariodelsurdigital.com.ar\\\/?p=1640\"},\"wordCount\":798,\"commentCount\":0,\"image\":{\"@id\":\"https:\\\/\\\/diariodelsurdigital.com.ar\\\/?p=1640#primaryimage\"},\"thumbnailUrl\":\"https:\\\/\\\/diariodelsurdigital.com.ar\\\/wp-content\\\/uploads\\\/2025\\\/03\\\/md-2-1.webp\",\"articleSection\":[\"Provinciales\"],\"inLanguage\":\"es\",\"potentialAction\":[{\"@type\":\"CommentAction\",\"name\":\"Comment\",\"target\":[\"https:\\\/\\\/diariodelsurdigital.com.ar\\\/?p=1640#respond\"]}]},{\"@type\":\"WebPage\",\"@id\":\"https:\\\/\\\/diariodelsurdigital.com.ar\\\/?p=1640\",\"url\":\"https:\\\/\\\/diariodelsurdigital.com.ar\\\/?p=1640\",\"name\":\"Entre R\u00edos quiere ampliar el mercado del turismo y pone la lupa en el Uruguay - Diario del Sur\",\"isPartOf\":{\"@id\":\"https:\\\/\\\/diariodelsurdigital.com.ar\\\/#website\"},\"primaryImageOfPage\":{\"@id\":\"https:\\\/\\\/diariodelsurdigital.com.ar\\\/?p=1640#primaryimage\"},\"image\":{\"@id\":\"https:\\\/\\\/diariodelsurdigital.com.ar\\\/?p=1640#primaryimage\"},\"thumbnailUrl\":\"https:\\\/\\\/diariodelsurdigital.com.ar\\\/wp-content\\\/uploads\\\/2025\\\/03\\\/md-2-1.webp\",\"datePublished\":\"2025-03-18T19:11:53+00:00\",\"dateModified\":\"2025-03-18T19:11:55+00:00\",\"author\":{\"@id\":\"https:\\\/\\\/diariodelsurdigital.com.ar\\\/#\\\/schema\\\/person\\\/1a4992532ed62965c968031b49195c81\"},\"breadcrumb\":{\"@id\":\"https:\\\/\\\/diariodelsurdigital.com.ar\\\/?p=1640#breadcrumb\"},\"inLanguage\":\"es\",\"potentialAction\":[{\"@type\":\"ReadAction\",\"target\":[\"https:\\\/\\\/diariodelsurdigital.com.ar\\\/?p=1640\"]}]},{\"@type\":\"ImageObject\",\"inLanguage\":\"es\",\"@id\":\"https:\\\/\\\/diariodelsurdigital.com.ar\\\/?p=1640#primaryimage\",\"url\":\"https:\\\/\\\/diariodelsurdigital.com.ar\\\/wp-content\\\/uploads\\\/2025\\\/03\\\/md-2-1.webp\",\"contentUrl\":\"https:\\\/\\\/diariodelsurdigital.com.ar\\\/wp-content\\\/uploads\\\/2025\\\/03\\\/md-2-1.webp\",\"width\":992,\"height\":661},{\"@type\":\"BreadcrumbList\",\"@id\":\"https:\\\/\\\/diariodelsurdigital.com.ar\\\/?p=1640#breadcrumb\",\"itemListElement\":[{\"@type\":\"ListItem\",\"position\":1,\"name\":\"Portada\",\"item\":\"https:\\\/\\\/diariodelsurdigital.com.ar\\\/\"},{\"@type\":\"ListItem\",\"position\":2,\"name\":\"Entre R\u00edos quiere ampliar el mercado del turismo y pone la lupa en el Uruguay\"}]},{\"@type\":\"WebSite\",\"@id\":\"https:\\\/\\\/diariodelsurdigital.com.ar\\\/#website\",\"url\":\"https:\\\/\\\/diariodelsurdigital.com.ar\\\/\",\"name\":\"Diario del Sur\",\"description\":\"Digital\",\"potentialAction\":[{\"@type\":\"SearchAction\",\"target\":{\"@type\":\"EntryPoint\",\"urlTemplate\":\"https:\\\/\\\/diariodelsurdigital.com.ar\\\/?s={search_term_string}\"},\"query-input\":{\"@type\":\"PropertyValueSpecification\",\"valueRequired\":true,\"valueName\":\"search_term_string\"}}],\"inLanguage\":\"es\"},{\"@type\":\"Person\",\"@id\":\"https:\\\/\\\/diariodelsurdigital.com.ar\\\/#\\\/schema\\\/person\\\/1a4992532ed62965c968031b49195c81\",\"name\":\"Diario del Sur Digital\",\"image\":{\"@type\":\"ImageObject\",\"inLanguage\":\"es\",\"@id\":\"https:\\\/\\\/secure.gravatar.com\\\/avatar\\\/f0c7c47fc7146d19828273b9b8eda651c9c7ab583767e6338d3d3bee825adf76?s=96&d=mm&r=g\",\"url\":\"https:\\\/\\\/secure.gravatar.com\\\/avatar\\\/f0c7c47fc7146d19828273b9b8eda651c9c7ab583767e6338d3d3bee825adf76?s=96&d=mm&r=g\",\"contentUrl\":\"https:\\\/\\\/secure.gravatar.com\\\/avatar\\\/f0c7c47fc7146d19828273b9b8eda651c9c7ab583767e6338d3d3bee825adf76?s=96&d=mm&r=g\",\"caption\":\"Diario del Sur Digital\"},\"url\":\"https:\\\/\\\/diariodelsurdigital.com.ar\\\/?author=4\"}]}<\/script>\n<!-- \/ Yoast SEO plugin. -->","yoast_head_json":{"title":"Entre R\u00edos quiere ampliar el mercado del turismo y pone la lupa en el Uruguay - Diario del Sur","robots":{"index":"index","follow":"follow","max-snippet":"max-snippet:-1","max-image-preview":"max-image-preview:large","max-video-preview":"max-video-preview:-1"},"canonical":"https:\/\/diariodelsurdigital.com.ar\/?p=1640","og_locale":"es_ES","og_type":"article","og_title":"Entre R\u00edos quiere ampliar el mercado del turismo y pone la lupa en el Uruguay - Diario del Sur","og_description":"Se realiz\u00f3 en Villaguay la tercera reuni\u00f3n preparatoria del Ente Mixto de Turismo de Entre R\u00edos (Emturer). El temario incluy\u00f3 balance de la temporada verano; calendario de acciones y proyectos en desarrollo. \u201cQueremos ampliar los mercados y llegar a los uruguayos con la propuesta tur\u00edstica de la provincia\u201d, adelant\u00f3 el Secretario de Turismo de la [&hellip;]","og_url":"https:\/\/diariodelsurdigital.com.ar\/?p=1640","og_site_name":"Diario del Sur","article_published_time":"2025-03-18T19:11:53+00:00","article_modified_time":"2025-03-18T19:11:55+00:00","og_image":[{"width":992,"height":661,"url":"https:\/\/diariodelsurdigital.com.ar\/wp-content\/uploads\/2025\/03\/md-2-1.webp","type":"image\/webp"}],"author":"Diario del Sur Digital","twitter_card":"summary_large_image","twitter_misc":{"Escrito por":"Diario del Sur Digital","Tiempo de lectura":"4 minutos"},"schema":{"@context":"https:\/\/schema.org","@graph":[{"@type":"Article","@id":"https:\/\/diariodelsurdigital.com.ar\/?p=1640#article","isPartOf":{"@id":"https:\/\/diariodelsurdigital.com.ar\/?p=1640"},"author":{"name":"Diario del Sur Digital","@id":"https:\/\/diariodelsurdigital.com.ar\/#\/schema\/person\/1a4992532ed62965c968031b49195c81"},"headline":"Entre R\u00edos quiere ampliar el mercado del turismo y pone la lupa en el Uruguay","datePublished":"2025-03-18T19:11:53+00:00","dateModified":"2025-03-18T19:11:55+00:00","mainEntityOfPage":{"@id":"https:\/\/diariodelsurdigital.com.ar\/?p=1640"},"wordCount":798,"commentCount":0,"image":{"@id":"https:\/\/diariodelsurdigital.com.ar\/?p=1640#primaryimage"},"thumbnailUrl":"https:\/\/diariodelsurdigital.com.ar\/wp-content\/uploads\/2025\/03\/md-2-1.webp","articleSection":["Provinciales"],"inLanguage":"es","potentialAction":[{"@type":"CommentAction","name":"Comment","target":["https:\/\/diariodelsurdigital.com.ar\/?p=1640#respond"]}]},{"@type":"WebPage","@id":"https:\/\/diariodelsurdigital.com.ar\/?p=1640","url":"https:\/\/diariodelsurdigital.com.ar\/?p=1640","name":"Entre R\u00edos quiere ampliar el mercado del turismo y pone la lupa en el Uruguay - Diario del Sur","isPartOf":{"@id":"https:\/\/diariodelsurdigital.com.ar\/#website"},"primaryImageOfPage":{"@id":"https:\/\/diariodelsurdigital.com.ar\/?p=1640#primaryimage"},"image":{"@id":"https:\/\/diariodelsurdigital.com.ar\/?p=1640#primaryimage"},"thumbnailUrl":"https:\/\/diariodelsurdigital.com.ar\/wp-content\/uploads\/2025\/03\/md-2-1.webp","datePublished":"2025-03-18T19:11:53+00:00","dateModified":"2025-03-18T19:11:55+00:00","author":{"@id":"https:\/\/diariodelsurdigital.com.ar\/#\/schema\/person\/1a4992532ed62965c968031b49195c81"},"breadcrumb":{"@id":"https:\/\/diariodelsurdigital.com.ar\/?p=1640#breadcrumb"},"inLanguage":"es","potentialAction":[{"@type":"ReadAction","target":["https:\/\/diariodelsurdigital.com.ar\/?p=1640"]}]},{"@type":"ImageObject","inLanguage":"es","@id":"https:\/\/diariodelsurdigital.com.ar\/?p=1640#primaryimage","url":"https:\/\/diariodelsurdigital.com.ar\/wp-content\/uploads\/2025\/03\/md-2-1.webp","contentUrl":"https:\/\/diariodelsurdigital.com.ar\/wp-content\/uploads\/2025\/03\/md-2-1.webp","width":992,"height":661},{"@type":"BreadcrumbList","@id":"https:\/\/diariodelsurdigital.com.ar\/?p=1640#breadcrumb","itemListElement":[{"@type":"ListItem","position":1,"name":"Portada","item":"https:\/\/diariodelsurdigital.com.ar\/"},{"@type":"ListItem","position":2,"name":"Entre R\u00edos quiere ampliar el mercado del turismo y pone la lupa en el Uruguay"}]},{"@type":"WebSite","@id":"https:\/\/diariodelsurdigital.com.ar\/#website","url":"https:\/\/diariodelsurdigital.com.ar\/","name":"Diario del Sur","description":"Digital","potentialAction":[{"@type":"SearchAction","target":{"@type":"EntryPoint","urlTemplate":"https:\/\/diariodelsurdigital.com.ar\/?s={search_term_string}"},"query-input":{"@type":"PropertyValueSpecification","valueRequired":true,"valueName":"search_term_string"}}],"inLanguage":"es"},{"@type":"Person","@id":"https:\/\/diariodelsurdigital.com.ar\/#\/schema\/person\/1a4992532ed62965c968031b49195c81","name":"Diario del Sur Digital","image":{"@type":"ImageObject","inLanguage":"es","@id":"https:\/\/secure.gravatar.com\/avatar\/f0c7c47fc7146d19828273b9b8eda651c9c7ab583767e6338d3d3bee825adf76?s=96&d=mm&r=g","url":"https:\/\/secure.gravatar.com\/avatar\/f0c7c47fc7146d19828273b9b8eda651c9c7ab583767e6338d3d3bee825adf76?s=96&d=mm&r=g","contentUrl":"https:\/\/secure.gravatar.com\/avatar\/f0c7c47fc7146d19828273b9b8eda651c9c7ab583767e6338d3d3bee825adf76?s=96&d=mm&r=g","caption":"Diario del Sur Digital"},"url":"https:\/\/diariodelsurdigital.com.ar\/?author=4"}]}},"_links":{"self":[{"href":"https:\/\/diariodelsurdigital.com.ar\/index.php?rest_route=\/wp\/v2\/posts\/1640","targetHints":{"allow":["GET"]}}],"collection":[{"href":"https:\/\/diariodelsurdigital.com.ar\/index.php?rest_route=\/wp\/v2\/posts"}],"about":[{"href":"https:\/\/diariodelsurdigital.com.ar\/index.php?rest_route=\/wp\/v2\/types\/post"}],"author":[{"embeddable":true,"href":"https:\/\/diariodelsurdigital.com.ar\/index.php?rest_route=\/wp\/v2\/users\/4"}],"replies":[{"embeddable":true,"href":"https:\/\/diariodelsurdigital.com.ar\/index.php?rest_route=%2Fwp%2Fv2%2Fcomments&post=1640"}],"version-history":[{"count":1,"href":"https:\/\/diariodelsurdigital.com.ar\/index.php?rest_route=\/wp\/v2\/posts\/1640\/revisions"}],"predecessor-version":[{"id":1642,"href":"https:\/\/diariodelsurdigital.com.ar\/index.php?rest_route=\/wp\/v2\/posts\/1640\/revisions\/1642"}],"wp:featuredmedia":[{"embeddable":true,"href":"https:\/\/diariodelsurdigital.com.ar\/index.php?rest_route=\/wp\/v2\/media\/1641"}],"wp:attachment":[{"href":"https:\/\/diariodelsurdigital.com.ar\/index.php?rest_route=%2Fwp%2Fv2%2Fmedia&parent=1640"}],"wp:term":[{"taxonomy":"category","embeddable":true,"href":"https:\/\/diariodelsurdigital.com.ar\/index.php?rest_route=%2Fwp%2Fv2%2Fcategories&post=1640"},{"taxonomy":"post_tag","embeddable":true,"href":"https:\/\/diariodelsurdigital.com.ar\/index.php?rest_route=%2Fwp%2Fv2%2Ftags&post=1640"}],"curies":[{"name":"wp","href":"https:\/\/api.w.org\/{rel}","templated":true}]}}