{"id":1646,"date":"2025-03-18T19:53:16","date_gmt":"2025-03-18T22:53:16","guid":{"rendered":"https:\/\/diariodelsurdigital.com.ar\/?p=1646"},"modified":"2025-03-18T19:53:17","modified_gmt":"2025-03-18T22:53:17","slug":"julio-barrios-aseguro-que-aceleran-tramites-para-garantizar-cursos-en-la-escuela-ernesto-che-guevara","status":"publish","type":"post","link":"https:\/\/diariodelsurdigital.com.ar\/?p=1646","title":{"rendered":"Julio Barrios asegur\u00f3 que aceleran tr\u00e1mites para garantizar cursos en la escuela Ernesto \u00abChe\u00bb Guevara"},"content":{"rendered":"\n<p><a> <\/a><\/p>\n\n\n\n<p>Ante las publicaciones sobre la situaci\u00f3n de la Escuela Secundaria N\u00b0 37 \u00abErnesto Che Guevara\u00bb, Julio Barrios, a cargo de la Direcci\u00f3n Departamental de Escuelas de Concordia, inform\u00f3 que junto con la Supervisora de Zona XXVI, Celeste Rom\u00e1n, el secretario y el personal del SAGE, se realizaron relevamientos y gestiones para acelerar los tr\u00e1mites que garanticen la continuidad de los cursos en planta temporaria del proyecto \u00abTrayectoria Protegida\u00bb.<\/p>\n\n\n\n<p>Durante la ma\u00f1ana se trabaj\u00f3 en la revisi\u00f3n y carga de datos en el LUA para su aprobaci\u00f3n. Asimismo, se verific\u00f3 la situaci\u00f3n de los cargos docentes, vacantes y el estado de los concursos. Es importante destacar que la Direcci\u00f3n de Educaci\u00f3n Secundaria del CGE (Consejo General de Educaci\u00f3n) no hab\u00eda recibido el pedido correspondiente para la evaluaci\u00f3n de estos cursos, lo que ha demorado el proceso de habilitaci\u00f3n. Actualmente, se est\u00e1n llevando a cabo las gestiones necesarias para solucionarlo y garantizar el acceso a la educaci\u00f3n de los estudiantes afectados.<\/p>\n\n\n\n<p>Adem\u00e1s, el turno de ma\u00f1ana se encuentra en condiciones para su funcionamiento. Por el momento, se est\u00e1 a la espera del turno intermedio de 15:45 a 20. De esta manera, se trabaja para garantizar la continuidad educativa.<\/p>\n\n\n\n<p>Ayer desde la escuela explicaban que hay un conflicto ya que el CGE no ha habilitado plazas en dos cursos de la escuela secundaria de adultos (segundo B y tercero B), en los cuales hay cerca de 80 estudiantes inscriptos. Adem\u00e1s, la situaci\u00f3n afecta a cinco cursos del proyecto \u00abTrayectorias Protegidas\u00bb, dise\u00f1ado para la reinserci\u00f3n de j\u00f3venes en la educaci\u00f3n formal secundaria. Este programa atiende a estudiantes con sobre edad que no pueden incorporarse a una escuela de adultos ni compartir aulas con adolescentes de menor edad.<\/p>\n\n\n\n<p>\u00abSon estudiantes reales, que se inscribieron y tienen derecho a acceder a la educaci\u00f3n. Sin embargo, no se abren las plazas a pesar de la elevada demanda y de que todos los tr\u00e1mites administrativos fueron realizados en tiempo y forma\u00bb, denunci\u00f3 un docente de la instituci\u00f3n.<\/p>\n","protected":false},"excerpt":{"rendered":"<p>Ante las publicaciones sobre la situaci\u00f3n de la Escuela Secundaria N\u00b0 37 \u00abErnesto Che Guevara\u00bb, Julio Barrios, a cargo de la Direcci\u00f3n Departamental de Escuelas de Concordia, inform\u00f3 que junto con la Supervisora de Zona XXVI, Celeste Rom\u00e1n, el secretario y el personal del SAGE, se realizaron relevamientos y gestiones para acelerar los tr\u00e1mites que [&hellip;]<\/p>\n","protected":false},"author":2,"featured_media":1647,"comment_status":"open","ping_status":"open","sticky":false,"template":"","format":"standard","meta":{"footnotes":""},"categories":[16],"tags":[],"class_list":{"0":"post-1646","1":"post","2":"type-post","3":"status-publish","4":"format-standard","5":"has-post-thumbnail","7":"category-locales"},"yoast_head":"<!-- This site is optimized with the Yoast SEO plugin v27.4 - https:\/\/yoast.com\/product\/yoast-seo-wordpress\/ -->\n<title>Julio Barrios asegur\u00f3 que aceleran tr\u00e1mites para garantizar cursos en la escuela Ernesto &quot;Che&quot; Guevara - Diario del Sur<\/title>\n<meta name=\"robots\" content=\"index, follow, max-snippet:-1, max-image-preview:large, max-video-preview:-1\" \/>\n<link rel=\"canonical\" href=\"https:\/\/diariodelsurdigital.com.ar\/?p=1646\" \/>\n<meta property=\"og:locale\" content=\"es_ES\" \/>\n<meta property=\"og:type\" content=\"article\" \/>\n<meta property=\"og:title\" content=\"Julio Barrios asegur\u00f3 que aceleran tr\u00e1mites para garantizar cursos en la escuela Ernesto &quot;Che&quot; Guevara - Diario del Sur\" \/>\n<meta property=\"og:description\" content=\"Ante las publicaciones sobre la situaci\u00f3n de la Escuela Secundaria N\u00b0 37 \u00abErnesto Che Guevara\u00bb, Julio Barrios, a cargo de la Direcci\u00f3n Departamental de Escuelas de Concordia, inform\u00f3 que junto con la Supervisora de Zona XXVI, Celeste Rom\u00e1n, el secretario y el personal del SAGE, se realizaron relevamientos y gestiones para acelerar los tr\u00e1mites que [&hellip;]\" \/>\n<meta property=\"og:url\" content=\"https:\/\/diariodelsurdigital.com.ar\/?p=1646\" \/>\n<meta property=\"og:site_name\" content=\"Diario del Sur\" \/>\n<meta property=\"article:published_time\" content=\"2025-03-18T22:53:16+00:00\" \/>\n<meta property=\"article:modified_time\" content=\"2025-03-18T22:53:17+00:00\" \/>\n<meta property=\"og:image\" content=\"https:\/\/diariodelsurdigital.com.ar\/wp-content\/uploads\/2025\/03\/escuela-secundaria-37-che-guevara.jpg\" \/>\n\t<meta property=\"og:image:width\" content=\"543\" \/>\n\t<meta property=\"og:image:height\" content=\"338\" \/>\n\t<meta property=\"og:image:type\" content=\"image\/jpeg\" \/>\n<meta name=\"author\" content=\"Diario del Sur Digital\" \/>\n<meta name=\"twitter:card\" content=\"summary_large_image\" \/>\n<meta name=\"twitter:label1\" content=\"Escrito por\" \/>\n\t<meta name=\"twitter:data1\" content=\"Diario del Sur Digital\" \/>\n\t<meta name=\"twitter:label2\" content=\"Tiempo de lectura\" \/>\n\t<meta name=\"twitter:data2\" content=\"2 minutos\" \/>\n<script type=\"application\/ld+json\" class=\"yoast-schema-graph\">{\"@context\":\"https:\\\/\\\/schema.org\",\"@graph\":[{\"@type\":\"Article\",\"@id\":\"https:\\\/\\\/diariodelsurdigital.com.ar\\\/?p=1646#article\",\"isPartOf\":{\"@id\":\"https:\\\/\\\/diariodelsurdigital.com.ar\\\/?p=1646\"},\"author\":{\"name\":\"Diario del Sur Digital\",\"@id\":\"https:\\\/\\\/diariodelsurdigital.com.ar\\\/#\\\/schema\\\/person\\\/6136a32571657f7dba980b88b04c5465\"},\"headline\":\"Julio Barrios asegur\u00f3 que aceleran tr\u00e1mites para garantizar cursos en la escuela Ernesto \u00abChe\u00bb Guevara\",\"datePublished\":\"2025-03-18T22:53:16+00:00\",\"dateModified\":\"2025-03-18T22:53:17+00:00\",\"mainEntityOfPage\":{\"@id\":\"https:\\\/\\\/diariodelsurdigital.com.ar\\\/?p=1646\"},\"wordCount\":368,\"commentCount\":0,\"image\":{\"@id\":\"https:\\\/\\\/diariodelsurdigital.com.ar\\\/?p=1646#primaryimage\"},\"thumbnailUrl\":\"https:\\\/\\\/diariodelsurdigital.com.ar\\\/wp-content\\\/uploads\\\/2025\\\/03\\\/escuela-secundaria-37-che-guevara.jpg\",\"articleSection\":[\"Locales\"],\"inLanguage\":\"es\",\"potentialAction\":[{\"@type\":\"CommentAction\",\"name\":\"Comment\",\"target\":[\"https:\\\/\\\/diariodelsurdigital.com.ar\\\/?p=1646#respond\"]}]},{\"@type\":\"WebPage\",\"@id\":\"https:\\\/\\\/diariodelsurdigital.com.ar\\\/?p=1646\",\"url\":\"https:\\\/\\\/diariodelsurdigital.com.ar\\\/?p=1646\",\"name\":\"Julio Barrios asegur\u00f3 que aceleran tr\u00e1mites para garantizar cursos en la escuela Ernesto \\\"Che\\\" Guevara - Diario del Sur\",\"isPartOf\":{\"@id\":\"https:\\\/\\\/diariodelsurdigital.com.ar\\\/#website\"},\"primaryImageOfPage\":{\"@id\":\"https:\\\/\\\/diariodelsurdigital.com.ar\\\/?p=1646#primaryimage\"},\"image\":{\"@id\":\"https:\\\/\\\/diariodelsurdigital.com.ar\\\/?p=1646#primaryimage\"},\"thumbnailUrl\":\"https:\\\/\\\/diariodelsurdigital.com.ar\\\/wp-content\\\/uploads\\\/2025\\\/03\\\/escuela-secundaria-37-che-guevara.jpg\",\"datePublished\":\"2025-03-18T22:53:16+00:00\",\"dateModified\":\"2025-03-18T22:53:17+00:00\",\"author\":{\"@id\":\"https:\\\/\\\/diariodelsurdigital.com.ar\\\/#\\\/schema\\\/person\\\/6136a32571657f7dba980b88b04c5465\"},\"breadcrumb\":{\"@id\":\"https:\\\/\\\/diariodelsurdigital.com.ar\\\/?p=1646#breadcrumb\"},\"inLanguage\":\"es\",\"potentialAction\":[{\"@type\":\"ReadAction\",\"target\":[\"https:\\\/\\\/diariodelsurdigital.com.ar\\\/?p=1646\"]}]},{\"@type\":\"ImageObject\",\"inLanguage\":\"es\",\"@id\":\"https:\\\/\\\/diariodelsurdigital.com.ar\\\/?p=1646#primaryimage\",\"url\":\"https:\\\/\\\/diariodelsurdigital.com.ar\\\/wp-content\\\/uploads\\\/2025\\\/03\\\/escuela-secundaria-37-che-guevara.jpg\",\"contentUrl\":\"https:\\\/\\\/diariodelsurdigital.com.ar\\\/wp-content\\\/uploads\\\/2025\\\/03\\\/escuela-secundaria-37-che-guevara.jpg\",\"width\":543,\"height\":338},{\"@type\":\"BreadcrumbList\",\"@id\":\"https:\\\/\\\/diariodelsurdigital.com.ar\\\/?p=1646#breadcrumb\",\"itemListElement\":[{\"@type\":\"ListItem\",\"position\":1,\"name\":\"Portada\",\"item\":\"https:\\\/\\\/diariodelsurdigital.com.ar\\\/\"},{\"@type\":\"ListItem\",\"position\":2,\"name\":\"Julio Barrios asegur\u00f3 que aceleran tr\u00e1mites para garantizar cursos en la escuela Ernesto \u00abChe\u00bb Guevara\"}]},{\"@type\":\"WebSite\",\"@id\":\"https:\\\/\\\/diariodelsurdigital.com.ar\\\/#website\",\"url\":\"https:\\\/\\\/diariodelsurdigital.com.ar\\\/\",\"name\":\"Diario del Sur\",\"description\":\"Digital\",\"potentialAction\":[{\"@type\":\"SearchAction\",\"target\":{\"@type\":\"EntryPoint\",\"urlTemplate\":\"https:\\\/\\\/diariodelsurdigital.com.ar\\\/?s={search_term_string}\"},\"query-input\":{\"@type\":\"PropertyValueSpecification\",\"valueRequired\":true,\"valueName\":\"search_term_string\"}}],\"inLanguage\":\"es\"},{\"@type\":\"Person\",\"@id\":\"https:\\\/\\\/diariodelsurdigital.com.ar\\\/#\\\/schema\\\/person\\\/6136a32571657f7dba980b88b04c5465\",\"name\":\"Diario del Sur Digital\",\"image\":{\"@type\":\"ImageObject\",\"inLanguage\":\"es\",\"@id\":\"https:\\\/\\\/secure.gravatar.com\\\/avatar\\\/4c29ceac98541dd42460b2474aaa5dd37594d6ce6cb3cf2c101d09b48ee287ba?s=96&d=mm&r=g\",\"url\":\"https:\\\/\\\/secure.gravatar.com\\\/avatar\\\/4c29ceac98541dd42460b2474aaa5dd37594d6ce6cb3cf2c101d09b48ee287ba?s=96&d=mm&r=g\",\"contentUrl\":\"https:\\\/\\\/secure.gravatar.com\\\/avatar\\\/4c29ceac98541dd42460b2474aaa5dd37594d6ce6cb3cf2c101d09b48ee287ba?s=96&d=mm&r=g\",\"caption\":\"Diario del Sur Digital\"},\"url\":\"https:\\\/\\\/diariodelsurdigital.com.ar\\\/?author=2\"}]}<\/script>\n<!-- \/ Yoast SEO plugin. -->","yoast_head_json":{"title":"Julio Barrios asegur\u00f3 que aceleran tr\u00e1mites para garantizar cursos en la escuela Ernesto \"Che\" Guevara - Diario del Sur","robots":{"index":"index","follow":"follow","max-snippet":"max-snippet:-1","max-image-preview":"max-image-preview:large","max-video-preview":"max-video-preview:-1"},"canonical":"https:\/\/diariodelsurdigital.com.ar\/?p=1646","og_locale":"es_ES","og_type":"article","og_title":"Julio Barrios asegur\u00f3 que aceleran tr\u00e1mites para garantizar cursos en la escuela Ernesto \"Che\" Guevara - Diario del Sur","og_description":"Ante las publicaciones sobre la situaci\u00f3n de la Escuela Secundaria N\u00b0 37 \u00abErnesto Che Guevara\u00bb, Julio Barrios, a cargo de la Direcci\u00f3n Departamental de Escuelas de Concordia, inform\u00f3 que junto con la Supervisora de Zona XXVI, Celeste Rom\u00e1n, el secretario y el personal del SAGE, se realizaron relevamientos y gestiones para acelerar los tr\u00e1mites que [&hellip;]","og_url":"https:\/\/diariodelsurdigital.com.ar\/?p=1646","og_site_name":"Diario del Sur","article_published_time":"2025-03-18T22:53:16+00:00","article_modified_time":"2025-03-18T22:53:17+00:00","og_image":[{"width":543,"height":338,"url":"https:\/\/diariodelsurdigital.com.ar\/wp-content\/uploads\/2025\/03\/escuela-secundaria-37-che-guevara.jpg","type":"image\/jpeg"}],"author":"Diario del Sur Digital","twitter_card":"summary_large_image","twitter_misc":{"Escrito por":"Diario del Sur Digital","Tiempo de lectura":"2 minutos"},"schema":{"@context":"https:\/\/schema.org","@graph":[{"@type":"Article","@id":"https:\/\/diariodelsurdigital.com.ar\/?p=1646#article","isPartOf":{"@id":"https:\/\/diariodelsurdigital.com.ar\/?p=1646"},"author":{"name":"Diario del Sur Digital","@id":"https:\/\/diariodelsurdigital.com.ar\/#\/schema\/person\/6136a32571657f7dba980b88b04c5465"},"headline":"Julio Barrios asegur\u00f3 que aceleran tr\u00e1mites para garantizar cursos en la escuela Ernesto \u00abChe\u00bb Guevara","datePublished":"2025-03-18T22:53:16+00:00","dateModified":"2025-03-18T22:53:17+00:00","mainEntityOfPage":{"@id":"https:\/\/diariodelsurdigital.com.ar\/?p=1646"},"wordCount":368,"commentCount":0,"image":{"@id":"https:\/\/diariodelsurdigital.com.ar\/?p=1646#primaryimage"},"thumbnailUrl":"https:\/\/diariodelsurdigital.com.ar\/wp-content\/uploads\/2025\/03\/escuela-secundaria-37-che-guevara.jpg","articleSection":["Locales"],"inLanguage":"es","potentialAction":[{"@type":"CommentAction","name":"Comment","target":["https:\/\/diariodelsurdigital.com.ar\/?p=1646#respond"]}]},{"@type":"WebPage","@id":"https:\/\/diariodelsurdigital.com.ar\/?p=1646","url":"https:\/\/diariodelsurdigital.com.ar\/?p=1646","name":"Julio Barrios asegur\u00f3 que aceleran tr\u00e1mites para garantizar cursos en la escuela Ernesto \"Che\" Guevara - Diario del Sur","isPartOf":{"@id":"https:\/\/diariodelsurdigital.com.ar\/#website"},"primaryImageOfPage":{"@id":"https:\/\/diariodelsurdigital.com.ar\/?p=1646#primaryimage"},"image":{"@id":"https:\/\/diariodelsurdigital.com.ar\/?p=1646#primaryimage"},"thumbnailUrl":"https:\/\/diariodelsurdigital.com.ar\/wp-content\/uploads\/2025\/03\/escuela-secundaria-37-che-guevara.jpg","datePublished":"2025-03-18T22:53:16+00:00","dateModified":"2025-03-18T22:53:17+00:00","author":{"@id":"https:\/\/diariodelsurdigital.com.ar\/#\/schema\/person\/6136a32571657f7dba980b88b04c5465"},"breadcrumb":{"@id":"https:\/\/diariodelsurdigital.com.ar\/?p=1646#breadcrumb"},"inLanguage":"es","potentialAction":[{"@type":"ReadAction","target":["https:\/\/diariodelsurdigital.com.ar\/?p=1646"]}]},{"@type":"ImageObject","inLanguage":"es","@id":"https:\/\/diariodelsurdigital.com.ar\/?p=1646#primaryimage","url":"https:\/\/diariodelsurdigital.com.ar\/wp-content\/uploads\/2025\/03\/escuela-secundaria-37-che-guevara.jpg","contentUrl":"https:\/\/diariodelsurdigital.com.ar\/wp-content\/uploads\/2025\/03\/escuela-secundaria-37-che-guevara.jpg","width":543,"height":338},{"@type":"BreadcrumbList","@id":"https:\/\/diariodelsurdigital.com.ar\/?p=1646#breadcrumb","itemListElement":[{"@type":"ListItem","position":1,"name":"Portada","item":"https:\/\/diariodelsurdigital.com.ar\/"},{"@type":"ListItem","position":2,"name":"Julio Barrios asegur\u00f3 que aceleran tr\u00e1mites para garantizar cursos en la escuela Ernesto \u00abChe\u00bb Guevara"}]},{"@type":"WebSite","@id":"https:\/\/diariodelsurdigital.com.ar\/#website","url":"https:\/\/diariodelsurdigital.com.ar\/","name":"Diario del Sur","description":"Digital","potentialAction":[{"@type":"SearchAction","target":{"@type":"EntryPoint","urlTemplate":"https:\/\/diariodelsurdigital.com.ar\/?s={search_term_string}"},"query-input":{"@type":"PropertyValueSpecification","valueRequired":true,"valueName":"search_term_string"}}],"inLanguage":"es"},{"@type":"Person","@id":"https:\/\/diariodelsurdigital.com.ar\/#\/schema\/person\/6136a32571657f7dba980b88b04c5465","name":"Diario del Sur Digital","image":{"@type":"ImageObject","inLanguage":"es","@id":"https:\/\/secure.gravatar.com\/avatar\/4c29ceac98541dd42460b2474aaa5dd37594d6ce6cb3cf2c101d09b48ee287ba?s=96&d=mm&r=g","url":"https:\/\/secure.gravatar.com\/avatar\/4c29ceac98541dd42460b2474aaa5dd37594d6ce6cb3cf2c101d09b48ee287ba?s=96&d=mm&r=g","contentUrl":"https:\/\/secure.gravatar.com\/avatar\/4c29ceac98541dd42460b2474aaa5dd37594d6ce6cb3cf2c101d09b48ee287ba?s=96&d=mm&r=g","caption":"Diario del Sur Digital"},"url":"https:\/\/diariodelsurdigital.com.ar\/?author=2"}]}},"_links":{"self":[{"href":"https:\/\/diariodelsurdigital.com.ar\/index.php?rest_route=\/wp\/v2\/posts\/1646","targetHints":{"allow":["GET"]}}],"collection":[{"href":"https:\/\/diariodelsurdigital.com.ar\/index.php?rest_route=\/wp\/v2\/posts"}],"about":[{"href":"https:\/\/diariodelsurdigital.com.ar\/index.php?rest_route=\/wp\/v2\/types\/post"}],"author":[{"embeddable":true,"href":"https:\/\/diariodelsurdigital.com.ar\/index.php?rest_route=\/wp\/v2\/users\/2"}],"replies":[{"embeddable":true,"href":"https:\/\/diariodelsurdigital.com.ar\/index.php?rest_route=%2Fwp%2Fv2%2Fcomments&post=1646"}],"version-history":[{"count":1,"href":"https:\/\/diariodelsurdigital.com.ar\/index.php?rest_route=\/wp\/v2\/posts\/1646\/revisions"}],"predecessor-version":[{"id":1648,"href":"https:\/\/diariodelsurdigital.com.ar\/index.php?rest_route=\/wp\/v2\/posts\/1646\/revisions\/1648"}],"wp:featuredmedia":[{"embeddable":true,"href":"https:\/\/diariodelsurdigital.com.ar\/index.php?rest_route=\/wp\/v2\/media\/1647"}],"wp:attachment":[{"href":"https:\/\/diariodelsurdigital.com.ar\/index.php?rest_route=%2Fwp%2Fv2%2Fmedia&parent=1646"}],"wp:term":[{"taxonomy":"category","embeddable":true,"href":"https:\/\/diariodelsurdigital.com.ar\/index.php?rest_route=%2Fwp%2Fv2%2Fcategories&post=1646"},{"taxonomy":"post_tag","embeddable":true,"href":"https:\/\/diariodelsurdigital.com.ar\/index.php?rest_route=%2Fwp%2Fv2%2Ftags&post=1646"}],"curies":[{"name":"wp","href":"https:\/\/api.w.org\/{rel}","templated":true}]}}