{"id":1661,"date":"2025-03-19T15:28:56","date_gmt":"2025-03-19T18:28:56","guid":{"rendered":"https:\/\/diariodelsurdigital.com.ar\/?p=1661"},"modified":"2025-03-19T15:28:58","modified_gmt":"2025-03-19T18:28:58","slug":"condenaron-a-un-hombre-que-trasporto-por-entre-rios-una-encomienda-con-mas-de-44-kilos-de-marihuana","status":"publish","type":"post","link":"https:\/\/diariodelsurdigital.com.ar\/?p=1661","title":{"rendered":"Condenaron a un hombre que trasport\u00f3 por Entre R\u00edos una encomienda con m\u00e1s de 44 kilos de marihuana"},"content":{"rendered":"\n<p>El caso se conoci\u00f3 en octubre de 2018 en un control vehicular en Ruta Nacional 14, Kil\u00f3metro 124,5. La droga iba acondicionada en tres bultos en un \u00f3mnibus que sali\u00f3 de Puerto Iguaz\u00fa, en Misiones, con destino final en Liniers, en Buenos Aires. Se dispuso una entrega vigilada en la que se detuvo al ahora condenado. La remitente de la encomienda ten\u00eda una condena de 2020 de cuatro a\u00f1os de prisi\u00f3n por transporte de estupefacientes.<\/p>\n\n\n\n<figure class=\"wp-block-image\"><img decoding=\"async\" src=\"https:\/\/apfdigital-s3.cdn.net.ar\/s3i233\/2025\/01\/apfdigital\/files\/01\/18\/11895\/cb29b1e8607fb06dd3a94f2f898154d0a274406ec9136f929a09d81052d2583a.gif\" alt=\"Publicidad\"\/><\/figure>\n\n\n\n<p><a href=\"https:\/\/www.apfdigital.com.ar\/primera-plana\/\">Primera Plana<\/a><\/p>\n\n\n\n<h1 class=\"wp-block-heading\">Condenaron a un hombre que trasport\u00f3 por Entre R\u00edos una encomienda con m\u00e1s de 44 kilos de marihuana<\/h1>\n\n\n\n<p>El caso se conoci\u00f3 en octubre de 2018 en un control vehicular en Ruta Nacional 14, Kil\u00f3metro 124,5. La droga iba acondicionada en tres bultos en un \u00f3mnibus que sali\u00f3 de Puerto Iguaz\u00fa, en Misiones, con destino final en Liniers, en Buenos Aires. Se dispuso una entrega vigilada en la que se detuvo al ahora condenado. La remitente de la encomienda ten\u00eda una condena de 2020 de cuatro a\u00f1os de prisi\u00f3n por transporte de estupefacientes.<\/p>\n\n\n\n<p>mi\u00e9rcoles 19 de marzo de 2025 | 12:22hs.<\/p>\n\n\n\n<figure class=\"wp-block-image\"><img decoding=\"async\" src=\"https:\/\/apfdigital-s3.cdn.net.ar\/s3i233\/2024\/09\/apfdigital\/images\/01\/00\/25\/1002527_c78b16f4d4a0168763e59b7e2de4eb768e488a9d7efff8b0825b4f7e581fea4e\/md.webp\" alt=\"\"\/><\/figure>\n\n\n\n<p>La jueza del Tribunal Oral en lo Criminal Federal de Concepci\u00f3n del Uruguay, en composici\u00f3n unipersonal en la vocal, Noem\u00ed Berros, resolvi\u00f3 declarar a MEM, coautor penalmente responsable del delito de Transporte de estupefacientes, y lo conden\u00f3 a las penas de cinco a\u00f1os de prisi\u00f3n y multa de 135.000 pesos.<\/p>\n\n\n\n<p>El ahora condenado, que ten\u00eda 48 a\u00f1os cuando fue detenido tras la detecci\u00f3n de 44,2 kilos de marihuana que eran trasportados desde Puerto Iguaz\u00fa, en Misiones, hacia Liniers, en provincia de Buenos Aires, en un colectivo de larga distancia que fue revisado en un control vehicular de rutina que se realiz\u00f3 el 18 de octubre de 2018, aproximadamente a las 9:35, por el personal del Grupo de Seguridad Vial dependiente del Escuadr\u00f3n 6 Concepci\u00f3n del Uruguay de Gendarmer\u00eda Nacional Argentina apostado en Ruta Nacional 14, Kil\u00f3metro 124,5.<\/p>\n\n\n\n<p>MAM, de 55 a\u00f1os, tiene 7 hijos -3 menores de edad-, oriundo de La Plata, provincia de Buenos Aires, con instrucci\u00f3n secundaria incompleta, que hace trabajos de mantenimiento, electricidad, herrer\u00eda, entre otros, fue detenido el 19 de octubre de 2018, a las 11 cuando se present\u00f3 en la Terminal de \u00d3mnibus de Liniers, local Parada Liniers, de Ciudad Aut\u00f3noma de Buenos Aires (CABA), a retirar el env\u00edo.<\/p>\n\n\n\n<p>La aprehensi\u00f3n se dio en el contexto de una entrega vigilada dispuesta por el juez instructor, que orden\u00f3 la extracci\u00f3n y el secuestro de la droga a los fines de asegurarla, dejando continuar la caja hacia su destino, disponiendo \u201cuna discreta vigilancia en el lugar de entrega de la encomienda, conjuntamente con la realizaci\u00f3n de seguimientos, vigilancias y tareas de inteligencia tendientes a identificar al remitente y al destinatario de los bultos incautados\u201d.<\/p>\n\n\n\n<p>Posteriormente, como resultado de las tareas de inteligencia desplegadas para dar con el paradero de SV, la remitente de la encomienda, el 12 de diciembre de 2019 fue tra\u00edda al proceso y se le recepcion\u00f3 declaraci\u00f3n indagatoria judicial. Se consign\u00f3 que \u201cfue condenada en juicio abreviado el 13 de agosto de 2020 por este Tribunal, con otra integraci\u00f3n, a la pena de 4 a\u00f1os de prisi\u00f3n y multa como autora del delito de transporte de estupefacientes\u201d.<\/p>\n\n\n\n<p>La magistrada, al analizar la pena de multa, expres\u00f3: \u201cAdvierto que la situaci\u00f3n econ\u00f3mica del imputado se corresponde con el estrato o nivel social propio de la clase media trabajadora. Ello se desprende del propio informe socio-ambiental &nbsp;practicado en la vivienda que, al momento del hecho, habitaba con su pareja (estudiante de magisterio) y cinco de sus hijos (todos menores y escolarizados), sita en la ciudad de La Plata, lo que da cuenta de que se trata de una casa-habitaci\u00f3n propia de dicho estrato socio-econ\u00f3mico\u201d.<\/p>\n\n\n\n<p>Tambi\u00e9n evalu\u00f3 que \u201cel inmueble es de su propiedad. Est\u00e1 construido en una planta, es de mamposter\u00eda, revocada, con dos ventanas en su frente y port\u00f3n de chapa. Est\u00e1 ubicada en zona poblada, con calles de asfalto y compuesta por cuatro habitaciones, cocina, comedor, sanitarios completos, con luz el\u00e9ctrica y gas envasado, en buen estado de conservaci\u00f3n\u201d.<\/p>\n\n\n\n<p>Como agravantes de la pena ponder\u00f3 que \u201cse trata de un adulto (48 a\u00f1os al momento del hecho), con responsabilidad parental (7 hijos, 5 de ellos entonces menores de edad) y con un oficio consolidado (confecci\u00f3n y colocaci\u00f3n de lonas, toldos y carteler\u00eda), susceptible de proporcionarle ingresos para abastecer sus necesidades y las de los suyos, todo lo cual debi\u00f3 incidir para que se comportara conforme a derecho\u201d.<\/p>\n\n\n\n<p>Como atenuante comput\u00f3 \u201csu muy escaso nivel de instrucci\u00f3n (primario completo) que seguramente ha tenido incidencia en su desmotivaci\u00f3n normativa y en que eligiera infringir la ley. Finalmente, como atenuante tambi\u00e9n, valor\u00f3 que no registra antecedentes penales. En virtud de aquello, estim\u00f3 \u201cdesproporcionada por alta la pena privativa de la libertad solicitada por el MPF (7 a\u00f1os de prisi\u00f3n), ponderando como justo, adecuado y proporcional a la culpabilidad de MAM por el hecho que se le enrostra imponerle la pena carcelaria de cinco a\u00f1os de prisi\u00f3n\u201d.&nbsp;<\/p>\n","protected":false},"excerpt":{"rendered":"<p>El caso se conoci\u00f3 en octubre de 2018 en un control vehicular en Ruta Nacional 14, Kil\u00f3metro 124,5. La droga iba acondicionada en tres bultos en un \u00f3mnibus que sali\u00f3 de Puerto Iguaz\u00fa, en Misiones, con destino final en Liniers, en Buenos Aires. Se dispuso una entrega vigilada en la que se detuvo al ahora [&hellip;]<\/p>\n","protected":false},"author":4,"featured_media":1662,"comment_status":"open","ping_status":"open","sticky":false,"template":"","format":"standard","meta":{"footnotes":""},"categories":[17],"tags":[],"class_list":{"0":"post-1661","1":"post","2":"type-post","3":"status-publish","4":"format-standard","5":"has-post-thumbnail","7":"category-provinciales"},"yoast_head":"<!-- This site is optimized with the Yoast SEO plugin v27.4 - https:\/\/yoast.com\/product\/yoast-seo-wordpress\/ -->\n<title>Condenaron a un hombre que trasport\u00f3 por Entre R\u00edos una encomienda con m\u00e1s de 44 kilos de marihuana - Diario del Sur<\/title>\n<meta name=\"robots\" content=\"index, follow, max-snippet:-1, max-image-preview:large, max-video-preview:-1\" \/>\n<link rel=\"canonical\" href=\"https:\/\/diariodelsurdigital.com.ar\/?p=1661\" \/>\n<meta property=\"og:locale\" content=\"es_ES\" \/>\n<meta property=\"og:type\" content=\"article\" \/>\n<meta property=\"og:title\" content=\"Condenaron a un hombre que trasport\u00f3 por Entre R\u00edos una encomienda con m\u00e1s de 44 kilos de marihuana - Diario del Sur\" \/>\n<meta property=\"og:description\" content=\"El caso se conoci\u00f3 en octubre de 2018 en un control vehicular en Ruta Nacional 14, Kil\u00f3metro 124,5. La droga iba acondicionada en tres bultos en un \u00f3mnibus que sali\u00f3 de Puerto Iguaz\u00fa, en Misiones, con destino final en Liniers, en Buenos Aires. Se dispuso una entrega vigilada en la que se detuvo al ahora [&hellip;]\" \/>\n<meta property=\"og:url\" content=\"https:\/\/diariodelsurdigital.com.ar\/?p=1661\" \/>\n<meta property=\"og:site_name\" content=\"Diario del Sur\" \/>\n<meta property=\"article:published_time\" content=\"2025-03-19T18:28:56+00:00\" \/>\n<meta property=\"article:modified_time\" content=\"2025-03-19T18:28:58+00:00\" \/>\n<meta property=\"og:image\" content=\"https:\/\/diariodelsurdigital.com.ar\/wp-content\/uploads\/2025\/03\/md-4-2.webp\" \/>\n\t<meta property=\"og:image:width\" content=\"992\" \/>\n\t<meta property=\"og:image:height\" content=\"555\" \/>\n\t<meta property=\"og:image:type\" content=\"image\/webp\" \/>\n<meta name=\"author\" content=\"Diario del Sur Digital\" \/>\n<meta name=\"twitter:card\" content=\"summary_large_image\" \/>\n<meta name=\"twitter:label1\" content=\"Escrito por\" \/>\n\t<meta name=\"twitter:data1\" content=\"Diario del Sur Digital\" \/>\n\t<meta name=\"twitter:label2\" content=\"Tiempo de lectura\" \/>\n\t<meta name=\"twitter:data2\" content=\"5 minutos\" \/>\n<script type=\"application\/ld+json\" class=\"yoast-schema-graph\">{\"@context\":\"https:\\\/\\\/schema.org\",\"@graph\":[{\"@type\":\"Article\",\"@id\":\"https:\\\/\\\/diariodelsurdigital.com.ar\\\/?p=1661#article\",\"isPartOf\":{\"@id\":\"https:\\\/\\\/diariodelsurdigital.com.ar\\\/?p=1661\"},\"author\":{\"name\":\"Diario del Sur Digital\",\"@id\":\"https:\\\/\\\/diariodelsurdigital.com.ar\\\/#\\\/schema\\\/person\\\/1a4992532ed62965c968031b49195c81\"},\"headline\":\"Condenaron a un hombre que trasport\u00f3 por Entre R\u00edos una encomienda con m\u00e1s de 44 kilos de marihuana\",\"datePublished\":\"2025-03-19T18:28:56+00:00\",\"dateModified\":\"2025-03-19T18:28:58+00:00\",\"mainEntityOfPage\":{\"@id\":\"https:\\\/\\\/diariodelsurdigital.com.ar\\\/?p=1661\"},\"wordCount\":868,\"commentCount\":0,\"image\":{\"@id\":\"https:\\\/\\\/diariodelsurdigital.com.ar\\\/?p=1661#primaryimage\"},\"thumbnailUrl\":\"https:\\\/\\\/diariodelsurdigital.com.ar\\\/wp-content\\\/uploads\\\/2025\\\/03\\\/md-4-2.webp\",\"articleSection\":[\"Provinciales\"],\"inLanguage\":\"es\",\"potentialAction\":[{\"@type\":\"CommentAction\",\"name\":\"Comment\",\"target\":[\"https:\\\/\\\/diariodelsurdigital.com.ar\\\/?p=1661#respond\"]}]},{\"@type\":\"WebPage\",\"@id\":\"https:\\\/\\\/diariodelsurdigital.com.ar\\\/?p=1661\",\"url\":\"https:\\\/\\\/diariodelsurdigital.com.ar\\\/?p=1661\",\"name\":\"Condenaron a un hombre que trasport\u00f3 por Entre R\u00edos una encomienda con m\u00e1s de 44 kilos de marihuana - Diario del Sur\",\"isPartOf\":{\"@id\":\"https:\\\/\\\/diariodelsurdigital.com.ar\\\/#website\"},\"primaryImageOfPage\":{\"@id\":\"https:\\\/\\\/diariodelsurdigital.com.ar\\\/?p=1661#primaryimage\"},\"image\":{\"@id\":\"https:\\\/\\\/diariodelsurdigital.com.ar\\\/?p=1661#primaryimage\"},\"thumbnailUrl\":\"https:\\\/\\\/diariodelsurdigital.com.ar\\\/wp-content\\\/uploads\\\/2025\\\/03\\\/md-4-2.webp\",\"datePublished\":\"2025-03-19T18:28:56+00:00\",\"dateModified\":\"2025-03-19T18:28:58+00:00\",\"author\":{\"@id\":\"https:\\\/\\\/diariodelsurdigital.com.ar\\\/#\\\/schema\\\/person\\\/1a4992532ed62965c968031b49195c81\"},\"breadcrumb\":{\"@id\":\"https:\\\/\\\/diariodelsurdigital.com.ar\\\/?p=1661#breadcrumb\"},\"inLanguage\":\"es\",\"potentialAction\":[{\"@type\":\"ReadAction\",\"target\":[\"https:\\\/\\\/diariodelsurdigital.com.ar\\\/?p=1661\"]}]},{\"@type\":\"ImageObject\",\"inLanguage\":\"es\",\"@id\":\"https:\\\/\\\/diariodelsurdigital.com.ar\\\/?p=1661#primaryimage\",\"url\":\"https:\\\/\\\/diariodelsurdigital.com.ar\\\/wp-content\\\/uploads\\\/2025\\\/03\\\/md-4-2.webp\",\"contentUrl\":\"https:\\\/\\\/diariodelsurdigital.com.ar\\\/wp-content\\\/uploads\\\/2025\\\/03\\\/md-4-2.webp\",\"width\":992,\"height\":555},{\"@type\":\"BreadcrumbList\",\"@id\":\"https:\\\/\\\/diariodelsurdigital.com.ar\\\/?p=1661#breadcrumb\",\"itemListElement\":[{\"@type\":\"ListItem\",\"position\":1,\"name\":\"Portada\",\"item\":\"https:\\\/\\\/diariodelsurdigital.com.ar\\\/\"},{\"@type\":\"ListItem\",\"position\":2,\"name\":\"Condenaron a un hombre que trasport\u00f3 por Entre R\u00edos una encomienda con m\u00e1s de 44 kilos de marihuana\"}]},{\"@type\":\"WebSite\",\"@id\":\"https:\\\/\\\/diariodelsurdigital.com.ar\\\/#website\",\"url\":\"https:\\\/\\\/diariodelsurdigital.com.ar\\\/\",\"name\":\"Diario del Sur\",\"description\":\"Digital\",\"potentialAction\":[{\"@type\":\"SearchAction\",\"target\":{\"@type\":\"EntryPoint\",\"urlTemplate\":\"https:\\\/\\\/diariodelsurdigital.com.ar\\\/?s={search_term_string}\"},\"query-input\":{\"@type\":\"PropertyValueSpecification\",\"valueRequired\":true,\"valueName\":\"search_term_string\"}}],\"inLanguage\":\"es\"},{\"@type\":\"Person\",\"@id\":\"https:\\\/\\\/diariodelsurdigital.com.ar\\\/#\\\/schema\\\/person\\\/1a4992532ed62965c968031b49195c81\",\"name\":\"Diario del Sur Digital\",\"image\":{\"@type\":\"ImageObject\",\"inLanguage\":\"es\",\"@id\":\"https:\\\/\\\/secure.gravatar.com\\\/avatar\\\/f0c7c47fc7146d19828273b9b8eda651c9c7ab583767e6338d3d3bee825adf76?s=96&d=mm&r=g\",\"url\":\"https:\\\/\\\/secure.gravatar.com\\\/avatar\\\/f0c7c47fc7146d19828273b9b8eda651c9c7ab583767e6338d3d3bee825adf76?s=96&d=mm&r=g\",\"contentUrl\":\"https:\\\/\\\/secure.gravatar.com\\\/avatar\\\/f0c7c47fc7146d19828273b9b8eda651c9c7ab583767e6338d3d3bee825adf76?s=96&d=mm&r=g\",\"caption\":\"Diario del Sur Digital\"},\"url\":\"https:\\\/\\\/diariodelsurdigital.com.ar\\\/?author=4\"}]}<\/script>\n<!-- \/ Yoast SEO plugin. -->","yoast_head_json":{"title":"Condenaron a un hombre que trasport\u00f3 por Entre R\u00edos una encomienda con m\u00e1s de 44 kilos de marihuana - Diario del Sur","robots":{"index":"index","follow":"follow","max-snippet":"max-snippet:-1","max-image-preview":"max-image-preview:large","max-video-preview":"max-video-preview:-1"},"canonical":"https:\/\/diariodelsurdigital.com.ar\/?p=1661","og_locale":"es_ES","og_type":"article","og_title":"Condenaron a un hombre que trasport\u00f3 por Entre R\u00edos una encomienda con m\u00e1s de 44 kilos de marihuana - Diario del Sur","og_description":"El caso se conoci\u00f3 en octubre de 2018 en un control vehicular en Ruta Nacional 14, Kil\u00f3metro 124,5. La droga iba acondicionada en tres bultos en un \u00f3mnibus que sali\u00f3 de Puerto Iguaz\u00fa, en Misiones, con destino final en Liniers, en Buenos Aires. Se dispuso una entrega vigilada en la que se detuvo al ahora [&hellip;]","og_url":"https:\/\/diariodelsurdigital.com.ar\/?p=1661","og_site_name":"Diario del Sur","article_published_time":"2025-03-19T18:28:56+00:00","article_modified_time":"2025-03-19T18:28:58+00:00","og_image":[{"width":992,"height":555,"url":"https:\/\/diariodelsurdigital.com.ar\/wp-content\/uploads\/2025\/03\/md-4-2.webp","type":"image\/webp"}],"author":"Diario del Sur Digital","twitter_card":"summary_large_image","twitter_misc":{"Escrito por":"Diario del Sur Digital","Tiempo de lectura":"5 minutos"},"schema":{"@context":"https:\/\/schema.org","@graph":[{"@type":"Article","@id":"https:\/\/diariodelsurdigital.com.ar\/?p=1661#article","isPartOf":{"@id":"https:\/\/diariodelsurdigital.com.ar\/?p=1661"},"author":{"name":"Diario del Sur Digital","@id":"https:\/\/diariodelsurdigital.com.ar\/#\/schema\/person\/1a4992532ed62965c968031b49195c81"},"headline":"Condenaron a un hombre que trasport\u00f3 por Entre R\u00edos una encomienda con m\u00e1s de 44 kilos de marihuana","datePublished":"2025-03-19T18:28:56+00:00","dateModified":"2025-03-19T18:28:58+00:00","mainEntityOfPage":{"@id":"https:\/\/diariodelsurdigital.com.ar\/?p=1661"},"wordCount":868,"commentCount":0,"image":{"@id":"https:\/\/diariodelsurdigital.com.ar\/?p=1661#primaryimage"},"thumbnailUrl":"https:\/\/diariodelsurdigital.com.ar\/wp-content\/uploads\/2025\/03\/md-4-2.webp","articleSection":["Provinciales"],"inLanguage":"es","potentialAction":[{"@type":"CommentAction","name":"Comment","target":["https:\/\/diariodelsurdigital.com.ar\/?p=1661#respond"]}]},{"@type":"WebPage","@id":"https:\/\/diariodelsurdigital.com.ar\/?p=1661","url":"https:\/\/diariodelsurdigital.com.ar\/?p=1661","name":"Condenaron a un hombre que trasport\u00f3 por Entre R\u00edos una encomienda con m\u00e1s de 44 kilos de marihuana - Diario del Sur","isPartOf":{"@id":"https:\/\/diariodelsurdigital.com.ar\/#website"},"primaryImageOfPage":{"@id":"https:\/\/diariodelsurdigital.com.ar\/?p=1661#primaryimage"},"image":{"@id":"https:\/\/diariodelsurdigital.com.ar\/?p=1661#primaryimage"},"thumbnailUrl":"https:\/\/diariodelsurdigital.com.ar\/wp-content\/uploads\/2025\/03\/md-4-2.webp","datePublished":"2025-03-19T18:28:56+00:00","dateModified":"2025-03-19T18:28:58+00:00","author":{"@id":"https:\/\/diariodelsurdigital.com.ar\/#\/schema\/person\/1a4992532ed62965c968031b49195c81"},"breadcrumb":{"@id":"https:\/\/diariodelsurdigital.com.ar\/?p=1661#breadcrumb"},"inLanguage":"es","potentialAction":[{"@type":"ReadAction","target":["https:\/\/diariodelsurdigital.com.ar\/?p=1661"]}]},{"@type":"ImageObject","inLanguage":"es","@id":"https:\/\/diariodelsurdigital.com.ar\/?p=1661#primaryimage","url":"https:\/\/diariodelsurdigital.com.ar\/wp-content\/uploads\/2025\/03\/md-4-2.webp","contentUrl":"https:\/\/diariodelsurdigital.com.ar\/wp-content\/uploads\/2025\/03\/md-4-2.webp","width":992,"height":555},{"@type":"BreadcrumbList","@id":"https:\/\/diariodelsurdigital.com.ar\/?p=1661#breadcrumb","itemListElement":[{"@type":"ListItem","position":1,"name":"Portada","item":"https:\/\/diariodelsurdigital.com.ar\/"},{"@type":"ListItem","position":2,"name":"Condenaron a un hombre que trasport\u00f3 por Entre R\u00edos una encomienda con m\u00e1s de 44 kilos de marihuana"}]},{"@type":"WebSite","@id":"https:\/\/diariodelsurdigital.com.ar\/#website","url":"https:\/\/diariodelsurdigital.com.ar\/","name":"Diario del Sur","description":"Digital","potentialAction":[{"@type":"SearchAction","target":{"@type":"EntryPoint","urlTemplate":"https:\/\/diariodelsurdigital.com.ar\/?s={search_term_string}"},"query-input":{"@type":"PropertyValueSpecification","valueRequired":true,"valueName":"search_term_string"}}],"inLanguage":"es"},{"@type":"Person","@id":"https:\/\/diariodelsurdigital.com.ar\/#\/schema\/person\/1a4992532ed62965c968031b49195c81","name":"Diario del Sur Digital","image":{"@type":"ImageObject","inLanguage":"es","@id":"https:\/\/secure.gravatar.com\/avatar\/f0c7c47fc7146d19828273b9b8eda651c9c7ab583767e6338d3d3bee825adf76?s=96&d=mm&r=g","url":"https:\/\/secure.gravatar.com\/avatar\/f0c7c47fc7146d19828273b9b8eda651c9c7ab583767e6338d3d3bee825adf76?s=96&d=mm&r=g","contentUrl":"https:\/\/secure.gravatar.com\/avatar\/f0c7c47fc7146d19828273b9b8eda651c9c7ab583767e6338d3d3bee825adf76?s=96&d=mm&r=g","caption":"Diario del Sur Digital"},"url":"https:\/\/diariodelsurdigital.com.ar\/?author=4"}]}},"_links":{"self":[{"href":"https:\/\/diariodelsurdigital.com.ar\/index.php?rest_route=\/wp\/v2\/posts\/1661","targetHints":{"allow":["GET"]}}],"collection":[{"href":"https:\/\/diariodelsurdigital.com.ar\/index.php?rest_route=\/wp\/v2\/posts"}],"about":[{"href":"https:\/\/diariodelsurdigital.com.ar\/index.php?rest_route=\/wp\/v2\/types\/post"}],"author":[{"embeddable":true,"href":"https:\/\/diariodelsurdigital.com.ar\/index.php?rest_route=\/wp\/v2\/users\/4"}],"replies":[{"embeddable":true,"href":"https:\/\/diariodelsurdigital.com.ar\/index.php?rest_route=%2Fwp%2Fv2%2Fcomments&post=1661"}],"version-history":[{"count":1,"href":"https:\/\/diariodelsurdigital.com.ar\/index.php?rest_route=\/wp\/v2\/posts\/1661\/revisions"}],"predecessor-version":[{"id":1663,"href":"https:\/\/diariodelsurdigital.com.ar\/index.php?rest_route=\/wp\/v2\/posts\/1661\/revisions\/1663"}],"wp:featuredmedia":[{"embeddable":true,"href":"https:\/\/diariodelsurdigital.com.ar\/index.php?rest_route=\/wp\/v2\/media\/1662"}],"wp:attachment":[{"href":"https:\/\/diariodelsurdigital.com.ar\/index.php?rest_route=%2Fwp%2Fv2%2Fmedia&parent=1661"}],"wp:term":[{"taxonomy":"category","embeddable":true,"href":"https:\/\/diariodelsurdigital.com.ar\/index.php?rest_route=%2Fwp%2Fv2%2Fcategories&post=1661"},{"taxonomy":"post_tag","embeddable":true,"href":"https:\/\/diariodelsurdigital.com.ar\/index.php?rest_route=%2Fwp%2Fv2%2Ftags&post=1661"}],"curies":[{"name":"wp","href":"https:\/\/api.w.org\/{rel}","templated":true}]}}