{"id":1668,"date":"2025-03-19T15:37:47","date_gmt":"2025-03-19T18:37:47","guid":{"rendered":"https:\/\/diariodelsurdigital.com.ar\/?p=1668"},"modified":"2025-03-19T15:37:48","modified_gmt":"2025-03-19T18:37:48","slug":"la-hipertension-es-una-pandemia-mas-del-30-de-los-adultos-la-padecen-en-argentina","status":"publish","type":"post","link":"https:\/\/diariodelsurdigital.com.ar\/?p=1668","title":{"rendered":"La hipertensi\u00f3n es una pandemia: m\u00e1s del 30% de los adultos la padecen en Argentina"},"content":{"rendered":"\n<p>El m\u00e9dico cardi\u00f3logo Alejandro Meretta dijo que esta enfermedad es una amenaza, ya que es silenciosa y puede permanecer oculta hasta sus etapas m\u00e1s avanzadas. La recomendaci\u00f3n del experto para mantener controlada la presi\u00f3n.<\/p>\n\n\n\n<p>El m\u00e9dico cardi\u00f3logo Alejandro Meretta (MN 65971), jefe de Cardiolog\u00eda Nuclear en ICBA Instituto Cardiovascular, en su columna de Infobae en Vivo, resalt\u00f3 la gravedad de la hipertensi\u00f3n arterial, al calificarla de \u201cpandemia internacional\u201d. En Argentina, dijo, afecta al 30% de los adultos y subray\u00f3 la naturaleza sigilosa de esta afecci\u00f3n: \u201cEs una enfermedad silenciosa. Entonces no da s\u00edntomas. Habitualmente se la relaciona con cefaleas, pero es muy poco frecuente que la cefalea coincide con la cifra de hipertensi\u00f3n\u201d.<\/p>\n\n\n\n<p>El especialista remarc\u00f3 la importancia de la detecci\u00f3n y tratamiento tempranos para mitigar los riesgos asociados, especialmente los cardiovasculares: \u201cSiempre es bueno recordar que la primera causa de muerte es un factor de riesgo tan importante que va causando problemas en diferentes sistemas del organismo. Es importante tener conciencia de que si uno puede tener la posibilidad de medirse las cifras de presi\u00f3n y si tuviera presi\u00f3n elevada, tratarla. Y eso disminuye mucho el riesgo cardiovascular\u201d.<\/p>\n\n\n\n<p>Meretta explic\u00f3 que el diagn\u00f3stico de hipertensi\u00f3n se establece cuando las mediciones de presi\u00f3n arterial superan los 140\/90 mmHg. Adem\u00e1s, destac\u00f3 la accesibilidad a equipos para medir la presi\u00f3n arterial en casa, lo que facilita un control m\u00e1s regular y personalizado.<\/p>\n\n\n\n<p>El cardi\u00f3logo tambi\u00e9n abord\u00f3 c\u00f3mo la hipertensi\u00f3n puede da\u00f1ar las arterias del cerebro, afectando la microcirculaci\u00f3n y, potencialmente, provocando deterioros cognitivos: \u201cLa hipertensi\u00f3n da\u00f1a las arterias, con grandes infartos, pero tambi\u00e9n da\u00f1a las arterias peque\u00f1as y el da\u00f1o comienza por las arterias m\u00e1s chiquititas, que son como las hojas del \u00e1rbol\u201d.<\/p>\n\n\n\n<p>El doctor Meretta hizo \u00e9nfasis en la importancia de la adherencia al tratamiento, y se\u00f1al\u00f3 que solo un cuarto de los pacientes medicados logra mantener la presi\u00f3n controlada: \u201cEs crucial tener conductas de adherencia al tratamiento. Solamente un cuarto de los pacientes est\u00e1 bien controlado, no sirve tomar los medicamentos sin un seguimiento adecuado\u201d.<\/p>\n\n\n\n<p>As\u00ed, los problemas cardiovasculares, destac\u00f3 la relaci\u00f3n directa entre la hipertensi\u00f3n arterial cr\u00f3nica y diversas enfermedades relacionadas con el deterioro cognitivo. Seg\u00fan el especialista, \u201clos estudios van demostrando que la hipertensi\u00f3n da\u00f1a los peque\u00f1os vasos, y esto se llama microcirculaci\u00f3n, que es por la cual se alimenta, se nutren los \u00f3rganos y el cerebro. Este es un \u00f3rgano muy sensible a los trastornos de irrigaci\u00f3n y la enfermedad\u201d. Por eso, es clave el manejo eficaz de la hipertensi\u00f3n, no solo para la salud f\u00edsica, sino tambi\u00e9n para la cognitiva.<\/p>\n\n\n\n<p>Meretta tambi\u00e9n mencion\u00f3 una pr\u00e1ctica com\u00fan que puede llevar a diagn\u00f3sticos err\u00f3neos de hipertensi\u00f3n, conocida como la \u201chipertensi\u00f3n del guardapolvo blanco\u201d. Explic\u00f3 que la ansiedad de estar en un consultorio m\u00e9dico puede elevar temporalmente la presi\u00f3n arterial de los pacientes: \u201cHay un cl\u00e1sico que es la toma de la presi\u00f3n en el consultorio que est\u00e1 descrita como la hipertensi\u00f3n del guardapolvo blanco\u201d. Para combatir este fen\u00f3meno, sugerimos medidas m\u00e1s relajadas de medici\u00f3n, como las realizadas en casa o con tecnolog\u00eda como el Holter de presi\u00f3n, que monitoriza la presi\u00f3n arterial durante 24 horas, proporcionando un perfil m\u00e1s exacto de la condici\u00f3n del paciente fuera del ambiente cl\u00ednico.&nbsp;<\/p>\n","protected":false},"excerpt":{"rendered":"<p>El m\u00e9dico cardi\u00f3logo Alejandro Meretta dijo que esta enfermedad es una amenaza, ya que es silenciosa y puede permanecer oculta hasta sus etapas m\u00e1s avanzadas. La recomendaci\u00f3n del experto para mantener controlada la presi\u00f3n. El m\u00e9dico cardi\u00f3logo Alejandro Meretta (MN 65971), jefe de Cardiolog\u00eda Nuclear en ICBA Instituto Cardiovascular, en su columna de Infobae en [&hellip;]<\/p>\n","protected":false},"author":4,"featured_media":1669,"comment_status":"open","ping_status":"open","sticky":false,"template":"","format":"standard","meta":{"footnotes":""},"categories":[19],"tags":[],"class_list":{"0":"post-1668","1":"post","2":"type-post","3":"status-publish","4":"format-standard","5":"has-post-thumbnail","7":"category-interes-general"},"yoast_head":"<!-- This site is optimized with the Yoast SEO plugin v27.4 - https:\/\/yoast.com\/product\/yoast-seo-wordpress\/ -->\n<title>La hipertensi\u00f3n es una pandemia: m\u00e1s del 30% de los adultos la padecen en Argentina - Diario del Sur<\/title>\n<meta name=\"robots\" content=\"index, follow, max-snippet:-1, max-image-preview:large, max-video-preview:-1\" \/>\n<link rel=\"canonical\" href=\"https:\/\/diariodelsurdigital.com.ar\/?p=1668\" \/>\n<meta property=\"og:locale\" content=\"es_ES\" \/>\n<meta property=\"og:type\" content=\"article\" \/>\n<meta property=\"og:title\" content=\"La hipertensi\u00f3n es una pandemia: m\u00e1s del 30% de los adultos la padecen en Argentina - Diario del Sur\" \/>\n<meta property=\"og:description\" content=\"El m\u00e9dico cardi\u00f3logo Alejandro Meretta dijo que esta enfermedad es una amenaza, ya que es silenciosa y puede permanecer oculta hasta sus etapas m\u00e1s avanzadas. La recomendaci\u00f3n del experto para mantener controlada la presi\u00f3n. El m\u00e9dico cardi\u00f3logo Alejandro Meretta (MN 65971), jefe de Cardiolog\u00eda Nuclear en ICBA Instituto Cardiovascular, en su columna de Infobae en [&hellip;]\" \/>\n<meta property=\"og:url\" content=\"https:\/\/diariodelsurdigital.com.ar\/?p=1668\" \/>\n<meta property=\"og:site_name\" content=\"Diario del Sur\" \/>\n<meta property=\"article:published_time\" content=\"2025-03-19T18:37:47+00:00\" \/>\n<meta property=\"article:modified_time\" content=\"2025-03-19T18:37:48+00:00\" \/>\n<meta property=\"og:image\" content=\"https:\/\/diariodelsurdigital.com.ar\/wp-content\/uploads\/2025\/03\/md-6-2.webp\" \/>\n\t<meta property=\"og:image:width\" content=\"992\" \/>\n\t<meta property=\"og:image:height\" content=\"556\" \/>\n\t<meta property=\"og:image:type\" content=\"image\/webp\" \/>\n<meta name=\"author\" content=\"Diario del Sur Digital\" \/>\n<meta name=\"twitter:card\" content=\"summary_large_image\" \/>\n<meta name=\"twitter:label1\" content=\"Escrito por\" \/>\n\t<meta name=\"twitter:data1\" content=\"Diario del Sur Digital\" \/>\n\t<meta name=\"twitter:label2\" content=\"Tiempo de lectura\" \/>\n\t<meta name=\"twitter:data2\" content=\"3 minutos\" \/>\n<script type=\"application\/ld+json\" class=\"yoast-schema-graph\">{\"@context\":\"https:\\\/\\\/schema.org\",\"@graph\":[{\"@type\":\"Article\",\"@id\":\"https:\\\/\\\/diariodelsurdigital.com.ar\\\/?p=1668#article\",\"isPartOf\":{\"@id\":\"https:\\\/\\\/diariodelsurdigital.com.ar\\\/?p=1668\"},\"author\":{\"name\":\"Diario del Sur Digital\",\"@id\":\"https:\\\/\\\/diariodelsurdigital.com.ar\\\/#\\\/schema\\\/person\\\/1a4992532ed62965c968031b49195c81\"},\"headline\":\"La hipertensi\u00f3n es una pandemia: m\u00e1s del 30% de los adultos la padecen en Argentina\",\"datePublished\":\"2025-03-19T18:37:47+00:00\",\"dateModified\":\"2025-03-19T18:37:48+00:00\",\"mainEntityOfPage\":{\"@id\":\"https:\\\/\\\/diariodelsurdigital.com.ar\\\/?p=1668\"},\"wordCount\":613,\"commentCount\":0,\"image\":{\"@id\":\"https:\\\/\\\/diariodelsurdigital.com.ar\\\/?p=1668#primaryimage\"},\"thumbnailUrl\":\"https:\\\/\\\/diariodelsurdigital.com.ar\\\/wp-content\\\/uploads\\\/2025\\\/03\\\/md-6-2.webp\",\"articleSection\":[\"Inter\u00e9s General\"],\"inLanguage\":\"es\",\"potentialAction\":[{\"@type\":\"CommentAction\",\"name\":\"Comment\",\"target\":[\"https:\\\/\\\/diariodelsurdigital.com.ar\\\/?p=1668#respond\"]}]},{\"@type\":\"WebPage\",\"@id\":\"https:\\\/\\\/diariodelsurdigital.com.ar\\\/?p=1668\",\"url\":\"https:\\\/\\\/diariodelsurdigital.com.ar\\\/?p=1668\",\"name\":\"La hipertensi\u00f3n es una pandemia: m\u00e1s del 30% de los adultos la padecen en Argentina - Diario del Sur\",\"isPartOf\":{\"@id\":\"https:\\\/\\\/diariodelsurdigital.com.ar\\\/#website\"},\"primaryImageOfPage\":{\"@id\":\"https:\\\/\\\/diariodelsurdigital.com.ar\\\/?p=1668#primaryimage\"},\"image\":{\"@id\":\"https:\\\/\\\/diariodelsurdigital.com.ar\\\/?p=1668#primaryimage\"},\"thumbnailUrl\":\"https:\\\/\\\/diariodelsurdigital.com.ar\\\/wp-content\\\/uploads\\\/2025\\\/03\\\/md-6-2.webp\",\"datePublished\":\"2025-03-19T18:37:47+00:00\",\"dateModified\":\"2025-03-19T18:37:48+00:00\",\"author\":{\"@id\":\"https:\\\/\\\/diariodelsurdigital.com.ar\\\/#\\\/schema\\\/person\\\/1a4992532ed62965c968031b49195c81\"},\"breadcrumb\":{\"@id\":\"https:\\\/\\\/diariodelsurdigital.com.ar\\\/?p=1668#breadcrumb\"},\"inLanguage\":\"es\",\"potentialAction\":[{\"@type\":\"ReadAction\",\"target\":[\"https:\\\/\\\/diariodelsurdigital.com.ar\\\/?p=1668\"]}]},{\"@type\":\"ImageObject\",\"inLanguage\":\"es\",\"@id\":\"https:\\\/\\\/diariodelsurdigital.com.ar\\\/?p=1668#primaryimage\",\"url\":\"https:\\\/\\\/diariodelsurdigital.com.ar\\\/wp-content\\\/uploads\\\/2025\\\/03\\\/md-6-2.webp\",\"contentUrl\":\"https:\\\/\\\/diariodelsurdigital.com.ar\\\/wp-content\\\/uploads\\\/2025\\\/03\\\/md-6-2.webp\",\"width\":992,\"height\":556},{\"@type\":\"BreadcrumbList\",\"@id\":\"https:\\\/\\\/diariodelsurdigital.com.ar\\\/?p=1668#breadcrumb\",\"itemListElement\":[{\"@type\":\"ListItem\",\"position\":1,\"name\":\"Portada\",\"item\":\"https:\\\/\\\/diariodelsurdigital.com.ar\\\/\"},{\"@type\":\"ListItem\",\"position\":2,\"name\":\"La hipertensi\u00f3n es una pandemia: m\u00e1s del 30% de los adultos la padecen en Argentina\"}]},{\"@type\":\"WebSite\",\"@id\":\"https:\\\/\\\/diariodelsurdigital.com.ar\\\/#website\",\"url\":\"https:\\\/\\\/diariodelsurdigital.com.ar\\\/\",\"name\":\"Diario del Sur\",\"description\":\"Digital\",\"potentialAction\":[{\"@type\":\"SearchAction\",\"target\":{\"@type\":\"EntryPoint\",\"urlTemplate\":\"https:\\\/\\\/diariodelsurdigital.com.ar\\\/?s={search_term_string}\"},\"query-input\":{\"@type\":\"PropertyValueSpecification\",\"valueRequired\":true,\"valueName\":\"search_term_string\"}}],\"inLanguage\":\"es\"},{\"@type\":\"Person\",\"@id\":\"https:\\\/\\\/diariodelsurdigital.com.ar\\\/#\\\/schema\\\/person\\\/1a4992532ed62965c968031b49195c81\",\"name\":\"Diario del Sur Digital\",\"image\":{\"@type\":\"ImageObject\",\"inLanguage\":\"es\",\"@id\":\"https:\\\/\\\/secure.gravatar.com\\\/avatar\\\/f0c7c47fc7146d19828273b9b8eda651c9c7ab583767e6338d3d3bee825adf76?s=96&d=mm&r=g\",\"url\":\"https:\\\/\\\/secure.gravatar.com\\\/avatar\\\/f0c7c47fc7146d19828273b9b8eda651c9c7ab583767e6338d3d3bee825adf76?s=96&d=mm&r=g\",\"contentUrl\":\"https:\\\/\\\/secure.gravatar.com\\\/avatar\\\/f0c7c47fc7146d19828273b9b8eda651c9c7ab583767e6338d3d3bee825adf76?s=96&d=mm&r=g\",\"caption\":\"Diario del Sur Digital\"},\"url\":\"https:\\\/\\\/diariodelsurdigital.com.ar\\\/?author=4\"}]}<\/script>\n<!-- \/ Yoast SEO plugin. -->","yoast_head_json":{"title":"La hipertensi\u00f3n es una pandemia: m\u00e1s del 30% de los adultos la padecen en Argentina - Diario del Sur","robots":{"index":"index","follow":"follow","max-snippet":"max-snippet:-1","max-image-preview":"max-image-preview:large","max-video-preview":"max-video-preview:-1"},"canonical":"https:\/\/diariodelsurdigital.com.ar\/?p=1668","og_locale":"es_ES","og_type":"article","og_title":"La hipertensi\u00f3n es una pandemia: m\u00e1s del 30% de los adultos la padecen en Argentina - Diario del Sur","og_description":"El m\u00e9dico cardi\u00f3logo Alejandro Meretta dijo que esta enfermedad es una amenaza, ya que es silenciosa y puede permanecer oculta hasta sus etapas m\u00e1s avanzadas. La recomendaci\u00f3n del experto para mantener controlada la presi\u00f3n. El m\u00e9dico cardi\u00f3logo Alejandro Meretta (MN 65971), jefe de Cardiolog\u00eda Nuclear en ICBA Instituto Cardiovascular, en su columna de Infobae en [&hellip;]","og_url":"https:\/\/diariodelsurdigital.com.ar\/?p=1668","og_site_name":"Diario del Sur","article_published_time":"2025-03-19T18:37:47+00:00","article_modified_time":"2025-03-19T18:37:48+00:00","og_image":[{"width":992,"height":556,"url":"https:\/\/diariodelsurdigital.com.ar\/wp-content\/uploads\/2025\/03\/md-6-2.webp","type":"image\/webp"}],"author":"Diario del Sur Digital","twitter_card":"summary_large_image","twitter_misc":{"Escrito por":"Diario del Sur Digital","Tiempo de lectura":"3 minutos"},"schema":{"@context":"https:\/\/schema.org","@graph":[{"@type":"Article","@id":"https:\/\/diariodelsurdigital.com.ar\/?p=1668#article","isPartOf":{"@id":"https:\/\/diariodelsurdigital.com.ar\/?p=1668"},"author":{"name":"Diario del Sur Digital","@id":"https:\/\/diariodelsurdigital.com.ar\/#\/schema\/person\/1a4992532ed62965c968031b49195c81"},"headline":"La hipertensi\u00f3n es una pandemia: m\u00e1s del 30% de los adultos la padecen en Argentina","datePublished":"2025-03-19T18:37:47+00:00","dateModified":"2025-03-19T18:37:48+00:00","mainEntityOfPage":{"@id":"https:\/\/diariodelsurdigital.com.ar\/?p=1668"},"wordCount":613,"commentCount":0,"image":{"@id":"https:\/\/diariodelsurdigital.com.ar\/?p=1668#primaryimage"},"thumbnailUrl":"https:\/\/diariodelsurdigital.com.ar\/wp-content\/uploads\/2025\/03\/md-6-2.webp","articleSection":["Inter\u00e9s General"],"inLanguage":"es","potentialAction":[{"@type":"CommentAction","name":"Comment","target":["https:\/\/diariodelsurdigital.com.ar\/?p=1668#respond"]}]},{"@type":"WebPage","@id":"https:\/\/diariodelsurdigital.com.ar\/?p=1668","url":"https:\/\/diariodelsurdigital.com.ar\/?p=1668","name":"La hipertensi\u00f3n es una pandemia: m\u00e1s del 30% de los adultos la padecen en Argentina - Diario del Sur","isPartOf":{"@id":"https:\/\/diariodelsurdigital.com.ar\/#website"},"primaryImageOfPage":{"@id":"https:\/\/diariodelsurdigital.com.ar\/?p=1668#primaryimage"},"image":{"@id":"https:\/\/diariodelsurdigital.com.ar\/?p=1668#primaryimage"},"thumbnailUrl":"https:\/\/diariodelsurdigital.com.ar\/wp-content\/uploads\/2025\/03\/md-6-2.webp","datePublished":"2025-03-19T18:37:47+00:00","dateModified":"2025-03-19T18:37:48+00:00","author":{"@id":"https:\/\/diariodelsurdigital.com.ar\/#\/schema\/person\/1a4992532ed62965c968031b49195c81"},"breadcrumb":{"@id":"https:\/\/diariodelsurdigital.com.ar\/?p=1668#breadcrumb"},"inLanguage":"es","potentialAction":[{"@type":"ReadAction","target":["https:\/\/diariodelsurdigital.com.ar\/?p=1668"]}]},{"@type":"ImageObject","inLanguage":"es","@id":"https:\/\/diariodelsurdigital.com.ar\/?p=1668#primaryimage","url":"https:\/\/diariodelsurdigital.com.ar\/wp-content\/uploads\/2025\/03\/md-6-2.webp","contentUrl":"https:\/\/diariodelsurdigital.com.ar\/wp-content\/uploads\/2025\/03\/md-6-2.webp","width":992,"height":556},{"@type":"BreadcrumbList","@id":"https:\/\/diariodelsurdigital.com.ar\/?p=1668#breadcrumb","itemListElement":[{"@type":"ListItem","position":1,"name":"Portada","item":"https:\/\/diariodelsurdigital.com.ar\/"},{"@type":"ListItem","position":2,"name":"La hipertensi\u00f3n es una pandemia: m\u00e1s del 30% de los adultos la padecen en Argentina"}]},{"@type":"WebSite","@id":"https:\/\/diariodelsurdigital.com.ar\/#website","url":"https:\/\/diariodelsurdigital.com.ar\/","name":"Diario del Sur","description":"Digital","potentialAction":[{"@type":"SearchAction","target":{"@type":"EntryPoint","urlTemplate":"https:\/\/diariodelsurdigital.com.ar\/?s={search_term_string}"},"query-input":{"@type":"PropertyValueSpecification","valueRequired":true,"valueName":"search_term_string"}}],"inLanguage":"es"},{"@type":"Person","@id":"https:\/\/diariodelsurdigital.com.ar\/#\/schema\/person\/1a4992532ed62965c968031b49195c81","name":"Diario del Sur Digital","image":{"@type":"ImageObject","inLanguage":"es","@id":"https:\/\/secure.gravatar.com\/avatar\/f0c7c47fc7146d19828273b9b8eda651c9c7ab583767e6338d3d3bee825adf76?s=96&d=mm&r=g","url":"https:\/\/secure.gravatar.com\/avatar\/f0c7c47fc7146d19828273b9b8eda651c9c7ab583767e6338d3d3bee825adf76?s=96&d=mm&r=g","contentUrl":"https:\/\/secure.gravatar.com\/avatar\/f0c7c47fc7146d19828273b9b8eda651c9c7ab583767e6338d3d3bee825adf76?s=96&d=mm&r=g","caption":"Diario del Sur Digital"},"url":"https:\/\/diariodelsurdigital.com.ar\/?author=4"}]}},"_links":{"self":[{"href":"https:\/\/diariodelsurdigital.com.ar\/index.php?rest_route=\/wp\/v2\/posts\/1668","targetHints":{"allow":["GET"]}}],"collection":[{"href":"https:\/\/diariodelsurdigital.com.ar\/index.php?rest_route=\/wp\/v2\/posts"}],"about":[{"href":"https:\/\/diariodelsurdigital.com.ar\/index.php?rest_route=\/wp\/v2\/types\/post"}],"author":[{"embeddable":true,"href":"https:\/\/diariodelsurdigital.com.ar\/index.php?rest_route=\/wp\/v2\/users\/4"}],"replies":[{"embeddable":true,"href":"https:\/\/diariodelsurdigital.com.ar\/index.php?rest_route=%2Fwp%2Fv2%2Fcomments&post=1668"}],"version-history":[{"count":1,"href":"https:\/\/diariodelsurdigital.com.ar\/index.php?rest_route=\/wp\/v2\/posts\/1668\/revisions"}],"predecessor-version":[{"id":1670,"href":"https:\/\/diariodelsurdigital.com.ar\/index.php?rest_route=\/wp\/v2\/posts\/1668\/revisions\/1670"}],"wp:featuredmedia":[{"embeddable":true,"href":"https:\/\/diariodelsurdigital.com.ar\/index.php?rest_route=\/wp\/v2\/media\/1669"}],"wp:attachment":[{"href":"https:\/\/diariodelsurdigital.com.ar\/index.php?rest_route=%2Fwp%2Fv2%2Fmedia&parent=1668"}],"wp:term":[{"taxonomy":"category","embeddable":true,"href":"https:\/\/diariodelsurdigital.com.ar\/index.php?rest_route=%2Fwp%2Fv2%2Fcategories&post=1668"},{"taxonomy":"post_tag","embeddable":true,"href":"https:\/\/diariodelsurdigital.com.ar\/index.php?rest_route=%2Fwp%2Fv2%2Ftags&post=1668"}],"curies":[{"name":"wp","href":"https:\/\/api.w.org\/{rel}","templated":true}]}}