{"id":1674,"date":"2025-03-19T18:36:13","date_gmt":"2025-03-19T21:36:13","guid":{"rendered":"https:\/\/diariodelsurdigital.com.ar\/?p=1674"},"modified":"2025-03-19T18:36:14","modified_gmt":"2025-03-19T21:36:14","slug":"azcue-confeso-estar-absolutamente-alineado-con-el-presidente-javier-milei","status":"publish","type":"post","link":"https:\/\/diariodelsurdigital.com.ar\/?p=1674","title":{"rendered":"Azcu\u00e9 confes\u00f3 estar \u00ababsolutamente alineado\u00bb con el Presidente Javier Milei"},"content":{"rendered":"\n<h1 class=\"wp-block-heading\" id=\"la-ucr-entre-rios-tendra-una-nueva-conduccion-mas-afin-a-un-acuerdo-electoral-con-la-libertad-avanza\">De all\u00ed la pelea del Intendente de Concordia, Francisco Azcu\u00e9 para conducir una UCR m\u00e1s af\u00edn con La Libertad Avanza <\/h1>\n\n\n\n<h2 class=\"wp-block-heading\"><\/h2>\n\n\n\n<p>La\u00a0<strong>UCR\u00a0<\/strong><a href=\"https:\/\/www.infobae.com\/tag\/entre-rios\/\" target=\"_blank\" rel=\"noreferrer noopener\"><strong>Entre R\u00edos<\/strong><\/a>\u00a0ir\u00e1 a las urnas el pr\u00f3ximo 6 de abril. Ser\u00e1 una elecci\u00f3n en la que se elija poco. Es que el pasado 11 de marzo se cerr\u00f3 el plazo la presentaci\u00f3n de listas al Comit\u00e9 Provincial y hubo una sola propuesta. La encabeza\u00a0<strong>Francisco Azcu\u00e9<\/strong>, actual\u00a0<strong>intendente de la ciudad de Concordia<\/strong>.<a href=\"https:\/\/www.infobae.com\/politica\/2025\/03\/19\/uno-por-uno-como-voto-cada-diputado-el-nuevo-acuerdo-con-el-fmi\/\" target=\"_blank\" rel=\"noreferrer noopener\"><\/a><\/p>\n\n\n\n<p><strong>\u201cEl Gringo\u201d<\/strong>, como lo conocen,<strong>\u00a0por una aborto de la naturaleza pol\u00edtica, venci\u00f3 por primera vez al justicialismo en los comicios de 2023<\/strong>. En la primaria de ese a\u00f1o, apel\u00f3 al sello de\u00a0<strong>Evoluci\u00f3n Radical<\/strong>, el espacio que conduce\u00a0<a href=\"https:\/\/www.infobae.com\/tag\/martin-lousteau\/\" target=\"_blank\" rel=\"noreferrer noopener\"><strong>Mart\u00edn Lousteau<\/strong><\/a>. Pero una vez en el Gobierno local mostr\u00f3 un claro alineamiento con\u00a0<a href=\"https:\/\/www.infobae.com\/tag\/rogelio-frigerio\/\" target=\"_blank\" rel=\"noreferrer noopener\"><strong>Frigerio\u00a0<\/strong><\/a>y las pol\u00edticas del presidente\u00a0<a href=\"https:\/\/www.infobae.com\/tag\/javier-milei\/\" target=\"_blank\" rel=\"noreferrer noopener\"><strong>Milei<\/strong><\/a>.<\/p>\n\n\n\n<p>Aunque tendr\u00e1 que superar una peque\u00f1a traba interna (su candidatura fue impugnada por motivos formales)\u00a0<strong>Azcu\u00e9\u00a0<\/strong>se prepara para regir los destinos de un partido que busca rehacer su identidad luego de la experiencia de\u00a0<strong>Juntos por el Cambio\u00a0<\/strong>y la irrupci\u00f3n del fen\u00f3meno libertario.<a href=\"https:\/\/www.infobae.com\/politica\/2025\/03\/19\/la-camara-de-diputados-aprobo-el-dnu-de-milei-y-el-gobierno-logro-blindar-el-acuerdo-con-el-fmi\/\" target=\"_blank\" rel=\"noreferrer noopener\"><\/a><\/p>\n\n\n\n<p>En&nbsp;<strong>Entre R\u00edos&nbsp;<\/strong>sobrevive el sello Juntos, pero con la impronta de&nbsp;<strong>Frigerio<\/strong>.<strong>&nbsp;El espacio sigue conteniendo al PRO y a la UCR<\/strong>. Ha sumado a otras fuerzas, como el Partido Socialista y otros de alcance local e incluso a referentes del peronismo, que se reacomodaron tras la debacle electoral del 2025.<img loading=\"lazy\" decoding=\"async\" alt=\"Rogelio Frigerio impulsa una convergencia\" height=\"1080\" src=\"https:\/\/www.infobae.com\/resizer\/v2\/SE3DMZFJSBEZHDWZ5JLOCPHTZI.jpg?auth=d0eb39f144986346490a148ecec09bb3aaac28defe489a4364c9dabe045206db&amp;smart=true&amp;width=350&amp;height=197&amp;quality=85\" width=\"1920\">Rogelio Frigerio impulsa una convergencia entre Juntos por Entre R\u00edos y La Libertad Avanza para las elecciones legislativas<\/p>\n\n\n\n<p><strong>El Gobernador pretende ahora que Juntos por Entre R\u00edos confluya en una \u00fanica opci\u00f3n con LLA<\/strong>\u00a0de cara a las elecciones legislativas.\u00a0<strong>Azcu\u00e9\u00a0<\/strong>es permeable a esa posibilidad. Ha manifestado en reiteradas oportunidades su afinidad con el proyecto pol\u00edtico nacional.<a href=\"https:\/\/www.infobae.com\/politica\/2025\/03\/19\/nacho-torres-tomo-distancia-de-un-acuerdo-con-la-libertad-avanza-hay-cosas-que-no-vamos-a-acompanar-aunque-haya-un-frente-conjunto\/\" target=\"_blank\" rel=\"noreferrer noopener\"><\/a><\/p>\n\n\n\n<p>Su posici\u00f3n personal es clara.<strong>&nbsp;\u201cEstamos absolutamente convencidos y alineados con el rumbo que ha tomado nuestro pa\u00eds desde la Presidencia de Javier Milei\u201d<\/strong>, afirm\u00f3 durante un acto en la Municipalidad. En otra oportunidad, calific\u00f3 al mandatario nacional con un 8 sobre 10.<\/p>\n\n\n\n<p>Pero, radical al fin, pone como requisito el cumplimiento de los pasos estatutarios.&nbsp;<strong>\u201cLas alianzas electorales las definir\u00e1 el Congreso. Se hizo as\u00ed cuando se conform\u00f3 Cambiemos en 2015 y Juntos en 2019 y 2023\u201d<\/strong>, puntualiz\u00f3 en declaraciones a&nbsp;<strong>Infobae<\/strong>.<\/p>\n\n\n\n<p>En ese sentido, indic\u00f3 que el radicalismo est\u00e1 cambiando.<strong>&nbsp;\u201cLa UCR quiere gobernar y gestionar y dejar de salir segundo o tercero. Queremos defender nuestras banderas e ideales, pero desde el Gobierno para cambiarle la vida a la gente\u201d<\/strong>, puntualiz\u00f3.<img loading=\"lazy\" decoding=\"async\" alt=\"Javier Milei obtuvo el 62%\" height=\"4065\" src=\"https:\/\/www.infobae.com\/resizer\/v2\/CGR6VUBDWMYUYJG6KWKY25JLZE.jpg?auth=5bf8ed63e9938d67ae77fffe521675d174756f2bce303e80ce7c4e019527eb47&amp;smart=true&amp;width=350&amp;height=233&amp;quality=85\" width=\"6098\">Javier Milei obtuvo el 62% de los votos en el balotaje en Entre R\u00edos, reforzando su presencia en la provincia<\/p>\n\n\n\n<p>En su gesti\u00f3n, Azcu\u00e9 sigue la receta del presidente:&nbsp;<strong>reducci\u00f3n del gasto<\/strong>,&nbsp;<strong>menos impuestos&nbsp;<\/strong>y&nbsp;<strong>super\u00e1vit fiscal&nbsp;<\/strong>en lo econ\u00f3mico.<strong>&nbsp;\u201cMano dura y firme, pero con respeto al Estado de derecho\u201d<\/strong>, contra los que infringen la ley, se\u00f1al\u00f3.<\/p>\n\n\n\n<p>Dos fuentes de primera l\u00ednea del Gobierno de Frigerio confiaron a <em>Infobae<\/em>\u00a0que una\u00a0<strong>UCR conducida por Azcu\u00e9 allanar\u00eda el camino para un entendimiento electoral con el espacio libertario<\/strong>. \u201cEl Gringo\u201d charl\u00f3 con el gobernador su decisi\u00f3n de competir en la interna antes de hacerla p\u00fablica.<\/p>\n\n\n\n<p>Un acercamiento con el espacio libertario hubiera sido imposible con quienes ejercen hoy por hoy la conducci\u00f3n del centenario partido.&nbsp;<strong>\u201cSi LLA est\u00e1 en el norte, yo estoy en el sur\u201d<\/strong>, asever\u00f3 el actual titular del radicalismo entrerriano, Amado Fuad Sosa, hace unas semanas.<img loading=\"lazy\" decoding=\"async\" alt=\"Azcu\u00e9 propone reducir el gasto,\" height=\"1064\" src=\"https:\/\/www.infobae.com\/resizer\/v2\/MW44E7ZGCBF47IGLEPBBBST3OU.jpeg?auth=1818555cead8b1af4976612f3fd17c7a0721716eb6b7155678e9ecb4bce7bef0&amp;smart=true&amp;width=350&amp;height=233&amp;quality=85\" width=\"1600\">Azcu\u00e9 propone reducir el gasto, menos impuestos y super\u00e1vit fiscal, siguiendo la l\u00ednea del presidente Milei<\/p>\n\n\n\n<p>El partido de Milei est\u00e1 conformado en la provincia. Posee sello propio y eligi\u00f3 a sus autoridades, m\u00e1s all\u00e1 de alg\u00fan cuestionamiento puntual que se dirime en la Justicia Electoral. Es la tercera fuerza provincial. En el balotaje, el presidente sac\u00f3 el 62% de los votos. El dilema ahora es que Milei no estar\u00e1 en la boleta.&nbsp;<strong>Y LLA Entre R\u00edos no tiene candidatos fuertes y con reconocimiento<\/strong>.<\/p>\n\n\n\n<p>En la provincia no habr\u00e1 elecciones propias este a\u00f1o. Pero renovar\u00e1 sus tres bancas en el Senado y 5 en Diputados. Quien m\u00e1s arriesga es Juntos. Los senadores&nbsp;<strong>Alfredo de Angeli&nbsp;<\/strong>(<strong>PRO<\/strong>) y&nbsp;<strong>Stella Olalla&nbsp;<\/strong>(<strong>UCR<\/strong>) concluir\u00e1n sus mandatos y lo mismo ocurrir\u00e1 con&nbsp;<strong>Atilio Benedetti&nbsp;<\/strong>(<strong>UCR<\/strong>);&nbsp;<strong>Marcela Antola&nbsp;<\/strong>(<strong>Democracia<\/strong>&nbsp;<strong>para Siempre<\/strong>) y&nbsp;<strong>Nancy Ballejos&nbsp;<\/strong>(<strong>PRO<\/strong>) en la&nbsp;<strong>C\u00e1mara Baja<\/strong>.<\/p>\n\n\n\n<p>En el peronismo, en tanto, terminar\u00e1n los per\u00edodos de la senadora&nbsp;<strong>Stefan\u00eda Cora<\/strong>, quien ingres\u00f3 en febrero en reemplazo del expulsado&nbsp;<strong>Edgardo Kueider<\/strong>, y de los diputados&nbsp;<strong>Carolina Gaillard&nbsp;<\/strong>y&nbsp;<strong>Tom\u00e1s Ledesma.<\/strong><\/p>\n\n\n\n<p>Fuente: Juan Bracco &#8211; Infobae<\/p>\n","protected":false},"excerpt":{"rendered":"<p>De all\u00ed la pelea del Intendente de Concordia, Francisco Azcu\u00e9 para conducir una UCR m\u00e1s af\u00edn con La Libertad Avanza La\u00a0UCR\u00a0Entre R\u00edos\u00a0ir\u00e1 a las urnas el pr\u00f3ximo 6 de abril. Ser\u00e1 una elecci\u00f3n en la que se elija poco. Es que el pasado 11 de marzo se cerr\u00f3 el plazo la presentaci\u00f3n de listas al [&hellip;]<\/p>\n","protected":false},"author":2,"featured_media":1675,"comment_status":"open","ping_status":"open","sticky":false,"template":"","format":"standard","meta":{"footnotes":""},"categories":[16],"tags":[],"class_list":{"0":"post-1674","1":"post","2":"type-post","3":"status-publish","4":"format-standard","5":"has-post-thumbnail","7":"category-locales"},"yoast_head":"<!-- This site is optimized with the Yoast SEO plugin v27.4 - https:\/\/yoast.com\/product\/yoast-seo-wordpress\/ -->\n<title>Azcu\u00e9 confes\u00f3 estar &quot;absolutamente alineado&quot; con el Presidente Javier Milei - Diario del Sur<\/title>\n<meta name=\"robots\" content=\"index, follow, max-snippet:-1, max-image-preview:large, max-video-preview:-1\" \/>\n<link rel=\"canonical\" href=\"https:\/\/diariodelsurdigital.com.ar\/?p=1674\" \/>\n<meta property=\"og:locale\" content=\"es_ES\" \/>\n<meta property=\"og:type\" content=\"article\" \/>\n<meta property=\"og:title\" content=\"Azcu\u00e9 confes\u00f3 estar &quot;absolutamente alineado&quot; con el Presidente Javier Milei - Diario del Sur\" \/>\n<meta property=\"og:description\" content=\"De all\u00ed la pelea del Intendente de Concordia, Francisco Azcu\u00e9 para conducir una UCR m\u00e1s af\u00edn con La Libertad Avanza La\u00a0UCR\u00a0Entre R\u00edos\u00a0ir\u00e1 a las urnas el pr\u00f3ximo 6 de abril. Ser\u00e1 una elecci\u00f3n en la que se elija poco. Es que el pasado 11 de marzo se cerr\u00f3 el plazo la presentaci\u00f3n de listas al [&hellip;]\" \/>\n<meta property=\"og:url\" content=\"https:\/\/diariodelsurdigital.com.ar\/?p=1674\" \/>\n<meta property=\"og:site_name\" content=\"Diario del Sur\" \/>\n<meta property=\"article:published_time\" content=\"2025-03-19T21:36:13+00:00\" \/>\n<meta property=\"article:modified_time\" content=\"2025-03-19T21:36:14+00:00\" \/>\n<meta property=\"og:image\" content=\"https:\/\/diariodelsurdigital.com.ar\/wp-content\/uploads\/2025\/03\/LSLMDEFHHFCLNGCFB357UFOVYA.png\" \/>\n\t<meta property=\"og:image:width\" content=\"500\" \/>\n\t<meta property=\"og:image:height\" content=\"354\" \/>\n\t<meta property=\"og:image:type\" content=\"image\/png\" \/>\n<meta name=\"author\" content=\"Diario del Sur Digital\" \/>\n<meta name=\"twitter:card\" content=\"summary_large_image\" \/>\n<meta name=\"twitter:label1\" content=\"Escrito por\" \/>\n\t<meta name=\"twitter:data1\" content=\"Diario del Sur Digital\" \/>\n\t<meta name=\"twitter:label2\" content=\"Tiempo de lectura\" \/>\n\t<meta name=\"twitter:data2\" content=\"5 minutos\" \/>\n<script type=\"application\/ld+json\" class=\"yoast-schema-graph\">{\"@context\":\"https:\\\/\\\/schema.org\",\"@graph\":[{\"@type\":\"Article\",\"@id\":\"https:\\\/\\\/diariodelsurdigital.com.ar\\\/?p=1674#article\",\"isPartOf\":{\"@id\":\"https:\\\/\\\/diariodelsurdigital.com.ar\\\/?p=1674\"},\"author\":{\"name\":\"Diario del Sur Digital\",\"@id\":\"https:\\\/\\\/diariodelsurdigital.com.ar\\\/#\\\/schema\\\/person\\\/6136a32571657f7dba980b88b04c5465\"},\"headline\":\"Azcu\u00e9 confes\u00f3 estar \u00ababsolutamente alineado\u00bb con el Presidente Javier Milei\",\"datePublished\":\"2025-03-19T21:36:13+00:00\",\"dateModified\":\"2025-03-19T21:36:14+00:00\",\"mainEntityOfPage\":{\"@id\":\"https:\\\/\\\/diariodelsurdigital.com.ar\\\/?p=1674\"},\"wordCount\":819,\"commentCount\":0,\"image\":{\"@id\":\"https:\\\/\\\/diariodelsurdigital.com.ar\\\/?p=1674#primaryimage\"},\"thumbnailUrl\":\"https:\\\/\\\/diariodelsurdigital.com.ar\\\/wp-content\\\/uploads\\\/2025\\\/03\\\/LSLMDEFHHFCLNGCFB357UFOVYA.png\",\"articleSection\":[\"Locales\"],\"inLanguage\":\"es\",\"potentialAction\":[{\"@type\":\"CommentAction\",\"name\":\"Comment\",\"target\":[\"https:\\\/\\\/diariodelsurdigital.com.ar\\\/?p=1674#respond\"]}]},{\"@type\":\"WebPage\",\"@id\":\"https:\\\/\\\/diariodelsurdigital.com.ar\\\/?p=1674\",\"url\":\"https:\\\/\\\/diariodelsurdigital.com.ar\\\/?p=1674\",\"name\":\"Azcu\u00e9 confes\u00f3 estar \\\"absolutamente alineado\\\" con el Presidente Javier Milei - Diario del Sur\",\"isPartOf\":{\"@id\":\"https:\\\/\\\/diariodelsurdigital.com.ar\\\/#website\"},\"primaryImageOfPage\":{\"@id\":\"https:\\\/\\\/diariodelsurdigital.com.ar\\\/?p=1674#primaryimage\"},\"image\":{\"@id\":\"https:\\\/\\\/diariodelsurdigital.com.ar\\\/?p=1674#primaryimage\"},\"thumbnailUrl\":\"https:\\\/\\\/diariodelsurdigital.com.ar\\\/wp-content\\\/uploads\\\/2025\\\/03\\\/LSLMDEFHHFCLNGCFB357UFOVYA.png\",\"datePublished\":\"2025-03-19T21:36:13+00:00\",\"dateModified\":\"2025-03-19T21:36:14+00:00\",\"author\":{\"@id\":\"https:\\\/\\\/diariodelsurdigital.com.ar\\\/#\\\/schema\\\/person\\\/6136a32571657f7dba980b88b04c5465\"},\"breadcrumb\":{\"@id\":\"https:\\\/\\\/diariodelsurdigital.com.ar\\\/?p=1674#breadcrumb\"},\"inLanguage\":\"es\",\"potentialAction\":[{\"@type\":\"ReadAction\",\"target\":[\"https:\\\/\\\/diariodelsurdigital.com.ar\\\/?p=1674\"]}]},{\"@type\":\"ImageObject\",\"inLanguage\":\"es\",\"@id\":\"https:\\\/\\\/diariodelsurdigital.com.ar\\\/?p=1674#primaryimage\",\"url\":\"https:\\\/\\\/diariodelsurdigital.com.ar\\\/wp-content\\\/uploads\\\/2025\\\/03\\\/LSLMDEFHHFCLNGCFB357UFOVYA.png\",\"contentUrl\":\"https:\\\/\\\/diariodelsurdigital.com.ar\\\/wp-content\\\/uploads\\\/2025\\\/03\\\/LSLMDEFHHFCLNGCFB357UFOVYA.png\",\"width\":500,\"height\":354},{\"@type\":\"BreadcrumbList\",\"@id\":\"https:\\\/\\\/diariodelsurdigital.com.ar\\\/?p=1674#breadcrumb\",\"itemListElement\":[{\"@type\":\"ListItem\",\"position\":1,\"name\":\"Portada\",\"item\":\"https:\\\/\\\/diariodelsurdigital.com.ar\\\/\"},{\"@type\":\"ListItem\",\"position\":2,\"name\":\"Azcu\u00e9 confes\u00f3 estar \u00ababsolutamente alineado\u00bb con el Presidente Javier Milei\"}]},{\"@type\":\"WebSite\",\"@id\":\"https:\\\/\\\/diariodelsurdigital.com.ar\\\/#website\",\"url\":\"https:\\\/\\\/diariodelsurdigital.com.ar\\\/\",\"name\":\"Diario del Sur\",\"description\":\"Digital\",\"potentialAction\":[{\"@type\":\"SearchAction\",\"target\":{\"@type\":\"EntryPoint\",\"urlTemplate\":\"https:\\\/\\\/diariodelsurdigital.com.ar\\\/?s={search_term_string}\"},\"query-input\":{\"@type\":\"PropertyValueSpecification\",\"valueRequired\":true,\"valueName\":\"search_term_string\"}}],\"inLanguage\":\"es\"},{\"@type\":\"Person\",\"@id\":\"https:\\\/\\\/diariodelsurdigital.com.ar\\\/#\\\/schema\\\/person\\\/6136a32571657f7dba980b88b04c5465\",\"name\":\"Diario del Sur Digital\",\"image\":{\"@type\":\"ImageObject\",\"inLanguage\":\"es\",\"@id\":\"https:\\\/\\\/secure.gravatar.com\\\/avatar\\\/4c29ceac98541dd42460b2474aaa5dd37594d6ce6cb3cf2c101d09b48ee287ba?s=96&d=mm&r=g\",\"url\":\"https:\\\/\\\/secure.gravatar.com\\\/avatar\\\/4c29ceac98541dd42460b2474aaa5dd37594d6ce6cb3cf2c101d09b48ee287ba?s=96&d=mm&r=g\",\"contentUrl\":\"https:\\\/\\\/secure.gravatar.com\\\/avatar\\\/4c29ceac98541dd42460b2474aaa5dd37594d6ce6cb3cf2c101d09b48ee287ba?s=96&d=mm&r=g\",\"caption\":\"Diario del Sur Digital\"},\"url\":\"https:\\\/\\\/diariodelsurdigital.com.ar\\\/?author=2\"}]}<\/script>\n<!-- \/ Yoast SEO plugin. -->","yoast_head_json":{"title":"Azcu\u00e9 confes\u00f3 estar \"absolutamente alineado\" con el Presidente Javier Milei - Diario del Sur","robots":{"index":"index","follow":"follow","max-snippet":"max-snippet:-1","max-image-preview":"max-image-preview:large","max-video-preview":"max-video-preview:-1"},"canonical":"https:\/\/diariodelsurdigital.com.ar\/?p=1674","og_locale":"es_ES","og_type":"article","og_title":"Azcu\u00e9 confes\u00f3 estar \"absolutamente alineado\" con el Presidente Javier Milei - Diario del Sur","og_description":"De all\u00ed la pelea del Intendente de Concordia, Francisco Azcu\u00e9 para conducir una UCR m\u00e1s af\u00edn con La Libertad Avanza La\u00a0UCR\u00a0Entre R\u00edos\u00a0ir\u00e1 a las urnas el pr\u00f3ximo 6 de abril. Ser\u00e1 una elecci\u00f3n en la que se elija poco. Es que el pasado 11 de marzo se cerr\u00f3 el plazo la presentaci\u00f3n de listas al [&hellip;]","og_url":"https:\/\/diariodelsurdigital.com.ar\/?p=1674","og_site_name":"Diario del Sur","article_published_time":"2025-03-19T21:36:13+00:00","article_modified_time":"2025-03-19T21:36:14+00:00","og_image":[{"width":500,"height":354,"url":"https:\/\/diariodelsurdigital.com.ar\/wp-content\/uploads\/2025\/03\/LSLMDEFHHFCLNGCFB357UFOVYA.png","type":"image\/png"}],"author":"Diario del Sur Digital","twitter_card":"summary_large_image","twitter_misc":{"Escrito por":"Diario del Sur Digital","Tiempo de lectura":"5 minutos"},"schema":{"@context":"https:\/\/schema.org","@graph":[{"@type":"Article","@id":"https:\/\/diariodelsurdigital.com.ar\/?p=1674#article","isPartOf":{"@id":"https:\/\/diariodelsurdigital.com.ar\/?p=1674"},"author":{"name":"Diario del Sur Digital","@id":"https:\/\/diariodelsurdigital.com.ar\/#\/schema\/person\/6136a32571657f7dba980b88b04c5465"},"headline":"Azcu\u00e9 confes\u00f3 estar \u00ababsolutamente alineado\u00bb con el Presidente Javier Milei","datePublished":"2025-03-19T21:36:13+00:00","dateModified":"2025-03-19T21:36:14+00:00","mainEntityOfPage":{"@id":"https:\/\/diariodelsurdigital.com.ar\/?p=1674"},"wordCount":819,"commentCount":0,"image":{"@id":"https:\/\/diariodelsurdigital.com.ar\/?p=1674#primaryimage"},"thumbnailUrl":"https:\/\/diariodelsurdigital.com.ar\/wp-content\/uploads\/2025\/03\/LSLMDEFHHFCLNGCFB357UFOVYA.png","articleSection":["Locales"],"inLanguage":"es","potentialAction":[{"@type":"CommentAction","name":"Comment","target":["https:\/\/diariodelsurdigital.com.ar\/?p=1674#respond"]}]},{"@type":"WebPage","@id":"https:\/\/diariodelsurdigital.com.ar\/?p=1674","url":"https:\/\/diariodelsurdigital.com.ar\/?p=1674","name":"Azcu\u00e9 confes\u00f3 estar \"absolutamente alineado\" con el Presidente Javier Milei - Diario del Sur","isPartOf":{"@id":"https:\/\/diariodelsurdigital.com.ar\/#website"},"primaryImageOfPage":{"@id":"https:\/\/diariodelsurdigital.com.ar\/?p=1674#primaryimage"},"image":{"@id":"https:\/\/diariodelsurdigital.com.ar\/?p=1674#primaryimage"},"thumbnailUrl":"https:\/\/diariodelsurdigital.com.ar\/wp-content\/uploads\/2025\/03\/LSLMDEFHHFCLNGCFB357UFOVYA.png","datePublished":"2025-03-19T21:36:13+00:00","dateModified":"2025-03-19T21:36:14+00:00","author":{"@id":"https:\/\/diariodelsurdigital.com.ar\/#\/schema\/person\/6136a32571657f7dba980b88b04c5465"},"breadcrumb":{"@id":"https:\/\/diariodelsurdigital.com.ar\/?p=1674#breadcrumb"},"inLanguage":"es","potentialAction":[{"@type":"ReadAction","target":["https:\/\/diariodelsurdigital.com.ar\/?p=1674"]}]},{"@type":"ImageObject","inLanguage":"es","@id":"https:\/\/diariodelsurdigital.com.ar\/?p=1674#primaryimage","url":"https:\/\/diariodelsurdigital.com.ar\/wp-content\/uploads\/2025\/03\/LSLMDEFHHFCLNGCFB357UFOVYA.png","contentUrl":"https:\/\/diariodelsurdigital.com.ar\/wp-content\/uploads\/2025\/03\/LSLMDEFHHFCLNGCFB357UFOVYA.png","width":500,"height":354},{"@type":"BreadcrumbList","@id":"https:\/\/diariodelsurdigital.com.ar\/?p=1674#breadcrumb","itemListElement":[{"@type":"ListItem","position":1,"name":"Portada","item":"https:\/\/diariodelsurdigital.com.ar\/"},{"@type":"ListItem","position":2,"name":"Azcu\u00e9 confes\u00f3 estar \u00ababsolutamente alineado\u00bb con el Presidente Javier Milei"}]},{"@type":"WebSite","@id":"https:\/\/diariodelsurdigital.com.ar\/#website","url":"https:\/\/diariodelsurdigital.com.ar\/","name":"Diario del Sur","description":"Digital","potentialAction":[{"@type":"SearchAction","target":{"@type":"EntryPoint","urlTemplate":"https:\/\/diariodelsurdigital.com.ar\/?s={search_term_string}"},"query-input":{"@type":"PropertyValueSpecification","valueRequired":true,"valueName":"search_term_string"}}],"inLanguage":"es"},{"@type":"Person","@id":"https:\/\/diariodelsurdigital.com.ar\/#\/schema\/person\/6136a32571657f7dba980b88b04c5465","name":"Diario del Sur Digital","image":{"@type":"ImageObject","inLanguage":"es","@id":"https:\/\/secure.gravatar.com\/avatar\/4c29ceac98541dd42460b2474aaa5dd37594d6ce6cb3cf2c101d09b48ee287ba?s=96&d=mm&r=g","url":"https:\/\/secure.gravatar.com\/avatar\/4c29ceac98541dd42460b2474aaa5dd37594d6ce6cb3cf2c101d09b48ee287ba?s=96&d=mm&r=g","contentUrl":"https:\/\/secure.gravatar.com\/avatar\/4c29ceac98541dd42460b2474aaa5dd37594d6ce6cb3cf2c101d09b48ee287ba?s=96&d=mm&r=g","caption":"Diario del Sur Digital"},"url":"https:\/\/diariodelsurdigital.com.ar\/?author=2"}]}},"_links":{"self":[{"href":"https:\/\/diariodelsurdigital.com.ar\/index.php?rest_route=\/wp\/v2\/posts\/1674","targetHints":{"allow":["GET"]}}],"collection":[{"href":"https:\/\/diariodelsurdigital.com.ar\/index.php?rest_route=\/wp\/v2\/posts"}],"about":[{"href":"https:\/\/diariodelsurdigital.com.ar\/index.php?rest_route=\/wp\/v2\/types\/post"}],"author":[{"embeddable":true,"href":"https:\/\/diariodelsurdigital.com.ar\/index.php?rest_route=\/wp\/v2\/users\/2"}],"replies":[{"embeddable":true,"href":"https:\/\/diariodelsurdigital.com.ar\/index.php?rest_route=%2Fwp%2Fv2%2Fcomments&post=1674"}],"version-history":[{"count":1,"href":"https:\/\/diariodelsurdigital.com.ar\/index.php?rest_route=\/wp\/v2\/posts\/1674\/revisions"}],"predecessor-version":[{"id":1676,"href":"https:\/\/diariodelsurdigital.com.ar\/index.php?rest_route=\/wp\/v2\/posts\/1674\/revisions\/1676"}],"wp:featuredmedia":[{"embeddable":true,"href":"https:\/\/diariodelsurdigital.com.ar\/index.php?rest_route=\/wp\/v2\/media\/1675"}],"wp:attachment":[{"href":"https:\/\/diariodelsurdigital.com.ar\/index.php?rest_route=%2Fwp%2Fv2%2Fmedia&parent=1674"}],"wp:term":[{"taxonomy":"category","embeddable":true,"href":"https:\/\/diariodelsurdigital.com.ar\/index.php?rest_route=%2Fwp%2Fv2%2Fcategories&post=1674"},{"taxonomy":"post_tag","embeddable":true,"href":"https:\/\/diariodelsurdigital.com.ar\/index.php?rest_route=%2Fwp%2Fv2%2Ftags&post=1674"}],"curies":[{"name":"wp","href":"https:\/\/api.w.org\/{rel}","templated":true}]}}