{"id":1696,"date":"2025-03-20T14:04:47","date_gmt":"2025-03-20T17:04:47","guid":{"rendered":"https:\/\/diariodelsurdigital.com.ar\/?p=1696"},"modified":"2025-03-20T14:04:48","modified_gmt":"2025-03-20T17:04:48","slug":"trabajadores-de-caminos-del-rio-uruguay-levantaron-barreras-en-el-peaje-de-estacion-yerua","status":"publish","type":"post","link":"https:\/\/diariodelsurdigital.com.ar\/?p=1696","title":{"rendered":"Trabajadores de Caminos del R\u00edo Uruguay levantaron barreras en el peaje de Estaci\u00f3n Yeru\u00e1"},"content":{"rendered":"\n<p>Sergio Dri, delegado del sindicato que agrupa a los trabajadores de Caminos R\u00edo Uruguay S. A. (CRUSA), confirm\u00f3 que la medida se inici\u00f3 este jueves por la ma\u00f1ana y que estar\u00e1n hasta las 14.<\/p>\n\n\n\n<p>\u201cEstamos en la lucha y esperando respuestas de la justicia a ver si fallan a favor de los trabajadores\u00bb, plante\u00f3 y ampli\u00f3 que volver\u00e1n a levantar las barreras de la cabina de peaje de Estaci\u00f3n Yeru\u00e1 de 17 a 20 y, nuevamente, entre las 22 y la 1 de la madrugada.<\/p>\n\n\n\n<p>Sebasti\u00e1n Monteleone, secretario de Seguridad, Higiene y Medioambiente del Sindicato \u00danico de Trabajadores de los Peajes y Afines (Sutpa), remarc\u00f3 al respecto que \u201chay 500 trabajadores a punto de perder su fuente laboral. Hay mucha incertidumbre y el Gobierno no se hace cargo\u201d.<\/p>\n\n\n\n<p>Se\u00f1al\u00f3, a su vez sobre la gesti\u00f3n nacional que encabeza Javier Milei, que \u201chan ahogado a las empresas privadas por no tener pol\u00edticas claras y, hasta ahora, ning\u00fan trabajador sabe qu\u00e9 va a ocurrir. No sabemos si habr\u00e1 indemnizaciones, ni que ocurrir\u00e1\u201d, lament\u00f3.<\/p>\n\n\n\n<p>\u201cLa situaci\u00f3n es complicada, no solo para los trabajadores, sino por lo que suceder\u00e1 en sus pueblos, en las econ\u00f3micas regionales, ya que ellos vuelcan su sueldo en sus localidades\u201d, explic\u00f3 y remarc\u00f3 que \u201cesto tiene fecha de vencimiento y, m\u00e1s all\u00e1 de las reuniones que tenemos con intendentes y autoridades de distintos tipos, necesitamos respuestas urgentes sobre el derecho m\u00e1s b\u00e1sico, que es el salario y el trabajo\u201d.<\/p>\n\n\n\n<p>Finalmente, confirm\u00f3 que har\u00e1n asambleas \u201ctodo el d\u00eda, en los diferentes turnos y estaremos en el minuto a minuto de lo que ocurra. No hay personal de ninguna fuerza organizando el tr\u00e1nsito ni nada por el estilo\u201d, se\u00f1al\u00f3 por \u00faltimo en la estaci\u00f3n ubicada en el Departamento Concordia, sobre la autov\u00eda de la Ruta Nacional 14 y a metros de su intersecci\u00f3n con la Ruta Nacional 18, public\u00f3 Elentrerios.<\/p>\n","protected":false},"excerpt":{"rendered":"<p>Sergio Dri, delegado del sindicato que agrupa a los trabajadores de Caminos R\u00edo Uruguay S. A. (CRUSA), confirm\u00f3 que la medida se inici\u00f3 este jueves por la ma\u00f1ana y que estar\u00e1n hasta las 14. \u201cEstamos en la lucha y esperando respuestas de la justicia a ver si fallan a favor de los trabajadores\u00bb, plante\u00f3 y [&hellip;]<\/p>\n","protected":false},"author":4,"featured_media":1697,"comment_status":"open","ping_status":"open","sticky":false,"template":"","format":"standard","meta":{"footnotes":""},"categories":[16],"tags":[],"class_list":{"0":"post-1696","1":"post","2":"type-post","3":"status-publish","4":"format-standard","5":"has-post-thumbnail","7":"category-locales"},"yoast_head":"<!-- This site is optimized with the Yoast SEO plugin v27.4 - https:\/\/yoast.com\/product\/yoast-seo-wordpress\/ -->\n<title>Trabajadores de Caminos del R\u00edo Uruguay levantaron barreras en el peaje de Estaci\u00f3n Yeru\u00e1 - Diario del Sur<\/title>\n<meta name=\"robots\" content=\"index, follow, max-snippet:-1, max-image-preview:large, max-video-preview:-1\" \/>\n<link rel=\"canonical\" href=\"https:\/\/diariodelsurdigital.com.ar\/?p=1696\" \/>\n<meta property=\"og:locale\" content=\"es_ES\" \/>\n<meta property=\"og:type\" content=\"article\" \/>\n<meta property=\"og:title\" content=\"Trabajadores de Caminos del R\u00edo Uruguay levantaron barreras en el peaje de Estaci\u00f3n Yeru\u00e1 - Diario del Sur\" \/>\n<meta property=\"og:description\" content=\"Sergio Dri, delegado del sindicato que agrupa a los trabajadores de Caminos R\u00edo Uruguay S. A. (CRUSA), confirm\u00f3 que la medida se inici\u00f3 este jueves por la ma\u00f1ana y que estar\u00e1n hasta las 14. \u201cEstamos en la lucha y esperando respuestas de la justicia a ver si fallan a favor de los trabajadores\u00bb, plante\u00f3 y [&hellip;]\" \/>\n<meta property=\"og:url\" content=\"https:\/\/diariodelsurdigital.com.ar\/?p=1696\" \/>\n<meta property=\"og:site_name\" content=\"Diario del Sur\" \/>\n<meta property=\"article:published_time\" content=\"2025-03-20T17:04:47+00:00\" \/>\n<meta property=\"article:modified_time\" content=\"2025-03-20T17:04:48+00:00\" \/>\n<meta property=\"og:image\" content=\"https:\/\/diariodelsurdigital.com.ar\/wp-content\/uploads\/2025\/03\/md-8-2.webp\" \/>\n\t<meta property=\"og:image:width\" content=\"992\" \/>\n\t<meta property=\"og:image:height\" content=\"661\" \/>\n\t<meta property=\"og:image:type\" content=\"image\/webp\" \/>\n<meta name=\"author\" content=\"Diario del Sur Digital\" \/>\n<meta name=\"twitter:card\" content=\"summary_large_image\" \/>\n<meta name=\"twitter:label1\" content=\"Escrito por\" \/>\n\t<meta name=\"twitter:data1\" content=\"Diario del Sur Digital\" \/>\n\t<meta name=\"twitter:label2\" content=\"Tiempo de lectura\" \/>\n\t<meta name=\"twitter:data2\" content=\"2 minutos\" \/>\n<script type=\"application\/ld+json\" class=\"yoast-schema-graph\">{\"@context\":\"https:\\\/\\\/schema.org\",\"@graph\":[{\"@type\":\"Article\",\"@id\":\"https:\\\/\\\/diariodelsurdigital.com.ar\\\/?p=1696#article\",\"isPartOf\":{\"@id\":\"https:\\\/\\\/diariodelsurdigital.com.ar\\\/?p=1696\"},\"author\":{\"name\":\"Diario del Sur Digital\",\"@id\":\"https:\\\/\\\/diariodelsurdigital.com.ar\\\/#\\\/schema\\\/person\\\/1a4992532ed62965c968031b49195c81\"},\"headline\":\"Trabajadores de Caminos del R\u00edo Uruguay levantaron barreras en el peaje de Estaci\u00f3n Yeru\u00e1\",\"datePublished\":\"2025-03-20T17:04:47+00:00\",\"dateModified\":\"2025-03-20T17:04:48+00:00\",\"mainEntityOfPage\":{\"@id\":\"https:\\\/\\\/diariodelsurdigital.com.ar\\\/?p=1696\"},\"wordCount\":339,\"commentCount\":0,\"image\":{\"@id\":\"https:\\\/\\\/diariodelsurdigital.com.ar\\\/?p=1696#primaryimage\"},\"thumbnailUrl\":\"https:\\\/\\\/diariodelsurdigital.com.ar\\\/wp-content\\\/uploads\\\/2025\\\/03\\\/md-8-2.webp\",\"articleSection\":[\"Locales\"],\"inLanguage\":\"es\",\"potentialAction\":[{\"@type\":\"CommentAction\",\"name\":\"Comment\",\"target\":[\"https:\\\/\\\/diariodelsurdigital.com.ar\\\/?p=1696#respond\"]}]},{\"@type\":\"WebPage\",\"@id\":\"https:\\\/\\\/diariodelsurdigital.com.ar\\\/?p=1696\",\"url\":\"https:\\\/\\\/diariodelsurdigital.com.ar\\\/?p=1696\",\"name\":\"Trabajadores de Caminos del R\u00edo Uruguay levantaron barreras en el peaje de Estaci\u00f3n Yeru\u00e1 - Diario del Sur\",\"isPartOf\":{\"@id\":\"https:\\\/\\\/diariodelsurdigital.com.ar\\\/#website\"},\"primaryImageOfPage\":{\"@id\":\"https:\\\/\\\/diariodelsurdigital.com.ar\\\/?p=1696#primaryimage\"},\"image\":{\"@id\":\"https:\\\/\\\/diariodelsurdigital.com.ar\\\/?p=1696#primaryimage\"},\"thumbnailUrl\":\"https:\\\/\\\/diariodelsurdigital.com.ar\\\/wp-content\\\/uploads\\\/2025\\\/03\\\/md-8-2.webp\",\"datePublished\":\"2025-03-20T17:04:47+00:00\",\"dateModified\":\"2025-03-20T17:04:48+00:00\",\"author\":{\"@id\":\"https:\\\/\\\/diariodelsurdigital.com.ar\\\/#\\\/schema\\\/person\\\/1a4992532ed62965c968031b49195c81\"},\"breadcrumb\":{\"@id\":\"https:\\\/\\\/diariodelsurdigital.com.ar\\\/?p=1696#breadcrumb\"},\"inLanguage\":\"es\",\"potentialAction\":[{\"@type\":\"ReadAction\",\"target\":[\"https:\\\/\\\/diariodelsurdigital.com.ar\\\/?p=1696\"]}]},{\"@type\":\"ImageObject\",\"inLanguage\":\"es\",\"@id\":\"https:\\\/\\\/diariodelsurdigital.com.ar\\\/?p=1696#primaryimage\",\"url\":\"https:\\\/\\\/diariodelsurdigital.com.ar\\\/wp-content\\\/uploads\\\/2025\\\/03\\\/md-8-2.webp\",\"contentUrl\":\"https:\\\/\\\/diariodelsurdigital.com.ar\\\/wp-content\\\/uploads\\\/2025\\\/03\\\/md-8-2.webp\",\"width\":992,\"height\":661},{\"@type\":\"BreadcrumbList\",\"@id\":\"https:\\\/\\\/diariodelsurdigital.com.ar\\\/?p=1696#breadcrumb\",\"itemListElement\":[{\"@type\":\"ListItem\",\"position\":1,\"name\":\"Portada\",\"item\":\"https:\\\/\\\/diariodelsurdigital.com.ar\\\/\"},{\"@type\":\"ListItem\",\"position\":2,\"name\":\"Trabajadores de Caminos del R\u00edo Uruguay levantaron barreras en el peaje de Estaci\u00f3n Yeru\u00e1\"}]},{\"@type\":\"WebSite\",\"@id\":\"https:\\\/\\\/diariodelsurdigital.com.ar\\\/#website\",\"url\":\"https:\\\/\\\/diariodelsurdigital.com.ar\\\/\",\"name\":\"Diario del Sur\",\"description\":\"Digital\",\"potentialAction\":[{\"@type\":\"SearchAction\",\"target\":{\"@type\":\"EntryPoint\",\"urlTemplate\":\"https:\\\/\\\/diariodelsurdigital.com.ar\\\/?s={search_term_string}\"},\"query-input\":{\"@type\":\"PropertyValueSpecification\",\"valueRequired\":true,\"valueName\":\"search_term_string\"}}],\"inLanguage\":\"es\"},{\"@type\":\"Person\",\"@id\":\"https:\\\/\\\/diariodelsurdigital.com.ar\\\/#\\\/schema\\\/person\\\/1a4992532ed62965c968031b49195c81\",\"name\":\"Diario del Sur Digital\",\"image\":{\"@type\":\"ImageObject\",\"inLanguage\":\"es\",\"@id\":\"https:\\\/\\\/secure.gravatar.com\\\/avatar\\\/f0c7c47fc7146d19828273b9b8eda651c9c7ab583767e6338d3d3bee825adf76?s=96&d=mm&r=g\",\"url\":\"https:\\\/\\\/secure.gravatar.com\\\/avatar\\\/f0c7c47fc7146d19828273b9b8eda651c9c7ab583767e6338d3d3bee825adf76?s=96&d=mm&r=g\",\"contentUrl\":\"https:\\\/\\\/secure.gravatar.com\\\/avatar\\\/f0c7c47fc7146d19828273b9b8eda651c9c7ab583767e6338d3d3bee825adf76?s=96&d=mm&r=g\",\"caption\":\"Diario del Sur Digital\"},\"url\":\"https:\\\/\\\/diariodelsurdigital.com.ar\\\/?author=4\"}]}<\/script>\n<!-- \/ Yoast SEO plugin. -->","yoast_head_json":{"title":"Trabajadores de Caminos del R\u00edo Uruguay levantaron barreras en el peaje de Estaci\u00f3n Yeru\u00e1 - Diario del Sur","robots":{"index":"index","follow":"follow","max-snippet":"max-snippet:-1","max-image-preview":"max-image-preview:large","max-video-preview":"max-video-preview:-1"},"canonical":"https:\/\/diariodelsurdigital.com.ar\/?p=1696","og_locale":"es_ES","og_type":"article","og_title":"Trabajadores de Caminos del R\u00edo Uruguay levantaron barreras en el peaje de Estaci\u00f3n Yeru\u00e1 - Diario del Sur","og_description":"Sergio Dri, delegado del sindicato que agrupa a los trabajadores de Caminos R\u00edo Uruguay S. A. (CRUSA), confirm\u00f3 que la medida se inici\u00f3 este jueves por la ma\u00f1ana y que estar\u00e1n hasta las 14. \u201cEstamos en la lucha y esperando respuestas de la justicia a ver si fallan a favor de los trabajadores\u00bb, plante\u00f3 y [&hellip;]","og_url":"https:\/\/diariodelsurdigital.com.ar\/?p=1696","og_site_name":"Diario del Sur","article_published_time":"2025-03-20T17:04:47+00:00","article_modified_time":"2025-03-20T17:04:48+00:00","og_image":[{"width":992,"height":661,"url":"https:\/\/diariodelsurdigital.com.ar\/wp-content\/uploads\/2025\/03\/md-8-2.webp","type":"image\/webp"}],"author":"Diario del Sur Digital","twitter_card":"summary_large_image","twitter_misc":{"Escrito por":"Diario del Sur Digital","Tiempo de lectura":"2 minutos"},"schema":{"@context":"https:\/\/schema.org","@graph":[{"@type":"Article","@id":"https:\/\/diariodelsurdigital.com.ar\/?p=1696#article","isPartOf":{"@id":"https:\/\/diariodelsurdigital.com.ar\/?p=1696"},"author":{"name":"Diario del Sur Digital","@id":"https:\/\/diariodelsurdigital.com.ar\/#\/schema\/person\/1a4992532ed62965c968031b49195c81"},"headline":"Trabajadores de Caminos del R\u00edo Uruguay levantaron barreras en el peaje de Estaci\u00f3n Yeru\u00e1","datePublished":"2025-03-20T17:04:47+00:00","dateModified":"2025-03-20T17:04:48+00:00","mainEntityOfPage":{"@id":"https:\/\/diariodelsurdigital.com.ar\/?p=1696"},"wordCount":339,"commentCount":0,"image":{"@id":"https:\/\/diariodelsurdigital.com.ar\/?p=1696#primaryimage"},"thumbnailUrl":"https:\/\/diariodelsurdigital.com.ar\/wp-content\/uploads\/2025\/03\/md-8-2.webp","articleSection":["Locales"],"inLanguage":"es","potentialAction":[{"@type":"CommentAction","name":"Comment","target":["https:\/\/diariodelsurdigital.com.ar\/?p=1696#respond"]}]},{"@type":"WebPage","@id":"https:\/\/diariodelsurdigital.com.ar\/?p=1696","url":"https:\/\/diariodelsurdigital.com.ar\/?p=1696","name":"Trabajadores de Caminos del R\u00edo Uruguay levantaron barreras en el peaje de Estaci\u00f3n Yeru\u00e1 - Diario del Sur","isPartOf":{"@id":"https:\/\/diariodelsurdigital.com.ar\/#website"},"primaryImageOfPage":{"@id":"https:\/\/diariodelsurdigital.com.ar\/?p=1696#primaryimage"},"image":{"@id":"https:\/\/diariodelsurdigital.com.ar\/?p=1696#primaryimage"},"thumbnailUrl":"https:\/\/diariodelsurdigital.com.ar\/wp-content\/uploads\/2025\/03\/md-8-2.webp","datePublished":"2025-03-20T17:04:47+00:00","dateModified":"2025-03-20T17:04:48+00:00","author":{"@id":"https:\/\/diariodelsurdigital.com.ar\/#\/schema\/person\/1a4992532ed62965c968031b49195c81"},"breadcrumb":{"@id":"https:\/\/diariodelsurdigital.com.ar\/?p=1696#breadcrumb"},"inLanguage":"es","potentialAction":[{"@type":"ReadAction","target":["https:\/\/diariodelsurdigital.com.ar\/?p=1696"]}]},{"@type":"ImageObject","inLanguage":"es","@id":"https:\/\/diariodelsurdigital.com.ar\/?p=1696#primaryimage","url":"https:\/\/diariodelsurdigital.com.ar\/wp-content\/uploads\/2025\/03\/md-8-2.webp","contentUrl":"https:\/\/diariodelsurdigital.com.ar\/wp-content\/uploads\/2025\/03\/md-8-2.webp","width":992,"height":661},{"@type":"BreadcrumbList","@id":"https:\/\/diariodelsurdigital.com.ar\/?p=1696#breadcrumb","itemListElement":[{"@type":"ListItem","position":1,"name":"Portada","item":"https:\/\/diariodelsurdigital.com.ar\/"},{"@type":"ListItem","position":2,"name":"Trabajadores de Caminos del R\u00edo Uruguay levantaron barreras en el peaje de Estaci\u00f3n Yeru\u00e1"}]},{"@type":"WebSite","@id":"https:\/\/diariodelsurdigital.com.ar\/#website","url":"https:\/\/diariodelsurdigital.com.ar\/","name":"Diario del Sur","description":"Digital","potentialAction":[{"@type":"SearchAction","target":{"@type":"EntryPoint","urlTemplate":"https:\/\/diariodelsurdigital.com.ar\/?s={search_term_string}"},"query-input":{"@type":"PropertyValueSpecification","valueRequired":true,"valueName":"search_term_string"}}],"inLanguage":"es"},{"@type":"Person","@id":"https:\/\/diariodelsurdigital.com.ar\/#\/schema\/person\/1a4992532ed62965c968031b49195c81","name":"Diario del Sur Digital","image":{"@type":"ImageObject","inLanguage":"es","@id":"https:\/\/secure.gravatar.com\/avatar\/f0c7c47fc7146d19828273b9b8eda651c9c7ab583767e6338d3d3bee825adf76?s=96&d=mm&r=g","url":"https:\/\/secure.gravatar.com\/avatar\/f0c7c47fc7146d19828273b9b8eda651c9c7ab583767e6338d3d3bee825adf76?s=96&d=mm&r=g","contentUrl":"https:\/\/secure.gravatar.com\/avatar\/f0c7c47fc7146d19828273b9b8eda651c9c7ab583767e6338d3d3bee825adf76?s=96&d=mm&r=g","caption":"Diario del Sur Digital"},"url":"https:\/\/diariodelsurdigital.com.ar\/?author=4"}]}},"_links":{"self":[{"href":"https:\/\/diariodelsurdigital.com.ar\/index.php?rest_route=\/wp\/v2\/posts\/1696","targetHints":{"allow":["GET"]}}],"collection":[{"href":"https:\/\/diariodelsurdigital.com.ar\/index.php?rest_route=\/wp\/v2\/posts"}],"about":[{"href":"https:\/\/diariodelsurdigital.com.ar\/index.php?rest_route=\/wp\/v2\/types\/post"}],"author":[{"embeddable":true,"href":"https:\/\/diariodelsurdigital.com.ar\/index.php?rest_route=\/wp\/v2\/users\/4"}],"replies":[{"embeddable":true,"href":"https:\/\/diariodelsurdigital.com.ar\/index.php?rest_route=%2Fwp%2Fv2%2Fcomments&post=1696"}],"version-history":[{"count":1,"href":"https:\/\/diariodelsurdigital.com.ar\/index.php?rest_route=\/wp\/v2\/posts\/1696\/revisions"}],"predecessor-version":[{"id":1698,"href":"https:\/\/diariodelsurdigital.com.ar\/index.php?rest_route=\/wp\/v2\/posts\/1696\/revisions\/1698"}],"wp:featuredmedia":[{"embeddable":true,"href":"https:\/\/diariodelsurdigital.com.ar\/index.php?rest_route=\/wp\/v2\/media\/1697"}],"wp:attachment":[{"href":"https:\/\/diariodelsurdigital.com.ar\/index.php?rest_route=%2Fwp%2Fv2%2Fmedia&parent=1696"}],"wp:term":[{"taxonomy":"category","embeddable":true,"href":"https:\/\/diariodelsurdigital.com.ar\/index.php?rest_route=%2Fwp%2Fv2%2Fcategories&post=1696"},{"taxonomy":"post_tag","embeddable":true,"href":"https:\/\/diariodelsurdigital.com.ar\/index.php?rest_route=%2Fwp%2Fv2%2Ftags&post=1696"}],"curies":[{"name":"wp","href":"https:\/\/api.w.org\/{rel}","templated":true}]}}