{"id":1731,"date":"2025-03-22T13:12:18","date_gmt":"2025-03-22T16:12:18","guid":{"rendered":"https:\/\/diariodelsurdigital.com.ar\/?p=1731"},"modified":"2025-03-22T13:12:19","modified_gmt":"2025-03-22T16:12:19","slug":"juntan-firmas-por-la-relocalizacion-de-la-planta-que-instalarian-a-3-640-m-de-colon","status":"publish","type":"post","link":"https:\/\/diariodelsurdigital.com.ar\/?p=1731","title":{"rendered":"Juntan firmas por la relocalizaci\u00f3n de la planta que instalar\u00edan \u201ca 3.640 m de Col\u00f3n\u201d"},"content":{"rendered":"\n<h2 class=\"wp-block-heading\" id=\"nota-title\"><\/h2>\n\n\n\n<p>La Multisectorial Somos Ambiente Costa del R\u00edo Uruguay, inici\u00f3 una campa\u00f1a de recolecci\u00f3n de firmas, con el fin de sumar fuerzas en el pedido de relocalizaci\u00f3n de la planta de combustible que se proyecta instalar en la Rep\u00fablica Oriental del Uruguay, frente a Col\u00f3n.<\/p>\n\n\n\n<p>\u201cEn la ciudad de Paysand\u00fa, a 3.640 metros de Col\u00f3n, pretenden instalar una refiner\u00eda de e-combustibles sint\u00e9ticos para exportaci\u00f3n\u201d, dice la convocatoria.<\/p>\n\n\n\n<p>\u201cEsto significar\u00eda la p\u00e9rdida del valor patrimonial tur\u00edstico, productivo y cultural de la Microrregi\u00f3n Tierra de Palmares. A su vez generar\u00eda altos riesgos a los habitantes del departamento por los productos elaborados, ya que las poblaciones cercanas son Col\u00f3n, con 3.640 metros de cercan\u00eda; Balneario de San Jos\u00e9, con 4.500 metros; y Liebig, con 9.500 metros\u201d.<\/p>\n\n\n\n<p>\u201cPedimos la relocalizaci\u00f3n. Como ciudadanos de Argentina no podemos emitir juicio sobre las decisiones productivas, econ\u00f3micas y energ\u00e9ticas del Estado Uruguayo, pero consideramos que este debe tener en cuenta las consecuencias negativas que podr\u00edan generarse en las ciudades transfronterizas. Por eso exigimos a nuestros representantes que arbitren los medios necesarios para lograr este objetivo. En nuestro territorio, estamos a tiempo de frenar la desvaloraci\u00f3n de nuestro suelo\u201d, se\u00f1alan los ambientalistas.<\/p>\n\n\n\n<p>\u201cTodav\u00eda queda tiempo para actuar por canales institucionales, pero necesitamos el apoyo de toda la comunidad y m\u00e1xima difusi\u00f3n posible\u201d, concluyen.<\/p>\n\n\n\n<p>Por el momento, los lugares en Col\u00f3n que cuentan con planillas para reunir firmas son los siguientes:<\/p>\n\n\n\n<p>* Club \u201cPiedras Coloradas\u201d.<\/p>\n\n\n\n<p>* Bazar \u201cTentaciones\u201d (12 de Abril).<\/p>\n\n\n\n<p>* Casa del Artesano. (12 de Abril).<\/p>\n\n\n\n<p>* Panader\u00eda \u201cLa Perla\u201d.<\/p>\n\n\n\n<p>* Panader\u00eda \u201cLa Moderna\u201d (12 de Abril).<\/p>\n\n\n\n<p>* Lavadero de ropa \u201cAvenida\u201d.<\/p>\n\n\n\n<p>* Despensa \u201cGera\u201d (3 de Febrero).<\/p>\n\n\n\n<p>* Verduler\u00eda \u201cDesde el Campo\u201d.<\/p>\n\n\n\n<p>Si alg\u00fan local\/comercio\/espacio quiere colaborar, comunicarse por Instagram: somosambiente.er; o por Whatsapp: 3447517760 \/ 3447499043.<\/p>\n\n\n\n<p>Tambi\u00e9n se puede sumar apoyo de forma Virtual ingresando al enlace:\u00a0<a href=\"https:\/\/chng.it\/RtX7xGsyHD\" target=\"_blank\" rel=\"noreferrer noopener\">https:\/\/chng.it\/RtX7xGsyHD<\/a><\/p>\n\n\n\n<p><strong>Fuente:<\/strong>\u00a0El Entre R\u00edos<\/p>\n","protected":false},"excerpt":{"rendered":"<p>La Multisectorial Somos Ambiente Costa del R\u00edo Uruguay, inici\u00f3 una campa\u00f1a de recolecci\u00f3n de firmas, con el fin de sumar fuerzas en el pedido de relocalizaci\u00f3n de la planta de combustible que se proyecta instalar en la Rep\u00fablica Oriental del Uruguay, frente a Col\u00f3n. \u201cEn la ciudad de Paysand\u00fa, a 3.640 metros de Col\u00f3n, pretenden [&hellip;]<\/p>\n","protected":false},"author":2,"featured_media":1732,"comment_status":"open","ping_status":"open","sticky":false,"template":"","format":"standard","meta":{"footnotes":""},"categories":[17],"tags":[],"class_list":{"0":"post-1731","1":"post","2":"type-post","3":"status-publish","4":"format-standard","5":"has-post-thumbnail","7":"category-provinciales"},"yoast_head":"<!-- This site is optimized with the Yoast SEO plugin v27.4 - https:\/\/yoast.com\/product\/yoast-seo-wordpress\/ -->\n<title>Juntan firmas por la relocalizaci\u00f3n de la planta que instalar\u00edan \u201ca 3.640 m de Col\u00f3n\u201d - Diario del Sur<\/title>\n<meta name=\"robots\" content=\"index, follow, max-snippet:-1, max-image-preview:large, max-video-preview:-1\" \/>\n<link rel=\"canonical\" href=\"https:\/\/diariodelsurdigital.com.ar\/?p=1731\" \/>\n<meta property=\"og:locale\" content=\"es_ES\" \/>\n<meta property=\"og:type\" content=\"article\" \/>\n<meta property=\"og:title\" content=\"Juntan firmas por la relocalizaci\u00f3n de la planta que instalar\u00edan \u201ca 3.640 m de Col\u00f3n\u201d - Diario del Sur\" \/>\n<meta property=\"og:description\" content=\"La Multisectorial Somos Ambiente Costa del R\u00edo Uruguay, inici\u00f3 una campa\u00f1a de recolecci\u00f3n de firmas, con el fin de sumar fuerzas en el pedido de relocalizaci\u00f3n de la planta de combustible que se proyecta instalar en la Rep\u00fablica Oriental del Uruguay, frente a Col\u00f3n. \u201cEn la ciudad de Paysand\u00fa, a 3.640 metros de Col\u00f3n, pretenden [&hellip;]\" \/>\n<meta property=\"og:url\" content=\"https:\/\/diariodelsurdigital.com.ar\/?p=1731\" \/>\n<meta property=\"og:site_name\" content=\"Diario del Sur\" \/>\n<meta property=\"article:published_time\" content=\"2025-03-22T16:12:18+00:00\" \/>\n<meta property=\"article:modified_time\" content=\"2025-03-22T16:12:19+00:00\" \/>\n<meta property=\"og:image\" content=\"https:\/\/diariodelsurdigital.com.ar\/wp-content\/uploads\/2025\/03\/l_1742639352.jpg\" \/>\n\t<meta property=\"og:image:width\" content=\"568\" \/>\n\t<meta property=\"og:image:height\" content=\"368\" \/>\n\t<meta property=\"og:image:type\" content=\"image\/jpeg\" \/>\n<meta name=\"author\" content=\"Diario del Sur Digital\" \/>\n<meta name=\"twitter:card\" content=\"summary_large_image\" \/>\n<meta name=\"twitter:label1\" content=\"Escrito por\" \/>\n\t<meta name=\"twitter:data1\" content=\"Diario del Sur Digital\" \/>\n\t<meta name=\"twitter:label2\" content=\"Tiempo de lectura\" \/>\n\t<meta name=\"twitter:data2\" content=\"2 minutos\" \/>\n<script type=\"application\/ld+json\" class=\"yoast-schema-graph\">{\"@context\":\"https:\\\/\\\/schema.org\",\"@graph\":[{\"@type\":\"Article\",\"@id\":\"https:\\\/\\\/diariodelsurdigital.com.ar\\\/?p=1731#article\",\"isPartOf\":{\"@id\":\"https:\\\/\\\/diariodelsurdigital.com.ar\\\/?p=1731\"},\"author\":{\"name\":\"Diario del Sur Digital\",\"@id\":\"https:\\\/\\\/diariodelsurdigital.com.ar\\\/#\\\/schema\\\/person\\\/6136a32571657f7dba980b88b04c5465\"},\"headline\":\"Juntan firmas por la relocalizaci\u00f3n de la planta que instalar\u00edan \u201ca 3.640 m de Col\u00f3n\u201d\",\"datePublished\":\"2025-03-22T16:12:18+00:00\",\"dateModified\":\"2025-03-22T16:12:19+00:00\",\"mainEntityOfPage\":{\"@id\":\"https:\\\/\\\/diariodelsurdigital.com.ar\\\/?p=1731\"},\"wordCount\":343,\"commentCount\":0,\"image\":{\"@id\":\"https:\\\/\\\/diariodelsurdigital.com.ar\\\/?p=1731#primaryimage\"},\"thumbnailUrl\":\"https:\\\/\\\/diariodelsurdigital.com.ar\\\/wp-content\\\/uploads\\\/2025\\\/03\\\/l_1742639352.jpg\",\"articleSection\":[\"Provinciales\"],\"inLanguage\":\"es\",\"potentialAction\":[{\"@type\":\"CommentAction\",\"name\":\"Comment\",\"target\":[\"https:\\\/\\\/diariodelsurdigital.com.ar\\\/?p=1731#respond\"]}]},{\"@type\":\"WebPage\",\"@id\":\"https:\\\/\\\/diariodelsurdigital.com.ar\\\/?p=1731\",\"url\":\"https:\\\/\\\/diariodelsurdigital.com.ar\\\/?p=1731\",\"name\":\"Juntan firmas por la relocalizaci\u00f3n de la planta que instalar\u00edan \u201ca 3.640 m de Col\u00f3n\u201d - Diario del Sur\",\"isPartOf\":{\"@id\":\"https:\\\/\\\/diariodelsurdigital.com.ar\\\/#website\"},\"primaryImageOfPage\":{\"@id\":\"https:\\\/\\\/diariodelsurdigital.com.ar\\\/?p=1731#primaryimage\"},\"image\":{\"@id\":\"https:\\\/\\\/diariodelsurdigital.com.ar\\\/?p=1731#primaryimage\"},\"thumbnailUrl\":\"https:\\\/\\\/diariodelsurdigital.com.ar\\\/wp-content\\\/uploads\\\/2025\\\/03\\\/l_1742639352.jpg\",\"datePublished\":\"2025-03-22T16:12:18+00:00\",\"dateModified\":\"2025-03-22T16:12:19+00:00\",\"author\":{\"@id\":\"https:\\\/\\\/diariodelsurdigital.com.ar\\\/#\\\/schema\\\/person\\\/6136a32571657f7dba980b88b04c5465\"},\"breadcrumb\":{\"@id\":\"https:\\\/\\\/diariodelsurdigital.com.ar\\\/?p=1731#breadcrumb\"},\"inLanguage\":\"es\",\"potentialAction\":[{\"@type\":\"ReadAction\",\"target\":[\"https:\\\/\\\/diariodelsurdigital.com.ar\\\/?p=1731\"]}]},{\"@type\":\"ImageObject\",\"inLanguage\":\"es\",\"@id\":\"https:\\\/\\\/diariodelsurdigital.com.ar\\\/?p=1731#primaryimage\",\"url\":\"https:\\\/\\\/diariodelsurdigital.com.ar\\\/wp-content\\\/uploads\\\/2025\\\/03\\\/l_1742639352.jpg\",\"contentUrl\":\"https:\\\/\\\/diariodelsurdigital.com.ar\\\/wp-content\\\/uploads\\\/2025\\\/03\\\/l_1742639352.jpg\",\"width\":568,\"height\":368},{\"@type\":\"BreadcrumbList\",\"@id\":\"https:\\\/\\\/diariodelsurdigital.com.ar\\\/?p=1731#breadcrumb\",\"itemListElement\":[{\"@type\":\"ListItem\",\"position\":1,\"name\":\"Portada\",\"item\":\"https:\\\/\\\/diariodelsurdigital.com.ar\\\/\"},{\"@type\":\"ListItem\",\"position\":2,\"name\":\"Juntan firmas por la relocalizaci\u00f3n de la planta que instalar\u00edan \u201ca 3.640 m de Col\u00f3n\u201d\"}]},{\"@type\":\"WebSite\",\"@id\":\"https:\\\/\\\/diariodelsurdigital.com.ar\\\/#website\",\"url\":\"https:\\\/\\\/diariodelsurdigital.com.ar\\\/\",\"name\":\"Diario del Sur\",\"description\":\"Digital\",\"potentialAction\":[{\"@type\":\"SearchAction\",\"target\":{\"@type\":\"EntryPoint\",\"urlTemplate\":\"https:\\\/\\\/diariodelsurdigital.com.ar\\\/?s={search_term_string}\"},\"query-input\":{\"@type\":\"PropertyValueSpecification\",\"valueRequired\":true,\"valueName\":\"search_term_string\"}}],\"inLanguage\":\"es\"},{\"@type\":\"Person\",\"@id\":\"https:\\\/\\\/diariodelsurdigital.com.ar\\\/#\\\/schema\\\/person\\\/6136a32571657f7dba980b88b04c5465\",\"name\":\"Diario del Sur Digital\",\"image\":{\"@type\":\"ImageObject\",\"inLanguage\":\"es\",\"@id\":\"https:\\\/\\\/secure.gravatar.com\\\/avatar\\\/4c29ceac98541dd42460b2474aaa5dd37594d6ce6cb3cf2c101d09b48ee287ba?s=96&d=mm&r=g\",\"url\":\"https:\\\/\\\/secure.gravatar.com\\\/avatar\\\/4c29ceac98541dd42460b2474aaa5dd37594d6ce6cb3cf2c101d09b48ee287ba?s=96&d=mm&r=g\",\"contentUrl\":\"https:\\\/\\\/secure.gravatar.com\\\/avatar\\\/4c29ceac98541dd42460b2474aaa5dd37594d6ce6cb3cf2c101d09b48ee287ba?s=96&d=mm&r=g\",\"caption\":\"Diario del Sur Digital\"},\"url\":\"https:\\\/\\\/diariodelsurdigital.com.ar\\\/?author=2\"}]}<\/script>\n<!-- \/ Yoast SEO plugin. -->","yoast_head_json":{"title":"Juntan firmas por la relocalizaci\u00f3n de la planta que instalar\u00edan \u201ca 3.640 m de Col\u00f3n\u201d - Diario del Sur","robots":{"index":"index","follow":"follow","max-snippet":"max-snippet:-1","max-image-preview":"max-image-preview:large","max-video-preview":"max-video-preview:-1"},"canonical":"https:\/\/diariodelsurdigital.com.ar\/?p=1731","og_locale":"es_ES","og_type":"article","og_title":"Juntan firmas por la relocalizaci\u00f3n de la planta que instalar\u00edan \u201ca 3.640 m de Col\u00f3n\u201d - Diario del Sur","og_description":"La Multisectorial Somos Ambiente Costa del R\u00edo Uruguay, inici\u00f3 una campa\u00f1a de recolecci\u00f3n de firmas, con el fin de sumar fuerzas en el pedido de relocalizaci\u00f3n de la planta de combustible que se proyecta instalar en la Rep\u00fablica Oriental del Uruguay, frente a Col\u00f3n. \u201cEn la ciudad de Paysand\u00fa, a 3.640 metros de Col\u00f3n, pretenden [&hellip;]","og_url":"https:\/\/diariodelsurdigital.com.ar\/?p=1731","og_site_name":"Diario del Sur","article_published_time":"2025-03-22T16:12:18+00:00","article_modified_time":"2025-03-22T16:12:19+00:00","og_image":[{"width":568,"height":368,"url":"https:\/\/diariodelsurdigital.com.ar\/wp-content\/uploads\/2025\/03\/l_1742639352.jpg","type":"image\/jpeg"}],"author":"Diario del Sur Digital","twitter_card":"summary_large_image","twitter_misc":{"Escrito por":"Diario del Sur Digital","Tiempo de lectura":"2 minutos"},"schema":{"@context":"https:\/\/schema.org","@graph":[{"@type":"Article","@id":"https:\/\/diariodelsurdigital.com.ar\/?p=1731#article","isPartOf":{"@id":"https:\/\/diariodelsurdigital.com.ar\/?p=1731"},"author":{"name":"Diario del Sur Digital","@id":"https:\/\/diariodelsurdigital.com.ar\/#\/schema\/person\/6136a32571657f7dba980b88b04c5465"},"headline":"Juntan firmas por la relocalizaci\u00f3n de la planta que instalar\u00edan \u201ca 3.640 m de Col\u00f3n\u201d","datePublished":"2025-03-22T16:12:18+00:00","dateModified":"2025-03-22T16:12:19+00:00","mainEntityOfPage":{"@id":"https:\/\/diariodelsurdigital.com.ar\/?p=1731"},"wordCount":343,"commentCount":0,"image":{"@id":"https:\/\/diariodelsurdigital.com.ar\/?p=1731#primaryimage"},"thumbnailUrl":"https:\/\/diariodelsurdigital.com.ar\/wp-content\/uploads\/2025\/03\/l_1742639352.jpg","articleSection":["Provinciales"],"inLanguage":"es","potentialAction":[{"@type":"CommentAction","name":"Comment","target":["https:\/\/diariodelsurdigital.com.ar\/?p=1731#respond"]}]},{"@type":"WebPage","@id":"https:\/\/diariodelsurdigital.com.ar\/?p=1731","url":"https:\/\/diariodelsurdigital.com.ar\/?p=1731","name":"Juntan firmas por la relocalizaci\u00f3n de la planta que instalar\u00edan \u201ca 3.640 m de Col\u00f3n\u201d - Diario del Sur","isPartOf":{"@id":"https:\/\/diariodelsurdigital.com.ar\/#website"},"primaryImageOfPage":{"@id":"https:\/\/diariodelsurdigital.com.ar\/?p=1731#primaryimage"},"image":{"@id":"https:\/\/diariodelsurdigital.com.ar\/?p=1731#primaryimage"},"thumbnailUrl":"https:\/\/diariodelsurdigital.com.ar\/wp-content\/uploads\/2025\/03\/l_1742639352.jpg","datePublished":"2025-03-22T16:12:18+00:00","dateModified":"2025-03-22T16:12:19+00:00","author":{"@id":"https:\/\/diariodelsurdigital.com.ar\/#\/schema\/person\/6136a32571657f7dba980b88b04c5465"},"breadcrumb":{"@id":"https:\/\/diariodelsurdigital.com.ar\/?p=1731#breadcrumb"},"inLanguage":"es","potentialAction":[{"@type":"ReadAction","target":["https:\/\/diariodelsurdigital.com.ar\/?p=1731"]}]},{"@type":"ImageObject","inLanguage":"es","@id":"https:\/\/diariodelsurdigital.com.ar\/?p=1731#primaryimage","url":"https:\/\/diariodelsurdigital.com.ar\/wp-content\/uploads\/2025\/03\/l_1742639352.jpg","contentUrl":"https:\/\/diariodelsurdigital.com.ar\/wp-content\/uploads\/2025\/03\/l_1742639352.jpg","width":568,"height":368},{"@type":"BreadcrumbList","@id":"https:\/\/diariodelsurdigital.com.ar\/?p=1731#breadcrumb","itemListElement":[{"@type":"ListItem","position":1,"name":"Portada","item":"https:\/\/diariodelsurdigital.com.ar\/"},{"@type":"ListItem","position":2,"name":"Juntan firmas por la relocalizaci\u00f3n de la planta que instalar\u00edan \u201ca 3.640 m de Col\u00f3n\u201d"}]},{"@type":"WebSite","@id":"https:\/\/diariodelsurdigital.com.ar\/#website","url":"https:\/\/diariodelsurdigital.com.ar\/","name":"Diario del Sur","description":"Digital","potentialAction":[{"@type":"SearchAction","target":{"@type":"EntryPoint","urlTemplate":"https:\/\/diariodelsurdigital.com.ar\/?s={search_term_string}"},"query-input":{"@type":"PropertyValueSpecification","valueRequired":true,"valueName":"search_term_string"}}],"inLanguage":"es"},{"@type":"Person","@id":"https:\/\/diariodelsurdigital.com.ar\/#\/schema\/person\/6136a32571657f7dba980b88b04c5465","name":"Diario del Sur Digital","image":{"@type":"ImageObject","inLanguage":"es","@id":"https:\/\/secure.gravatar.com\/avatar\/4c29ceac98541dd42460b2474aaa5dd37594d6ce6cb3cf2c101d09b48ee287ba?s=96&d=mm&r=g","url":"https:\/\/secure.gravatar.com\/avatar\/4c29ceac98541dd42460b2474aaa5dd37594d6ce6cb3cf2c101d09b48ee287ba?s=96&d=mm&r=g","contentUrl":"https:\/\/secure.gravatar.com\/avatar\/4c29ceac98541dd42460b2474aaa5dd37594d6ce6cb3cf2c101d09b48ee287ba?s=96&d=mm&r=g","caption":"Diario del Sur Digital"},"url":"https:\/\/diariodelsurdigital.com.ar\/?author=2"}]}},"_links":{"self":[{"href":"https:\/\/diariodelsurdigital.com.ar\/index.php?rest_route=\/wp\/v2\/posts\/1731","targetHints":{"allow":["GET"]}}],"collection":[{"href":"https:\/\/diariodelsurdigital.com.ar\/index.php?rest_route=\/wp\/v2\/posts"}],"about":[{"href":"https:\/\/diariodelsurdigital.com.ar\/index.php?rest_route=\/wp\/v2\/types\/post"}],"author":[{"embeddable":true,"href":"https:\/\/diariodelsurdigital.com.ar\/index.php?rest_route=\/wp\/v2\/users\/2"}],"replies":[{"embeddable":true,"href":"https:\/\/diariodelsurdigital.com.ar\/index.php?rest_route=%2Fwp%2Fv2%2Fcomments&post=1731"}],"version-history":[{"count":1,"href":"https:\/\/diariodelsurdigital.com.ar\/index.php?rest_route=\/wp\/v2\/posts\/1731\/revisions"}],"predecessor-version":[{"id":1733,"href":"https:\/\/diariodelsurdigital.com.ar\/index.php?rest_route=\/wp\/v2\/posts\/1731\/revisions\/1733"}],"wp:featuredmedia":[{"embeddable":true,"href":"https:\/\/diariodelsurdigital.com.ar\/index.php?rest_route=\/wp\/v2\/media\/1732"}],"wp:attachment":[{"href":"https:\/\/diariodelsurdigital.com.ar\/index.php?rest_route=%2Fwp%2Fv2%2Fmedia&parent=1731"}],"wp:term":[{"taxonomy":"category","embeddable":true,"href":"https:\/\/diariodelsurdigital.com.ar\/index.php?rest_route=%2Fwp%2Fv2%2Fcategories&post=1731"},{"taxonomy":"post_tag","embeddable":true,"href":"https:\/\/diariodelsurdigital.com.ar\/index.php?rest_route=%2Fwp%2Fv2%2Ftags&post=1731"}],"curies":[{"name":"wp","href":"https:\/\/api.w.org\/{rel}","templated":true}]}}