{"id":1745,"date":"2025-03-23T16:05:09","date_gmt":"2025-03-23T19:05:09","guid":{"rendered":"https:\/\/diariodelsurdigital.com.ar\/?p=1745"},"modified":"2025-03-23T16:05:14","modified_gmt":"2025-03-23T19:05:14","slug":"tambien-la-justicia-electoral-le-bajo-el-pulgar-a-la-candidatura-de-azcue","status":"publish","type":"post","link":"https:\/\/diariodelsurdigital.com.ar\/?p=1745","title":{"rendered":"Tambi\u00e9n la Justicia Electoral le baj\u00f3 el pulgar a la candidatura de Azcu\u00e9"},"content":{"rendered":"\n<h2 class=\"wp-block-heading\" id=\"nota-title\"><\/h2>\n\n\n\n<p>De este modo, dej\u00f3 en pie lo resuelto por el Tribunal Electoral partidario que hizo lugar a la impugnaci\u00f3n de Alejandro Carb\u00f3, debido a que Azcu\u00e9 no cumple con la antig\u00fcedad en condici\u00f3n de afiliado para poder ser autoridad del Comit\u00e9.<\/p>\n\n\n\n<p>En la apelaci\u00f3n a este argumento, los apoderados de la lista \u201cVamos Radicales\u201d que postul\u00f3 al concordiense, cuestionaron una lectura \u201cexeg\u00e9tica\u201d de la carta org\u00e1nica por parte de Carb\u00f3 y del Tribunal. Como se recordar\u00e1, Azcu\u00e9 renunci\u00f3 a la UCR para asumir un cargo en la Justicia y luego, en octubre de 2022, se reafili\u00f3 y encabez\u00f3 la campa\u00f1a del radicalismo en su ciudad.<\/p>\n\n\n\n<p>Manuel Tennen y Sebasti\u00e1n Trinadori, marcaron que Azcu\u00e9 sigui\u00f3 integrando el padr\u00f3n partidario por lo que es pasible de interpretarse la condici\u00f3n del intendente como una \u201csuspensi\u00f3n\u201d de la afiliaci\u00f3n.<\/p>\n\n\n\n<p>En la resoluci\u00f3n, el juez R\u00edos recurre a la documentaci\u00f3n obrante en la Secretar\u00eda Electoral: \u201cFrancisco Azcu\u00e9 se presenta en los t\u00e9rminos del art. 26 qu\u00e1ter de la Ley N\u00b0 23.298 (de partidos pol\u00edticos) e indica \u2018renuncio como afiliado a cualquier partido en que estuviera registrado a la fecha\u2019, y que en cambio, no se registran constancias de que Azcu\u00e9 haya solicitado al Comit\u00e9 Provincial el reconocimiento de su antig\u00fcedad o que este le haya otorgado dicho reconocimiento. La primera ficha de afiliaci\u00f3n, que obra en Secretar\u00eda Electoral, tiene fecha 18\/03\/2017 y en su frontispicio luce un sello de \u2018Renuncia\u2019, registr\u00e1ndose el 11\/03\/2025 la presentaci\u00f3n de una nueva ficha de afiliaci\u00f3n que se encuentra en etapa de verificaci\u00f3n y que lleva fecha 19\/10\/2022\u201d.<\/p>\n\n\n\n<p>En tanto es \u201cmisi\u00f3n de los jueces dar pleno efecto a las normas y reglamentos vigentes sin juzgar sobre el mero acierto o conveniencia de las disposiciones adoptadas por los \u00f3rganos partidarios\u201d que en este caso plantearon un requisito que \u201cno resulta en modo alguno arbitrario ni defectuoso\u201d y en resguardo \u201cdel principio de igualdad\u201d para los afiliados radicales, R\u00edos concluye confirmando lo resuelto por el Tribunal Electoral y notificando a las partes su sentencia.<\/p>\n\n\n\n<p><strong>Fuente:<\/strong>\u00a0P\u00e1gina Pol\u00edtica<\/p>\n","protected":false},"excerpt":{"rendered":"<p>De este modo, dej\u00f3 en pie lo resuelto por el Tribunal Electoral partidario que hizo lugar a la impugnaci\u00f3n de Alejandro Carb\u00f3, debido a que Azcu\u00e9 no cumple con la antig\u00fcedad en condici\u00f3n de afiliado para poder ser autoridad del Comit\u00e9. En la apelaci\u00f3n a este argumento, los apoderados de la lista \u201cVamos Radicales\u201d que [&hellip;]<\/p>\n","protected":false},"author":2,"featured_media":1746,"comment_status":"open","ping_status":"open","sticky":false,"template":"","format":"standard","meta":{"footnotes":""},"categories":[16],"tags":[],"class_list":{"0":"post-1745","1":"post","2":"type-post","3":"status-publish","4":"format-standard","5":"has-post-thumbnail","7":"category-locales"},"yoast_head":"<!-- This site is optimized with the Yoast SEO plugin v27.4 - https:\/\/yoast.com\/product\/yoast-seo-wordpress\/ -->\n<title>Tambi\u00e9n la Justicia Electoral le baj\u00f3 el pulgar a la candidatura de Azcu\u00e9 - Diario del Sur<\/title>\n<meta name=\"robots\" content=\"index, follow, max-snippet:-1, max-image-preview:large, max-video-preview:-1\" \/>\n<link rel=\"canonical\" href=\"https:\/\/diariodelsurdigital.com.ar\/?p=1745\" \/>\n<meta property=\"og:locale\" content=\"es_ES\" \/>\n<meta property=\"og:type\" content=\"article\" \/>\n<meta property=\"og:title\" content=\"Tambi\u00e9n la Justicia Electoral le baj\u00f3 el pulgar a la candidatura de Azcu\u00e9 - Diario del Sur\" \/>\n<meta property=\"og:description\" content=\"De este modo, dej\u00f3 en pie lo resuelto por el Tribunal Electoral partidario que hizo lugar a la impugnaci\u00f3n de Alejandro Carb\u00f3, debido a que Azcu\u00e9 no cumple con la antig\u00fcedad en condici\u00f3n de afiliado para poder ser autoridad del Comit\u00e9. En la apelaci\u00f3n a este argumento, los apoderados de la lista \u201cVamos Radicales\u201d que [&hellip;]\" \/>\n<meta property=\"og:url\" content=\"https:\/\/diariodelsurdigital.com.ar\/?p=1745\" \/>\n<meta property=\"og:site_name\" content=\"Diario del Sur\" \/>\n<meta property=\"article:published_time\" content=\"2025-03-23T19:05:09+00:00\" \/>\n<meta property=\"article:modified_time\" content=\"2025-03-23T19:05:14+00:00\" \/>\n<meta property=\"og:image\" content=\"https:\/\/diariodelsurdigital.com.ar\/wp-content\/uploads\/2025\/03\/hq720-3.jpg\" \/>\n\t<meta property=\"og:image:width\" content=\"450\" \/>\n\t<meta property=\"og:image:height\" content=\"308\" \/>\n\t<meta property=\"og:image:type\" content=\"image\/jpeg\" \/>\n<meta name=\"author\" content=\"Diario del Sur Digital\" \/>\n<meta name=\"twitter:card\" content=\"summary_large_image\" \/>\n<meta name=\"twitter:label1\" content=\"Escrito por\" \/>\n\t<meta name=\"twitter:data1\" content=\"Diario del Sur Digital\" \/>\n\t<meta name=\"twitter:label2\" content=\"Tiempo de lectura\" \/>\n\t<meta name=\"twitter:data2\" content=\"2 minutos\" \/>\n<script type=\"application\/ld+json\" class=\"yoast-schema-graph\">{\"@context\":\"https:\\\/\\\/schema.org\",\"@graph\":[{\"@type\":\"Article\",\"@id\":\"https:\\\/\\\/diariodelsurdigital.com.ar\\\/?p=1745#article\",\"isPartOf\":{\"@id\":\"https:\\\/\\\/diariodelsurdigital.com.ar\\\/?p=1745\"},\"author\":{\"name\":\"Diario del Sur Digital\",\"@id\":\"https:\\\/\\\/diariodelsurdigital.com.ar\\\/#\\\/schema\\\/person\\\/6136a32571657f7dba980b88b04c5465\"},\"headline\":\"Tambi\u00e9n la Justicia Electoral le baj\u00f3 el pulgar a la candidatura de Azcu\u00e9\",\"datePublished\":\"2025-03-23T19:05:09+00:00\",\"dateModified\":\"2025-03-23T19:05:14+00:00\",\"mainEntityOfPage\":{\"@id\":\"https:\\\/\\\/diariodelsurdigital.com.ar\\\/?p=1745\"},\"wordCount\":374,\"commentCount\":0,\"image\":{\"@id\":\"https:\\\/\\\/diariodelsurdigital.com.ar\\\/?p=1745#primaryimage\"},\"thumbnailUrl\":\"https:\\\/\\\/diariodelsurdigital.com.ar\\\/wp-content\\\/uploads\\\/2025\\\/03\\\/hq720-3.jpg\",\"articleSection\":[\"Locales\"],\"inLanguage\":\"es\",\"potentialAction\":[{\"@type\":\"CommentAction\",\"name\":\"Comment\",\"target\":[\"https:\\\/\\\/diariodelsurdigital.com.ar\\\/?p=1745#respond\"]}]},{\"@type\":\"WebPage\",\"@id\":\"https:\\\/\\\/diariodelsurdigital.com.ar\\\/?p=1745\",\"url\":\"https:\\\/\\\/diariodelsurdigital.com.ar\\\/?p=1745\",\"name\":\"Tambi\u00e9n la Justicia Electoral le baj\u00f3 el pulgar a la candidatura de Azcu\u00e9 - Diario del Sur\",\"isPartOf\":{\"@id\":\"https:\\\/\\\/diariodelsurdigital.com.ar\\\/#website\"},\"primaryImageOfPage\":{\"@id\":\"https:\\\/\\\/diariodelsurdigital.com.ar\\\/?p=1745#primaryimage\"},\"image\":{\"@id\":\"https:\\\/\\\/diariodelsurdigital.com.ar\\\/?p=1745#primaryimage\"},\"thumbnailUrl\":\"https:\\\/\\\/diariodelsurdigital.com.ar\\\/wp-content\\\/uploads\\\/2025\\\/03\\\/hq720-3.jpg\",\"datePublished\":\"2025-03-23T19:05:09+00:00\",\"dateModified\":\"2025-03-23T19:05:14+00:00\",\"author\":{\"@id\":\"https:\\\/\\\/diariodelsurdigital.com.ar\\\/#\\\/schema\\\/person\\\/6136a32571657f7dba980b88b04c5465\"},\"breadcrumb\":{\"@id\":\"https:\\\/\\\/diariodelsurdigital.com.ar\\\/?p=1745#breadcrumb\"},\"inLanguage\":\"es\",\"potentialAction\":[{\"@type\":\"ReadAction\",\"target\":[\"https:\\\/\\\/diariodelsurdigital.com.ar\\\/?p=1745\"]}]},{\"@type\":\"ImageObject\",\"inLanguage\":\"es\",\"@id\":\"https:\\\/\\\/diariodelsurdigital.com.ar\\\/?p=1745#primaryimage\",\"url\":\"https:\\\/\\\/diariodelsurdigital.com.ar\\\/wp-content\\\/uploads\\\/2025\\\/03\\\/hq720-3.jpg\",\"contentUrl\":\"https:\\\/\\\/diariodelsurdigital.com.ar\\\/wp-content\\\/uploads\\\/2025\\\/03\\\/hq720-3.jpg\",\"width\":450,\"height\":308},{\"@type\":\"BreadcrumbList\",\"@id\":\"https:\\\/\\\/diariodelsurdigital.com.ar\\\/?p=1745#breadcrumb\",\"itemListElement\":[{\"@type\":\"ListItem\",\"position\":1,\"name\":\"Portada\",\"item\":\"https:\\\/\\\/diariodelsurdigital.com.ar\\\/\"},{\"@type\":\"ListItem\",\"position\":2,\"name\":\"Tambi\u00e9n la Justicia Electoral le baj\u00f3 el pulgar a la candidatura de Azcu\u00e9\"}]},{\"@type\":\"WebSite\",\"@id\":\"https:\\\/\\\/diariodelsurdigital.com.ar\\\/#website\",\"url\":\"https:\\\/\\\/diariodelsurdigital.com.ar\\\/\",\"name\":\"Diario del Sur\",\"description\":\"Digital\",\"potentialAction\":[{\"@type\":\"SearchAction\",\"target\":{\"@type\":\"EntryPoint\",\"urlTemplate\":\"https:\\\/\\\/diariodelsurdigital.com.ar\\\/?s={search_term_string}\"},\"query-input\":{\"@type\":\"PropertyValueSpecification\",\"valueRequired\":true,\"valueName\":\"search_term_string\"}}],\"inLanguage\":\"es\"},{\"@type\":\"Person\",\"@id\":\"https:\\\/\\\/diariodelsurdigital.com.ar\\\/#\\\/schema\\\/person\\\/6136a32571657f7dba980b88b04c5465\",\"name\":\"Diario del Sur Digital\",\"image\":{\"@type\":\"ImageObject\",\"inLanguage\":\"es\",\"@id\":\"https:\\\/\\\/secure.gravatar.com\\\/avatar\\\/4c29ceac98541dd42460b2474aaa5dd37594d6ce6cb3cf2c101d09b48ee287ba?s=96&d=mm&r=g\",\"url\":\"https:\\\/\\\/secure.gravatar.com\\\/avatar\\\/4c29ceac98541dd42460b2474aaa5dd37594d6ce6cb3cf2c101d09b48ee287ba?s=96&d=mm&r=g\",\"contentUrl\":\"https:\\\/\\\/secure.gravatar.com\\\/avatar\\\/4c29ceac98541dd42460b2474aaa5dd37594d6ce6cb3cf2c101d09b48ee287ba?s=96&d=mm&r=g\",\"caption\":\"Diario del Sur Digital\"},\"url\":\"https:\\\/\\\/diariodelsurdigital.com.ar\\\/?author=2\"}]}<\/script>\n<!-- \/ Yoast SEO plugin. -->","yoast_head_json":{"title":"Tambi\u00e9n la Justicia Electoral le baj\u00f3 el pulgar a la candidatura de Azcu\u00e9 - Diario del Sur","robots":{"index":"index","follow":"follow","max-snippet":"max-snippet:-1","max-image-preview":"max-image-preview:large","max-video-preview":"max-video-preview:-1"},"canonical":"https:\/\/diariodelsurdigital.com.ar\/?p=1745","og_locale":"es_ES","og_type":"article","og_title":"Tambi\u00e9n la Justicia Electoral le baj\u00f3 el pulgar a la candidatura de Azcu\u00e9 - Diario del Sur","og_description":"De este modo, dej\u00f3 en pie lo resuelto por el Tribunal Electoral partidario que hizo lugar a la impugnaci\u00f3n de Alejandro Carb\u00f3, debido a que Azcu\u00e9 no cumple con la antig\u00fcedad en condici\u00f3n de afiliado para poder ser autoridad del Comit\u00e9. En la apelaci\u00f3n a este argumento, los apoderados de la lista \u201cVamos Radicales\u201d que [&hellip;]","og_url":"https:\/\/diariodelsurdigital.com.ar\/?p=1745","og_site_name":"Diario del Sur","article_published_time":"2025-03-23T19:05:09+00:00","article_modified_time":"2025-03-23T19:05:14+00:00","og_image":[{"width":450,"height":308,"url":"https:\/\/diariodelsurdigital.com.ar\/wp-content\/uploads\/2025\/03\/hq720-3.jpg","type":"image\/jpeg"}],"author":"Diario del Sur Digital","twitter_card":"summary_large_image","twitter_misc":{"Escrito por":"Diario del Sur Digital","Tiempo de lectura":"2 minutos"},"schema":{"@context":"https:\/\/schema.org","@graph":[{"@type":"Article","@id":"https:\/\/diariodelsurdigital.com.ar\/?p=1745#article","isPartOf":{"@id":"https:\/\/diariodelsurdigital.com.ar\/?p=1745"},"author":{"name":"Diario del Sur Digital","@id":"https:\/\/diariodelsurdigital.com.ar\/#\/schema\/person\/6136a32571657f7dba980b88b04c5465"},"headline":"Tambi\u00e9n la Justicia Electoral le baj\u00f3 el pulgar a la candidatura de Azcu\u00e9","datePublished":"2025-03-23T19:05:09+00:00","dateModified":"2025-03-23T19:05:14+00:00","mainEntityOfPage":{"@id":"https:\/\/diariodelsurdigital.com.ar\/?p=1745"},"wordCount":374,"commentCount":0,"image":{"@id":"https:\/\/diariodelsurdigital.com.ar\/?p=1745#primaryimage"},"thumbnailUrl":"https:\/\/diariodelsurdigital.com.ar\/wp-content\/uploads\/2025\/03\/hq720-3.jpg","articleSection":["Locales"],"inLanguage":"es","potentialAction":[{"@type":"CommentAction","name":"Comment","target":["https:\/\/diariodelsurdigital.com.ar\/?p=1745#respond"]}]},{"@type":"WebPage","@id":"https:\/\/diariodelsurdigital.com.ar\/?p=1745","url":"https:\/\/diariodelsurdigital.com.ar\/?p=1745","name":"Tambi\u00e9n la Justicia Electoral le baj\u00f3 el pulgar a la candidatura de Azcu\u00e9 - Diario del Sur","isPartOf":{"@id":"https:\/\/diariodelsurdigital.com.ar\/#website"},"primaryImageOfPage":{"@id":"https:\/\/diariodelsurdigital.com.ar\/?p=1745#primaryimage"},"image":{"@id":"https:\/\/diariodelsurdigital.com.ar\/?p=1745#primaryimage"},"thumbnailUrl":"https:\/\/diariodelsurdigital.com.ar\/wp-content\/uploads\/2025\/03\/hq720-3.jpg","datePublished":"2025-03-23T19:05:09+00:00","dateModified":"2025-03-23T19:05:14+00:00","author":{"@id":"https:\/\/diariodelsurdigital.com.ar\/#\/schema\/person\/6136a32571657f7dba980b88b04c5465"},"breadcrumb":{"@id":"https:\/\/diariodelsurdigital.com.ar\/?p=1745#breadcrumb"},"inLanguage":"es","potentialAction":[{"@type":"ReadAction","target":["https:\/\/diariodelsurdigital.com.ar\/?p=1745"]}]},{"@type":"ImageObject","inLanguage":"es","@id":"https:\/\/diariodelsurdigital.com.ar\/?p=1745#primaryimage","url":"https:\/\/diariodelsurdigital.com.ar\/wp-content\/uploads\/2025\/03\/hq720-3.jpg","contentUrl":"https:\/\/diariodelsurdigital.com.ar\/wp-content\/uploads\/2025\/03\/hq720-3.jpg","width":450,"height":308},{"@type":"BreadcrumbList","@id":"https:\/\/diariodelsurdigital.com.ar\/?p=1745#breadcrumb","itemListElement":[{"@type":"ListItem","position":1,"name":"Portada","item":"https:\/\/diariodelsurdigital.com.ar\/"},{"@type":"ListItem","position":2,"name":"Tambi\u00e9n la Justicia Electoral le baj\u00f3 el pulgar a la candidatura de Azcu\u00e9"}]},{"@type":"WebSite","@id":"https:\/\/diariodelsurdigital.com.ar\/#website","url":"https:\/\/diariodelsurdigital.com.ar\/","name":"Diario del Sur","description":"Digital","potentialAction":[{"@type":"SearchAction","target":{"@type":"EntryPoint","urlTemplate":"https:\/\/diariodelsurdigital.com.ar\/?s={search_term_string}"},"query-input":{"@type":"PropertyValueSpecification","valueRequired":true,"valueName":"search_term_string"}}],"inLanguage":"es"},{"@type":"Person","@id":"https:\/\/diariodelsurdigital.com.ar\/#\/schema\/person\/6136a32571657f7dba980b88b04c5465","name":"Diario del Sur Digital","image":{"@type":"ImageObject","inLanguage":"es","@id":"https:\/\/secure.gravatar.com\/avatar\/4c29ceac98541dd42460b2474aaa5dd37594d6ce6cb3cf2c101d09b48ee287ba?s=96&d=mm&r=g","url":"https:\/\/secure.gravatar.com\/avatar\/4c29ceac98541dd42460b2474aaa5dd37594d6ce6cb3cf2c101d09b48ee287ba?s=96&d=mm&r=g","contentUrl":"https:\/\/secure.gravatar.com\/avatar\/4c29ceac98541dd42460b2474aaa5dd37594d6ce6cb3cf2c101d09b48ee287ba?s=96&d=mm&r=g","caption":"Diario del Sur Digital"},"url":"https:\/\/diariodelsurdigital.com.ar\/?author=2"}]}},"_links":{"self":[{"href":"https:\/\/diariodelsurdigital.com.ar\/index.php?rest_route=\/wp\/v2\/posts\/1745","targetHints":{"allow":["GET"]}}],"collection":[{"href":"https:\/\/diariodelsurdigital.com.ar\/index.php?rest_route=\/wp\/v2\/posts"}],"about":[{"href":"https:\/\/diariodelsurdigital.com.ar\/index.php?rest_route=\/wp\/v2\/types\/post"}],"author":[{"embeddable":true,"href":"https:\/\/diariodelsurdigital.com.ar\/index.php?rest_route=\/wp\/v2\/users\/2"}],"replies":[{"embeddable":true,"href":"https:\/\/diariodelsurdigital.com.ar\/index.php?rest_route=%2Fwp%2Fv2%2Fcomments&post=1745"}],"version-history":[{"count":1,"href":"https:\/\/diariodelsurdigital.com.ar\/index.php?rest_route=\/wp\/v2\/posts\/1745\/revisions"}],"predecessor-version":[{"id":1747,"href":"https:\/\/diariodelsurdigital.com.ar\/index.php?rest_route=\/wp\/v2\/posts\/1745\/revisions\/1747"}],"wp:featuredmedia":[{"embeddable":true,"href":"https:\/\/diariodelsurdigital.com.ar\/index.php?rest_route=\/wp\/v2\/media\/1746"}],"wp:attachment":[{"href":"https:\/\/diariodelsurdigital.com.ar\/index.php?rest_route=%2Fwp%2Fv2%2Fmedia&parent=1745"}],"wp:term":[{"taxonomy":"category","embeddable":true,"href":"https:\/\/diariodelsurdigital.com.ar\/index.php?rest_route=%2Fwp%2Fv2%2Fcategories&post=1745"},{"taxonomy":"post_tag","embeddable":true,"href":"https:\/\/diariodelsurdigital.com.ar\/index.php?rest_route=%2Fwp%2Fv2%2Ftags&post=1745"}],"curies":[{"name":"wp","href":"https:\/\/api.w.org\/{rel}","templated":true}]}}