{"id":1750,"date":"2025-03-25T10:33:58","date_gmt":"2025-03-25T13:33:58","guid":{"rendered":"https:\/\/diariodelsurdigital.com.ar\/?p=1750"},"modified":"2025-03-25T10:34:00","modified_gmt":"2025-03-25T13:34:00","slug":"estudiantes-analizan-convocar-a-una-nueva-marcha-universitaria-los-salarios-estan-en-una-situacion-extrema","status":"publish","type":"post","link":"https:\/\/diariodelsurdigital.com.ar\/?p=1750","title":{"rendered":"Estudiantes analizan convocar a una nueva marcha universitaria: \u00abLos salarios est\u00e1n en una situaci\u00f3n extrema\u00bb"},"content":{"rendered":"\n<p>La comunidad educativa advierte que contin\u00faa el ajuste al presupuesto universitario y que los docentes y no docentes perdieron alrededor del 50% del poder adquisitivo.<\/p>\n\n\n\n<p>Luego de que los gremios docentes llevaran a cabo un paro de 48 horas la semana pasada, los estudiantes y la comunidad educativa universitaria enfatiz\u00f3 la crisis econ\u00f3mica que atraviesan las instituciones, ante un nuevo recorte presupuestario del Gobierno, y analizan convocar a una nueva marcha.<\/p>\n\n\n\n<p>El a\u00f1o pasado ya se realizaron dos movilizaci\u00f3n multitudinarias para llevar a cabo este reclamo tras el recorte del 30% que hab\u00eda sufrido el presupuesto universitario, mientras que los salarios de docentes y no docentes cay\u00f3 hasta en un 50%. El nuevo a\u00f1o acad\u00e9mico acaba de comenzar y la comunidad educativa advierte que contin\u00faa el ajuste y los n\u00fameros siguen deterior\u00e1ndose.<\/p>\n\n\n\n<p>\u00abLos salarios est\u00e1n en una situaci\u00f3n extrema donde los profesores universitarios y los trabajadores no docentes perdieron casi el 50% del poder adquisitivo de su salario. Es una situaci\u00f3n muy preocupante y angustiante\u00bb, expres\u00f3 la consejera superior de la UBA Lucille Levy en La voz de la calle en C5N y adelant\u00f3: \u00abEl movimiento estudiantil est\u00e1 dispuesto a expresarse las veces que sea necesario para resolver este conflicto\u00bb, complet\u00f3.<\/p>\n\n\n\n<p>Como consecuencia del ajuste, Levy denunci\u00f3 que se est\u00e1 registrando menos acceso a la educaci\u00f3n, peor calidad educativa y docentes que se est\u00e1n yendo de las universidades. Como ejemplo nombr\u00f3 la carrera de veterinaria de la UBA, donde en el 2024 dejaron sus cargos 48 docentes.<\/p>\n\n\n\n<p>\u00abLicuar los salarios es una forma lenta y silenciosa por parte del gobierno nacional de deteriorar y desprestigiar la Universidad P\u00fablica\u00bb, repudi\u00f3 la referente estudiantil.<\/p>\n\n\n\n<p>A su vez, record\u00f3 que \u00ablos premios nobel salieron de la universidad p\u00fablica\u00bb y enfatiz\u00f3 que \u00abinvertir en educaci\u00f3n no solamente es beneficioso para la comunidad universitaria sino para el pa\u00eds en general, para el desarrollo y el futuro de los j\u00f3venes\u00bb.<\/p>\n\n\n\n<p>Luego critic\u00f3 a los funcionarios del gobierno de Javier Milei que cuestionaron el concepto de movilidad social ascendente y lanz\u00f3: \u00abHay una intenci\u00f3n ideol\u00f3gica y pol\u00edtica para deteriorar la universidad p\u00fablica. No es una cuesti\u00f3n econ\u00f3mica. Tambi\u00e9n dec\u00edan que la universidad adoctrinaba, que hab\u00eda lavado de cerebros, que los estudiantes \u00e9ramos fantasmas\u00bb.<\/p>\n","protected":false},"excerpt":{"rendered":"<p>La comunidad educativa advierte que contin\u00faa el ajuste al presupuesto universitario y que los docentes y no docentes perdieron alrededor del 50% del poder adquisitivo. Luego de que los gremios docentes llevaran a cabo un paro de 48 horas la semana pasada, los estudiantes y la comunidad educativa universitaria enfatiz\u00f3 la crisis econ\u00f3mica que atraviesan [&hellip;]<\/p>\n","protected":false},"author":4,"featured_media":1751,"comment_status":"open","ping_status":"open","sticky":false,"template":"","format":"standard","meta":{"footnotes":""},"categories":[19],"tags":[],"class_list":{"0":"post-1750","1":"post","2":"type-post","3":"status-publish","4":"format-standard","5":"has-post-thumbnail","7":"category-interes-general"},"yoast_head":"<!-- This site is optimized with the Yoast SEO plugin v27.4 - https:\/\/yoast.com\/product\/yoast-seo-wordpress\/ -->\n<title>Estudiantes analizan convocar a una nueva marcha universitaria: &quot;Los salarios est\u00e1n en una situaci\u00f3n extrema&quot; - Diario del Sur<\/title>\n<meta name=\"robots\" content=\"index, follow, max-snippet:-1, max-image-preview:large, max-video-preview:-1\" \/>\n<link rel=\"canonical\" href=\"https:\/\/diariodelsurdigital.com.ar\/?p=1750\" \/>\n<meta property=\"og:locale\" content=\"es_ES\" \/>\n<meta property=\"og:type\" content=\"article\" \/>\n<meta property=\"og:title\" content=\"Estudiantes analizan convocar a una nueva marcha universitaria: &quot;Los salarios est\u00e1n en una situaci\u00f3n extrema&quot; - Diario del Sur\" \/>\n<meta property=\"og:description\" content=\"La comunidad educativa advierte que contin\u00faa el ajuste al presupuesto universitario y que los docentes y no docentes perdieron alrededor del 50% del poder adquisitivo. Luego de que los gremios docentes llevaran a cabo un paro de 48 horas la semana pasada, los estudiantes y la comunidad educativa universitaria enfatiz\u00f3 la crisis econ\u00f3mica que atraviesan [&hellip;]\" \/>\n<meta property=\"og:url\" content=\"https:\/\/diariodelsurdigital.com.ar\/?p=1750\" \/>\n<meta property=\"og:site_name\" content=\"Diario del Sur\" \/>\n<meta property=\"article:published_time\" content=\"2025-03-25T13:33:58+00:00\" \/>\n<meta property=\"article:modified_time\" content=\"2025-03-25T13:34:00+00:00\" \/>\n<meta property=\"og:image\" content=\"https:\/\/diariodelsurdigital.com.ar\/wp-content\/uploads\/2025\/03\/md-16-2.webp\" \/>\n\t<meta property=\"og:image:width\" content=\"992\" \/>\n\t<meta property=\"og:image:height\" content=\"660\" \/>\n\t<meta property=\"og:image:type\" content=\"image\/webp\" \/>\n<meta name=\"author\" content=\"Diario del Sur Digital\" \/>\n<meta name=\"twitter:card\" content=\"summary_large_image\" \/>\n<meta name=\"twitter:label1\" content=\"Escrito por\" \/>\n\t<meta name=\"twitter:data1\" content=\"Diario del Sur Digital\" \/>\n\t<meta name=\"twitter:label2\" content=\"Tiempo de lectura\" \/>\n\t<meta name=\"twitter:data2\" content=\"2 minutos\" \/>\n<script type=\"application\/ld+json\" class=\"yoast-schema-graph\">{\"@context\":\"https:\\\/\\\/schema.org\",\"@graph\":[{\"@type\":\"Article\",\"@id\":\"https:\\\/\\\/diariodelsurdigital.com.ar\\\/?p=1750#article\",\"isPartOf\":{\"@id\":\"https:\\\/\\\/diariodelsurdigital.com.ar\\\/?p=1750\"},\"author\":{\"name\":\"Diario del Sur Digital\",\"@id\":\"https:\\\/\\\/diariodelsurdigital.com.ar\\\/#\\\/schema\\\/person\\\/1a4992532ed62965c968031b49195c81\"},\"headline\":\"Estudiantes analizan convocar a una nueva marcha universitaria: \u00abLos salarios est\u00e1n en una situaci\u00f3n extrema\u00bb\",\"datePublished\":\"2025-03-25T13:33:58+00:00\",\"dateModified\":\"2025-03-25T13:34:00+00:00\",\"mainEntityOfPage\":{\"@id\":\"https:\\\/\\\/diariodelsurdigital.com.ar\\\/?p=1750\"},\"wordCount\":406,\"commentCount\":0,\"image\":{\"@id\":\"https:\\\/\\\/diariodelsurdigital.com.ar\\\/?p=1750#primaryimage\"},\"thumbnailUrl\":\"https:\\\/\\\/diariodelsurdigital.com.ar\\\/wp-content\\\/uploads\\\/2025\\\/03\\\/md-16-2.webp\",\"articleSection\":[\"Inter\u00e9s General\"],\"inLanguage\":\"es\",\"potentialAction\":[{\"@type\":\"CommentAction\",\"name\":\"Comment\",\"target\":[\"https:\\\/\\\/diariodelsurdigital.com.ar\\\/?p=1750#respond\"]}]},{\"@type\":\"WebPage\",\"@id\":\"https:\\\/\\\/diariodelsurdigital.com.ar\\\/?p=1750\",\"url\":\"https:\\\/\\\/diariodelsurdigital.com.ar\\\/?p=1750\",\"name\":\"Estudiantes analizan convocar a una nueva marcha universitaria: \\\"Los salarios est\u00e1n en una situaci\u00f3n extrema\\\" - Diario del Sur\",\"isPartOf\":{\"@id\":\"https:\\\/\\\/diariodelsurdigital.com.ar\\\/#website\"},\"primaryImageOfPage\":{\"@id\":\"https:\\\/\\\/diariodelsurdigital.com.ar\\\/?p=1750#primaryimage\"},\"image\":{\"@id\":\"https:\\\/\\\/diariodelsurdigital.com.ar\\\/?p=1750#primaryimage\"},\"thumbnailUrl\":\"https:\\\/\\\/diariodelsurdigital.com.ar\\\/wp-content\\\/uploads\\\/2025\\\/03\\\/md-16-2.webp\",\"datePublished\":\"2025-03-25T13:33:58+00:00\",\"dateModified\":\"2025-03-25T13:34:00+00:00\",\"author\":{\"@id\":\"https:\\\/\\\/diariodelsurdigital.com.ar\\\/#\\\/schema\\\/person\\\/1a4992532ed62965c968031b49195c81\"},\"breadcrumb\":{\"@id\":\"https:\\\/\\\/diariodelsurdigital.com.ar\\\/?p=1750#breadcrumb\"},\"inLanguage\":\"es\",\"potentialAction\":[{\"@type\":\"ReadAction\",\"target\":[\"https:\\\/\\\/diariodelsurdigital.com.ar\\\/?p=1750\"]}]},{\"@type\":\"ImageObject\",\"inLanguage\":\"es\",\"@id\":\"https:\\\/\\\/diariodelsurdigital.com.ar\\\/?p=1750#primaryimage\",\"url\":\"https:\\\/\\\/diariodelsurdigital.com.ar\\\/wp-content\\\/uploads\\\/2025\\\/03\\\/md-16-2.webp\",\"contentUrl\":\"https:\\\/\\\/diariodelsurdigital.com.ar\\\/wp-content\\\/uploads\\\/2025\\\/03\\\/md-16-2.webp\",\"width\":992,\"height\":660},{\"@type\":\"BreadcrumbList\",\"@id\":\"https:\\\/\\\/diariodelsurdigital.com.ar\\\/?p=1750#breadcrumb\",\"itemListElement\":[{\"@type\":\"ListItem\",\"position\":1,\"name\":\"Portada\",\"item\":\"https:\\\/\\\/diariodelsurdigital.com.ar\\\/\"},{\"@type\":\"ListItem\",\"position\":2,\"name\":\"Estudiantes analizan convocar a una nueva marcha universitaria: \u00abLos salarios est\u00e1n en una situaci\u00f3n extrema\u00bb\"}]},{\"@type\":\"WebSite\",\"@id\":\"https:\\\/\\\/diariodelsurdigital.com.ar\\\/#website\",\"url\":\"https:\\\/\\\/diariodelsurdigital.com.ar\\\/\",\"name\":\"Diario del Sur\",\"description\":\"Digital\",\"potentialAction\":[{\"@type\":\"SearchAction\",\"target\":{\"@type\":\"EntryPoint\",\"urlTemplate\":\"https:\\\/\\\/diariodelsurdigital.com.ar\\\/?s={search_term_string}\"},\"query-input\":{\"@type\":\"PropertyValueSpecification\",\"valueRequired\":true,\"valueName\":\"search_term_string\"}}],\"inLanguage\":\"es\"},{\"@type\":\"Person\",\"@id\":\"https:\\\/\\\/diariodelsurdigital.com.ar\\\/#\\\/schema\\\/person\\\/1a4992532ed62965c968031b49195c81\",\"name\":\"Diario del Sur Digital\",\"image\":{\"@type\":\"ImageObject\",\"inLanguage\":\"es\",\"@id\":\"https:\\\/\\\/secure.gravatar.com\\\/avatar\\\/f0c7c47fc7146d19828273b9b8eda651c9c7ab583767e6338d3d3bee825adf76?s=96&d=mm&r=g\",\"url\":\"https:\\\/\\\/secure.gravatar.com\\\/avatar\\\/f0c7c47fc7146d19828273b9b8eda651c9c7ab583767e6338d3d3bee825adf76?s=96&d=mm&r=g\",\"contentUrl\":\"https:\\\/\\\/secure.gravatar.com\\\/avatar\\\/f0c7c47fc7146d19828273b9b8eda651c9c7ab583767e6338d3d3bee825adf76?s=96&d=mm&r=g\",\"caption\":\"Diario del Sur Digital\"},\"url\":\"https:\\\/\\\/diariodelsurdigital.com.ar\\\/?author=4\"}]}<\/script>\n<!-- \/ Yoast SEO plugin. -->","yoast_head_json":{"title":"Estudiantes analizan convocar a una nueva marcha universitaria: \"Los salarios est\u00e1n en una situaci\u00f3n extrema\" - Diario del Sur","robots":{"index":"index","follow":"follow","max-snippet":"max-snippet:-1","max-image-preview":"max-image-preview:large","max-video-preview":"max-video-preview:-1"},"canonical":"https:\/\/diariodelsurdigital.com.ar\/?p=1750","og_locale":"es_ES","og_type":"article","og_title":"Estudiantes analizan convocar a una nueva marcha universitaria: \"Los salarios est\u00e1n en una situaci\u00f3n extrema\" - Diario del Sur","og_description":"La comunidad educativa advierte que contin\u00faa el ajuste al presupuesto universitario y que los docentes y no docentes perdieron alrededor del 50% del poder adquisitivo. Luego de que los gremios docentes llevaran a cabo un paro de 48 horas la semana pasada, los estudiantes y la comunidad educativa universitaria enfatiz\u00f3 la crisis econ\u00f3mica que atraviesan [&hellip;]","og_url":"https:\/\/diariodelsurdigital.com.ar\/?p=1750","og_site_name":"Diario del Sur","article_published_time":"2025-03-25T13:33:58+00:00","article_modified_time":"2025-03-25T13:34:00+00:00","og_image":[{"width":992,"height":660,"url":"https:\/\/diariodelsurdigital.com.ar\/wp-content\/uploads\/2025\/03\/md-16-2.webp","type":"image\/webp"}],"author":"Diario del Sur Digital","twitter_card":"summary_large_image","twitter_misc":{"Escrito por":"Diario del Sur Digital","Tiempo de lectura":"2 minutos"},"schema":{"@context":"https:\/\/schema.org","@graph":[{"@type":"Article","@id":"https:\/\/diariodelsurdigital.com.ar\/?p=1750#article","isPartOf":{"@id":"https:\/\/diariodelsurdigital.com.ar\/?p=1750"},"author":{"name":"Diario del Sur Digital","@id":"https:\/\/diariodelsurdigital.com.ar\/#\/schema\/person\/1a4992532ed62965c968031b49195c81"},"headline":"Estudiantes analizan convocar a una nueva marcha universitaria: \u00abLos salarios est\u00e1n en una situaci\u00f3n extrema\u00bb","datePublished":"2025-03-25T13:33:58+00:00","dateModified":"2025-03-25T13:34:00+00:00","mainEntityOfPage":{"@id":"https:\/\/diariodelsurdigital.com.ar\/?p=1750"},"wordCount":406,"commentCount":0,"image":{"@id":"https:\/\/diariodelsurdigital.com.ar\/?p=1750#primaryimage"},"thumbnailUrl":"https:\/\/diariodelsurdigital.com.ar\/wp-content\/uploads\/2025\/03\/md-16-2.webp","articleSection":["Inter\u00e9s General"],"inLanguage":"es","potentialAction":[{"@type":"CommentAction","name":"Comment","target":["https:\/\/diariodelsurdigital.com.ar\/?p=1750#respond"]}]},{"@type":"WebPage","@id":"https:\/\/diariodelsurdigital.com.ar\/?p=1750","url":"https:\/\/diariodelsurdigital.com.ar\/?p=1750","name":"Estudiantes analizan convocar a una nueva marcha universitaria: \"Los salarios est\u00e1n en una situaci\u00f3n extrema\" - Diario del Sur","isPartOf":{"@id":"https:\/\/diariodelsurdigital.com.ar\/#website"},"primaryImageOfPage":{"@id":"https:\/\/diariodelsurdigital.com.ar\/?p=1750#primaryimage"},"image":{"@id":"https:\/\/diariodelsurdigital.com.ar\/?p=1750#primaryimage"},"thumbnailUrl":"https:\/\/diariodelsurdigital.com.ar\/wp-content\/uploads\/2025\/03\/md-16-2.webp","datePublished":"2025-03-25T13:33:58+00:00","dateModified":"2025-03-25T13:34:00+00:00","author":{"@id":"https:\/\/diariodelsurdigital.com.ar\/#\/schema\/person\/1a4992532ed62965c968031b49195c81"},"breadcrumb":{"@id":"https:\/\/diariodelsurdigital.com.ar\/?p=1750#breadcrumb"},"inLanguage":"es","potentialAction":[{"@type":"ReadAction","target":["https:\/\/diariodelsurdigital.com.ar\/?p=1750"]}]},{"@type":"ImageObject","inLanguage":"es","@id":"https:\/\/diariodelsurdigital.com.ar\/?p=1750#primaryimage","url":"https:\/\/diariodelsurdigital.com.ar\/wp-content\/uploads\/2025\/03\/md-16-2.webp","contentUrl":"https:\/\/diariodelsurdigital.com.ar\/wp-content\/uploads\/2025\/03\/md-16-2.webp","width":992,"height":660},{"@type":"BreadcrumbList","@id":"https:\/\/diariodelsurdigital.com.ar\/?p=1750#breadcrumb","itemListElement":[{"@type":"ListItem","position":1,"name":"Portada","item":"https:\/\/diariodelsurdigital.com.ar\/"},{"@type":"ListItem","position":2,"name":"Estudiantes analizan convocar a una nueva marcha universitaria: \u00abLos salarios est\u00e1n en una situaci\u00f3n extrema\u00bb"}]},{"@type":"WebSite","@id":"https:\/\/diariodelsurdigital.com.ar\/#website","url":"https:\/\/diariodelsurdigital.com.ar\/","name":"Diario del Sur","description":"Digital","potentialAction":[{"@type":"SearchAction","target":{"@type":"EntryPoint","urlTemplate":"https:\/\/diariodelsurdigital.com.ar\/?s={search_term_string}"},"query-input":{"@type":"PropertyValueSpecification","valueRequired":true,"valueName":"search_term_string"}}],"inLanguage":"es"},{"@type":"Person","@id":"https:\/\/diariodelsurdigital.com.ar\/#\/schema\/person\/1a4992532ed62965c968031b49195c81","name":"Diario del Sur Digital","image":{"@type":"ImageObject","inLanguage":"es","@id":"https:\/\/secure.gravatar.com\/avatar\/f0c7c47fc7146d19828273b9b8eda651c9c7ab583767e6338d3d3bee825adf76?s=96&d=mm&r=g","url":"https:\/\/secure.gravatar.com\/avatar\/f0c7c47fc7146d19828273b9b8eda651c9c7ab583767e6338d3d3bee825adf76?s=96&d=mm&r=g","contentUrl":"https:\/\/secure.gravatar.com\/avatar\/f0c7c47fc7146d19828273b9b8eda651c9c7ab583767e6338d3d3bee825adf76?s=96&d=mm&r=g","caption":"Diario del Sur Digital"},"url":"https:\/\/diariodelsurdigital.com.ar\/?author=4"}]}},"_links":{"self":[{"href":"https:\/\/diariodelsurdigital.com.ar\/index.php?rest_route=\/wp\/v2\/posts\/1750","targetHints":{"allow":["GET"]}}],"collection":[{"href":"https:\/\/diariodelsurdigital.com.ar\/index.php?rest_route=\/wp\/v2\/posts"}],"about":[{"href":"https:\/\/diariodelsurdigital.com.ar\/index.php?rest_route=\/wp\/v2\/types\/post"}],"author":[{"embeddable":true,"href":"https:\/\/diariodelsurdigital.com.ar\/index.php?rest_route=\/wp\/v2\/users\/4"}],"replies":[{"embeddable":true,"href":"https:\/\/diariodelsurdigital.com.ar\/index.php?rest_route=%2Fwp%2Fv2%2Fcomments&post=1750"}],"version-history":[{"count":1,"href":"https:\/\/diariodelsurdigital.com.ar\/index.php?rest_route=\/wp\/v2\/posts\/1750\/revisions"}],"predecessor-version":[{"id":1752,"href":"https:\/\/diariodelsurdigital.com.ar\/index.php?rest_route=\/wp\/v2\/posts\/1750\/revisions\/1752"}],"wp:featuredmedia":[{"embeddable":true,"href":"https:\/\/diariodelsurdigital.com.ar\/index.php?rest_route=\/wp\/v2\/media\/1751"}],"wp:attachment":[{"href":"https:\/\/diariodelsurdigital.com.ar\/index.php?rest_route=%2Fwp%2Fv2%2Fmedia&parent=1750"}],"wp:term":[{"taxonomy":"category","embeddable":true,"href":"https:\/\/diariodelsurdigital.com.ar\/index.php?rest_route=%2Fwp%2Fv2%2Fcategories&post=1750"},{"taxonomy":"post_tag","embeddable":true,"href":"https:\/\/diariodelsurdigital.com.ar\/index.php?rest_route=%2Fwp%2Fv2%2Ftags&post=1750"}],"curies":[{"name":"wp","href":"https:\/\/api.w.org\/{rel}","templated":true}]}}