{"id":1753,"date":"2025-03-25T10:36:08","date_gmt":"2025-03-25T13:36:08","guid":{"rendered":"https:\/\/diariodelsurdigital.com.ar\/?p=1753"},"modified":"2025-03-25T10:36:10","modified_gmt":"2025-03-25T13:36:10","slug":"estudiantes-elaboraron-un-mapa-de-entrerrianos-desaparecidos-en-la-ultima-dictadura","status":"publish","type":"post","link":"https:\/\/diariodelsurdigital.com.ar\/?p=1753","title":{"rendered":"Estudiantes elaboraron un Mapa de entrerrianos desaparecidos en la \u00faltima dictadura"},"content":{"rendered":"\n<p>Cinco estudiantes de la Facultad de Trabajo Social de la Universidad Nacional de Entre R\u00edos (UNER) elaboraron un Mapa de entrerrianos desaparecidos en la \u00faltima dictadura. El mapa presenta 302 biograf\u00edas de personas entrerrianas detenidas desaparecidas distribuidas por lugar de nacimiento.<\/p>\n\n\n\n<figure class=\"wp-block-image\"><img decoding=\"async\" src=\"https:\/\/apfdigital-s3.cdn.net.ar\/s3i233\/2025\/01\/apfdigital\/files\/01\/18\/11895\/cb29b1e8607fb06dd3a94f2f898154d0a274406ec9136f929a09d81052d2583a.gif\" alt=\"Publicidad\"\/><\/figure>\n\n\n\n<p><a href=\"https:\/\/www.apfdigital.com.ar\/provinciales\/\">Provinciales<\/a><\/p>\n\n\n\n<h1 class=\"wp-block-heading\">Estudiantes elaboraron un Mapa de entrerrianos desaparecidos en la \u00faltima dictadura<\/h1>\n\n\n\n<p>Cinco estudiantes de la Facultad de Trabajo Social de la Universidad Nacional de Entre R\u00edos (UNER) elaboraron un Mapa de entrerrianos desaparecidos en la \u00faltima dictadura. El mapa presenta 302 biograf\u00edas de personas entrerrianas detenidas desaparecidas distribuidas por lugar de nacimiento.<\/p>\n\n\n\n<p>martes 25 de marzo de 2025 | 10:15hs.<\/p>\n\n\n\n<figure class=\"wp-block-image\"><img decoding=\"async\" src=\"https:\/\/apfdigital-s3.cdn.net.ar\/s3i233\/2025\/03\/apfdigital\/images\/01\/81\/52\/1815219_e437388925918b25f9a764c7dbab937626a9c7ab6107b61166fbbc7e64756a1f\/md.webp\" alt=\"\"\/><\/figure>\n\n\n\n<p>Cinco estudiantes de la Licenciatura en Trabajo Social de la Facultad de Trabajo Social de la UNER elaboraron un mapa de entrerrianos que desaparecieron en la \u00faltima dictadura c\u00edvico-militar. El trabajo se realiz\u00f3 a partir de lo trabajado y producido en el Proyecto de articulaci\u00f3n territorial dirigido por Carmen In\u00e9s Lera \u201cMemoria y universidad: estrategia de articulaci\u00f3n por el derecho a la identidad\u201d.<\/p>\n\n\n\n<p>El mapa de personas entrerrianas desaparecidas es digital e incluye una breve biograf\u00eda de cada persona. Tambi\u00e9n referencia organismos vinculados con los derechos humanos y datos de las Madres y Abuelas de Plaza de Mayo de la provincia de Entre R\u00edos.<\/p>\n\n\n\n<p>El grupo de estudiantes que trabaj\u00f3 en el proyecto est\u00e1 conformado por Valentina Dom\u00ednguez, Guadalupe Esp\u00f3sito, Margarita Silva, Judith Mansilla y Sof\u00eda L\u00e9rtora.<\/p>\n\n\n\n<p><strong>Los ejes para el trabajo sobre la dictadura<\/strong><\/p>\n\n\n\n<p>Sof\u00eda L\u00e9rtora es una de las estudiantes que particip\u00f3 en la construcci\u00f3n del mapeo. \u201cEl objetivo principal fue dar a conocer las historias de vida de entrerrianos y entrerrianas detenidas desaparecidas durante la \u00faltima dictadura c\u00edvico-militar\u201d, se\u00f1al\u00f3.<\/p>\n\n\n\n<p>El mapa presenta 302 biograf\u00edas de personas entrerrianas detenidas desaparecidas distribuidas por lugar de nacimiento. Adem\u00e1s, de todas las organizaciones de derechos humanos que el equipo pudo identificar, como as\u00ed tambi\u00e9n datos de las Madres y Abuelas de Plaza de Mayo de la provincia de Entre R\u00edos.<\/p>\n\n\n\n<p>De modo que en el mapa se ubican cada persona detenida desaparecida de Entre R\u00edos en cuanto al departamento o ciudad de su nacimiento. Y comprende una breve descripci\u00f3n de qui\u00e9nes eran, d\u00f3nde viv\u00edan, si ten\u00edan familia, si eran estudiantes, trabajadores; tambi\u00e9n, d\u00f3nde desaparecieron, cu\u00e1ndo desaparecieron y si ten\u00edan muestras de sangre o no de familiares para cotejar con los restos que el Equipo Argentino de Antropolog\u00eda Forense tiene a su resguardo.<\/p>\n\n\n\n<p>\u201cUn detalle no menor a tener en cuenta al recorrer nuestro mapa es que el n\u00famero de detenidos desaparecidos o la informaci\u00f3n que all\u00ed encontramos va cambiando y es provisoria, ya que pueden aparecer nuevas denuncias o m\u00e1s informaci\u00f3n acerca de las personas\u201d, aclara Sof\u00eda.<\/p>\n\n\n\n<p><strong>El contenido<\/strong><\/p>\n\n\n\n<p>Los datos est\u00e1n referenciados en el mapa con diferentes colores. Algunos de ellos permiten visualizar las personas detenidas desaparecidas por departamento de origen. La idea surgi\u00f3, comenta Sof\u00eda, en el marco del proyecto de articulaci\u00f3n territorial, cuando recolectaron toda la informaci\u00f3n: \u201cDijimos \u00bfc\u00f3mo hacemos para que las otras personas tambi\u00e9n puedan ver y reconocer que hay detenidos desaparecidos en el resto de la provincia? Poder ubicarlos y localizarlos en el mapa nos permiti\u00f3 reconocer eso, que no solo sucedi\u00f3 a lo largo y adentro del pa\u00eds, sino tambi\u00e9n de nuestra provincia\u201d.<\/p>\n\n\n\n<p>El mapa incluye tambi\u00e9n 14 organizaciones de derechos humanos, referenciadas con color amarillo; entre ellas: el Registro \u00danico de la Verdad; Hijos e Hijas por la Identidad, la Justicia contra el Olvido y el Silencio (HIJOS), Regional Paran\u00e1; la Asociaci\u00f3n de Familiares y Amigos de Desaparecidos de Entre R\u00edos (Afader); la Asociaci\u00f3n de Ex presos \u2018La solapa\u2019; la Liga Argentina por los Derechos del Hombre; Memoria Colectiva; la Asamblea Permanente por los Derechos Humanos (APDH).<\/p>\n\n\n\n<p>De esta manera, cualquier persona que consulte el mapa puede conocer que hay un lugar a donde puede acercarse: \u201cYa sea porque quiere saber m\u00e1s sobre lo que sucedi\u00f3, le son\u00f3 alg\u00fan apellido o alg\u00fan nombre de los que mostramos en los talleres que hicimos; porque es un familiar de un detenido desaparecido y quiere dar una muestra de sangre y no sabe c\u00f3mo hacerlo. Bueno, estas organizaciones son los espacios donde puede acercarse y, a su vez, con los cuales nosotras tambi\u00e9n trabajamos para toda esta b\u00fasqueda de los familiares de los detenidos desaparecidos. Son las que nos brindaron informaci\u00f3n y con las que articulamos para llevar adelante de forma colaborativa el Proyecto \u2018Memoria y Universidad\u2019\u201d, public\u00f3 Uno.<\/p>\n\n\n\n<p>Adem\u00e1s, con color celeste, est\u00e1n identificadas las 16 Madres de Plaza de Mayo que tuvieron una participaci\u00f3n activa y pol\u00edtica en la b\u00fasqueda de personas detenidas desaparecidas. Si bien la mayor\u00eda de ellas ha fallecido, desde el equipo se busca dejar el recuerdo de que en Entre R\u00edos hubo madres que aportaron a esta lucha, que fueron impulsoras en las b\u00fasquedas y en la lucha por la memoria, la verdad y la justicia.&nbsp;<\/p>\n","protected":false},"excerpt":{"rendered":"<p>Cinco estudiantes de la Facultad de Trabajo Social de la Universidad Nacional de Entre R\u00edos (UNER) elaboraron un Mapa de entrerrianos desaparecidos en la \u00faltima dictadura. El mapa presenta 302 biograf\u00edas de personas entrerrianas detenidas desaparecidas distribuidas por lugar de nacimiento. Provinciales Estudiantes elaboraron un Mapa de entrerrianos desaparecidos en la \u00faltima dictadura Cinco estudiantes [&hellip;]<\/p>\n","protected":false},"author":4,"featured_media":1754,"comment_status":"open","ping_status":"open","sticky":false,"template":"","format":"standard","meta":{"footnotes":""},"categories":[17],"tags":[],"class_list":{"0":"post-1753","1":"post","2":"type-post","3":"status-publish","4":"format-standard","5":"has-post-thumbnail","7":"category-provinciales"},"yoast_head":"<!-- This site is optimized with the Yoast SEO plugin v27.4 - https:\/\/yoast.com\/product\/yoast-seo-wordpress\/ -->\n<title>Estudiantes elaboraron un Mapa de entrerrianos desaparecidos en la \u00faltima dictadura - Diario del Sur<\/title>\n<meta name=\"robots\" content=\"index, follow, max-snippet:-1, max-image-preview:large, max-video-preview:-1\" \/>\n<link rel=\"canonical\" href=\"https:\/\/diariodelsurdigital.com.ar\/?p=1753\" \/>\n<meta property=\"og:locale\" content=\"es_ES\" \/>\n<meta property=\"og:type\" content=\"article\" \/>\n<meta property=\"og:title\" content=\"Estudiantes elaboraron un Mapa de entrerrianos desaparecidos en la \u00faltima dictadura - Diario del Sur\" \/>\n<meta property=\"og:description\" content=\"Cinco estudiantes de la Facultad de Trabajo Social de la Universidad Nacional de Entre R\u00edos (UNER) elaboraron un Mapa de entrerrianos desaparecidos en la \u00faltima dictadura. El mapa presenta 302 biograf\u00edas de personas entrerrianas detenidas desaparecidas distribuidas por lugar de nacimiento. Provinciales Estudiantes elaboraron un Mapa de entrerrianos desaparecidos en la \u00faltima dictadura Cinco estudiantes [&hellip;]\" \/>\n<meta property=\"og:url\" content=\"https:\/\/diariodelsurdigital.com.ar\/?p=1753\" \/>\n<meta property=\"og:site_name\" content=\"Diario del Sur\" \/>\n<meta property=\"article:published_time\" content=\"2025-03-25T13:36:08+00:00\" \/>\n<meta property=\"article:modified_time\" content=\"2025-03-25T13:36:10+00:00\" \/>\n<meta property=\"og:image\" content=\"https:\/\/diariodelsurdigital.com.ar\/wp-content\/uploads\/2025\/03\/md-17-2.webp\" \/>\n\t<meta property=\"og:image:width\" content=\"992\" \/>\n\t<meta property=\"og:image:height\" content=\"557\" \/>\n\t<meta property=\"og:image:type\" content=\"image\/webp\" \/>\n<meta name=\"author\" content=\"Diario del Sur Digital\" \/>\n<meta name=\"twitter:card\" content=\"summary_large_image\" \/>\n<meta name=\"twitter:label1\" content=\"Escrito por\" \/>\n\t<meta name=\"twitter:data1\" content=\"Diario del Sur Digital\" \/>\n\t<meta name=\"twitter:label2\" content=\"Tiempo de lectura\" \/>\n\t<meta name=\"twitter:data2\" content=\"5 minutos\" \/>\n<script type=\"application\/ld+json\" class=\"yoast-schema-graph\">{\"@context\":\"https:\\\/\\\/schema.org\",\"@graph\":[{\"@type\":\"Article\",\"@id\":\"https:\\\/\\\/diariodelsurdigital.com.ar\\\/?p=1753#article\",\"isPartOf\":{\"@id\":\"https:\\\/\\\/diariodelsurdigital.com.ar\\\/?p=1753\"},\"author\":{\"name\":\"Diario del Sur Digital\",\"@id\":\"https:\\\/\\\/diariodelsurdigital.com.ar\\\/#\\\/schema\\\/person\\\/1a4992532ed62965c968031b49195c81\"},\"headline\":\"Estudiantes elaboraron un Mapa de entrerrianos desaparecidos en la \u00faltima dictadura\",\"datePublished\":\"2025-03-25T13:36:08+00:00\",\"dateModified\":\"2025-03-25T13:36:10+00:00\",\"mainEntityOfPage\":{\"@id\":\"https:\\\/\\\/diariodelsurdigital.com.ar\\\/?p=1753\"},\"wordCount\":869,\"commentCount\":0,\"image\":{\"@id\":\"https:\\\/\\\/diariodelsurdigital.com.ar\\\/?p=1753#primaryimage\"},\"thumbnailUrl\":\"https:\\\/\\\/diariodelsurdigital.com.ar\\\/wp-content\\\/uploads\\\/2025\\\/03\\\/md-17-2.webp\",\"articleSection\":[\"Provinciales\"],\"inLanguage\":\"es\",\"potentialAction\":[{\"@type\":\"CommentAction\",\"name\":\"Comment\",\"target\":[\"https:\\\/\\\/diariodelsurdigital.com.ar\\\/?p=1753#respond\"]}]},{\"@type\":\"WebPage\",\"@id\":\"https:\\\/\\\/diariodelsurdigital.com.ar\\\/?p=1753\",\"url\":\"https:\\\/\\\/diariodelsurdigital.com.ar\\\/?p=1753\",\"name\":\"Estudiantes elaboraron un Mapa de entrerrianos desaparecidos en la \u00faltima dictadura - Diario del Sur\",\"isPartOf\":{\"@id\":\"https:\\\/\\\/diariodelsurdigital.com.ar\\\/#website\"},\"primaryImageOfPage\":{\"@id\":\"https:\\\/\\\/diariodelsurdigital.com.ar\\\/?p=1753#primaryimage\"},\"image\":{\"@id\":\"https:\\\/\\\/diariodelsurdigital.com.ar\\\/?p=1753#primaryimage\"},\"thumbnailUrl\":\"https:\\\/\\\/diariodelsurdigital.com.ar\\\/wp-content\\\/uploads\\\/2025\\\/03\\\/md-17-2.webp\",\"datePublished\":\"2025-03-25T13:36:08+00:00\",\"dateModified\":\"2025-03-25T13:36:10+00:00\",\"author\":{\"@id\":\"https:\\\/\\\/diariodelsurdigital.com.ar\\\/#\\\/schema\\\/person\\\/1a4992532ed62965c968031b49195c81\"},\"breadcrumb\":{\"@id\":\"https:\\\/\\\/diariodelsurdigital.com.ar\\\/?p=1753#breadcrumb\"},\"inLanguage\":\"es\",\"potentialAction\":[{\"@type\":\"ReadAction\",\"target\":[\"https:\\\/\\\/diariodelsurdigital.com.ar\\\/?p=1753\"]}]},{\"@type\":\"ImageObject\",\"inLanguage\":\"es\",\"@id\":\"https:\\\/\\\/diariodelsurdigital.com.ar\\\/?p=1753#primaryimage\",\"url\":\"https:\\\/\\\/diariodelsurdigital.com.ar\\\/wp-content\\\/uploads\\\/2025\\\/03\\\/md-17-2.webp\",\"contentUrl\":\"https:\\\/\\\/diariodelsurdigital.com.ar\\\/wp-content\\\/uploads\\\/2025\\\/03\\\/md-17-2.webp\",\"width\":992,\"height\":557},{\"@type\":\"BreadcrumbList\",\"@id\":\"https:\\\/\\\/diariodelsurdigital.com.ar\\\/?p=1753#breadcrumb\",\"itemListElement\":[{\"@type\":\"ListItem\",\"position\":1,\"name\":\"Portada\",\"item\":\"https:\\\/\\\/diariodelsurdigital.com.ar\\\/\"},{\"@type\":\"ListItem\",\"position\":2,\"name\":\"Estudiantes elaboraron un Mapa de entrerrianos desaparecidos en la \u00faltima dictadura\"}]},{\"@type\":\"WebSite\",\"@id\":\"https:\\\/\\\/diariodelsurdigital.com.ar\\\/#website\",\"url\":\"https:\\\/\\\/diariodelsurdigital.com.ar\\\/\",\"name\":\"Diario del Sur\",\"description\":\"Digital\",\"potentialAction\":[{\"@type\":\"SearchAction\",\"target\":{\"@type\":\"EntryPoint\",\"urlTemplate\":\"https:\\\/\\\/diariodelsurdigital.com.ar\\\/?s={search_term_string}\"},\"query-input\":{\"@type\":\"PropertyValueSpecification\",\"valueRequired\":true,\"valueName\":\"search_term_string\"}}],\"inLanguage\":\"es\"},{\"@type\":\"Person\",\"@id\":\"https:\\\/\\\/diariodelsurdigital.com.ar\\\/#\\\/schema\\\/person\\\/1a4992532ed62965c968031b49195c81\",\"name\":\"Diario del Sur Digital\",\"image\":{\"@type\":\"ImageObject\",\"inLanguage\":\"es\",\"@id\":\"https:\\\/\\\/secure.gravatar.com\\\/avatar\\\/f0c7c47fc7146d19828273b9b8eda651c9c7ab583767e6338d3d3bee825adf76?s=96&d=mm&r=g\",\"url\":\"https:\\\/\\\/secure.gravatar.com\\\/avatar\\\/f0c7c47fc7146d19828273b9b8eda651c9c7ab583767e6338d3d3bee825adf76?s=96&d=mm&r=g\",\"contentUrl\":\"https:\\\/\\\/secure.gravatar.com\\\/avatar\\\/f0c7c47fc7146d19828273b9b8eda651c9c7ab583767e6338d3d3bee825adf76?s=96&d=mm&r=g\",\"caption\":\"Diario del Sur Digital\"},\"url\":\"https:\\\/\\\/diariodelsurdigital.com.ar\\\/?author=4\"}]}<\/script>\n<!-- \/ Yoast SEO plugin. -->","yoast_head_json":{"title":"Estudiantes elaboraron un Mapa de entrerrianos desaparecidos en la \u00faltima dictadura - Diario del Sur","robots":{"index":"index","follow":"follow","max-snippet":"max-snippet:-1","max-image-preview":"max-image-preview:large","max-video-preview":"max-video-preview:-1"},"canonical":"https:\/\/diariodelsurdigital.com.ar\/?p=1753","og_locale":"es_ES","og_type":"article","og_title":"Estudiantes elaboraron un Mapa de entrerrianos desaparecidos en la \u00faltima dictadura - Diario del Sur","og_description":"Cinco estudiantes de la Facultad de Trabajo Social de la Universidad Nacional de Entre R\u00edos (UNER) elaboraron un Mapa de entrerrianos desaparecidos en la \u00faltima dictadura. El mapa presenta 302 biograf\u00edas de personas entrerrianas detenidas desaparecidas distribuidas por lugar de nacimiento. Provinciales Estudiantes elaboraron un Mapa de entrerrianos desaparecidos en la \u00faltima dictadura Cinco estudiantes [&hellip;]","og_url":"https:\/\/diariodelsurdigital.com.ar\/?p=1753","og_site_name":"Diario del Sur","article_published_time":"2025-03-25T13:36:08+00:00","article_modified_time":"2025-03-25T13:36:10+00:00","og_image":[{"width":992,"height":557,"url":"https:\/\/diariodelsurdigital.com.ar\/wp-content\/uploads\/2025\/03\/md-17-2.webp","type":"image\/webp"}],"author":"Diario del Sur Digital","twitter_card":"summary_large_image","twitter_misc":{"Escrito por":"Diario del Sur Digital","Tiempo de lectura":"5 minutos"},"schema":{"@context":"https:\/\/schema.org","@graph":[{"@type":"Article","@id":"https:\/\/diariodelsurdigital.com.ar\/?p=1753#article","isPartOf":{"@id":"https:\/\/diariodelsurdigital.com.ar\/?p=1753"},"author":{"name":"Diario del Sur Digital","@id":"https:\/\/diariodelsurdigital.com.ar\/#\/schema\/person\/1a4992532ed62965c968031b49195c81"},"headline":"Estudiantes elaboraron un Mapa de entrerrianos desaparecidos en la \u00faltima dictadura","datePublished":"2025-03-25T13:36:08+00:00","dateModified":"2025-03-25T13:36:10+00:00","mainEntityOfPage":{"@id":"https:\/\/diariodelsurdigital.com.ar\/?p=1753"},"wordCount":869,"commentCount":0,"image":{"@id":"https:\/\/diariodelsurdigital.com.ar\/?p=1753#primaryimage"},"thumbnailUrl":"https:\/\/diariodelsurdigital.com.ar\/wp-content\/uploads\/2025\/03\/md-17-2.webp","articleSection":["Provinciales"],"inLanguage":"es","potentialAction":[{"@type":"CommentAction","name":"Comment","target":["https:\/\/diariodelsurdigital.com.ar\/?p=1753#respond"]}]},{"@type":"WebPage","@id":"https:\/\/diariodelsurdigital.com.ar\/?p=1753","url":"https:\/\/diariodelsurdigital.com.ar\/?p=1753","name":"Estudiantes elaboraron un Mapa de entrerrianos desaparecidos en la \u00faltima dictadura - Diario del Sur","isPartOf":{"@id":"https:\/\/diariodelsurdigital.com.ar\/#website"},"primaryImageOfPage":{"@id":"https:\/\/diariodelsurdigital.com.ar\/?p=1753#primaryimage"},"image":{"@id":"https:\/\/diariodelsurdigital.com.ar\/?p=1753#primaryimage"},"thumbnailUrl":"https:\/\/diariodelsurdigital.com.ar\/wp-content\/uploads\/2025\/03\/md-17-2.webp","datePublished":"2025-03-25T13:36:08+00:00","dateModified":"2025-03-25T13:36:10+00:00","author":{"@id":"https:\/\/diariodelsurdigital.com.ar\/#\/schema\/person\/1a4992532ed62965c968031b49195c81"},"breadcrumb":{"@id":"https:\/\/diariodelsurdigital.com.ar\/?p=1753#breadcrumb"},"inLanguage":"es","potentialAction":[{"@type":"ReadAction","target":["https:\/\/diariodelsurdigital.com.ar\/?p=1753"]}]},{"@type":"ImageObject","inLanguage":"es","@id":"https:\/\/diariodelsurdigital.com.ar\/?p=1753#primaryimage","url":"https:\/\/diariodelsurdigital.com.ar\/wp-content\/uploads\/2025\/03\/md-17-2.webp","contentUrl":"https:\/\/diariodelsurdigital.com.ar\/wp-content\/uploads\/2025\/03\/md-17-2.webp","width":992,"height":557},{"@type":"BreadcrumbList","@id":"https:\/\/diariodelsurdigital.com.ar\/?p=1753#breadcrumb","itemListElement":[{"@type":"ListItem","position":1,"name":"Portada","item":"https:\/\/diariodelsurdigital.com.ar\/"},{"@type":"ListItem","position":2,"name":"Estudiantes elaboraron un Mapa de entrerrianos desaparecidos en la \u00faltima dictadura"}]},{"@type":"WebSite","@id":"https:\/\/diariodelsurdigital.com.ar\/#website","url":"https:\/\/diariodelsurdigital.com.ar\/","name":"Diario del Sur","description":"Digital","potentialAction":[{"@type":"SearchAction","target":{"@type":"EntryPoint","urlTemplate":"https:\/\/diariodelsurdigital.com.ar\/?s={search_term_string}"},"query-input":{"@type":"PropertyValueSpecification","valueRequired":true,"valueName":"search_term_string"}}],"inLanguage":"es"},{"@type":"Person","@id":"https:\/\/diariodelsurdigital.com.ar\/#\/schema\/person\/1a4992532ed62965c968031b49195c81","name":"Diario del Sur Digital","image":{"@type":"ImageObject","inLanguage":"es","@id":"https:\/\/secure.gravatar.com\/avatar\/f0c7c47fc7146d19828273b9b8eda651c9c7ab583767e6338d3d3bee825adf76?s=96&d=mm&r=g","url":"https:\/\/secure.gravatar.com\/avatar\/f0c7c47fc7146d19828273b9b8eda651c9c7ab583767e6338d3d3bee825adf76?s=96&d=mm&r=g","contentUrl":"https:\/\/secure.gravatar.com\/avatar\/f0c7c47fc7146d19828273b9b8eda651c9c7ab583767e6338d3d3bee825adf76?s=96&d=mm&r=g","caption":"Diario del Sur Digital"},"url":"https:\/\/diariodelsurdigital.com.ar\/?author=4"}]}},"_links":{"self":[{"href":"https:\/\/diariodelsurdigital.com.ar\/index.php?rest_route=\/wp\/v2\/posts\/1753","targetHints":{"allow":["GET"]}}],"collection":[{"href":"https:\/\/diariodelsurdigital.com.ar\/index.php?rest_route=\/wp\/v2\/posts"}],"about":[{"href":"https:\/\/diariodelsurdigital.com.ar\/index.php?rest_route=\/wp\/v2\/types\/post"}],"author":[{"embeddable":true,"href":"https:\/\/diariodelsurdigital.com.ar\/index.php?rest_route=\/wp\/v2\/users\/4"}],"replies":[{"embeddable":true,"href":"https:\/\/diariodelsurdigital.com.ar\/index.php?rest_route=%2Fwp%2Fv2%2Fcomments&post=1753"}],"version-history":[{"count":1,"href":"https:\/\/diariodelsurdigital.com.ar\/index.php?rest_route=\/wp\/v2\/posts\/1753\/revisions"}],"predecessor-version":[{"id":1755,"href":"https:\/\/diariodelsurdigital.com.ar\/index.php?rest_route=\/wp\/v2\/posts\/1753\/revisions\/1755"}],"wp:featuredmedia":[{"embeddable":true,"href":"https:\/\/diariodelsurdigital.com.ar\/index.php?rest_route=\/wp\/v2\/media\/1754"}],"wp:attachment":[{"href":"https:\/\/diariodelsurdigital.com.ar\/index.php?rest_route=%2Fwp%2Fv2%2Fmedia&parent=1753"}],"wp:term":[{"taxonomy":"category","embeddable":true,"href":"https:\/\/diariodelsurdigital.com.ar\/index.php?rest_route=%2Fwp%2Fv2%2Fcategories&post=1753"},{"taxonomy":"post_tag","embeddable":true,"href":"https:\/\/diariodelsurdigital.com.ar\/index.php?rest_route=%2Fwp%2Fv2%2Ftags&post=1753"}],"curies":[{"name":"wp","href":"https:\/\/api.w.org\/{rel}","templated":true}]}}