{"id":1756,"date":"2025-03-25T10:39:49","date_gmt":"2025-03-25T13:39:49","guid":{"rendered":"https:\/\/diariodelsurdigital.com.ar\/?p=1756"},"modified":"2025-03-25T10:39:53","modified_gmt":"2025-03-25T13:39:53","slug":"bolsonaro-a-un-paso-del-banquillo-los-cinco-jueces-que-decidiran-si-es-juzgado-por-golpismo","status":"publish","type":"post","link":"https:\/\/diariodelsurdigital.com.ar\/?p=1756","title":{"rendered":"Bolsonaro, a un paso del banquillo: Los cinco jueces que decidir\u00e1n si es juzgado por golpismo"},"content":{"rendered":"\n<p>La sala primera de Tribunal Supremo delibera a partir de este martes, en una vista televisada, si aceptar la denuncia de la fiscal\u00eda contra el expresidente de Brasil.<\/p>\n\n\n\n<figure class=\"wp-block-image\"><img decoding=\"async\" src=\"https:\/\/apfdigital-s3.cdn.net.ar\/s3i233\/2025\/01\/apfdigital\/files\/01\/18\/11895\/cb29b1e8607fb06dd3a94f2f898154d0a274406ec9136f929a09d81052d2583a.gif\" alt=\"Publicidad\"\/><\/figure>\n\n\n\n<p><a href=\"https:\/\/www.apfdigital.com.ar\/internacionales\/\">Internacionales<\/a><\/p>\n\n\n\n<h1 class=\"wp-block-heading\">Bolsonaro, a un paso del banquillo: Los cinco jueces que decidir\u00e1n si es juzgado por golpismo<\/h1>\n\n\n\n<p>La sala primera de Tribunal Supremo delibera a partir de este martes, en una vista televisada, si aceptar la denuncia de la fiscal\u00eda contra el expresidente de Brasil.<\/p>\n\n\n\n<p>martes 25 de marzo de 2025 | 10:23hs.<\/p>\n\n\n\n<figure class=\"wp-block-image\"><img decoding=\"async\" src=\"https:\/\/apfdigital-s3.cdn.net.ar\/s3i233\/2024\/11\/apfdigital\/images\/01\/35\/91\/1359106_571b1b50f6f2016ad3fcce8908f93e92d0bb8259d8fe3c7df4554dab9d7da3c9\/md.webp\" alt=\"\"\/><\/figure>\n\n\n\n<p>Cinco jueces del Tribunal Supremo de Brasil decide a partir de este martes si el expresidente Jair Messias Bolsonaro, de 70 a\u00f1os, ser\u00e1 juzgado por intento de golpe de Estado contra Luiz In\u00e1cio Lula da Silva. La primera sala de la corte analizar\u00e1 en una vista en su sede, en Brasilia, la denuncia presentada en febrero por el fiscal general contra Bolsonaro por cinco delitos, incluido liderar una organizaci\u00f3n criminal, intento de golpe de Estado y da\u00f1os al patrimonio, que suman hasta 43 a\u00f1os. Las vistas ser\u00e1n retransmitidas en directo por el canal del tribunal. La previsi\u00f3n es que haya decisi\u00f3n el mi\u00e9rcoles.<\/p>\n\n\n\n<p>Los jueces decidir\u00e1n tambi\u00e9n sobre los principales supuestos c\u00f3mplices de Bolsonaro. Son otros siete hombres, seis militares y un polic\u00eda que eran ministros o altos cargos de las Fuerzas Armadas.<\/p>\n\n\n\n<p>La defensa de Bolsonaro recurri\u00f3 para apartar de la causa a los dos jueces de la m\u00e1xima corte nombrados por Lula en este mandato, pero su petici\u00f3n fue rechazada. El expresidente tambi\u00e9n intent\u00f3, sin \u00e9xito, ser juzgado por el pleno, es decir, incluidos los dos magistrados que \u00e9l mismo design\u00f3. El jefe del clan Bolsonaro ha visto c\u00f3mo su hijo Eduardo, enlace con la internacional nacionalpopulista, renuncia temporalmente a su esca\u00f1o de diputado para instalarse en EEUU.<\/p>\n\n\n\n<p>Si aceptan la denuncia, como en Brasil casi se da por supuesto, los cinco jueces de la primera sala ser\u00edan los encargados de juzgar a Bolsonaro y dictar sentencia. Estos son sus perfiles:<\/p>\n\n\n\n<p><strong>Alexandre de Moraes, 53 a\u00f1os, el instructor<\/strong><\/p>\n\n\n\n<p>Es el juez estrella del momento, el m\u00e1s poderoso de Brasil y bestia negra del bolsonarismo. Famoso en el extranjero por su pulso con Elon Musk y el cierre de X. Considerado conservador, fue designado para el Supremo por el presidente Michel Temer en 2017. Antes, fue secretario de Seguridad P\u00fablica de S\u00e3o Paulo. Para una parte de los brasile\u00f1os, salv\u00f3 la democracia; el bolsonarismo lo ve como un dictador que abusa de los poderes de su cargo.<\/p>\n\n\n\n<p><strong>Cristiano Zanin, 49 a\u00f1os, antiguo abogado de Lula<\/strong><\/p>\n\n\n\n<p>Dirigi\u00f3, junto a su esposa y socia, Valeska Martins, la defensa de Lula cuando tras ser condenado en el caso Lava Jato. Su estrategia legal consigui\u00f3 que el Supremo anulara las condenas a Lula, lo que le dio una nueva vida pol\u00edtica. En agradecimiento, Lula lo coloc\u00f3 en la corte al regresar al poder. Ha resultado menos progresista de lo que muchos partidarios de Lula esperaban. Le queda m\u00e1s de un cuarto de siglo en el cargo, del que se jubilan a los 75 a\u00f1os.<\/p>\n\n\n\n<p><strong>Fl\u00e1vio Dino, 56 a\u00f1os, exministro de Lula<\/strong><\/p>\n\n\n\n<p>Era ministro de Justicia el d\u00eda del asalto bolsonarista a los tres poderes en Brasilia. Juez antes de entrar en pol\u00edtica, es progresista, milit\u00f3 en el Partido Comunista y fue gobernador de Maranh\u00e3o.<\/p>\n\n\n\n<p><strong>Carmen L\u00facia Rocha, 70 a\u00f1os, la decana<\/strong><\/p>\n\n\n\n<p>La \u00fanica mujer entre los 11 jueces del Supremo, lleg\u00f3 de la mano de Lula en 2006. Es la decana de la sala. Y preside el Tribunal Superior Electoral. Antigua abogada y profesora de derecho constitucional, es considerada una dura en las causas penales, como las que afectaron a Lula. Todos en Brasil la conocen por su nombre de pila.<\/p>\n\n\n\n<p><strong>Luiz Fux, 71 a\u00f1os, el jurista<\/strong><\/p>\n\n\n\n<p>Considerado un moderado, fue nombrado por Dilma Rousseff, en 2011. Presidente de la corte durante la pandemia, tuvo varios rifirrafes con el entonces presidente Bolsonaro. Este lunes ha pedido una pausa en el juicio a una peluquera convertida en m\u00e1rtir por el bolsonarismo. Parte de la turba del asalto a Brasilia, escribi\u00f3, con pintalabios, el lema \u201cPerdiste, hermano\u201d en la estatua de la justicia que preside la entrada del Supremo. Varios jueces han pedido ya 14 a\u00f1os de c\u00e1rcel para ella.<\/p>\n\n\n\n<p>Bolsonaro encabez\u00f3 recientemente una concentraci\u00f3n para reclamar una amnist\u00eda para los condenados por el asalto a Brasilia, public\u00f3 El Pa\u00eds.<\/p>\n","protected":false},"excerpt":{"rendered":"<p>La sala primera de Tribunal Supremo delibera a partir de este martes, en una vista televisada, si aceptar la denuncia de la fiscal\u00eda contra el expresidente de Brasil. Internacionales Bolsonaro, a un paso del banquillo: Los cinco jueces que decidir\u00e1n si es juzgado por golpismo La sala primera de Tribunal Supremo delibera a partir de [&hellip;]<\/p>\n","protected":false},"author":4,"featured_media":1757,"comment_status":"open","ping_status":"open","sticky":false,"template":"","format":"standard","meta":{"footnotes":""},"categories":[20],"tags":[],"class_list":{"0":"post-1756","1":"post","2":"type-post","3":"status-publish","4":"format-standard","5":"has-post-thumbnail","7":"category-internacionales"},"yoast_head":"<!-- This site is optimized with the Yoast SEO plugin v27.4 - https:\/\/yoast.com\/product\/yoast-seo-wordpress\/ -->\n<title>Bolsonaro, a un paso del banquillo: Los cinco jueces que decidir\u00e1n si es juzgado por golpismo - Diario del Sur<\/title>\n<meta name=\"robots\" content=\"index, follow, max-snippet:-1, max-image-preview:large, max-video-preview:-1\" \/>\n<link rel=\"canonical\" href=\"https:\/\/diariodelsurdigital.com.ar\/?p=1756\" \/>\n<meta property=\"og:locale\" content=\"es_ES\" \/>\n<meta property=\"og:type\" content=\"article\" \/>\n<meta property=\"og:title\" content=\"Bolsonaro, a un paso del banquillo: Los cinco jueces que decidir\u00e1n si es juzgado por golpismo - Diario del Sur\" \/>\n<meta property=\"og:description\" content=\"La sala primera de Tribunal Supremo delibera a partir de este martes, en una vista televisada, si aceptar la denuncia de la fiscal\u00eda contra el expresidente de Brasil. Internacionales Bolsonaro, a un paso del banquillo: Los cinco jueces que decidir\u00e1n si es juzgado por golpismo La sala primera de Tribunal Supremo delibera a partir de [&hellip;]\" \/>\n<meta property=\"og:url\" content=\"https:\/\/diariodelsurdigital.com.ar\/?p=1756\" \/>\n<meta property=\"og:site_name\" content=\"Diario del Sur\" \/>\n<meta property=\"article:published_time\" content=\"2025-03-25T13:39:49+00:00\" \/>\n<meta property=\"article:modified_time\" content=\"2025-03-25T13:39:53+00:00\" \/>\n<meta property=\"og:image\" content=\"https:\/\/diariodelsurdigital.com.ar\/wp-content\/uploads\/2025\/03\/md-18-1.webp\" \/>\n\t<meta property=\"og:image:width\" content=\"992\" \/>\n\t<meta property=\"og:image:height\" content=\"667\" \/>\n\t<meta property=\"og:image:type\" content=\"image\/webp\" \/>\n<meta name=\"author\" content=\"Diario del Sur Digital\" \/>\n<meta name=\"twitter:card\" content=\"summary_large_image\" \/>\n<meta name=\"twitter:label1\" content=\"Escrito por\" \/>\n\t<meta name=\"twitter:data1\" content=\"Diario del Sur Digital\" \/>\n\t<meta name=\"twitter:label2\" content=\"Tiempo de lectura\" \/>\n\t<meta name=\"twitter:data2\" content=\"4 minutos\" \/>\n<script type=\"application\/ld+json\" class=\"yoast-schema-graph\">{\"@context\":\"https:\\\/\\\/schema.org\",\"@graph\":[{\"@type\":\"Article\",\"@id\":\"https:\\\/\\\/diariodelsurdigital.com.ar\\\/?p=1756#article\",\"isPartOf\":{\"@id\":\"https:\\\/\\\/diariodelsurdigital.com.ar\\\/?p=1756\"},\"author\":{\"name\":\"Diario del Sur Digital\",\"@id\":\"https:\\\/\\\/diariodelsurdigital.com.ar\\\/#\\\/schema\\\/person\\\/1a4992532ed62965c968031b49195c81\"},\"headline\":\"Bolsonaro, a un paso del banquillo: Los cinco jueces que decidir\u00e1n si es juzgado por golpismo\",\"datePublished\":\"2025-03-25T13:39:49+00:00\",\"dateModified\":\"2025-03-25T13:39:53+00:00\",\"mainEntityOfPage\":{\"@id\":\"https:\\\/\\\/diariodelsurdigital.com.ar\\\/?p=1756\"},\"wordCount\":762,\"commentCount\":0,\"image\":{\"@id\":\"https:\\\/\\\/diariodelsurdigital.com.ar\\\/?p=1756#primaryimage\"},\"thumbnailUrl\":\"https:\\\/\\\/diariodelsurdigital.com.ar\\\/wp-content\\\/uploads\\\/2025\\\/03\\\/md-18-1.webp\",\"articleSection\":[\"Internacionales\"],\"inLanguage\":\"es\",\"potentialAction\":[{\"@type\":\"CommentAction\",\"name\":\"Comment\",\"target\":[\"https:\\\/\\\/diariodelsurdigital.com.ar\\\/?p=1756#respond\"]}]},{\"@type\":\"WebPage\",\"@id\":\"https:\\\/\\\/diariodelsurdigital.com.ar\\\/?p=1756\",\"url\":\"https:\\\/\\\/diariodelsurdigital.com.ar\\\/?p=1756\",\"name\":\"Bolsonaro, a un paso del banquillo: Los cinco jueces que decidir\u00e1n si es juzgado por golpismo - Diario del Sur\",\"isPartOf\":{\"@id\":\"https:\\\/\\\/diariodelsurdigital.com.ar\\\/#website\"},\"primaryImageOfPage\":{\"@id\":\"https:\\\/\\\/diariodelsurdigital.com.ar\\\/?p=1756#primaryimage\"},\"image\":{\"@id\":\"https:\\\/\\\/diariodelsurdigital.com.ar\\\/?p=1756#primaryimage\"},\"thumbnailUrl\":\"https:\\\/\\\/diariodelsurdigital.com.ar\\\/wp-content\\\/uploads\\\/2025\\\/03\\\/md-18-1.webp\",\"datePublished\":\"2025-03-25T13:39:49+00:00\",\"dateModified\":\"2025-03-25T13:39:53+00:00\",\"author\":{\"@id\":\"https:\\\/\\\/diariodelsurdigital.com.ar\\\/#\\\/schema\\\/person\\\/1a4992532ed62965c968031b49195c81\"},\"breadcrumb\":{\"@id\":\"https:\\\/\\\/diariodelsurdigital.com.ar\\\/?p=1756#breadcrumb\"},\"inLanguage\":\"es\",\"potentialAction\":[{\"@type\":\"ReadAction\",\"target\":[\"https:\\\/\\\/diariodelsurdigital.com.ar\\\/?p=1756\"]}]},{\"@type\":\"ImageObject\",\"inLanguage\":\"es\",\"@id\":\"https:\\\/\\\/diariodelsurdigital.com.ar\\\/?p=1756#primaryimage\",\"url\":\"https:\\\/\\\/diariodelsurdigital.com.ar\\\/wp-content\\\/uploads\\\/2025\\\/03\\\/md-18-1.webp\",\"contentUrl\":\"https:\\\/\\\/diariodelsurdigital.com.ar\\\/wp-content\\\/uploads\\\/2025\\\/03\\\/md-18-1.webp\",\"width\":992,\"height\":667},{\"@type\":\"BreadcrumbList\",\"@id\":\"https:\\\/\\\/diariodelsurdigital.com.ar\\\/?p=1756#breadcrumb\",\"itemListElement\":[{\"@type\":\"ListItem\",\"position\":1,\"name\":\"Portada\",\"item\":\"https:\\\/\\\/diariodelsurdigital.com.ar\\\/\"},{\"@type\":\"ListItem\",\"position\":2,\"name\":\"Bolsonaro, a un paso del banquillo: Los cinco jueces que decidir\u00e1n si es juzgado por golpismo\"}]},{\"@type\":\"WebSite\",\"@id\":\"https:\\\/\\\/diariodelsurdigital.com.ar\\\/#website\",\"url\":\"https:\\\/\\\/diariodelsurdigital.com.ar\\\/\",\"name\":\"Diario del Sur\",\"description\":\"Digital\",\"potentialAction\":[{\"@type\":\"SearchAction\",\"target\":{\"@type\":\"EntryPoint\",\"urlTemplate\":\"https:\\\/\\\/diariodelsurdigital.com.ar\\\/?s={search_term_string}\"},\"query-input\":{\"@type\":\"PropertyValueSpecification\",\"valueRequired\":true,\"valueName\":\"search_term_string\"}}],\"inLanguage\":\"es\"},{\"@type\":\"Person\",\"@id\":\"https:\\\/\\\/diariodelsurdigital.com.ar\\\/#\\\/schema\\\/person\\\/1a4992532ed62965c968031b49195c81\",\"name\":\"Diario del Sur Digital\",\"image\":{\"@type\":\"ImageObject\",\"inLanguage\":\"es\",\"@id\":\"https:\\\/\\\/secure.gravatar.com\\\/avatar\\\/f0c7c47fc7146d19828273b9b8eda651c9c7ab583767e6338d3d3bee825adf76?s=96&d=mm&r=g\",\"url\":\"https:\\\/\\\/secure.gravatar.com\\\/avatar\\\/f0c7c47fc7146d19828273b9b8eda651c9c7ab583767e6338d3d3bee825adf76?s=96&d=mm&r=g\",\"contentUrl\":\"https:\\\/\\\/secure.gravatar.com\\\/avatar\\\/f0c7c47fc7146d19828273b9b8eda651c9c7ab583767e6338d3d3bee825adf76?s=96&d=mm&r=g\",\"caption\":\"Diario del Sur Digital\"},\"url\":\"https:\\\/\\\/diariodelsurdigital.com.ar\\\/?author=4\"}]}<\/script>\n<!-- \/ Yoast SEO plugin. -->","yoast_head_json":{"title":"Bolsonaro, a un paso del banquillo: Los cinco jueces que decidir\u00e1n si es juzgado por golpismo - Diario del Sur","robots":{"index":"index","follow":"follow","max-snippet":"max-snippet:-1","max-image-preview":"max-image-preview:large","max-video-preview":"max-video-preview:-1"},"canonical":"https:\/\/diariodelsurdigital.com.ar\/?p=1756","og_locale":"es_ES","og_type":"article","og_title":"Bolsonaro, a un paso del banquillo: Los cinco jueces que decidir\u00e1n si es juzgado por golpismo - Diario del Sur","og_description":"La sala primera de Tribunal Supremo delibera a partir de este martes, en una vista televisada, si aceptar la denuncia de la fiscal\u00eda contra el expresidente de Brasil. Internacionales Bolsonaro, a un paso del banquillo: Los cinco jueces que decidir\u00e1n si es juzgado por golpismo La sala primera de Tribunal Supremo delibera a partir de [&hellip;]","og_url":"https:\/\/diariodelsurdigital.com.ar\/?p=1756","og_site_name":"Diario del Sur","article_published_time":"2025-03-25T13:39:49+00:00","article_modified_time":"2025-03-25T13:39:53+00:00","og_image":[{"width":992,"height":667,"url":"https:\/\/diariodelsurdigital.com.ar\/wp-content\/uploads\/2025\/03\/md-18-1.webp","type":"image\/webp"}],"author":"Diario del Sur Digital","twitter_card":"summary_large_image","twitter_misc":{"Escrito por":"Diario del Sur Digital","Tiempo de lectura":"4 minutos"},"schema":{"@context":"https:\/\/schema.org","@graph":[{"@type":"Article","@id":"https:\/\/diariodelsurdigital.com.ar\/?p=1756#article","isPartOf":{"@id":"https:\/\/diariodelsurdigital.com.ar\/?p=1756"},"author":{"name":"Diario del Sur Digital","@id":"https:\/\/diariodelsurdigital.com.ar\/#\/schema\/person\/1a4992532ed62965c968031b49195c81"},"headline":"Bolsonaro, a un paso del banquillo: Los cinco jueces que decidir\u00e1n si es juzgado por golpismo","datePublished":"2025-03-25T13:39:49+00:00","dateModified":"2025-03-25T13:39:53+00:00","mainEntityOfPage":{"@id":"https:\/\/diariodelsurdigital.com.ar\/?p=1756"},"wordCount":762,"commentCount":0,"image":{"@id":"https:\/\/diariodelsurdigital.com.ar\/?p=1756#primaryimage"},"thumbnailUrl":"https:\/\/diariodelsurdigital.com.ar\/wp-content\/uploads\/2025\/03\/md-18-1.webp","articleSection":["Internacionales"],"inLanguage":"es","potentialAction":[{"@type":"CommentAction","name":"Comment","target":["https:\/\/diariodelsurdigital.com.ar\/?p=1756#respond"]}]},{"@type":"WebPage","@id":"https:\/\/diariodelsurdigital.com.ar\/?p=1756","url":"https:\/\/diariodelsurdigital.com.ar\/?p=1756","name":"Bolsonaro, a un paso del banquillo: Los cinco jueces que decidir\u00e1n si es juzgado por golpismo - Diario del Sur","isPartOf":{"@id":"https:\/\/diariodelsurdigital.com.ar\/#website"},"primaryImageOfPage":{"@id":"https:\/\/diariodelsurdigital.com.ar\/?p=1756#primaryimage"},"image":{"@id":"https:\/\/diariodelsurdigital.com.ar\/?p=1756#primaryimage"},"thumbnailUrl":"https:\/\/diariodelsurdigital.com.ar\/wp-content\/uploads\/2025\/03\/md-18-1.webp","datePublished":"2025-03-25T13:39:49+00:00","dateModified":"2025-03-25T13:39:53+00:00","author":{"@id":"https:\/\/diariodelsurdigital.com.ar\/#\/schema\/person\/1a4992532ed62965c968031b49195c81"},"breadcrumb":{"@id":"https:\/\/diariodelsurdigital.com.ar\/?p=1756#breadcrumb"},"inLanguage":"es","potentialAction":[{"@type":"ReadAction","target":["https:\/\/diariodelsurdigital.com.ar\/?p=1756"]}]},{"@type":"ImageObject","inLanguage":"es","@id":"https:\/\/diariodelsurdigital.com.ar\/?p=1756#primaryimage","url":"https:\/\/diariodelsurdigital.com.ar\/wp-content\/uploads\/2025\/03\/md-18-1.webp","contentUrl":"https:\/\/diariodelsurdigital.com.ar\/wp-content\/uploads\/2025\/03\/md-18-1.webp","width":992,"height":667},{"@type":"BreadcrumbList","@id":"https:\/\/diariodelsurdigital.com.ar\/?p=1756#breadcrumb","itemListElement":[{"@type":"ListItem","position":1,"name":"Portada","item":"https:\/\/diariodelsurdigital.com.ar\/"},{"@type":"ListItem","position":2,"name":"Bolsonaro, a un paso del banquillo: Los cinco jueces que decidir\u00e1n si es juzgado por golpismo"}]},{"@type":"WebSite","@id":"https:\/\/diariodelsurdigital.com.ar\/#website","url":"https:\/\/diariodelsurdigital.com.ar\/","name":"Diario del Sur","description":"Digital","potentialAction":[{"@type":"SearchAction","target":{"@type":"EntryPoint","urlTemplate":"https:\/\/diariodelsurdigital.com.ar\/?s={search_term_string}"},"query-input":{"@type":"PropertyValueSpecification","valueRequired":true,"valueName":"search_term_string"}}],"inLanguage":"es"},{"@type":"Person","@id":"https:\/\/diariodelsurdigital.com.ar\/#\/schema\/person\/1a4992532ed62965c968031b49195c81","name":"Diario del Sur Digital","image":{"@type":"ImageObject","inLanguage":"es","@id":"https:\/\/secure.gravatar.com\/avatar\/f0c7c47fc7146d19828273b9b8eda651c9c7ab583767e6338d3d3bee825adf76?s=96&d=mm&r=g","url":"https:\/\/secure.gravatar.com\/avatar\/f0c7c47fc7146d19828273b9b8eda651c9c7ab583767e6338d3d3bee825adf76?s=96&d=mm&r=g","contentUrl":"https:\/\/secure.gravatar.com\/avatar\/f0c7c47fc7146d19828273b9b8eda651c9c7ab583767e6338d3d3bee825adf76?s=96&d=mm&r=g","caption":"Diario del Sur Digital"},"url":"https:\/\/diariodelsurdigital.com.ar\/?author=4"}]}},"_links":{"self":[{"href":"https:\/\/diariodelsurdigital.com.ar\/index.php?rest_route=\/wp\/v2\/posts\/1756","targetHints":{"allow":["GET"]}}],"collection":[{"href":"https:\/\/diariodelsurdigital.com.ar\/index.php?rest_route=\/wp\/v2\/posts"}],"about":[{"href":"https:\/\/diariodelsurdigital.com.ar\/index.php?rest_route=\/wp\/v2\/types\/post"}],"author":[{"embeddable":true,"href":"https:\/\/diariodelsurdigital.com.ar\/index.php?rest_route=\/wp\/v2\/users\/4"}],"replies":[{"embeddable":true,"href":"https:\/\/diariodelsurdigital.com.ar\/index.php?rest_route=%2Fwp%2Fv2%2Fcomments&post=1756"}],"version-history":[{"count":1,"href":"https:\/\/diariodelsurdigital.com.ar\/index.php?rest_route=\/wp\/v2\/posts\/1756\/revisions"}],"predecessor-version":[{"id":1758,"href":"https:\/\/diariodelsurdigital.com.ar\/index.php?rest_route=\/wp\/v2\/posts\/1756\/revisions\/1758"}],"wp:featuredmedia":[{"embeddable":true,"href":"https:\/\/diariodelsurdigital.com.ar\/index.php?rest_route=\/wp\/v2\/media\/1757"}],"wp:attachment":[{"href":"https:\/\/diariodelsurdigital.com.ar\/index.php?rest_route=%2Fwp%2Fv2%2Fmedia&parent=1756"}],"wp:term":[{"taxonomy":"category","embeddable":true,"href":"https:\/\/diariodelsurdigital.com.ar\/index.php?rest_route=%2Fwp%2Fv2%2Fcategories&post=1756"},{"taxonomy":"post_tag","embeddable":true,"href":"https:\/\/diariodelsurdigital.com.ar\/index.php?rest_route=%2Fwp%2Fv2%2Ftags&post=1756"}],"curies":[{"name":"wp","href":"https:\/\/api.w.org\/{rel}","templated":true}]}}