{"id":1802,"date":"2025-03-26T22:45:02","date_gmt":"2025-03-27T01:45:02","guid":{"rendered":"https:\/\/diariodelsurdigital.com.ar\/?p=1802"},"modified":"2025-03-26T22:45:03","modified_gmt":"2025-03-27T01:45:03","slug":"a-lo-milei-azcue-amenazo-con-privatizar-servicios-si-los-trabajadores-municipales-van-al-paro","status":"publish","type":"post","link":"https:\/\/diariodelsurdigital.com.ar\/?p=1802","title":{"rendered":"A lo Milei, Azcu\u00e9 amenaz\u00f3 con privatizar servicios si los trabajadores municipales van al paro"},"content":{"rendered":"\n<h2 class=\"wp-block-heading\" id=\"nota-title\">Protesta de municipales: Azcu\u00e9 pidi\u00f3 conciliaci\u00f3n obligatoria y dijo que \u201cel aumento que piden es imposible\u201d. Tambi\u00e9n amenaz\u00f3 y trat\u00f3 de \u00abc\u00ednicos y perversos\u00bb a los que piden aumento.<\/h2>\n\n\n\n<p>\u201cNosotros hoy necesitamos recursos para obras de infraestructura, de servicios b\u00e1sicos, porque la Naci\u00f3n no las va a hacer, se ha retirado, entonces depende de la Municipalidad de Concordia\u201d \u00edntegramente.<\/p>\n\n\n\n<p>Por lo tanto, remarc\u00f3 que \u201ctenemos que bajar el gasto del personal para tener m\u00e1s recursos y as\u00ed llevar adelante estas obras\u201d, por lo que \u201cen este aspecto hemos hecho el mayor de los esfuerzos, un c\u00e1lculo con mucha responsabilidad para tener m\u00e1s recursos para cumplir con lo que demandan los vecinos\u201d.<\/p>\n\n\n\n<p>Entre otras cosas, Azcu\u00e9 se\u00f1al\u00f3 que la situaci\u00f3n actual del municipio se debe a \u201cla ca\u00edda de la recaudaci\u00f3n por la recesi\u00f3n y tambi\u00e9n a que, en el 2023, durante el a\u00f1o electoral, se sumaron casi 900 personas entre pase a planta y contratos, por lo que hoy estamos soportando esas consecuencias\u201d.<\/p>\n\n\n\n<h5 class=\"wp-block-heading\"><strong>Asamblea y reclamos<\/strong><\/h5>\n\n\n\n<p>Este mi\u00e9rcoles, el intendente volvi\u00f3 a referirse al tema en Casa de Piedra, zona de la costanera, donde asegur\u00f3 que \u201clos recursos que necesitamos salen de los impuestos que pagan los ciudadanos, entonces tenemos que bajar ese gasto en personal\u201d.<a href=\"https:\/\/www.elentrerios.com\/uid-213122\"><\/a><\/p>\n\n\n\n<p>Sin embargo, aclar\u00f3 que \u201clas conversaciones contin\u00faan y hoy vamos a recibir a otro de los gremios\u201d, pero insisti\u00f3 en que \u201clos recursos de alg\u00fan lado tienen que salir, a pesar de que no digo que no sea leg\u00edtimo el reclamo, como tampoco digo que no hayan perdido poder adquisitivo, sino que todos perdimos, pero se trata de que nosotros tuvimos que administrar recursos pensando en los 200.000 concordienses\u201d.<\/p>\n\n\n\n<h5 class=\"wp-block-heading\"><strong>Conciliaci\u00f3n obligatoria<\/strong><\/h5>\n\n\n\n<p>\u201cEste mi\u00e9rcoles, trabajadores municipales de diferentes dependencias llevaron adelante una asamblea, por lo que desde el ejecutivo pedimos una conciliaci\u00f3n obligatoria, por lo cual van a tener que volver a trabajar\u201d, determin\u00f3 Azcu\u00e9.<\/p>\n\n\n\n<p>Entre otras cosas, sostuvo que \u201cyo tambi\u00e9n estoy obligado a garantizar ciertos servicios b\u00e1sicos, o sea que si estas medidas persisten y nos vemos impedidos de prestar esos servicios esenciales, tendr\u00e9 que buscar otra opci\u00f3n o tendr\u00e9 que pensar en concesionarlo, privatizarlo, porque nosotros hemos tomado una decisi\u00f3n con mucha responsabilidad y no me van a hacer retroceder\u201d.<\/p>\n\n\n\n<p>Adem\u00e1s, manifest\u00f3 que \u201cveo muchas personas que ahora nos est\u00e1n criticando, que en el 2023 cuando tomaban ciertas maniobras muy irresponsables -desde la gesti\u00f3n- los vi mirando para otro lado\u201d, reproch\u00f3.<\/p>\n\n\n\n<p>Al respecto, apunt\u00f3 que \u201cen la gesti\u00f3n anterior, cuando ocurr\u00edan estos episodios, que los hemos denunciado, como con los vales de GNC, cuando le robaban a la municipalidad y cuando met\u00edan t\u00edtulos secundarios truchos para cobrar, nunca vieron nada, se callaron la boca y ahora nos quieren dar clases de qu\u00e9 aumento dar a nosotros. Son realmente c\u00ednicos y perversos\u201d.<\/p>\n\n\n\n<p>El intendente expres\u00f3 que \u201creconozco el trabajo de los empleados municipales, que son los que todos los d\u00edas se ponen la camiseta, pero quiero que sepan que estamos haciendo todo lo que podemos para darles un aumento en funci\u00f3n de lo que hoy tenemos y ac\u00e1 hay un marco normativo que ya pas\u00f3 a otro plano\u201d. Finalmente, sobre el cierre, notific\u00f3 que se hab\u00eda dictado la conciliaci\u00f3n obligatoria.<\/p>\n\n\n\n<p><strong>Fuente:<\/strong>\u00a0Diario R\u00edo Uruguay<\/p>\n","protected":false},"excerpt":{"rendered":"<p>Protesta de municipales: Azcu\u00e9 pidi\u00f3 conciliaci\u00f3n obligatoria y dijo que \u201cel aumento que piden es imposible\u201d. Tambi\u00e9n amenaz\u00f3 y trat\u00f3 de \u00abc\u00ednicos y perversos\u00bb a los que piden aumento. \u201cNosotros hoy necesitamos recursos para obras de infraestructura, de servicios b\u00e1sicos, porque la Naci\u00f3n no las va a hacer, se ha retirado, entonces depende de la [&hellip;]<\/p>\n","protected":false},"author":2,"featured_media":1803,"comment_status":"open","ping_status":"open","sticky":false,"template":"","format":"standard","meta":{"footnotes":""},"categories":[16],"tags":[],"class_list":{"0":"post-1802","1":"post","2":"type-post","3":"status-publish","4":"format-standard","5":"has-post-thumbnail","7":"category-locales"},"yoast_head":"<!-- This site is optimized with the Yoast SEO plugin v27.4 - https:\/\/yoast.com\/product\/yoast-seo-wordpress\/ -->\n<title>A lo Milei, Azcu\u00e9 amenaz\u00f3 con privatizar servicios si los trabajadores municipales van al paro - Diario del Sur<\/title>\n<meta name=\"robots\" content=\"index, follow, max-snippet:-1, max-image-preview:large, max-video-preview:-1\" \/>\n<link rel=\"canonical\" href=\"https:\/\/diariodelsurdigital.com.ar\/?p=1802\" \/>\n<meta property=\"og:locale\" content=\"es_ES\" \/>\n<meta property=\"og:type\" content=\"article\" \/>\n<meta property=\"og:title\" content=\"A lo Milei, Azcu\u00e9 amenaz\u00f3 con privatizar servicios si los trabajadores municipales van al paro - Diario del Sur\" \/>\n<meta property=\"og:description\" content=\"Protesta de municipales: Azcu\u00e9 pidi\u00f3 conciliaci\u00f3n obligatoria y dijo que \u201cel aumento que piden es imposible\u201d. Tambi\u00e9n amenaz\u00f3 y trat\u00f3 de \u00abc\u00ednicos y perversos\u00bb a los que piden aumento. \u201cNosotros hoy necesitamos recursos para obras de infraestructura, de servicios b\u00e1sicos, porque la Naci\u00f3n no las va a hacer, se ha retirado, entonces depende de la [&hellip;]\" \/>\n<meta property=\"og:url\" content=\"https:\/\/diariodelsurdigital.com.ar\/?p=1802\" \/>\n<meta property=\"og:site_name\" content=\"Diario del Sur\" \/>\n<meta property=\"article:published_time\" content=\"2025-03-27T01:45:02+00:00\" \/>\n<meta property=\"article:modified_time\" content=\"2025-03-27T01:45:03+00:00\" \/>\n<meta property=\"og:image\" content=\"https:\/\/diariodelsurdigital.com.ar\/wp-content\/uploads\/2025\/03\/descarga.jpeg\" \/>\n\t<meta property=\"og:image:width\" content=\"468\" \/>\n\t<meta property=\"og:image:height\" content=\"295\" \/>\n\t<meta property=\"og:image:type\" content=\"image\/jpeg\" \/>\n<meta name=\"author\" content=\"Diario del Sur Digital\" \/>\n<meta name=\"twitter:card\" content=\"summary_large_image\" \/>\n<meta name=\"twitter:label1\" content=\"Escrito por\" \/>\n\t<meta name=\"twitter:data1\" content=\"Diario del Sur Digital\" \/>\n\t<meta name=\"twitter:label2\" content=\"Tiempo de lectura\" \/>\n\t<meta name=\"twitter:data2\" content=\"3 minutos\" \/>\n<script type=\"application\/ld+json\" class=\"yoast-schema-graph\">{\"@context\":\"https:\\\/\\\/schema.org\",\"@graph\":[{\"@type\":\"Article\",\"@id\":\"https:\\\/\\\/diariodelsurdigital.com.ar\\\/?p=1802#article\",\"isPartOf\":{\"@id\":\"https:\\\/\\\/diariodelsurdigital.com.ar\\\/?p=1802\"},\"author\":{\"name\":\"Diario del Sur Digital\",\"@id\":\"https:\\\/\\\/diariodelsurdigital.com.ar\\\/#\\\/schema\\\/person\\\/6136a32571657f7dba980b88b04c5465\"},\"headline\":\"A lo Milei, Azcu\u00e9 amenaz\u00f3 con privatizar servicios si los trabajadores municipales van al paro\",\"datePublished\":\"2025-03-27T01:45:02+00:00\",\"dateModified\":\"2025-03-27T01:45:03+00:00\",\"mainEntityOfPage\":{\"@id\":\"https:\\\/\\\/diariodelsurdigital.com.ar\\\/?p=1802\"},\"wordCount\":581,\"commentCount\":0,\"image\":{\"@id\":\"https:\\\/\\\/diariodelsurdigital.com.ar\\\/?p=1802#primaryimage\"},\"thumbnailUrl\":\"https:\\\/\\\/diariodelsurdigital.com.ar\\\/wp-content\\\/uploads\\\/2025\\\/03\\\/descarga.jpeg\",\"articleSection\":[\"Locales\"],\"inLanguage\":\"es\",\"potentialAction\":[{\"@type\":\"CommentAction\",\"name\":\"Comment\",\"target\":[\"https:\\\/\\\/diariodelsurdigital.com.ar\\\/?p=1802#respond\"]}]},{\"@type\":\"WebPage\",\"@id\":\"https:\\\/\\\/diariodelsurdigital.com.ar\\\/?p=1802\",\"url\":\"https:\\\/\\\/diariodelsurdigital.com.ar\\\/?p=1802\",\"name\":\"A lo Milei, Azcu\u00e9 amenaz\u00f3 con privatizar servicios si los trabajadores municipales van al paro - Diario del Sur\",\"isPartOf\":{\"@id\":\"https:\\\/\\\/diariodelsurdigital.com.ar\\\/#website\"},\"primaryImageOfPage\":{\"@id\":\"https:\\\/\\\/diariodelsurdigital.com.ar\\\/?p=1802#primaryimage\"},\"image\":{\"@id\":\"https:\\\/\\\/diariodelsurdigital.com.ar\\\/?p=1802#primaryimage\"},\"thumbnailUrl\":\"https:\\\/\\\/diariodelsurdigital.com.ar\\\/wp-content\\\/uploads\\\/2025\\\/03\\\/descarga.jpeg\",\"datePublished\":\"2025-03-27T01:45:02+00:00\",\"dateModified\":\"2025-03-27T01:45:03+00:00\",\"author\":{\"@id\":\"https:\\\/\\\/diariodelsurdigital.com.ar\\\/#\\\/schema\\\/person\\\/6136a32571657f7dba980b88b04c5465\"},\"breadcrumb\":{\"@id\":\"https:\\\/\\\/diariodelsurdigital.com.ar\\\/?p=1802#breadcrumb\"},\"inLanguage\":\"es\",\"potentialAction\":[{\"@type\":\"ReadAction\",\"target\":[\"https:\\\/\\\/diariodelsurdigital.com.ar\\\/?p=1802\"]}]},{\"@type\":\"ImageObject\",\"inLanguage\":\"es\",\"@id\":\"https:\\\/\\\/diariodelsurdigital.com.ar\\\/?p=1802#primaryimage\",\"url\":\"https:\\\/\\\/diariodelsurdigital.com.ar\\\/wp-content\\\/uploads\\\/2025\\\/03\\\/descarga.jpeg\",\"contentUrl\":\"https:\\\/\\\/diariodelsurdigital.com.ar\\\/wp-content\\\/uploads\\\/2025\\\/03\\\/descarga.jpeg\",\"width\":468,\"height\":295},{\"@type\":\"BreadcrumbList\",\"@id\":\"https:\\\/\\\/diariodelsurdigital.com.ar\\\/?p=1802#breadcrumb\",\"itemListElement\":[{\"@type\":\"ListItem\",\"position\":1,\"name\":\"Portada\",\"item\":\"https:\\\/\\\/diariodelsurdigital.com.ar\\\/\"},{\"@type\":\"ListItem\",\"position\":2,\"name\":\"A lo Milei, Azcu\u00e9 amenaz\u00f3 con privatizar servicios si los trabajadores municipales van al paro\"}]},{\"@type\":\"WebSite\",\"@id\":\"https:\\\/\\\/diariodelsurdigital.com.ar\\\/#website\",\"url\":\"https:\\\/\\\/diariodelsurdigital.com.ar\\\/\",\"name\":\"Diario del Sur\",\"description\":\"Digital\",\"potentialAction\":[{\"@type\":\"SearchAction\",\"target\":{\"@type\":\"EntryPoint\",\"urlTemplate\":\"https:\\\/\\\/diariodelsurdigital.com.ar\\\/?s={search_term_string}\"},\"query-input\":{\"@type\":\"PropertyValueSpecification\",\"valueRequired\":true,\"valueName\":\"search_term_string\"}}],\"inLanguage\":\"es\"},{\"@type\":\"Person\",\"@id\":\"https:\\\/\\\/diariodelsurdigital.com.ar\\\/#\\\/schema\\\/person\\\/6136a32571657f7dba980b88b04c5465\",\"name\":\"Diario del Sur Digital\",\"image\":{\"@type\":\"ImageObject\",\"inLanguage\":\"es\",\"@id\":\"https:\\\/\\\/secure.gravatar.com\\\/avatar\\\/4c29ceac98541dd42460b2474aaa5dd37594d6ce6cb3cf2c101d09b48ee287ba?s=96&d=mm&r=g\",\"url\":\"https:\\\/\\\/secure.gravatar.com\\\/avatar\\\/4c29ceac98541dd42460b2474aaa5dd37594d6ce6cb3cf2c101d09b48ee287ba?s=96&d=mm&r=g\",\"contentUrl\":\"https:\\\/\\\/secure.gravatar.com\\\/avatar\\\/4c29ceac98541dd42460b2474aaa5dd37594d6ce6cb3cf2c101d09b48ee287ba?s=96&d=mm&r=g\",\"caption\":\"Diario del Sur Digital\"},\"url\":\"https:\\\/\\\/diariodelsurdigital.com.ar\\\/?author=2\"}]}<\/script>\n<!-- \/ Yoast SEO plugin. -->","yoast_head_json":{"title":"A lo Milei, Azcu\u00e9 amenaz\u00f3 con privatizar servicios si los trabajadores municipales van al paro - Diario del Sur","robots":{"index":"index","follow":"follow","max-snippet":"max-snippet:-1","max-image-preview":"max-image-preview:large","max-video-preview":"max-video-preview:-1"},"canonical":"https:\/\/diariodelsurdigital.com.ar\/?p=1802","og_locale":"es_ES","og_type":"article","og_title":"A lo Milei, Azcu\u00e9 amenaz\u00f3 con privatizar servicios si los trabajadores municipales van al paro - Diario del Sur","og_description":"Protesta de municipales: Azcu\u00e9 pidi\u00f3 conciliaci\u00f3n obligatoria y dijo que \u201cel aumento que piden es imposible\u201d. Tambi\u00e9n amenaz\u00f3 y trat\u00f3 de \u00abc\u00ednicos y perversos\u00bb a los que piden aumento. \u201cNosotros hoy necesitamos recursos para obras de infraestructura, de servicios b\u00e1sicos, porque la Naci\u00f3n no las va a hacer, se ha retirado, entonces depende de la [&hellip;]","og_url":"https:\/\/diariodelsurdigital.com.ar\/?p=1802","og_site_name":"Diario del Sur","article_published_time":"2025-03-27T01:45:02+00:00","article_modified_time":"2025-03-27T01:45:03+00:00","og_image":[{"width":468,"height":295,"url":"https:\/\/diariodelsurdigital.com.ar\/wp-content\/uploads\/2025\/03\/descarga.jpeg","type":"image\/jpeg"}],"author":"Diario del Sur Digital","twitter_card":"summary_large_image","twitter_misc":{"Escrito por":"Diario del Sur Digital","Tiempo de lectura":"3 minutos"},"schema":{"@context":"https:\/\/schema.org","@graph":[{"@type":"Article","@id":"https:\/\/diariodelsurdigital.com.ar\/?p=1802#article","isPartOf":{"@id":"https:\/\/diariodelsurdigital.com.ar\/?p=1802"},"author":{"name":"Diario del Sur Digital","@id":"https:\/\/diariodelsurdigital.com.ar\/#\/schema\/person\/6136a32571657f7dba980b88b04c5465"},"headline":"A lo Milei, Azcu\u00e9 amenaz\u00f3 con privatizar servicios si los trabajadores municipales van al paro","datePublished":"2025-03-27T01:45:02+00:00","dateModified":"2025-03-27T01:45:03+00:00","mainEntityOfPage":{"@id":"https:\/\/diariodelsurdigital.com.ar\/?p=1802"},"wordCount":581,"commentCount":0,"image":{"@id":"https:\/\/diariodelsurdigital.com.ar\/?p=1802#primaryimage"},"thumbnailUrl":"https:\/\/diariodelsurdigital.com.ar\/wp-content\/uploads\/2025\/03\/descarga.jpeg","articleSection":["Locales"],"inLanguage":"es","potentialAction":[{"@type":"CommentAction","name":"Comment","target":["https:\/\/diariodelsurdigital.com.ar\/?p=1802#respond"]}]},{"@type":"WebPage","@id":"https:\/\/diariodelsurdigital.com.ar\/?p=1802","url":"https:\/\/diariodelsurdigital.com.ar\/?p=1802","name":"A lo Milei, Azcu\u00e9 amenaz\u00f3 con privatizar servicios si los trabajadores municipales van al paro - Diario del Sur","isPartOf":{"@id":"https:\/\/diariodelsurdigital.com.ar\/#website"},"primaryImageOfPage":{"@id":"https:\/\/diariodelsurdigital.com.ar\/?p=1802#primaryimage"},"image":{"@id":"https:\/\/diariodelsurdigital.com.ar\/?p=1802#primaryimage"},"thumbnailUrl":"https:\/\/diariodelsurdigital.com.ar\/wp-content\/uploads\/2025\/03\/descarga.jpeg","datePublished":"2025-03-27T01:45:02+00:00","dateModified":"2025-03-27T01:45:03+00:00","author":{"@id":"https:\/\/diariodelsurdigital.com.ar\/#\/schema\/person\/6136a32571657f7dba980b88b04c5465"},"breadcrumb":{"@id":"https:\/\/diariodelsurdigital.com.ar\/?p=1802#breadcrumb"},"inLanguage":"es","potentialAction":[{"@type":"ReadAction","target":["https:\/\/diariodelsurdigital.com.ar\/?p=1802"]}]},{"@type":"ImageObject","inLanguage":"es","@id":"https:\/\/diariodelsurdigital.com.ar\/?p=1802#primaryimage","url":"https:\/\/diariodelsurdigital.com.ar\/wp-content\/uploads\/2025\/03\/descarga.jpeg","contentUrl":"https:\/\/diariodelsurdigital.com.ar\/wp-content\/uploads\/2025\/03\/descarga.jpeg","width":468,"height":295},{"@type":"BreadcrumbList","@id":"https:\/\/diariodelsurdigital.com.ar\/?p=1802#breadcrumb","itemListElement":[{"@type":"ListItem","position":1,"name":"Portada","item":"https:\/\/diariodelsurdigital.com.ar\/"},{"@type":"ListItem","position":2,"name":"A lo Milei, Azcu\u00e9 amenaz\u00f3 con privatizar servicios si los trabajadores municipales van al paro"}]},{"@type":"WebSite","@id":"https:\/\/diariodelsurdigital.com.ar\/#website","url":"https:\/\/diariodelsurdigital.com.ar\/","name":"Diario del Sur","description":"Digital","potentialAction":[{"@type":"SearchAction","target":{"@type":"EntryPoint","urlTemplate":"https:\/\/diariodelsurdigital.com.ar\/?s={search_term_string}"},"query-input":{"@type":"PropertyValueSpecification","valueRequired":true,"valueName":"search_term_string"}}],"inLanguage":"es"},{"@type":"Person","@id":"https:\/\/diariodelsurdigital.com.ar\/#\/schema\/person\/6136a32571657f7dba980b88b04c5465","name":"Diario del Sur Digital","image":{"@type":"ImageObject","inLanguage":"es","@id":"https:\/\/secure.gravatar.com\/avatar\/4c29ceac98541dd42460b2474aaa5dd37594d6ce6cb3cf2c101d09b48ee287ba?s=96&d=mm&r=g","url":"https:\/\/secure.gravatar.com\/avatar\/4c29ceac98541dd42460b2474aaa5dd37594d6ce6cb3cf2c101d09b48ee287ba?s=96&d=mm&r=g","contentUrl":"https:\/\/secure.gravatar.com\/avatar\/4c29ceac98541dd42460b2474aaa5dd37594d6ce6cb3cf2c101d09b48ee287ba?s=96&d=mm&r=g","caption":"Diario del Sur Digital"},"url":"https:\/\/diariodelsurdigital.com.ar\/?author=2"}]}},"_links":{"self":[{"href":"https:\/\/diariodelsurdigital.com.ar\/index.php?rest_route=\/wp\/v2\/posts\/1802","targetHints":{"allow":["GET"]}}],"collection":[{"href":"https:\/\/diariodelsurdigital.com.ar\/index.php?rest_route=\/wp\/v2\/posts"}],"about":[{"href":"https:\/\/diariodelsurdigital.com.ar\/index.php?rest_route=\/wp\/v2\/types\/post"}],"author":[{"embeddable":true,"href":"https:\/\/diariodelsurdigital.com.ar\/index.php?rest_route=\/wp\/v2\/users\/2"}],"replies":[{"embeddable":true,"href":"https:\/\/diariodelsurdigital.com.ar\/index.php?rest_route=%2Fwp%2Fv2%2Fcomments&post=1802"}],"version-history":[{"count":1,"href":"https:\/\/diariodelsurdigital.com.ar\/index.php?rest_route=\/wp\/v2\/posts\/1802\/revisions"}],"predecessor-version":[{"id":1804,"href":"https:\/\/diariodelsurdigital.com.ar\/index.php?rest_route=\/wp\/v2\/posts\/1802\/revisions\/1804"}],"wp:featuredmedia":[{"embeddable":true,"href":"https:\/\/diariodelsurdigital.com.ar\/index.php?rest_route=\/wp\/v2\/media\/1803"}],"wp:attachment":[{"href":"https:\/\/diariodelsurdigital.com.ar\/index.php?rest_route=%2Fwp%2Fv2%2Fmedia&parent=1802"}],"wp:term":[{"taxonomy":"category","embeddable":true,"href":"https:\/\/diariodelsurdigital.com.ar\/index.php?rest_route=%2Fwp%2Fv2%2Fcategories&post=1802"},{"taxonomy":"post_tag","embeddable":true,"href":"https:\/\/diariodelsurdigital.com.ar\/index.php?rest_route=%2Fwp%2Fv2%2Ftags&post=1802"}],"curies":[{"name":"wp","href":"https:\/\/api.w.org\/{rel}","templated":true}]}}