{"id":1805,"date":"2025-03-27T11:45:49","date_gmt":"2025-03-27T14:45:49","guid":{"rendered":"https:\/\/diariodelsurdigital.com.ar\/?p=1805"},"modified":"2025-03-27T11:55:50","modified_gmt":"2025-03-27T14:55:50","slug":"municipales-a-llorar-al-campito","status":"publish","type":"post","link":"https:\/\/diariodelsurdigital.com.ar\/?p=1805","title":{"rendered":"Municipales, a llorar al campito"},"content":{"rendered":"\n<p><\/p>\n\n\n\n<p><strong>Por \u00abCorchito\u00bb Gonz\u00e1lez, desde los pasillos del Palacio Municipal para Diario del SUR Digital<\/strong>.<\/p>\n\n\n\n<p>Bueno, bueno, se\u00f1oras y se\u00f1ores, saquen los pa\u00f1uelos porque parece que se viene otra temporada de \u00ablos municipales al borde del llanto\u00bb. Desde temprano me di una vuelta por el palacio municipal para ver si era cierto el milagro de los gremios arreglando con el intendente el reclamo salarial. \u00a1Oh, sorpresa! El milagro no fue tal, sino m\u00e1s bien un truco de magia de los buenos: el gremio que m\u00e1s ped\u00eda (UOEMC) termin\u00f3 firmando por menos. O sea, ped\u00edan un 40% y terminaron firmando un glorioso 12%. \u00a1Maestros del regateo, sin duda! \u00bfQu\u00e9 habr\u00e1 pasado en el medio? \u00bfSe habr\u00e1 perdido un cero en la calculadora? \u00bfHabr\u00e1 aparecido una mano invisible que convenci\u00f3 a los negociadores? Qui\u00e9n sabe\u2026 el misterio del mes.<\/p>\n\n\n\n<p>Claro, el acuerdo se cerr\u00f3, pero con las luces apagadas y por debajo de la mesa, porque parece que nadie quiere hacerse cargo del papel\u00f3n. El decreto es la salida m\u00e1gica para liquidar los sueldos con el majestuoso 12% y todos contentos\u2026 \u00bfo no? Bueno, no tanto, porque otros gremios (los de Avallone, ATE y Jer\u00e1rquicos) siguen en conciliaci\u00f3n obligatoria, una jugada maestra del intendente Azcue para que no le hagan l\u00edo en plena liquidaci\u00f3n de haberes. Nada como atarles las manos a los gremios mientras se cocina el ajuste.<\/p>\n\n\n\n<p>El resultado de esta jugada es claro: los empleados municipales, como siempre, pierden. Segundo a\u00f1o consecutivo con aumentos por debajo de la inflaci\u00f3n y con la certeza de que la \u00e9poca de sueldos pagados al d\u00eda y mejoras salariales ya fue. \u00bfRecuerdan cuando el intendente promet\u00eda el cambio? Bueno, lo cumpli\u00f3: ahora el cambio es en contra de los trabajadores. De hecho, desde el d\u00eda uno viene repitiendo que las cuentas municipales est\u00e1n complicadas debido a que la anterior gesti\u00f3n le dej\u00f3 la municipalidad fundida, como si no hubiera ya pasado un a\u00f1o y medio y \u00e9l nunca estuvo gobernando (y capaz tiene raz\u00f3n), y que su modelo es el mismo de Milei: ajustar hasta que duela (pero ojo, s\u00f3lo para algunos).<\/p>\n\n\n\n<p>Lo m\u00e1s c\u00f3mico de todo esto es lo que cuentan los empleados de la contadur\u00eda: resulta que los impuestos municipales subieron un 180%, el presupuesto creci\u00f3 un 60% y los sueldos apenas un 12%. \u00a1Brillante! Es decir, nos meten la mano en el bolsillo a los 70.000 contribuyentes de Concordia, pero a la hora de pagarle a los empleados, la billetera est\u00e1 flaca. Qu\u00e9 curioso, \u00bfno? Antes, en otras gestiones, se sub\u00eda el presupuesto y los sueldos en la misma proporci\u00f3n. Ahora parece que la prioridad est\u00e1 en otra parte\u2026<\/p>\n\n\n\n<p>Y atenci\u00f3n que el otro que sali\u00f3 perdiendo fue el propio intendente. La jugada de hacerse el duro, no atender a los gremios, patear la negociaci\u00f3n hasta el \u00faltimo minuto y llamarlos a conciliaci\u00f3n no le sali\u00f3 del todo bien. La idea era que los gremios se calentaran, hicieran paro y as\u00ed justificar la contrataci\u00f3n directa de cooperativas y monotributistas para la limpieza y recolecci\u00f3n. Pero nunca se imagin\u00f3 que uno de los gremios se iba a bajar los pantalones e iba a aceptar la rid\u00edcula propuesta del 12%. Qui\u00e9n sabe lo que pas\u00f3, todo indicaba que el intendente quer\u00eda pegar el volantazo y reemplazar empleados municipales por servicios tercerizados. \u00a1Pero qu\u00e9 sorpresa! Justo lo que en campa\u00f1a juraba que iba a eliminar, ahora lo ve como la soluci\u00f3n a todos los problemas. Y como frutilla del postre, en su gesti\u00f3n se duplic\u00f3 la cantidad y el monto de estas contrataciones. \u00a1Qu\u00e9 giro tan llamativo! Antes era corrupci\u00f3n, ahora es eficiencia.<\/p>\n\n\n\n<p>En fin, el resumen es el de siempre: los empleados municipales pierden, los gremios est\u00e1n m\u00e1s perdidos que nunca, sin rumbo, sin estrategia y sin respuestas claras para sus afiliados, y el intendente termin\u00f3 jugando a dos puntas sin lograr lo que quer\u00eda. Pero tranquilos, siempre nos queda el campito para ir a llorar.<\/p>\n","protected":false},"excerpt":{"rendered":"<p>Por \u00abCorchito\u00bb Gonz\u00e1lez, desde los pasillos del Palacio Municipal para Diario del SUR Digital. Bueno, bueno, se\u00f1oras y se\u00f1ores, saquen los pa\u00f1uelos porque parece que se viene otra temporada de \u00ablos municipales al borde del llanto\u00bb. Desde temprano me di una vuelta por el palacio municipal para ver si era cierto el milagro de los [&hellip;]<\/p>\n","protected":false},"author":2,"featured_media":1806,"comment_status":"open","ping_status":"open","sticky":false,"template":"","format":"standard","meta":{"footnotes":""},"categories":[1],"tags":[],"class_list":{"0":"post-1805","1":"post","2":"type-post","3":"status-publish","4":"format-standard","5":"has-post-thumbnail","7":"category-uncategorized"},"yoast_head":"<!-- This site is optimized with the Yoast SEO plugin v27.4 - https:\/\/yoast.com\/product\/yoast-seo-wordpress\/ -->\n<title>Municipales, a llorar al campito - Diario del Sur<\/title>\n<meta name=\"robots\" content=\"index, follow, max-snippet:-1, max-image-preview:large, max-video-preview:-1\" \/>\n<link rel=\"canonical\" href=\"https:\/\/diariodelsurdigital.com.ar\/?p=1805\" \/>\n<meta property=\"og:locale\" content=\"es_ES\" \/>\n<meta property=\"og:type\" content=\"article\" \/>\n<meta property=\"og:title\" content=\"Municipales, a llorar al campito - Diario del Sur\" \/>\n<meta property=\"og:description\" content=\"Por \u00abCorchito\u00bb Gonz\u00e1lez, desde los pasillos del Palacio Municipal para Diario del SUR Digital. Bueno, bueno, se\u00f1oras y se\u00f1ores, saquen los pa\u00f1uelos porque parece que se viene otra temporada de \u00ablos municipales al borde del llanto\u00bb. Desde temprano me di una vuelta por el palacio municipal para ver si era cierto el milagro de los [&hellip;]\" \/>\n<meta property=\"og:url\" content=\"https:\/\/diariodelsurdigital.com.ar\/?p=1805\" \/>\n<meta property=\"og:site_name\" content=\"Diario del Sur\" \/>\n<meta property=\"article:published_time\" content=\"2025-03-27T14:45:49+00:00\" \/>\n<meta property=\"article:modified_time\" content=\"2025-03-27T14:55:50+00:00\" \/>\n<meta property=\"og:image\" content=\"https:\/\/diariodelsurdigital.com.ar\/wp-content\/uploads\/2025\/03\/l_1739980841-1.png\" \/>\n\t<meta property=\"og:image:width\" content=\"526\" \/>\n\t<meta property=\"og:image:height\" content=\"315\" \/>\n\t<meta property=\"og:image:type\" content=\"image\/png\" \/>\n<meta name=\"author\" content=\"Diario del Sur Digital\" \/>\n<meta name=\"twitter:card\" content=\"summary_large_image\" \/>\n<meta name=\"twitter:label1\" content=\"Escrito por\" \/>\n\t<meta name=\"twitter:data1\" content=\"Diario del Sur Digital\" \/>\n\t<meta name=\"twitter:label2\" content=\"Tiempo de lectura\" \/>\n\t<meta name=\"twitter:data2\" content=\"4 minutos\" \/>\n<script type=\"application\/ld+json\" class=\"yoast-schema-graph\">{\"@context\":\"https:\\\/\\\/schema.org\",\"@graph\":[{\"@type\":\"Article\",\"@id\":\"https:\\\/\\\/diariodelsurdigital.com.ar\\\/?p=1805#article\",\"isPartOf\":{\"@id\":\"https:\\\/\\\/diariodelsurdigital.com.ar\\\/?p=1805\"},\"author\":{\"name\":\"Diario del Sur Digital\",\"@id\":\"https:\\\/\\\/diariodelsurdigital.com.ar\\\/#\\\/schema\\\/person\\\/6136a32571657f7dba980b88b04c5465\"},\"headline\":\"Municipales, a llorar al campito\",\"datePublished\":\"2025-03-27T14:45:49+00:00\",\"dateModified\":\"2025-03-27T14:55:50+00:00\",\"mainEntityOfPage\":{\"@id\":\"https:\\\/\\\/diariodelsurdigital.com.ar\\\/?p=1805\"},\"wordCount\":695,\"commentCount\":1,\"image\":{\"@id\":\"https:\\\/\\\/diariodelsurdigital.com.ar\\\/?p=1805#primaryimage\"},\"thumbnailUrl\":\"https:\\\/\\\/diariodelsurdigital.com.ar\\\/wp-content\\\/uploads\\\/2025\\\/03\\\/l_1739980841-1.png\",\"articleSection\":[\"Uncategorized\"],\"inLanguage\":\"es\",\"potentialAction\":[{\"@type\":\"CommentAction\",\"name\":\"Comment\",\"target\":[\"https:\\\/\\\/diariodelsurdigital.com.ar\\\/?p=1805#respond\"]}]},{\"@type\":\"WebPage\",\"@id\":\"https:\\\/\\\/diariodelsurdigital.com.ar\\\/?p=1805\",\"url\":\"https:\\\/\\\/diariodelsurdigital.com.ar\\\/?p=1805\",\"name\":\"Municipales, a llorar al campito - Diario del Sur\",\"isPartOf\":{\"@id\":\"https:\\\/\\\/diariodelsurdigital.com.ar\\\/#website\"},\"primaryImageOfPage\":{\"@id\":\"https:\\\/\\\/diariodelsurdigital.com.ar\\\/?p=1805#primaryimage\"},\"image\":{\"@id\":\"https:\\\/\\\/diariodelsurdigital.com.ar\\\/?p=1805#primaryimage\"},\"thumbnailUrl\":\"https:\\\/\\\/diariodelsurdigital.com.ar\\\/wp-content\\\/uploads\\\/2025\\\/03\\\/l_1739980841-1.png\",\"datePublished\":\"2025-03-27T14:45:49+00:00\",\"dateModified\":\"2025-03-27T14:55:50+00:00\",\"author\":{\"@id\":\"https:\\\/\\\/diariodelsurdigital.com.ar\\\/#\\\/schema\\\/person\\\/6136a32571657f7dba980b88b04c5465\"},\"breadcrumb\":{\"@id\":\"https:\\\/\\\/diariodelsurdigital.com.ar\\\/?p=1805#breadcrumb\"},\"inLanguage\":\"es\",\"potentialAction\":[{\"@type\":\"ReadAction\",\"target\":[\"https:\\\/\\\/diariodelsurdigital.com.ar\\\/?p=1805\"]}]},{\"@type\":\"ImageObject\",\"inLanguage\":\"es\",\"@id\":\"https:\\\/\\\/diariodelsurdigital.com.ar\\\/?p=1805#primaryimage\",\"url\":\"https:\\\/\\\/diariodelsurdigital.com.ar\\\/wp-content\\\/uploads\\\/2025\\\/03\\\/l_1739980841-1.png\",\"contentUrl\":\"https:\\\/\\\/diariodelsurdigital.com.ar\\\/wp-content\\\/uploads\\\/2025\\\/03\\\/l_1739980841-1.png\",\"width\":526,\"height\":315},{\"@type\":\"BreadcrumbList\",\"@id\":\"https:\\\/\\\/diariodelsurdigital.com.ar\\\/?p=1805#breadcrumb\",\"itemListElement\":[{\"@type\":\"ListItem\",\"position\":1,\"name\":\"Portada\",\"item\":\"https:\\\/\\\/diariodelsurdigital.com.ar\\\/\"},{\"@type\":\"ListItem\",\"position\":2,\"name\":\"Municipales, a llorar al campito\"}]},{\"@type\":\"WebSite\",\"@id\":\"https:\\\/\\\/diariodelsurdigital.com.ar\\\/#website\",\"url\":\"https:\\\/\\\/diariodelsurdigital.com.ar\\\/\",\"name\":\"Diario del Sur\",\"description\":\"Digital\",\"potentialAction\":[{\"@type\":\"SearchAction\",\"target\":{\"@type\":\"EntryPoint\",\"urlTemplate\":\"https:\\\/\\\/diariodelsurdigital.com.ar\\\/?s={search_term_string}\"},\"query-input\":{\"@type\":\"PropertyValueSpecification\",\"valueRequired\":true,\"valueName\":\"search_term_string\"}}],\"inLanguage\":\"es\"},{\"@type\":\"Person\",\"@id\":\"https:\\\/\\\/diariodelsurdigital.com.ar\\\/#\\\/schema\\\/person\\\/6136a32571657f7dba980b88b04c5465\",\"name\":\"Diario del Sur Digital\",\"image\":{\"@type\":\"ImageObject\",\"inLanguage\":\"es\",\"@id\":\"https:\\\/\\\/secure.gravatar.com\\\/avatar\\\/4c29ceac98541dd42460b2474aaa5dd37594d6ce6cb3cf2c101d09b48ee287ba?s=96&d=mm&r=g\",\"url\":\"https:\\\/\\\/secure.gravatar.com\\\/avatar\\\/4c29ceac98541dd42460b2474aaa5dd37594d6ce6cb3cf2c101d09b48ee287ba?s=96&d=mm&r=g\",\"contentUrl\":\"https:\\\/\\\/secure.gravatar.com\\\/avatar\\\/4c29ceac98541dd42460b2474aaa5dd37594d6ce6cb3cf2c101d09b48ee287ba?s=96&d=mm&r=g\",\"caption\":\"Diario del Sur Digital\"},\"url\":\"https:\\\/\\\/diariodelsurdigital.com.ar\\\/?author=2\"}]}<\/script>\n<!-- \/ Yoast SEO plugin. -->","yoast_head_json":{"title":"Municipales, a llorar al campito - Diario del Sur","robots":{"index":"index","follow":"follow","max-snippet":"max-snippet:-1","max-image-preview":"max-image-preview:large","max-video-preview":"max-video-preview:-1"},"canonical":"https:\/\/diariodelsurdigital.com.ar\/?p=1805","og_locale":"es_ES","og_type":"article","og_title":"Municipales, a llorar al campito - Diario del Sur","og_description":"Por \u00abCorchito\u00bb Gonz\u00e1lez, desde los pasillos del Palacio Municipal para Diario del SUR Digital. Bueno, bueno, se\u00f1oras y se\u00f1ores, saquen los pa\u00f1uelos porque parece que se viene otra temporada de \u00ablos municipales al borde del llanto\u00bb. Desde temprano me di una vuelta por el palacio municipal para ver si era cierto el milagro de los [&hellip;]","og_url":"https:\/\/diariodelsurdigital.com.ar\/?p=1805","og_site_name":"Diario del Sur","article_published_time":"2025-03-27T14:45:49+00:00","article_modified_time":"2025-03-27T14:55:50+00:00","og_image":[{"width":526,"height":315,"url":"https:\/\/diariodelsurdigital.com.ar\/wp-content\/uploads\/2025\/03\/l_1739980841-1.png","type":"image\/png"}],"author":"Diario del Sur Digital","twitter_card":"summary_large_image","twitter_misc":{"Escrito por":"Diario del Sur Digital","Tiempo de lectura":"4 minutos"},"schema":{"@context":"https:\/\/schema.org","@graph":[{"@type":"Article","@id":"https:\/\/diariodelsurdigital.com.ar\/?p=1805#article","isPartOf":{"@id":"https:\/\/diariodelsurdigital.com.ar\/?p=1805"},"author":{"name":"Diario del Sur Digital","@id":"https:\/\/diariodelsurdigital.com.ar\/#\/schema\/person\/6136a32571657f7dba980b88b04c5465"},"headline":"Municipales, a llorar al campito","datePublished":"2025-03-27T14:45:49+00:00","dateModified":"2025-03-27T14:55:50+00:00","mainEntityOfPage":{"@id":"https:\/\/diariodelsurdigital.com.ar\/?p=1805"},"wordCount":695,"commentCount":1,"image":{"@id":"https:\/\/diariodelsurdigital.com.ar\/?p=1805#primaryimage"},"thumbnailUrl":"https:\/\/diariodelsurdigital.com.ar\/wp-content\/uploads\/2025\/03\/l_1739980841-1.png","articleSection":["Uncategorized"],"inLanguage":"es","potentialAction":[{"@type":"CommentAction","name":"Comment","target":["https:\/\/diariodelsurdigital.com.ar\/?p=1805#respond"]}]},{"@type":"WebPage","@id":"https:\/\/diariodelsurdigital.com.ar\/?p=1805","url":"https:\/\/diariodelsurdigital.com.ar\/?p=1805","name":"Municipales, a llorar al campito - Diario del Sur","isPartOf":{"@id":"https:\/\/diariodelsurdigital.com.ar\/#website"},"primaryImageOfPage":{"@id":"https:\/\/diariodelsurdigital.com.ar\/?p=1805#primaryimage"},"image":{"@id":"https:\/\/diariodelsurdigital.com.ar\/?p=1805#primaryimage"},"thumbnailUrl":"https:\/\/diariodelsurdigital.com.ar\/wp-content\/uploads\/2025\/03\/l_1739980841-1.png","datePublished":"2025-03-27T14:45:49+00:00","dateModified":"2025-03-27T14:55:50+00:00","author":{"@id":"https:\/\/diariodelsurdigital.com.ar\/#\/schema\/person\/6136a32571657f7dba980b88b04c5465"},"breadcrumb":{"@id":"https:\/\/diariodelsurdigital.com.ar\/?p=1805#breadcrumb"},"inLanguage":"es","potentialAction":[{"@type":"ReadAction","target":["https:\/\/diariodelsurdigital.com.ar\/?p=1805"]}]},{"@type":"ImageObject","inLanguage":"es","@id":"https:\/\/diariodelsurdigital.com.ar\/?p=1805#primaryimage","url":"https:\/\/diariodelsurdigital.com.ar\/wp-content\/uploads\/2025\/03\/l_1739980841-1.png","contentUrl":"https:\/\/diariodelsurdigital.com.ar\/wp-content\/uploads\/2025\/03\/l_1739980841-1.png","width":526,"height":315},{"@type":"BreadcrumbList","@id":"https:\/\/diariodelsurdigital.com.ar\/?p=1805#breadcrumb","itemListElement":[{"@type":"ListItem","position":1,"name":"Portada","item":"https:\/\/diariodelsurdigital.com.ar\/"},{"@type":"ListItem","position":2,"name":"Municipales, a llorar al campito"}]},{"@type":"WebSite","@id":"https:\/\/diariodelsurdigital.com.ar\/#website","url":"https:\/\/diariodelsurdigital.com.ar\/","name":"Diario del Sur","description":"Digital","potentialAction":[{"@type":"SearchAction","target":{"@type":"EntryPoint","urlTemplate":"https:\/\/diariodelsurdigital.com.ar\/?s={search_term_string}"},"query-input":{"@type":"PropertyValueSpecification","valueRequired":true,"valueName":"search_term_string"}}],"inLanguage":"es"},{"@type":"Person","@id":"https:\/\/diariodelsurdigital.com.ar\/#\/schema\/person\/6136a32571657f7dba980b88b04c5465","name":"Diario del Sur Digital","image":{"@type":"ImageObject","inLanguage":"es","@id":"https:\/\/secure.gravatar.com\/avatar\/4c29ceac98541dd42460b2474aaa5dd37594d6ce6cb3cf2c101d09b48ee287ba?s=96&d=mm&r=g","url":"https:\/\/secure.gravatar.com\/avatar\/4c29ceac98541dd42460b2474aaa5dd37594d6ce6cb3cf2c101d09b48ee287ba?s=96&d=mm&r=g","contentUrl":"https:\/\/secure.gravatar.com\/avatar\/4c29ceac98541dd42460b2474aaa5dd37594d6ce6cb3cf2c101d09b48ee287ba?s=96&d=mm&r=g","caption":"Diario del Sur Digital"},"url":"https:\/\/diariodelsurdigital.com.ar\/?author=2"}]}},"_links":{"self":[{"href":"https:\/\/diariodelsurdigital.com.ar\/index.php?rest_route=\/wp\/v2\/posts\/1805","targetHints":{"allow":["GET"]}}],"collection":[{"href":"https:\/\/diariodelsurdigital.com.ar\/index.php?rest_route=\/wp\/v2\/posts"}],"about":[{"href":"https:\/\/diariodelsurdigital.com.ar\/index.php?rest_route=\/wp\/v2\/types\/post"}],"author":[{"embeddable":true,"href":"https:\/\/diariodelsurdigital.com.ar\/index.php?rest_route=\/wp\/v2\/users\/2"}],"replies":[{"embeddable":true,"href":"https:\/\/diariodelsurdigital.com.ar\/index.php?rest_route=%2Fwp%2Fv2%2Fcomments&post=1805"}],"version-history":[{"count":2,"href":"https:\/\/diariodelsurdigital.com.ar\/index.php?rest_route=\/wp\/v2\/posts\/1805\/revisions"}],"predecessor-version":[{"id":1808,"href":"https:\/\/diariodelsurdigital.com.ar\/index.php?rest_route=\/wp\/v2\/posts\/1805\/revisions\/1808"}],"wp:featuredmedia":[{"embeddable":true,"href":"https:\/\/diariodelsurdigital.com.ar\/index.php?rest_route=\/wp\/v2\/media\/1806"}],"wp:attachment":[{"href":"https:\/\/diariodelsurdigital.com.ar\/index.php?rest_route=%2Fwp%2Fv2%2Fmedia&parent=1805"}],"wp:term":[{"taxonomy":"category","embeddable":true,"href":"https:\/\/diariodelsurdigital.com.ar\/index.php?rest_route=%2Fwp%2Fv2%2Fcategories&post=1805"},{"taxonomy":"post_tag","embeddable":true,"href":"https:\/\/diariodelsurdigital.com.ar\/index.php?rest_route=%2Fwp%2Fv2%2Ftags&post=1805"}],"curies":[{"name":"wp","href":"https:\/\/api.w.org\/{rel}","templated":true}]}}