{"id":1822,"date":"2025-03-28T10:14:03","date_gmt":"2025-03-28T13:14:03","guid":{"rendered":"https:\/\/diariodelsurdigital.com.ar\/?p=1822"},"modified":"2025-03-28T10:14:05","modified_gmt":"2025-03-28T13:14:05","slug":"frigerio-se-reunio-con-el-presidente-de-uruguay","status":"publish","type":"post","link":"https:\/\/diariodelsurdigital.com.ar\/?p=1822","title":{"rendered":"Frigerio se reuni\u00f3 con el presidente de Uruguay"},"content":{"rendered":"\n<p>El gobernador de Entre R\u00edos, Rogelio Frigerio, mantuvo este lunes su primer encuentro con el presidente de la Rep\u00fablica Oriental del Uruguay, Yamand\u00fa Orsi, y con el canciller Mario Lubetkin. En la reuni\u00f3n, que se desarroll\u00f3 en Montevideo, abordaron una agenda com\u00fan centrada en el cuidado del R\u00edo Uruguay, el desarrollo sostenible de ambas orillas y la necesidad de profundizar la cooperaci\u00f3n binacional.<\/p>\n\n\n\n<p>Uno de los temas principales fue la preocupaci\u00f3n manifestada por vecinos y autoridades de la ciudad de Col\u00f3n ante la posible instalaci\u00f3n de una planta de hidr\u00f3geno verde en la costa de Paysand\u00fa, a escasa distancia de las playas entrerrianas.<\/p>\n\n\n\n<p>El gobernador destac\u00f3 el tono de la reuni\u00f3n y valor\u00f3 la predisposici\u00f3n del gobierno uruguayo a escuchar los planteos: \u00abEstamos convencidos de que no se va a repetir una situaci\u00f3n como la que nos enfrent\u00f3 en el pasado entre Gualeguaych\u00fa y Fray Bentos. Si eso sucediera, ser\u00eda porque no aprendimos de nuestros errores. Y eso no va a ocurrir\u00bb, sostuvo Frigerio.<\/p>\n\n\n\n<p>Por su parte, el canciller uruguayo, Mario Lubetkin, asegur\u00f3 que el proceso est\u00e1 en una etapa de di\u00e1logo t\u00e9cnico y pol\u00edtico. \u00abEstamos en un momento din\u00e1mico de articulaci\u00f3n y cooperaci\u00f3n. No es casual que el gobernador Frigerio se re\u00fana no solo con el presidente Orsi, sino tambi\u00e9n con los ministros que est\u00e1n trabajando en estos temas\u201d.<\/p>\n\n\n\n<p>\u201cEl di\u00e1logo entre gobiernos, los estudios de impacto y la voluntad pol\u00edtica son claves para que estos proyectos no generen temores sino oportunidades de desarrollo. De lo que se trata, es de entrar en un escenario de cooperaci\u00f3n con una provincia absolutamente estrat\u00e9gica para Uruguay\u00bb, asegur\u00f3 Lubetkin.<\/p>\n\n\n\n<p>\u00abEntre los temas respecto a los que se colaborar\u00e1, se encuentran el r\u00edo Uruguay, log\u00edstica, aspectos ambientales y proyectos de desarrollo, como el de producci\u00f3n de hidr\u00f3geno verde en Paysand\u00fa. Las palabras sobre las que sustentamos nuestros di\u00e1logos son complementariedad y cooperaci\u00f3n\u00bb, subray\u00f3 Lubetkin.<br><br><img loading=\"lazy\" decoding=\"async\" src=\"https:\/\/apfdigital-s3.cdn.net.ar\/s3i233\/2025\/03\/apfdigital\/images\/01\/81\/94\/1819409_5a3a6d28c46f191c619a66f2d3ecdb0a78aeaeb85180eb884e1ca6b280a2447f\/lg.webp\" alt=\"\" width=\"1201\" height=\"800\"><\/p>\n\n\n\n<p>Frigerio coincidi\u00f3 en la importancia de avanzar con transparencia y cooperaci\u00f3n. \u00abEl puente sobre el R\u00edo Uruguay nos une, no nos separa. Tenemos que trabajar juntos para que el desarrollo energ\u00e9tico sea compatible con el desarrollo tur\u00edstico y productivo de ambas m\u00e1rgenes. Estoy seguro de que vamos a llegar a un entendimiento\u00bb<\/p>\n\n\n\n<p>\u00abEl pedido de Col\u00f3n es concreto: revisar la ubicaci\u00f3n de una planta que estar\u00eda a apenas tres kil\u00f3metros de sus playas\u00bb, explic\u00f3 Frigerio. \u00abQueremos que el desarrollo de nuevas energ\u00edas no compita con la principal fuente de trabajo de nuestra ciudad, que es el turismo. Por eso creemos que este tipo de decisiones deben tomarse con di\u00e1logo, responsabilidad y una visi\u00f3n compartida de futuro\u00bb , concluy\u00f3.<\/p>\n\n\n\n<p>Adem\u00e1s del tema de la planta, Frigerio y las autoridades uruguayas coincidieron en avanzar en otros puntos estrat\u00e9gicos para la regi\u00f3n, como el dragado del r\u00edo Uruguay, la proyecci\u00f3n de un puerto de aguas profundas en Soriano y el fortalecimiento de la hidrov\u00eda, con impacto directo en el comercio regional, en particular para Paraguay y el norte argentino.<\/p>\n","protected":false},"excerpt":{"rendered":"<p>El gobernador de Entre R\u00edos, Rogelio Frigerio, mantuvo este lunes su primer encuentro con el presidente de la Rep\u00fablica Oriental del Uruguay, Yamand\u00fa Orsi, y con el canciller Mario Lubetkin. En la reuni\u00f3n, que se desarroll\u00f3 en Montevideo, abordaron una agenda com\u00fan centrada en el cuidado del R\u00edo Uruguay, el desarrollo sostenible de ambas orillas [&hellip;]<\/p>\n","protected":false},"author":4,"featured_media":1823,"comment_status":"open","ping_status":"open","sticky":false,"template":"","format":"standard","meta":{"footnotes":""},"categories":[17],"tags":[],"class_list":{"0":"post-1822","1":"post","2":"type-post","3":"status-publish","4":"format-standard","5":"has-post-thumbnail","7":"category-provinciales"},"yoast_head":"<!-- This site is optimized with the Yoast SEO plugin v27.4 - https:\/\/yoast.com\/product\/yoast-seo-wordpress\/ -->\n<title>Frigerio se reuni\u00f3 con el presidente de Uruguay - Diario del Sur<\/title>\n<meta name=\"robots\" content=\"index, follow, max-snippet:-1, max-image-preview:large, max-video-preview:-1\" \/>\n<link rel=\"canonical\" href=\"https:\/\/diariodelsurdigital.com.ar\/?p=1822\" \/>\n<meta property=\"og:locale\" content=\"es_ES\" \/>\n<meta property=\"og:type\" content=\"article\" \/>\n<meta property=\"og:title\" content=\"Frigerio se reuni\u00f3 con el presidente de Uruguay - Diario del Sur\" \/>\n<meta property=\"og:description\" content=\"El gobernador de Entre R\u00edos, Rogelio Frigerio, mantuvo este lunes su primer encuentro con el presidente de la Rep\u00fablica Oriental del Uruguay, Yamand\u00fa Orsi, y con el canciller Mario Lubetkin. En la reuni\u00f3n, que se desarroll\u00f3 en Montevideo, abordaron una agenda com\u00fan centrada en el cuidado del R\u00edo Uruguay, el desarrollo sostenible de ambas orillas [&hellip;]\" \/>\n<meta property=\"og:url\" content=\"https:\/\/diariodelsurdigital.com.ar\/?p=1822\" \/>\n<meta property=\"og:site_name\" content=\"Diario del Sur\" \/>\n<meta property=\"article:published_time\" content=\"2025-03-28T13:14:03+00:00\" \/>\n<meta property=\"article:modified_time\" content=\"2025-03-28T13:14:05+00:00\" \/>\n<meta property=\"og:image\" content=\"https:\/\/diariodelsurdigital.com.ar\/wp-content\/uploads\/2025\/03\/md-26.webp\" \/>\n\t<meta property=\"og:image:width\" content=\"992\" \/>\n\t<meta property=\"og:image:height\" content=\"661\" \/>\n\t<meta property=\"og:image:type\" content=\"image\/webp\" \/>\n<meta name=\"author\" content=\"Diario del Sur Digital\" \/>\n<meta name=\"twitter:card\" content=\"summary_large_image\" \/>\n<meta name=\"twitter:label1\" content=\"Escrito por\" \/>\n\t<meta name=\"twitter:data1\" content=\"Diario del Sur Digital\" \/>\n\t<meta name=\"twitter:label2\" content=\"Tiempo de lectura\" \/>\n\t<meta name=\"twitter:data2\" content=\"3 minutos\" \/>\n<script type=\"application\/ld+json\" class=\"yoast-schema-graph\">{\"@context\":\"https:\\\/\\\/schema.org\",\"@graph\":[{\"@type\":\"Article\",\"@id\":\"https:\\\/\\\/diariodelsurdigital.com.ar\\\/?p=1822#article\",\"isPartOf\":{\"@id\":\"https:\\\/\\\/diariodelsurdigital.com.ar\\\/?p=1822\"},\"author\":{\"name\":\"Diario del Sur Digital\",\"@id\":\"https:\\\/\\\/diariodelsurdigital.com.ar\\\/#\\\/schema\\\/person\\\/1a4992532ed62965c968031b49195c81\"},\"headline\":\"Frigerio se reuni\u00f3 con el presidente de Uruguay\",\"datePublished\":\"2025-03-28T13:14:03+00:00\",\"dateModified\":\"2025-03-28T13:14:05+00:00\",\"mainEntityOfPage\":{\"@id\":\"https:\\\/\\\/diariodelsurdigital.com.ar\\\/?p=1822\"},\"wordCount\":545,\"commentCount\":0,\"image\":{\"@id\":\"https:\\\/\\\/diariodelsurdigital.com.ar\\\/?p=1822#primaryimage\"},\"thumbnailUrl\":\"https:\\\/\\\/diariodelsurdigital.com.ar\\\/wp-content\\\/uploads\\\/2025\\\/03\\\/md-26.webp\",\"articleSection\":[\"Provinciales\"],\"inLanguage\":\"es\",\"potentialAction\":[{\"@type\":\"CommentAction\",\"name\":\"Comment\",\"target\":[\"https:\\\/\\\/diariodelsurdigital.com.ar\\\/?p=1822#respond\"]}]},{\"@type\":\"WebPage\",\"@id\":\"https:\\\/\\\/diariodelsurdigital.com.ar\\\/?p=1822\",\"url\":\"https:\\\/\\\/diariodelsurdigital.com.ar\\\/?p=1822\",\"name\":\"Frigerio se reuni\u00f3 con el presidente de Uruguay - Diario del Sur\",\"isPartOf\":{\"@id\":\"https:\\\/\\\/diariodelsurdigital.com.ar\\\/#website\"},\"primaryImageOfPage\":{\"@id\":\"https:\\\/\\\/diariodelsurdigital.com.ar\\\/?p=1822#primaryimage\"},\"image\":{\"@id\":\"https:\\\/\\\/diariodelsurdigital.com.ar\\\/?p=1822#primaryimage\"},\"thumbnailUrl\":\"https:\\\/\\\/diariodelsurdigital.com.ar\\\/wp-content\\\/uploads\\\/2025\\\/03\\\/md-26.webp\",\"datePublished\":\"2025-03-28T13:14:03+00:00\",\"dateModified\":\"2025-03-28T13:14:05+00:00\",\"author\":{\"@id\":\"https:\\\/\\\/diariodelsurdigital.com.ar\\\/#\\\/schema\\\/person\\\/1a4992532ed62965c968031b49195c81\"},\"breadcrumb\":{\"@id\":\"https:\\\/\\\/diariodelsurdigital.com.ar\\\/?p=1822#breadcrumb\"},\"inLanguage\":\"es\",\"potentialAction\":[{\"@type\":\"ReadAction\",\"target\":[\"https:\\\/\\\/diariodelsurdigital.com.ar\\\/?p=1822\"]}]},{\"@type\":\"ImageObject\",\"inLanguage\":\"es\",\"@id\":\"https:\\\/\\\/diariodelsurdigital.com.ar\\\/?p=1822#primaryimage\",\"url\":\"https:\\\/\\\/diariodelsurdigital.com.ar\\\/wp-content\\\/uploads\\\/2025\\\/03\\\/md-26.webp\",\"contentUrl\":\"https:\\\/\\\/diariodelsurdigital.com.ar\\\/wp-content\\\/uploads\\\/2025\\\/03\\\/md-26.webp\",\"width\":992,\"height\":661},{\"@type\":\"BreadcrumbList\",\"@id\":\"https:\\\/\\\/diariodelsurdigital.com.ar\\\/?p=1822#breadcrumb\",\"itemListElement\":[{\"@type\":\"ListItem\",\"position\":1,\"name\":\"Portada\",\"item\":\"https:\\\/\\\/diariodelsurdigital.com.ar\\\/\"},{\"@type\":\"ListItem\",\"position\":2,\"name\":\"Frigerio se reuni\u00f3 con el presidente de Uruguay\"}]},{\"@type\":\"WebSite\",\"@id\":\"https:\\\/\\\/diariodelsurdigital.com.ar\\\/#website\",\"url\":\"https:\\\/\\\/diariodelsurdigital.com.ar\\\/\",\"name\":\"Diario del Sur\",\"description\":\"Digital\",\"potentialAction\":[{\"@type\":\"SearchAction\",\"target\":{\"@type\":\"EntryPoint\",\"urlTemplate\":\"https:\\\/\\\/diariodelsurdigital.com.ar\\\/?s={search_term_string}\"},\"query-input\":{\"@type\":\"PropertyValueSpecification\",\"valueRequired\":true,\"valueName\":\"search_term_string\"}}],\"inLanguage\":\"es\"},{\"@type\":\"Person\",\"@id\":\"https:\\\/\\\/diariodelsurdigital.com.ar\\\/#\\\/schema\\\/person\\\/1a4992532ed62965c968031b49195c81\",\"name\":\"Diario del Sur Digital\",\"image\":{\"@type\":\"ImageObject\",\"inLanguage\":\"es\",\"@id\":\"https:\\\/\\\/secure.gravatar.com\\\/avatar\\\/f0c7c47fc7146d19828273b9b8eda651c9c7ab583767e6338d3d3bee825adf76?s=96&d=mm&r=g\",\"url\":\"https:\\\/\\\/secure.gravatar.com\\\/avatar\\\/f0c7c47fc7146d19828273b9b8eda651c9c7ab583767e6338d3d3bee825adf76?s=96&d=mm&r=g\",\"contentUrl\":\"https:\\\/\\\/secure.gravatar.com\\\/avatar\\\/f0c7c47fc7146d19828273b9b8eda651c9c7ab583767e6338d3d3bee825adf76?s=96&d=mm&r=g\",\"caption\":\"Diario del Sur Digital\"},\"url\":\"https:\\\/\\\/diariodelsurdigital.com.ar\\\/?author=4\"}]}<\/script>\n<!-- \/ Yoast SEO plugin. -->","yoast_head_json":{"title":"Frigerio se reuni\u00f3 con el presidente de Uruguay - Diario del Sur","robots":{"index":"index","follow":"follow","max-snippet":"max-snippet:-1","max-image-preview":"max-image-preview:large","max-video-preview":"max-video-preview:-1"},"canonical":"https:\/\/diariodelsurdigital.com.ar\/?p=1822","og_locale":"es_ES","og_type":"article","og_title":"Frigerio se reuni\u00f3 con el presidente de Uruguay - Diario del Sur","og_description":"El gobernador de Entre R\u00edos, Rogelio Frigerio, mantuvo este lunes su primer encuentro con el presidente de la Rep\u00fablica Oriental del Uruguay, Yamand\u00fa Orsi, y con el canciller Mario Lubetkin. En la reuni\u00f3n, que se desarroll\u00f3 en Montevideo, abordaron una agenda com\u00fan centrada en el cuidado del R\u00edo Uruguay, el desarrollo sostenible de ambas orillas [&hellip;]","og_url":"https:\/\/diariodelsurdigital.com.ar\/?p=1822","og_site_name":"Diario del Sur","article_published_time":"2025-03-28T13:14:03+00:00","article_modified_time":"2025-03-28T13:14:05+00:00","og_image":[{"width":992,"height":661,"url":"https:\/\/diariodelsurdigital.com.ar\/wp-content\/uploads\/2025\/03\/md-26.webp","type":"image\/webp"}],"author":"Diario del Sur Digital","twitter_card":"summary_large_image","twitter_misc":{"Escrito por":"Diario del Sur Digital","Tiempo de lectura":"3 minutos"},"schema":{"@context":"https:\/\/schema.org","@graph":[{"@type":"Article","@id":"https:\/\/diariodelsurdigital.com.ar\/?p=1822#article","isPartOf":{"@id":"https:\/\/diariodelsurdigital.com.ar\/?p=1822"},"author":{"name":"Diario del Sur Digital","@id":"https:\/\/diariodelsurdigital.com.ar\/#\/schema\/person\/1a4992532ed62965c968031b49195c81"},"headline":"Frigerio se reuni\u00f3 con el presidente de Uruguay","datePublished":"2025-03-28T13:14:03+00:00","dateModified":"2025-03-28T13:14:05+00:00","mainEntityOfPage":{"@id":"https:\/\/diariodelsurdigital.com.ar\/?p=1822"},"wordCount":545,"commentCount":0,"image":{"@id":"https:\/\/diariodelsurdigital.com.ar\/?p=1822#primaryimage"},"thumbnailUrl":"https:\/\/diariodelsurdigital.com.ar\/wp-content\/uploads\/2025\/03\/md-26.webp","articleSection":["Provinciales"],"inLanguage":"es","potentialAction":[{"@type":"CommentAction","name":"Comment","target":["https:\/\/diariodelsurdigital.com.ar\/?p=1822#respond"]}]},{"@type":"WebPage","@id":"https:\/\/diariodelsurdigital.com.ar\/?p=1822","url":"https:\/\/diariodelsurdigital.com.ar\/?p=1822","name":"Frigerio se reuni\u00f3 con el presidente de Uruguay - Diario del Sur","isPartOf":{"@id":"https:\/\/diariodelsurdigital.com.ar\/#website"},"primaryImageOfPage":{"@id":"https:\/\/diariodelsurdigital.com.ar\/?p=1822#primaryimage"},"image":{"@id":"https:\/\/diariodelsurdigital.com.ar\/?p=1822#primaryimage"},"thumbnailUrl":"https:\/\/diariodelsurdigital.com.ar\/wp-content\/uploads\/2025\/03\/md-26.webp","datePublished":"2025-03-28T13:14:03+00:00","dateModified":"2025-03-28T13:14:05+00:00","author":{"@id":"https:\/\/diariodelsurdigital.com.ar\/#\/schema\/person\/1a4992532ed62965c968031b49195c81"},"breadcrumb":{"@id":"https:\/\/diariodelsurdigital.com.ar\/?p=1822#breadcrumb"},"inLanguage":"es","potentialAction":[{"@type":"ReadAction","target":["https:\/\/diariodelsurdigital.com.ar\/?p=1822"]}]},{"@type":"ImageObject","inLanguage":"es","@id":"https:\/\/diariodelsurdigital.com.ar\/?p=1822#primaryimage","url":"https:\/\/diariodelsurdigital.com.ar\/wp-content\/uploads\/2025\/03\/md-26.webp","contentUrl":"https:\/\/diariodelsurdigital.com.ar\/wp-content\/uploads\/2025\/03\/md-26.webp","width":992,"height":661},{"@type":"BreadcrumbList","@id":"https:\/\/diariodelsurdigital.com.ar\/?p=1822#breadcrumb","itemListElement":[{"@type":"ListItem","position":1,"name":"Portada","item":"https:\/\/diariodelsurdigital.com.ar\/"},{"@type":"ListItem","position":2,"name":"Frigerio se reuni\u00f3 con el presidente de Uruguay"}]},{"@type":"WebSite","@id":"https:\/\/diariodelsurdigital.com.ar\/#website","url":"https:\/\/diariodelsurdigital.com.ar\/","name":"Diario del Sur","description":"Digital","potentialAction":[{"@type":"SearchAction","target":{"@type":"EntryPoint","urlTemplate":"https:\/\/diariodelsurdigital.com.ar\/?s={search_term_string}"},"query-input":{"@type":"PropertyValueSpecification","valueRequired":true,"valueName":"search_term_string"}}],"inLanguage":"es"},{"@type":"Person","@id":"https:\/\/diariodelsurdigital.com.ar\/#\/schema\/person\/1a4992532ed62965c968031b49195c81","name":"Diario del Sur Digital","image":{"@type":"ImageObject","inLanguage":"es","@id":"https:\/\/secure.gravatar.com\/avatar\/f0c7c47fc7146d19828273b9b8eda651c9c7ab583767e6338d3d3bee825adf76?s=96&d=mm&r=g","url":"https:\/\/secure.gravatar.com\/avatar\/f0c7c47fc7146d19828273b9b8eda651c9c7ab583767e6338d3d3bee825adf76?s=96&d=mm&r=g","contentUrl":"https:\/\/secure.gravatar.com\/avatar\/f0c7c47fc7146d19828273b9b8eda651c9c7ab583767e6338d3d3bee825adf76?s=96&d=mm&r=g","caption":"Diario del Sur Digital"},"url":"https:\/\/diariodelsurdigital.com.ar\/?author=4"}]}},"_links":{"self":[{"href":"https:\/\/diariodelsurdigital.com.ar\/index.php?rest_route=\/wp\/v2\/posts\/1822","targetHints":{"allow":["GET"]}}],"collection":[{"href":"https:\/\/diariodelsurdigital.com.ar\/index.php?rest_route=\/wp\/v2\/posts"}],"about":[{"href":"https:\/\/diariodelsurdigital.com.ar\/index.php?rest_route=\/wp\/v2\/types\/post"}],"author":[{"embeddable":true,"href":"https:\/\/diariodelsurdigital.com.ar\/index.php?rest_route=\/wp\/v2\/users\/4"}],"replies":[{"embeddable":true,"href":"https:\/\/diariodelsurdigital.com.ar\/index.php?rest_route=%2Fwp%2Fv2%2Fcomments&post=1822"}],"version-history":[{"count":1,"href":"https:\/\/diariodelsurdigital.com.ar\/index.php?rest_route=\/wp\/v2\/posts\/1822\/revisions"}],"predecessor-version":[{"id":1824,"href":"https:\/\/diariodelsurdigital.com.ar\/index.php?rest_route=\/wp\/v2\/posts\/1822\/revisions\/1824"}],"wp:featuredmedia":[{"embeddable":true,"href":"https:\/\/diariodelsurdigital.com.ar\/index.php?rest_route=\/wp\/v2\/media\/1823"}],"wp:attachment":[{"href":"https:\/\/diariodelsurdigital.com.ar\/index.php?rest_route=%2Fwp%2Fv2%2Fmedia&parent=1822"}],"wp:term":[{"taxonomy":"category","embeddable":true,"href":"https:\/\/diariodelsurdigital.com.ar\/index.php?rest_route=%2Fwp%2Fv2%2Fcategories&post=1822"},{"taxonomy":"post_tag","embeddable":true,"href":"https:\/\/diariodelsurdigital.com.ar\/index.php?rest_route=%2Fwp%2Fv2%2Ftags&post=1822"}],"curies":[{"name":"wp","href":"https:\/\/api.w.org\/{rel}","templated":true}]}}