{"id":1837,"date":"2025-03-29T13:32:16","date_gmt":"2025-03-29T16:32:16","guid":{"rendered":"https:\/\/diariodelsurdigital.com.ar\/?p=1837"},"modified":"2025-03-29T13:32:17","modified_gmt":"2025-03-29T16:32:17","slug":"contratos-truchos-goyeneche-le-apunto-al-tribunal-de-cuentas","status":"publish","type":"post","link":"https:\/\/diariodelsurdigital.com.ar\/?p=1837","title":{"rendered":"Contratos truchos: Goyeneche le apunto al Tribunal de Cuentas"},"content":{"rendered":"\n<h1 class=\"wp-block-heading\"><a> \u201cEstaban en situ en la legislatura sin controlar nada y permitiendo que eso pasara\u201d<\/a>, dijo la letrada.<\/h1>\n\n\n\n<p><a href=\"https:\/\/confirmado.ar\/author\/arturo\/\"><\/a>La destituida fiscal anticorrupci\u00f3n de la provincia de Entre R\u00edos Cecilia Goyeneche consider\u00f3 que las estructuras jur\u00eddicas que impulsaron su apartamiento del cargo como parte de una pol\u00edtica de amedrentamiento del trabajo de los fiscales \u00absigue intacta\u00bb y que solo hubo \u00abalgunas propuestas de mejora\u00bb del sistema.<\/p>\n\n\n\n<p>Afirm\u00f3 que \u00abla cooptaci\u00f3n de las altas esferas del Poder Judicial no ha cambiado para nada\u00bb. Valor\u00f3 que socialmente hay una mayor vigilancia frente a la corrupci\u00f3n aunque institucionalmente son escasos los progresos y asegur\u00f3 que la \u00faltima parte del gobierno de Gustavo Bordet fue de \u00abmucho manotazo a la institucionalidad\u00bb. Dijo que el caso \u00abChocolate\u00bb Rigau en la legislatura bonaerense \u00abes id\u00e9ntico al de los contratos truchos\u00bb entrerrianos.<\/p>\n\n\n\n<p>La ex Procuradora Adjunta y destituida Fiscal Anticorrupci\u00f3n de la provincia de Entre R\u00edos, Cecilia Goyeneche, aguarda que la Corte Suprema de Justicia de la Naci\u00f3n formalice ante el Superior Tribunal de Justicia de Entre R\u00edos el fallo de diciembre pasado en el que dictamin\u00f3 que su apartamento del cargo fue irregular.<\/p>\n\n\n\n<p>Dijo: \u00abtengo la expectativa, a lo mejor un poco ilusoria, de que eso se pueda mover bastante r\u00e1pido en la provincia de Entre R\u00edos para que se disponga mi restituci\u00f3n en el cargo\u00bb.<\/p>\n\n\n\n<p>Afirm\u00f3 que \u00abtambi\u00e9n soy consciente de que va a haber muchos actores dentro del propio Superior Tribunal de Justicia que pueden estar interesados en que eso no pase y que la forma m\u00e1s f\u00e1cil que tienen para que eso no pase es demorar todo mucho\u00bb.<\/p>\n\n\n\n<p>Goyeneche, en di\u00e1logo con Emiliano Damonte y Guillermo P\u00e9rez en el programa Club de Barrio en la Radio AM 1110 de la Ciudad de Buenos Aires, concedi\u00f3 que en materia de institucionalidad todav\u00eda hay mucho por trabajar en la Argentina y que en lugar de avanzarse en mejoras \u00ablamentablemente parece que el movimiento es inverso\u00bb<\/p>\n\n\n\n<p>Destac\u00f3 que \u00abcada vez se hacen m\u00e1s visibles algunos casos\u00bb. Consider\u00f3 que \u00abalgunas cuestiones vinculadas a la tecnolog\u00eda y al registro f\u00edsico-visual de muchas cosas que antes no se pod\u00eda ni siquiera pensar que iban a pasar, nos permiten hoy en d\u00eda encontrarnos con hechos de corrupci\u00f3n grabados, filmados, registrados con mensajes de texto\u00bb.<\/p>\n\n\n\n<p>Lament\u00f3 que \u00ablos niveles de corrupci\u00f3n sean tan enormemente altos\u00bb pero valor\u00f3 \u00abpoder verlo y empezar a conversar colectivamente de c\u00f3mo reaccionar frente a eso, porque algo deber\u00edamos hacer todos los ciudadanos frente a estos \u00edndices de corrupci\u00f3n porque creo que son una explicaci\u00f3n bastante suficiente de muchos de los males que padecemos en nuestra sociedad\u00bb.<\/p>\n\n\n\n<p>Arriesg\u00f3 que \u00abmuchas de las crisis constantes en las que nos encontramos podr\u00edan mitigarse al menos si pens\u00e1ramos en \u00edndices menores de corrupci\u00f3n\u00bb.<\/p>\n\n\n\n<p>Respecto de qu\u00e9 percepci\u00f3n tiene de cu\u00e1nto cal\u00f3 socialmente su caso, consider\u00f3 que \u00absocialmente a m\u00ed me toc\u00f3 estar muy expuesta p\u00fablicamente frente a lo que me pas\u00f3, que tom\u00f3 mucha relevancia, el hecho de que fue bastante sincr\u00f3nico mi apartamiento del cargo con el enjuiciamiento al ex gobernador Urribarri, toda esa sincron\u00eda hizo que tomara mucho estado p\u00fablico. Me da la sensaci\u00f3n de que hay bastante conciencia social de la necesidad de reaccionar frente a la corrupci\u00f3n\u00bb, estim\u00f3.<\/p>\n\n\n\n<p>Aclar\u00f3 que \u00aba lo mejor es por mi experiencia personal que hace que la gente me d\u00e9 conversaci\u00f3n sobre ese tema. Pero tambi\u00e9n he visto encuestas que destacan a este como un tema de inter\u00e9s para la gente. Obviamente hay cosas m\u00e1s acuciantes en el d\u00eda a d\u00eda, a veces, que hacen que esto pase a segundo t\u00e9rmino, pero no porque tenga menor importancia, sino porque las urgencias a veces hacen que uno dilate a ocuparse de algunas otras cosas\u00bb.<\/p>\n\n\n\n<p>Advirti\u00f3 que \u00aben lo institucional yo no he visto mejoras significativas. Pasamos en la etapa del \u00faltimo tramo del gobierno de Bordet, de mucho manotazo a la institucionalidad, de mucho quiebre de reglas institucionales b\u00e1sicas, que estuvieron encabezadas por una decisi\u00f3n del ex gobernador Bordet de tratar de generar las condiciones para la impunidad. No tengo ninguna duda de que esto ocurri\u00f3 as\u00ed\u00bb.<\/p>\n\n\n\n<p>Repas\u00f3 que \u00aben los \u00faltimos a\u00f1os de gobierno (de Bordet) se dio mi destituci\u00f3n, se cambiaron varias leyes, se consigui\u00f3 designar a varios integrantes del Tribunal de Cuentas, se hicieron casi de una manera oculta los concursos para Tribunal de Cuentas, para la Contadur\u00eda General de la Provincia, para la Tesorer\u00eda de la Provincia, se trat\u00f3 de hacer el concurso del fiscal anticorrupci\u00f3n, se destruy\u00f3 el sistema de nombramientos del Consejo de la Magistratura Provincial\u00bb.<\/p>\n\n\n\n<p>Y remarc\u00f3 que despu\u00e9s de \u00abtodo eso que se desintegr\u00f3 en el \u00faltimo per\u00edodo de Bordet no he visto acciones intencionales tendientes a generar impunidad de esta magnitud, pero tampoco he visto que haya una reacci\u00f3n demasiado activa tratando de revertirlo\u00ab.<\/p>\n\n\n\n<p>Dijo que \u00abes cierto que hay algunas propuestas de mejorar algunas de esas cosas, en la Provincia de Entre R\u00edos al menos se ha metido un proyecto de ley para reformar el Consejo de la Magistratura, en algunas provincias est\u00e1n aprobando Ficha Limpia, pero la verdad que son cuestiones m\u00e1s bien aisladas y no parte de un proceso m\u00e1s general\u00bb.<\/p>\n\n\n\n<p>Admiti\u00f3 que la estructura judicial que intervino en su destituci\u00f3n sigue intacta \u00absin ning\u00fan problema. Los vimos actuar en enero de este a\u00f1o cuando tres jueces del Superior Tribunal de Justicia incardinaron sus esfuerzos para liberar inmediatamente que inici\u00f3 la Feria Judicial al ex gobernador Uribarri que estaba cumpliendo prisi\u00f3n preventiva\u00bb.<\/p>\n\n\n\n<p>Agreg\u00f3 que \u00abhan aparecido algunas personas nuevas, pero esencialmente la estructura es la misma y los resortes de poder que est\u00e1n atr\u00e1s de esa estructura son los mismos y se mueven de la misma manera\u00bb.<\/p>\n\n\n\n<p>Remarc\u00f3 que \u00abla cooptaci\u00f3n de las altas esferas del Poder Judicial, porque no es de todo el Poder Judicial entrerriano, pero s\u00ed es de una parte importante del Superior Tribunal de Justicia, no ha cambiado para nada\u00bb.<\/p>\n\n\n\n<p><strong>Toma de conciencia<\/strong><\/p>\n\n\n\n<p>La Asociaci\u00f3n de Fiscales tuvo un alto involucramiento en la defensa Cecilia Goyeneche cuando fue destituida de su cargo de Procuradora Adjunta.<\/p>\n\n\n\n<p>Goyeneche consider\u00f3 que con la participaci\u00f3n activa de parte de esta entidad \u00abse dio un paso adelante\u00bb. Record\u00f3 que \u00abconjuntamente con mi suspensi\u00f3n en el cargo a fines del 2021, me contactaron de la Asociaci\u00f3n Argentina de Fiscales, una asociaci\u00f3n que ten\u00eda sus a\u00f1os, pero que despu\u00e9s de eso llevaron adelante mi caso con mucho \u00e9nfasis al punto que propusieron y pidieron una audiencia ante la Comisi\u00f3n Interamericana de Derechos Humanos (CDIH) para plantear las situaciones vinculadas a la independencia de los fiscales y como yo era un caso, pero hab\u00eda varios otros, el caso de la Provincia de Santa Fe es un caso tambi\u00e9n grave en ese aspecto de c\u00f3mo se interfiere en la actuaci\u00f3n de los fiscales, se llev\u00f3 a la Comisi\u00f3n Interamericana de Derechos Humanos y la Comisi\u00f3n dio una audiencia, atendi\u00f3 la situaci\u00f3n, llamaron la atenci\u00f3n sobre ese punto e hicimos una presentaci\u00f3n ante el Comisionado de la ONU sobre independencia judicial que tambi\u00e9n hizo una manifestaci\u00f3n en relaci\u00f3n con mi caso. Todo eso llevado adelante por este gremio, podr\u00edamos decirlo, de fiscales que a partir de all\u00ed no ha parado de crecer en la cantidad de miembros que ha tenido\u00bb. Mencion\u00f3 que \u00abla semana que viene tenemos en la UBA una conferencia anual de la Asociaci\u00f3n Argentina de Fiscales a la que van a venir varios procuradores del pa\u00eds. Yo creo que esto tiene que ver con una toma de conciencia por parte de los integrantes de los Ministerios P\u00fablicos de la necesidad de resguardar la independencia, de lo importante que es trabajar con independencia y evitar que los otros poderes del Estado se inmiscuyan y traten de evitar las investigaciones y de ejercer presiones discretas e indiscretas sobre la Fiscal\u00eda\u00bb.<\/p>\n\n\n\n<p>Y si se han dado otros pasos en materia institucional para avanzar con mecanismos que protejan el trabajo de los fiscales dijo que \u00aben eso no ha habido cambios. Hablando de la provincia de Santa Fe estoy esperanzada en que haya cambios con la reforma constitucional que van a hacer\u00bb.<\/p>\n\n\n\n<p>Advirti\u00f3 que \u00abes muy dif\u00edcil darle protecci\u00f3n a los fiscales porque el trabajo del fiscal es muy demandante en cuanto a que es quien va al choque con las mafias, con los corruptos, entonces est\u00e1 muy expuesto. En otros pa\u00edses de Latinoam\u00e9rica sabemos que los fiscales incluso est\u00e1n expuestos a hechos de violencia f\u00edsica muy graves, con muertes de fiscales inclusive. Entonces es un trabajo muy minucioso, muy delicado, que tiene que estar bajo la lupa p\u00fablica, porque tambi\u00e9n es cierto que los fiscales son funcionarios p\u00fablicos que tienen que rendir cuentas de sus funciones, que puede haber hechos de corrupci\u00f3n dentro de las fiscal\u00edas tambi\u00e9n y que entonces es necesario que sean controlados, entonces ah\u00ed hay que encontrar un balance entre blindar a los fiscales lo m\u00e1s posible para evitar que sean vapuleados a trav\u00e9s de la interferencia de la independencia, pero a la vez que los fiscales tengan tambi\u00e9n los deberes de rendir cuenta suficientes como para controlarlos adecuadamente\u00bb.<\/p>\n\n\n\n<p><strong>El caso \u00abChocolate\u00bb Rigau, id\u00e9ntico<\/strong><\/p>\n\n\n\n<p>Durante la entrevista se le consult\u00f3 a Cecilia Goyeneche si encontraba paralelismos entre el caso de los \u00abContratos Truchos\u00bb en la Legislatura entrerriana y el caso \u00abChocolate\u00bb Rigau en el que un empleado de la Legislatura bonaerense fue detenido en un cajero autom\u00e1tico de La Plata con tarjetas de d\u00e9bito de diferentes titulares extrayendo efectivo de cuentas que correspond\u00edan a pago de sueldos p\u00fablicos. Respondi\u00f3 tajante: \u00abLo de \u00abChocolate\u00bb Rigau mostr\u00f3 un mecanismo id\u00e9ntico al de Entre R\u00edos, gemelo\u00bb.<\/p>\n\n\n\n<p>Consider\u00f3 que \u00abellos no tuvieron la suerte de encontrarse con tanta prueba como nosotros de entrada. Nosotros encontramos much\u00edsima prueba de entrada de todo el mecanismo que era de m\u00e1s de 10 a\u00f1os de antig\u00fcedad de c\u00f3mo hab\u00edan sustra\u00eddo\u00bb.<\/p>\n\n\n\n<p>\u00abCreo que hab\u00edan sido demasiado prolijos\u00bb, expres\u00f3 y detall\u00f3 que \u00abhab\u00edan dejado registrado todo. Eran prolijos dentro de lo que era un mecanismo burdo\u00bb por la certeza de impunidad que evidentemente ten\u00edan.<\/p>\n\n\n\n<p>Remarc\u00f3 que \u00aben la causa de los contratos de la legislatura de Entre R\u00edos est\u00e1n imputados tambi\u00e9n los que ten\u00edan que ejercer el control, los integrantes del Tribunal de Cuentas que estaban en situ en la legislatura sin controlar nada y permitiendo que eso pasara\u00bb.<\/p>\n\n\n\n<p>\u00abLos que controlaban miraban para otro lado y los que robaban lo hac\u00edan de una manera absolutamente burda realmente pero dejaban registrado cada movimiento de esa rendici\u00f3n de cuenta que iban haciendo\u00bb, repas\u00f3.<\/p>\n\n\n\n<p>Dijo que en el caso de \u00abChocolate\u00bb Rigau \u00abpasaba m\u00e1s o menos lo mismo y la legislatura reaccion\u00f3 de la misma manera. Cuando la fiscal pidi\u00f3 la informaci\u00f3n sobre los contratados la legislatura le neg\u00f3 la informaci\u00f3n igual que hab\u00edan hecho aqu\u00ed neg\u00e1ndose a dar la informaci\u00f3n y victimizando la posici\u00f3n de la Legislatura diciendo que era una invasi\u00f3n a su poder, a su legitimidad legislativa, etc. As\u00ed que s\u00ed, yo lo que veo es muy parecido\u00bb.<\/p>\n","protected":false},"excerpt":{"rendered":"<p>\u201cEstaban en situ en la legislatura sin controlar nada y permitiendo que eso pasara\u201d, dijo la letrada. La destituida fiscal anticorrupci\u00f3n de la provincia de Entre R\u00edos Cecilia Goyeneche consider\u00f3 que las estructuras jur\u00eddicas que impulsaron su apartamiento del cargo como parte de una pol\u00edtica de amedrentamiento del trabajo de los fiscales \u00absigue intacta\u00bb y [&hellip;]<\/p>\n","protected":false},"author":2,"featured_media":1839,"comment_status":"open","ping_status":"open","sticky":false,"template":"","format":"standard","meta":{"footnotes":""},"categories":[17],"tags":[],"class_list":{"0":"post-1837","1":"post","2":"type-post","3":"status-publish","4":"format-standard","5":"has-post-thumbnail","7":"category-provinciales"},"yoast_head":"<!-- This site is optimized with the Yoast SEO plugin v27.4 - https:\/\/yoast.com\/product\/yoast-seo-wordpress\/ -->\n<title>Contratos truchos: Goyeneche le apunto al Tribunal de Cuentas - Diario del Sur<\/title>\n<meta name=\"robots\" content=\"index, follow, max-snippet:-1, max-image-preview:large, max-video-preview:-1\" \/>\n<link rel=\"canonical\" href=\"https:\/\/diariodelsurdigital.com.ar\/?p=1837\" \/>\n<meta property=\"og:locale\" content=\"es_ES\" \/>\n<meta property=\"og:type\" content=\"article\" \/>\n<meta property=\"og:title\" content=\"Contratos truchos: Goyeneche le apunto al Tribunal de Cuentas - Diario del Sur\" \/>\n<meta property=\"og:description\" content=\"\u201cEstaban en situ en la legislatura sin controlar nada y permitiendo que eso pasara\u201d, dijo la letrada. La destituida fiscal anticorrupci\u00f3n de la provincia de Entre R\u00edos Cecilia Goyeneche consider\u00f3 que las estructuras jur\u00eddicas que impulsaron su apartamiento del cargo como parte de una pol\u00edtica de amedrentamiento del trabajo de los fiscales \u00absigue intacta\u00bb y [&hellip;]\" \/>\n<meta property=\"og:url\" content=\"https:\/\/diariodelsurdigital.com.ar\/?p=1837\" \/>\n<meta property=\"og:site_name\" content=\"Diario del Sur\" \/>\n<meta property=\"article:published_time\" content=\"2025-03-29T16:32:16+00:00\" \/>\n<meta property=\"article:modified_time\" content=\"2025-03-29T16:32:17+00:00\" \/>\n<meta property=\"og:image\" content=\"https:\/\/diariodelsurdigital.com.ar\/wp-content\/uploads\/2025\/03\/cecilia-goyeneche.jpg\" \/>\n\t<meta property=\"og:image:width\" content=\"421\" \/>\n\t<meta property=\"og:image:height\" content=\"277\" \/>\n\t<meta property=\"og:image:type\" content=\"image\/jpeg\" \/>\n<meta name=\"author\" content=\"Diario del Sur Digital\" \/>\n<meta name=\"twitter:card\" content=\"summary_large_image\" \/>\n<meta name=\"twitter:label1\" content=\"Escrito por\" \/>\n\t<meta name=\"twitter:data1\" content=\"Diario del Sur Digital\" \/>\n\t<meta name=\"twitter:label2\" content=\"Tiempo de lectura\" \/>\n\t<meta name=\"twitter:data2\" content=\"9 minutos\" \/>\n<script type=\"application\/ld+json\" class=\"yoast-schema-graph\">{\"@context\":\"https:\\\/\\\/schema.org\",\"@graph\":[{\"@type\":\"Article\",\"@id\":\"https:\\\/\\\/diariodelsurdigital.com.ar\\\/?p=1837#article\",\"isPartOf\":{\"@id\":\"https:\\\/\\\/diariodelsurdigital.com.ar\\\/?p=1837\"},\"author\":{\"name\":\"Diario del Sur Digital\",\"@id\":\"https:\\\/\\\/diariodelsurdigital.com.ar\\\/#\\\/schema\\\/person\\\/6136a32571657f7dba980b88b04c5465\"},\"headline\":\"Contratos truchos: Goyeneche le apunto al Tribunal de Cuentas\",\"datePublished\":\"2025-03-29T16:32:16+00:00\",\"dateModified\":\"2025-03-29T16:32:17+00:00\",\"mainEntityOfPage\":{\"@id\":\"https:\\\/\\\/diariodelsurdigital.com.ar\\\/?p=1837\"},\"wordCount\":1952,\"commentCount\":0,\"image\":{\"@id\":\"https:\\\/\\\/diariodelsurdigital.com.ar\\\/?p=1837#primaryimage\"},\"thumbnailUrl\":\"https:\\\/\\\/diariodelsurdigital.com.ar\\\/wp-content\\\/uploads\\\/2025\\\/03\\\/cecilia-goyeneche.jpg\",\"articleSection\":[\"Provinciales\"],\"inLanguage\":\"es\",\"potentialAction\":[{\"@type\":\"CommentAction\",\"name\":\"Comment\",\"target\":[\"https:\\\/\\\/diariodelsurdigital.com.ar\\\/?p=1837#respond\"]}]},{\"@type\":\"WebPage\",\"@id\":\"https:\\\/\\\/diariodelsurdigital.com.ar\\\/?p=1837\",\"url\":\"https:\\\/\\\/diariodelsurdigital.com.ar\\\/?p=1837\",\"name\":\"Contratos truchos: Goyeneche le apunto al Tribunal de Cuentas - Diario del Sur\",\"isPartOf\":{\"@id\":\"https:\\\/\\\/diariodelsurdigital.com.ar\\\/#website\"},\"primaryImageOfPage\":{\"@id\":\"https:\\\/\\\/diariodelsurdigital.com.ar\\\/?p=1837#primaryimage\"},\"image\":{\"@id\":\"https:\\\/\\\/diariodelsurdigital.com.ar\\\/?p=1837#primaryimage\"},\"thumbnailUrl\":\"https:\\\/\\\/diariodelsurdigital.com.ar\\\/wp-content\\\/uploads\\\/2025\\\/03\\\/cecilia-goyeneche.jpg\",\"datePublished\":\"2025-03-29T16:32:16+00:00\",\"dateModified\":\"2025-03-29T16:32:17+00:00\",\"author\":{\"@id\":\"https:\\\/\\\/diariodelsurdigital.com.ar\\\/#\\\/schema\\\/person\\\/6136a32571657f7dba980b88b04c5465\"},\"breadcrumb\":{\"@id\":\"https:\\\/\\\/diariodelsurdigital.com.ar\\\/?p=1837#breadcrumb\"},\"inLanguage\":\"es\",\"potentialAction\":[{\"@type\":\"ReadAction\",\"target\":[\"https:\\\/\\\/diariodelsurdigital.com.ar\\\/?p=1837\"]}]},{\"@type\":\"ImageObject\",\"inLanguage\":\"es\",\"@id\":\"https:\\\/\\\/diariodelsurdigital.com.ar\\\/?p=1837#primaryimage\",\"url\":\"https:\\\/\\\/diariodelsurdigital.com.ar\\\/wp-content\\\/uploads\\\/2025\\\/03\\\/cecilia-goyeneche.jpg\",\"contentUrl\":\"https:\\\/\\\/diariodelsurdigital.com.ar\\\/wp-content\\\/uploads\\\/2025\\\/03\\\/cecilia-goyeneche.jpg\",\"width\":421,\"height\":277},{\"@type\":\"BreadcrumbList\",\"@id\":\"https:\\\/\\\/diariodelsurdigital.com.ar\\\/?p=1837#breadcrumb\",\"itemListElement\":[{\"@type\":\"ListItem\",\"position\":1,\"name\":\"Portada\",\"item\":\"https:\\\/\\\/diariodelsurdigital.com.ar\\\/\"},{\"@type\":\"ListItem\",\"position\":2,\"name\":\"Contratos truchos: Goyeneche le apunto al Tribunal de Cuentas\"}]},{\"@type\":\"WebSite\",\"@id\":\"https:\\\/\\\/diariodelsurdigital.com.ar\\\/#website\",\"url\":\"https:\\\/\\\/diariodelsurdigital.com.ar\\\/\",\"name\":\"Diario del Sur\",\"description\":\"Digital\",\"potentialAction\":[{\"@type\":\"SearchAction\",\"target\":{\"@type\":\"EntryPoint\",\"urlTemplate\":\"https:\\\/\\\/diariodelsurdigital.com.ar\\\/?s={search_term_string}\"},\"query-input\":{\"@type\":\"PropertyValueSpecification\",\"valueRequired\":true,\"valueName\":\"search_term_string\"}}],\"inLanguage\":\"es\"},{\"@type\":\"Person\",\"@id\":\"https:\\\/\\\/diariodelsurdigital.com.ar\\\/#\\\/schema\\\/person\\\/6136a32571657f7dba980b88b04c5465\",\"name\":\"Diario del Sur Digital\",\"image\":{\"@type\":\"ImageObject\",\"inLanguage\":\"es\",\"@id\":\"https:\\\/\\\/secure.gravatar.com\\\/avatar\\\/4c29ceac98541dd42460b2474aaa5dd37594d6ce6cb3cf2c101d09b48ee287ba?s=96&d=mm&r=g\",\"url\":\"https:\\\/\\\/secure.gravatar.com\\\/avatar\\\/4c29ceac98541dd42460b2474aaa5dd37594d6ce6cb3cf2c101d09b48ee287ba?s=96&d=mm&r=g\",\"contentUrl\":\"https:\\\/\\\/secure.gravatar.com\\\/avatar\\\/4c29ceac98541dd42460b2474aaa5dd37594d6ce6cb3cf2c101d09b48ee287ba?s=96&d=mm&r=g\",\"caption\":\"Diario del Sur Digital\"},\"url\":\"https:\\\/\\\/diariodelsurdigital.com.ar\\\/?author=2\"}]}<\/script>\n<!-- \/ Yoast SEO plugin. -->","yoast_head_json":{"title":"Contratos truchos: Goyeneche le apunto al Tribunal de Cuentas - Diario del Sur","robots":{"index":"index","follow":"follow","max-snippet":"max-snippet:-1","max-image-preview":"max-image-preview:large","max-video-preview":"max-video-preview:-1"},"canonical":"https:\/\/diariodelsurdigital.com.ar\/?p=1837","og_locale":"es_ES","og_type":"article","og_title":"Contratos truchos: Goyeneche le apunto al Tribunal de Cuentas - Diario del Sur","og_description":"\u201cEstaban en situ en la legislatura sin controlar nada y permitiendo que eso pasara\u201d, dijo la letrada. La destituida fiscal anticorrupci\u00f3n de la provincia de Entre R\u00edos Cecilia Goyeneche consider\u00f3 que las estructuras jur\u00eddicas que impulsaron su apartamiento del cargo como parte de una pol\u00edtica de amedrentamiento del trabajo de los fiscales \u00absigue intacta\u00bb y [&hellip;]","og_url":"https:\/\/diariodelsurdigital.com.ar\/?p=1837","og_site_name":"Diario del Sur","article_published_time":"2025-03-29T16:32:16+00:00","article_modified_time":"2025-03-29T16:32:17+00:00","og_image":[{"width":421,"height":277,"url":"https:\/\/diariodelsurdigital.com.ar\/wp-content\/uploads\/2025\/03\/cecilia-goyeneche.jpg","type":"image\/jpeg"}],"author":"Diario del Sur Digital","twitter_card":"summary_large_image","twitter_misc":{"Escrito por":"Diario del Sur Digital","Tiempo de lectura":"9 minutos"},"schema":{"@context":"https:\/\/schema.org","@graph":[{"@type":"Article","@id":"https:\/\/diariodelsurdigital.com.ar\/?p=1837#article","isPartOf":{"@id":"https:\/\/diariodelsurdigital.com.ar\/?p=1837"},"author":{"name":"Diario del Sur Digital","@id":"https:\/\/diariodelsurdigital.com.ar\/#\/schema\/person\/6136a32571657f7dba980b88b04c5465"},"headline":"Contratos truchos: Goyeneche le apunto al Tribunal de Cuentas","datePublished":"2025-03-29T16:32:16+00:00","dateModified":"2025-03-29T16:32:17+00:00","mainEntityOfPage":{"@id":"https:\/\/diariodelsurdigital.com.ar\/?p=1837"},"wordCount":1952,"commentCount":0,"image":{"@id":"https:\/\/diariodelsurdigital.com.ar\/?p=1837#primaryimage"},"thumbnailUrl":"https:\/\/diariodelsurdigital.com.ar\/wp-content\/uploads\/2025\/03\/cecilia-goyeneche.jpg","articleSection":["Provinciales"],"inLanguage":"es","potentialAction":[{"@type":"CommentAction","name":"Comment","target":["https:\/\/diariodelsurdigital.com.ar\/?p=1837#respond"]}]},{"@type":"WebPage","@id":"https:\/\/diariodelsurdigital.com.ar\/?p=1837","url":"https:\/\/diariodelsurdigital.com.ar\/?p=1837","name":"Contratos truchos: Goyeneche le apunto al Tribunal de Cuentas - Diario del Sur","isPartOf":{"@id":"https:\/\/diariodelsurdigital.com.ar\/#website"},"primaryImageOfPage":{"@id":"https:\/\/diariodelsurdigital.com.ar\/?p=1837#primaryimage"},"image":{"@id":"https:\/\/diariodelsurdigital.com.ar\/?p=1837#primaryimage"},"thumbnailUrl":"https:\/\/diariodelsurdigital.com.ar\/wp-content\/uploads\/2025\/03\/cecilia-goyeneche.jpg","datePublished":"2025-03-29T16:32:16+00:00","dateModified":"2025-03-29T16:32:17+00:00","author":{"@id":"https:\/\/diariodelsurdigital.com.ar\/#\/schema\/person\/6136a32571657f7dba980b88b04c5465"},"breadcrumb":{"@id":"https:\/\/diariodelsurdigital.com.ar\/?p=1837#breadcrumb"},"inLanguage":"es","potentialAction":[{"@type":"ReadAction","target":["https:\/\/diariodelsurdigital.com.ar\/?p=1837"]}]},{"@type":"ImageObject","inLanguage":"es","@id":"https:\/\/diariodelsurdigital.com.ar\/?p=1837#primaryimage","url":"https:\/\/diariodelsurdigital.com.ar\/wp-content\/uploads\/2025\/03\/cecilia-goyeneche.jpg","contentUrl":"https:\/\/diariodelsurdigital.com.ar\/wp-content\/uploads\/2025\/03\/cecilia-goyeneche.jpg","width":421,"height":277},{"@type":"BreadcrumbList","@id":"https:\/\/diariodelsurdigital.com.ar\/?p=1837#breadcrumb","itemListElement":[{"@type":"ListItem","position":1,"name":"Portada","item":"https:\/\/diariodelsurdigital.com.ar\/"},{"@type":"ListItem","position":2,"name":"Contratos truchos: Goyeneche le apunto al Tribunal de Cuentas"}]},{"@type":"WebSite","@id":"https:\/\/diariodelsurdigital.com.ar\/#website","url":"https:\/\/diariodelsurdigital.com.ar\/","name":"Diario del Sur","description":"Digital","potentialAction":[{"@type":"SearchAction","target":{"@type":"EntryPoint","urlTemplate":"https:\/\/diariodelsurdigital.com.ar\/?s={search_term_string}"},"query-input":{"@type":"PropertyValueSpecification","valueRequired":true,"valueName":"search_term_string"}}],"inLanguage":"es"},{"@type":"Person","@id":"https:\/\/diariodelsurdigital.com.ar\/#\/schema\/person\/6136a32571657f7dba980b88b04c5465","name":"Diario del Sur Digital","image":{"@type":"ImageObject","inLanguage":"es","@id":"https:\/\/secure.gravatar.com\/avatar\/4c29ceac98541dd42460b2474aaa5dd37594d6ce6cb3cf2c101d09b48ee287ba?s=96&d=mm&r=g","url":"https:\/\/secure.gravatar.com\/avatar\/4c29ceac98541dd42460b2474aaa5dd37594d6ce6cb3cf2c101d09b48ee287ba?s=96&d=mm&r=g","contentUrl":"https:\/\/secure.gravatar.com\/avatar\/4c29ceac98541dd42460b2474aaa5dd37594d6ce6cb3cf2c101d09b48ee287ba?s=96&d=mm&r=g","caption":"Diario del Sur Digital"},"url":"https:\/\/diariodelsurdigital.com.ar\/?author=2"}]}},"_links":{"self":[{"href":"https:\/\/diariodelsurdigital.com.ar\/index.php?rest_route=\/wp\/v2\/posts\/1837","targetHints":{"allow":["GET"]}}],"collection":[{"href":"https:\/\/diariodelsurdigital.com.ar\/index.php?rest_route=\/wp\/v2\/posts"}],"about":[{"href":"https:\/\/diariodelsurdigital.com.ar\/index.php?rest_route=\/wp\/v2\/types\/post"}],"author":[{"embeddable":true,"href":"https:\/\/diariodelsurdigital.com.ar\/index.php?rest_route=\/wp\/v2\/users\/2"}],"replies":[{"embeddable":true,"href":"https:\/\/diariodelsurdigital.com.ar\/index.php?rest_route=%2Fwp%2Fv2%2Fcomments&post=1837"}],"version-history":[{"count":1,"href":"https:\/\/diariodelsurdigital.com.ar\/index.php?rest_route=\/wp\/v2\/posts\/1837\/revisions"}],"predecessor-version":[{"id":1840,"href":"https:\/\/diariodelsurdigital.com.ar\/index.php?rest_route=\/wp\/v2\/posts\/1837\/revisions\/1840"}],"wp:featuredmedia":[{"embeddable":true,"href":"https:\/\/diariodelsurdigital.com.ar\/index.php?rest_route=\/wp\/v2\/media\/1839"}],"wp:attachment":[{"href":"https:\/\/diariodelsurdigital.com.ar\/index.php?rest_route=%2Fwp%2Fv2%2Fmedia&parent=1837"}],"wp:term":[{"taxonomy":"category","embeddable":true,"href":"https:\/\/diariodelsurdigital.com.ar\/index.php?rest_route=%2Fwp%2Fv2%2Fcategories&post=1837"},{"taxonomy":"post_tag","embeddable":true,"href":"https:\/\/diariodelsurdigital.com.ar\/index.php?rest_route=%2Fwp%2Fv2%2Ftags&post=1837"}],"curies":[{"name":"wp","href":"https:\/\/api.w.org\/{rel}","templated":true}]}}