{"id":1841,"date":"2025-03-29T14:04:13","date_gmt":"2025-03-29T17:04:13","guid":{"rendered":"https:\/\/diariodelsurdigital.com.ar\/?p=1841"},"modified":"2025-03-29T14:05:32","modified_gmt":"2025-03-29T17:05:32","slug":"ex-funcionario-de-frigerio-que-conducia-borracho-y-se-presume-mato-a-cuatro-jovenes-por-fin-iria-a-juicio","status":"publish","type":"post","link":"https:\/\/diariodelsurdigital.com.ar\/?p=1841","title":{"rendered":"Ex funcionario de Frigerio que conduc\u00eda borracho acusado de matar a cuatro j\u00f3venes por fin ir\u00eda a juicio"},"content":{"rendered":"\n<h2 class=\"wp-block-heading\" id=\"nota-title\">Cinco jueces se excusaron de intervenir en la causa en la que est\u00e1 imputado Ruiz Orrico, ex funcionario de Frigerio que fue despedido.<\/h2>\n\n\n\n<p>\u00a0\u00a0A nueve meses de la tragedia en Ruta 39, la Justicia de Concepci\u00f3n del Uruguay resolvi\u00f3 elevar a juicio la causa contra Juan Ruiz Orrico por el delito de Homicidio culposo agravado y con un pedido de pena menor a seis a\u00f1os. El exfuncionario provincial enfrentar\u00e1 un juicio oral y p\u00fablico por el choque en el que mat\u00f3 a cuatro j\u00f3venes el 20 junio de 2024.<a href=\"https:\/\/www.elentrerios.com\/uid-210455\"><\/a><\/p>\n\n\n\n<p>El tr\u00e1gico choque ocurri\u00f3 en la madrugada del 20 de junio de 2024, cuando Ruiz Orrico, circulando en un veh\u00edculo oficial en sentido Este-Oeste impact\u00f3 de frente contra el rodado, que se desplazaba en sentido contrario, en el que viajaban cuatro trabajadores de Basavilbaso.<\/p>\n\n\n\n<p>Los j\u00f3venes murieron en el acto a causa del violento impacto. Las pericias forenses determinaron que Ruiz Orrico ten\u00eda 1,59 gramos de alcohol por litro de sangre.<\/p>\n\n\n\n<h5 class=\"wp-block-heading\">El devenir de la causa<\/h5>\n\n\n\n<p>El querellante en la causa, Mario Arcusin, confirm\u00f3 a FM Riel que el expediente, caratulado como \u00abRUIZ ORRICO JUAN ENRIQUE S\/HOMICIDIO CULPOSO AGRAVADO\u00bb (Legajo N\u00ba 2367), tuvo un reciente rev\u00e9s procesal cuando cuatro Vocales del Tribunal de de Concepci\u00f3n del Uruguay se excusaron de intervenir por amistad \u00edntima o enemistad manifiesta con alguna de las partes, seg\u00fan lo establecido en el Art\u00edculo 38, inciso k del C\u00f3digo Procesal Penal de Entre R\u00edos.<\/p>\n\n\n\n<p>Los magistrados Rub\u00e9n Chaia, Nicolas Gazali, Fernando Martinez Uncal y Mariano Mart\u00ednez se excusaron para ser parte de los posibles jueces del debate, dada su relaci\u00f3n laboral con Evangelina Bruzzo, quien es esposa de Orrico y fue parte de la C\u00e1mara Penal de Concepci\u00f3n del Uruguay.<\/p>\n\n\n\n<p>Adem\u00e1s, la jueza Melisa Mar\u00eda R\u00edos tambi\u00e9n qued\u00f3 fuera de la causa por haber intervenido previamente como juez t\u00e9cnico en la apelaci\u00f3n.<\/p>\n\n\n\n<p>El penalista agreg\u00f3 que, ahora, la Secretar\u00eda de Superintendencia del Superior Tribunal de Justicia deber\u00e1 sortear qu\u00e9 magistrados integrar\u00e1n el Tribunal que llevar\u00e1 adelante el juicio oral, en lo que ser\u00e1 un proceso clave para determinar la responsabilidad penal de Ruiz Orrico.<\/p>\n\n\n\n<h5 class=\"wp-block-heading\">Orrico sigue en libertad<\/h5>\n\n\n\n<p>A pesar de la gravedad de los cargos, Ruiz Orrico sigue en libertad, con domicilio en Colonia Rinc\u00f3n Gen\u00e1, cerca de Estaci\u00f3n Herrera.<a href=\"https:\/\/www.elentrerios.com\/uid-213078\"><\/a><\/p>\n\n\n\n<h5 class=\"wp-block-heading\">Qu\u00e9 podr\u00eda suceder en el juicio<\/h5>\n\n\n\n<p>El juicio por homicidio culposo agravado podr\u00eda imponer una condena de entre tres y seis a\u00f1os de prisi\u00f3n. Pero las familias de las v\u00edctimas insisten en demandar una sentencia ejemplificadora y de cumplimiento efectivo.<\/p>\n\n\n\n<p>Arcusin reconoci\u00f3 que no han definido si apelan lo resuelto en la audiencia de elevaci\u00f3n a juicio, que de concretarse ser\u00e1 con efecto suspensivo.<\/p>\n\n\n\n<p>Mientras, la comunidad de Basavilbaso sigue esperando justicia para Leonardo, Axel, Lucas y Brian, cuyas vidas se truncaron en una ruta que, nueve meses despu\u00e9s, sigue marcada por el dolor.<\/p>\n\n\n\n<p><strong>Fuente:<\/strong>\u00a0FM Riel &#8211; 03442<\/p>\n","protected":false},"excerpt":{"rendered":"<p>Cinco jueces se excusaron de intervenir en la causa en la que est\u00e1 imputado Ruiz Orrico, ex funcionario de Frigerio que fue despedido. \u00a0\u00a0A nueve meses de la tragedia en Ruta 39, la Justicia de Concepci\u00f3n del Uruguay resolvi\u00f3 elevar a juicio la causa contra Juan Ruiz Orrico por el delito de Homicidio culposo agravado [&hellip;]<\/p>\n","protected":false},"author":2,"featured_media":1842,"comment_status":"open","ping_status":"open","sticky":false,"template":"","format":"standard","meta":{"footnotes":""},"categories":[17],"tags":[],"class_list":{"0":"post-1841","1":"post","2":"type-post","3":"status-publish","4":"format-standard","5":"has-post-thumbnail","7":"category-provinciales"},"yoast_head":"<!-- This site is optimized with the Yoast SEO plugin v27.4 - https:\/\/yoast.com\/product\/yoast-seo-wordpress\/ -->\n<title>Ex funcionario de Frigerio que conduc\u00eda borracho acusado de matar a cuatro j\u00f3venes por fin ir\u00eda a juicio - Diario del Sur<\/title>\n<meta name=\"robots\" content=\"index, follow, max-snippet:-1, max-image-preview:large, max-video-preview:-1\" \/>\n<link rel=\"canonical\" href=\"https:\/\/diariodelsurdigital.com.ar\/?p=1841\" \/>\n<meta property=\"og:locale\" content=\"es_ES\" \/>\n<meta property=\"og:type\" content=\"article\" \/>\n<meta property=\"og:title\" content=\"Ex funcionario de Frigerio que conduc\u00eda borracho acusado de matar a cuatro j\u00f3venes por fin ir\u00eda a juicio - Diario del Sur\" \/>\n<meta property=\"og:description\" content=\"Cinco jueces se excusaron de intervenir en la causa en la que est\u00e1 imputado Ruiz Orrico, ex funcionario de Frigerio que fue despedido. \u00a0\u00a0A nueve meses de la tragedia en Ruta 39, la Justicia de Concepci\u00f3n del Uruguay resolvi\u00f3 elevar a juicio la causa contra Juan Ruiz Orrico por el delito de Homicidio culposo agravado [&hellip;]\" \/>\n<meta property=\"og:url\" content=\"https:\/\/diariodelsurdigital.com.ar\/?p=1841\" \/>\n<meta property=\"og:site_name\" content=\"Diario del Sur\" \/>\n<meta property=\"article:published_time\" content=\"2025-03-29T17:04:13+00:00\" \/>\n<meta property=\"article:modified_time\" content=\"2025-03-29T17:05:32+00:00\" \/>\n<meta property=\"og:image\" content=\"https:\/\/diariodelsurdigital.com.ar\/wp-content\/uploads\/2025\/03\/l_1720005166.jpg\" \/>\n\t<meta property=\"og:image:width\" content=\"490\" \/>\n\t<meta property=\"og:image:height\" content=\"348\" \/>\n\t<meta property=\"og:image:type\" content=\"image\/jpeg\" \/>\n<meta name=\"author\" content=\"Diario del Sur Digital\" \/>\n<meta name=\"twitter:card\" content=\"summary_large_image\" \/>\n<meta name=\"twitter:label1\" content=\"Escrito por\" \/>\n\t<meta name=\"twitter:data1\" content=\"Diario del Sur Digital\" \/>\n\t<meta name=\"twitter:label2\" content=\"Tiempo de lectura\" \/>\n\t<meta name=\"twitter:data2\" content=\"3 minutos\" \/>\n<script type=\"application\/ld+json\" class=\"yoast-schema-graph\">{\"@context\":\"https:\\\/\\\/schema.org\",\"@graph\":[{\"@type\":\"Article\",\"@id\":\"https:\\\/\\\/diariodelsurdigital.com.ar\\\/?p=1841#article\",\"isPartOf\":{\"@id\":\"https:\\\/\\\/diariodelsurdigital.com.ar\\\/?p=1841\"},\"author\":{\"name\":\"Diario del Sur Digital\",\"@id\":\"https:\\\/\\\/diariodelsurdigital.com.ar\\\/#\\\/schema\\\/person\\\/6136a32571657f7dba980b88b04c5465\"},\"headline\":\"Ex funcionario de Frigerio que conduc\u00eda borracho acusado de matar a cuatro j\u00f3venes por fin ir\u00eda a juicio\",\"datePublished\":\"2025-03-29T17:04:13+00:00\",\"dateModified\":\"2025-03-29T17:05:32+00:00\",\"mainEntityOfPage\":{\"@id\":\"https:\\\/\\\/diariodelsurdigital.com.ar\\\/?p=1841\"},\"wordCount\":522,\"commentCount\":0,\"image\":{\"@id\":\"https:\\\/\\\/diariodelsurdigital.com.ar\\\/?p=1841#primaryimage\"},\"thumbnailUrl\":\"https:\\\/\\\/diariodelsurdigital.com.ar\\\/wp-content\\\/uploads\\\/2025\\\/03\\\/l_1720005166.jpg\",\"articleSection\":[\"Provinciales\"],\"inLanguage\":\"es\",\"potentialAction\":[{\"@type\":\"CommentAction\",\"name\":\"Comment\",\"target\":[\"https:\\\/\\\/diariodelsurdigital.com.ar\\\/?p=1841#respond\"]}]},{\"@type\":\"WebPage\",\"@id\":\"https:\\\/\\\/diariodelsurdigital.com.ar\\\/?p=1841\",\"url\":\"https:\\\/\\\/diariodelsurdigital.com.ar\\\/?p=1841\",\"name\":\"Ex funcionario de Frigerio que conduc\u00eda borracho acusado de matar a cuatro j\u00f3venes por fin ir\u00eda a juicio - Diario del Sur\",\"isPartOf\":{\"@id\":\"https:\\\/\\\/diariodelsurdigital.com.ar\\\/#website\"},\"primaryImageOfPage\":{\"@id\":\"https:\\\/\\\/diariodelsurdigital.com.ar\\\/?p=1841#primaryimage\"},\"image\":{\"@id\":\"https:\\\/\\\/diariodelsurdigital.com.ar\\\/?p=1841#primaryimage\"},\"thumbnailUrl\":\"https:\\\/\\\/diariodelsurdigital.com.ar\\\/wp-content\\\/uploads\\\/2025\\\/03\\\/l_1720005166.jpg\",\"datePublished\":\"2025-03-29T17:04:13+00:00\",\"dateModified\":\"2025-03-29T17:05:32+00:00\",\"author\":{\"@id\":\"https:\\\/\\\/diariodelsurdigital.com.ar\\\/#\\\/schema\\\/person\\\/6136a32571657f7dba980b88b04c5465\"},\"breadcrumb\":{\"@id\":\"https:\\\/\\\/diariodelsurdigital.com.ar\\\/?p=1841#breadcrumb\"},\"inLanguage\":\"es\",\"potentialAction\":[{\"@type\":\"ReadAction\",\"target\":[\"https:\\\/\\\/diariodelsurdigital.com.ar\\\/?p=1841\"]}]},{\"@type\":\"ImageObject\",\"inLanguage\":\"es\",\"@id\":\"https:\\\/\\\/diariodelsurdigital.com.ar\\\/?p=1841#primaryimage\",\"url\":\"https:\\\/\\\/diariodelsurdigital.com.ar\\\/wp-content\\\/uploads\\\/2025\\\/03\\\/l_1720005166.jpg\",\"contentUrl\":\"https:\\\/\\\/diariodelsurdigital.com.ar\\\/wp-content\\\/uploads\\\/2025\\\/03\\\/l_1720005166.jpg\",\"width\":490,\"height\":348},{\"@type\":\"BreadcrumbList\",\"@id\":\"https:\\\/\\\/diariodelsurdigital.com.ar\\\/?p=1841#breadcrumb\",\"itemListElement\":[{\"@type\":\"ListItem\",\"position\":1,\"name\":\"Portada\",\"item\":\"https:\\\/\\\/diariodelsurdigital.com.ar\\\/\"},{\"@type\":\"ListItem\",\"position\":2,\"name\":\"Ex funcionario de Frigerio que conduc\u00eda borracho acusado de matar a cuatro j\u00f3venes por fin ir\u00eda a juicio\"}]},{\"@type\":\"WebSite\",\"@id\":\"https:\\\/\\\/diariodelsurdigital.com.ar\\\/#website\",\"url\":\"https:\\\/\\\/diariodelsurdigital.com.ar\\\/\",\"name\":\"Diario del Sur\",\"description\":\"Digital\",\"potentialAction\":[{\"@type\":\"SearchAction\",\"target\":{\"@type\":\"EntryPoint\",\"urlTemplate\":\"https:\\\/\\\/diariodelsurdigital.com.ar\\\/?s={search_term_string}\"},\"query-input\":{\"@type\":\"PropertyValueSpecification\",\"valueRequired\":true,\"valueName\":\"search_term_string\"}}],\"inLanguage\":\"es\"},{\"@type\":\"Person\",\"@id\":\"https:\\\/\\\/diariodelsurdigital.com.ar\\\/#\\\/schema\\\/person\\\/6136a32571657f7dba980b88b04c5465\",\"name\":\"Diario del Sur Digital\",\"image\":{\"@type\":\"ImageObject\",\"inLanguage\":\"es\",\"@id\":\"https:\\\/\\\/secure.gravatar.com\\\/avatar\\\/4c29ceac98541dd42460b2474aaa5dd37594d6ce6cb3cf2c101d09b48ee287ba?s=96&d=mm&r=g\",\"url\":\"https:\\\/\\\/secure.gravatar.com\\\/avatar\\\/4c29ceac98541dd42460b2474aaa5dd37594d6ce6cb3cf2c101d09b48ee287ba?s=96&d=mm&r=g\",\"contentUrl\":\"https:\\\/\\\/secure.gravatar.com\\\/avatar\\\/4c29ceac98541dd42460b2474aaa5dd37594d6ce6cb3cf2c101d09b48ee287ba?s=96&d=mm&r=g\",\"caption\":\"Diario del Sur Digital\"},\"url\":\"https:\\\/\\\/diariodelsurdigital.com.ar\\\/?author=2\"}]}<\/script>\n<!-- \/ Yoast SEO plugin. -->","yoast_head_json":{"title":"Ex funcionario de Frigerio que conduc\u00eda borracho acusado de matar a cuatro j\u00f3venes por fin ir\u00eda a juicio - Diario del Sur","robots":{"index":"index","follow":"follow","max-snippet":"max-snippet:-1","max-image-preview":"max-image-preview:large","max-video-preview":"max-video-preview:-1"},"canonical":"https:\/\/diariodelsurdigital.com.ar\/?p=1841","og_locale":"es_ES","og_type":"article","og_title":"Ex funcionario de Frigerio que conduc\u00eda borracho acusado de matar a cuatro j\u00f3venes por fin ir\u00eda a juicio - Diario del Sur","og_description":"Cinco jueces se excusaron de intervenir en la causa en la que est\u00e1 imputado Ruiz Orrico, ex funcionario de Frigerio que fue despedido. \u00a0\u00a0A nueve meses de la tragedia en Ruta 39, la Justicia de Concepci\u00f3n del Uruguay resolvi\u00f3 elevar a juicio la causa contra Juan Ruiz Orrico por el delito de Homicidio culposo agravado [&hellip;]","og_url":"https:\/\/diariodelsurdigital.com.ar\/?p=1841","og_site_name":"Diario del Sur","article_published_time":"2025-03-29T17:04:13+00:00","article_modified_time":"2025-03-29T17:05:32+00:00","og_image":[{"width":490,"height":348,"url":"https:\/\/diariodelsurdigital.com.ar\/wp-content\/uploads\/2025\/03\/l_1720005166.jpg","type":"image\/jpeg"}],"author":"Diario del Sur Digital","twitter_card":"summary_large_image","twitter_misc":{"Escrito por":"Diario del Sur Digital","Tiempo de lectura":"3 minutos"},"schema":{"@context":"https:\/\/schema.org","@graph":[{"@type":"Article","@id":"https:\/\/diariodelsurdigital.com.ar\/?p=1841#article","isPartOf":{"@id":"https:\/\/diariodelsurdigital.com.ar\/?p=1841"},"author":{"name":"Diario del Sur Digital","@id":"https:\/\/diariodelsurdigital.com.ar\/#\/schema\/person\/6136a32571657f7dba980b88b04c5465"},"headline":"Ex funcionario de Frigerio que conduc\u00eda borracho acusado de matar a cuatro j\u00f3venes por fin ir\u00eda a juicio","datePublished":"2025-03-29T17:04:13+00:00","dateModified":"2025-03-29T17:05:32+00:00","mainEntityOfPage":{"@id":"https:\/\/diariodelsurdigital.com.ar\/?p=1841"},"wordCount":522,"commentCount":0,"image":{"@id":"https:\/\/diariodelsurdigital.com.ar\/?p=1841#primaryimage"},"thumbnailUrl":"https:\/\/diariodelsurdigital.com.ar\/wp-content\/uploads\/2025\/03\/l_1720005166.jpg","articleSection":["Provinciales"],"inLanguage":"es","potentialAction":[{"@type":"CommentAction","name":"Comment","target":["https:\/\/diariodelsurdigital.com.ar\/?p=1841#respond"]}]},{"@type":"WebPage","@id":"https:\/\/diariodelsurdigital.com.ar\/?p=1841","url":"https:\/\/diariodelsurdigital.com.ar\/?p=1841","name":"Ex funcionario de Frigerio que conduc\u00eda borracho acusado de matar a cuatro j\u00f3venes por fin ir\u00eda a juicio - Diario del Sur","isPartOf":{"@id":"https:\/\/diariodelsurdigital.com.ar\/#website"},"primaryImageOfPage":{"@id":"https:\/\/diariodelsurdigital.com.ar\/?p=1841#primaryimage"},"image":{"@id":"https:\/\/diariodelsurdigital.com.ar\/?p=1841#primaryimage"},"thumbnailUrl":"https:\/\/diariodelsurdigital.com.ar\/wp-content\/uploads\/2025\/03\/l_1720005166.jpg","datePublished":"2025-03-29T17:04:13+00:00","dateModified":"2025-03-29T17:05:32+00:00","author":{"@id":"https:\/\/diariodelsurdigital.com.ar\/#\/schema\/person\/6136a32571657f7dba980b88b04c5465"},"breadcrumb":{"@id":"https:\/\/diariodelsurdigital.com.ar\/?p=1841#breadcrumb"},"inLanguage":"es","potentialAction":[{"@type":"ReadAction","target":["https:\/\/diariodelsurdigital.com.ar\/?p=1841"]}]},{"@type":"ImageObject","inLanguage":"es","@id":"https:\/\/diariodelsurdigital.com.ar\/?p=1841#primaryimage","url":"https:\/\/diariodelsurdigital.com.ar\/wp-content\/uploads\/2025\/03\/l_1720005166.jpg","contentUrl":"https:\/\/diariodelsurdigital.com.ar\/wp-content\/uploads\/2025\/03\/l_1720005166.jpg","width":490,"height":348},{"@type":"BreadcrumbList","@id":"https:\/\/diariodelsurdigital.com.ar\/?p=1841#breadcrumb","itemListElement":[{"@type":"ListItem","position":1,"name":"Portada","item":"https:\/\/diariodelsurdigital.com.ar\/"},{"@type":"ListItem","position":2,"name":"Ex funcionario de Frigerio que conduc\u00eda borracho acusado de matar a cuatro j\u00f3venes por fin ir\u00eda a juicio"}]},{"@type":"WebSite","@id":"https:\/\/diariodelsurdigital.com.ar\/#website","url":"https:\/\/diariodelsurdigital.com.ar\/","name":"Diario del Sur","description":"Digital","potentialAction":[{"@type":"SearchAction","target":{"@type":"EntryPoint","urlTemplate":"https:\/\/diariodelsurdigital.com.ar\/?s={search_term_string}"},"query-input":{"@type":"PropertyValueSpecification","valueRequired":true,"valueName":"search_term_string"}}],"inLanguage":"es"},{"@type":"Person","@id":"https:\/\/diariodelsurdigital.com.ar\/#\/schema\/person\/6136a32571657f7dba980b88b04c5465","name":"Diario del Sur Digital","image":{"@type":"ImageObject","inLanguage":"es","@id":"https:\/\/secure.gravatar.com\/avatar\/4c29ceac98541dd42460b2474aaa5dd37594d6ce6cb3cf2c101d09b48ee287ba?s=96&d=mm&r=g","url":"https:\/\/secure.gravatar.com\/avatar\/4c29ceac98541dd42460b2474aaa5dd37594d6ce6cb3cf2c101d09b48ee287ba?s=96&d=mm&r=g","contentUrl":"https:\/\/secure.gravatar.com\/avatar\/4c29ceac98541dd42460b2474aaa5dd37594d6ce6cb3cf2c101d09b48ee287ba?s=96&d=mm&r=g","caption":"Diario del Sur Digital"},"url":"https:\/\/diariodelsurdigital.com.ar\/?author=2"}]}},"_links":{"self":[{"href":"https:\/\/diariodelsurdigital.com.ar\/index.php?rest_route=\/wp\/v2\/posts\/1841","targetHints":{"allow":["GET"]}}],"collection":[{"href":"https:\/\/diariodelsurdigital.com.ar\/index.php?rest_route=\/wp\/v2\/posts"}],"about":[{"href":"https:\/\/diariodelsurdigital.com.ar\/index.php?rest_route=\/wp\/v2\/types\/post"}],"author":[{"embeddable":true,"href":"https:\/\/diariodelsurdigital.com.ar\/index.php?rest_route=\/wp\/v2\/users\/2"}],"replies":[{"embeddable":true,"href":"https:\/\/diariodelsurdigital.com.ar\/index.php?rest_route=%2Fwp%2Fv2%2Fcomments&post=1841"}],"version-history":[{"count":2,"href":"https:\/\/diariodelsurdigital.com.ar\/index.php?rest_route=\/wp\/v2\/posts\/1841\/revisions"}],"predecessor-version":[{"id":1844,"href":"https:\/\/diariodelsurdigital.com.ar\/index.php?rest_route=\/wp\/v2\/posts\/1841\/revisions\/1844"}],"wp:featuredmedia":[{"embeddable":true,"href":"https:\/\/diariodelsurdigital.com.ar\/index.php?rest_route=\/wp\/v2\/media\/1842"}],"wp:attachment":[{"href":"https:\/\/diariodelsurdigital.com.ar\/index.php?rest_route=%2Fwp%2Fv2%2Fmedia&parent=1841"}],"wp:term":[{"taxonomy":"category","embeddable":true,"href":"https:\/\/diariodelsurdigital.com.ar\/index.php?rest_route=%2Fwp%2Fv2%2Fcategories&post=1841"},{"taxonomy":"post_tag","embeddable":true,"href":"https:\/\/diariodelsurdigital.com.ar\/index.php?rest_route=%2Fwp%2Fv2%2Ftags&post=1841"}],"curies":[{"name":"wp","href":"https:\/\/api.w.org\/{rel}","templated":true}]}}