{"id":1845,"date":"2025-03-30T14:14:58","date_gmt":"2025-03-30T17:14:58","guid":{"rendered":"https:\/\/diariodelsurdigital.com.ar\/?p=1845"},"modified":"2025-03-30T14:14:59","modified_gmt":"2025-03-30T17:14:59","slug":"alarma-para-milei-las-encuestas-muestran-el-declive-de-su-imagen-y-el-aumento-del-descontento-con-su-gobierno","status":"publish","type":"post","link":"https:\/\/diariodelsurdigital.com.ar\/?p=1845","title":{"rendered":"Alarma para Milei: las encuestas muestran el declive de su imagen y el aumento del descontento con su Gobierno"},"content":{"rendered":"\n<h1 class=\"wp-block-heading\"><\/h1>\n\n\n\n<h2 class=\"wp-block-heading\">Los sondeos de opini\u00f3n en Argentina coinciden en la merma de los apoyos al presidente ultra. Los expertos lo atribuyen al esc\u00e1ndalo con la criptomoneda $Libra y a la incertidumbre econ\u00f3mica<\/h2>\n\n\n\n<figure class=\"wp-block-embed is-type-wp-embed is-provider-datawrapper wp-block-embed-datawrapper\"><div class=\"wp-block-embed__wrapper\">\n<iframe class=\"wp-embedded-content\" sandbox=\"allow-scripts\" security=\"restricted\" title=\"La creciente imagen negativa  de Milei\" src=\"https:\/\/datawrapper.dwcdn.net\/0DMxh\/3\/#?secret=1yiko4klB8\" data-secret=\"1yiko4klB8\" scrolling=\"no\" frameborder=\"0\" height=\"563\"><\/iframe>\n<\/div><\/figure>\n\n\n\n<p>El humor social, ese estado de \u00e1nimo general inestable y escurridizo, comienza a mostrarle un gesto adusto a&nbsp;<a href=\"https:\/\/elpais.com\/argentina\/2025-03-20\/milei-y-su-notable-aficion-a-los-tiros-en-el-pie.html\">Javier Milei<\/a>. Al cierre del primer trimestre del a\u00f1o, casi todas las encuestas y sondeos de opini\u00f3n en Argentina coinciden en que la imagen del presidente ultraderechista y el nivel de satisfacci\u00f3n con su Gobierno est\u00e1n declinando respecto de 2024. Los analistas y expertos en opini\u00f3n p\u00fablica vinculan el declive con&nbsp;<a href=\"https:\/\/elpais.com\/argentina\/2025-02-20\/libra-reconstruccion-de-una-estafa.html\">el esc\u00e1ndalo por la estafa con la criptomoneda $Libra<\/a>&nbsp;que Milei promocion\u00f3, con su decisi\u00f3n de nombrar a cuestionados jueces por decreto para integrar la&nbsp;<a href=\"https:\/\/elpais.com\/argentina\/2025-02-25\/milei-nombra-por-decreto-a-dos-jueces-de-la-corte-suprema.html\">Corte Suprema<\/a>&nbsp;y, entre otras cosas, con la incertidumbre del plan econ\u00f3mico: despu\u00e9s de 15 meses de fuerte ajuste y recesi\u00f3n, las mejoras no llegan a la vida cotidiana de las mayor\u00edas y el Gobierno se ve obligado a recurrir a&nbsp;<a href=\"https:\/\/elpais.com\/argentina\/2025-03-12\/milei-se-autoriza-por-decreto-a-tomar-deuda-con-el-fondo-monetario.html\">un nuevo pr\u00e9stamo del FMI<\/a>, un recurso que Milei tildaba en el pasado de \u201cinmoral\u201d y que nunca tuvo buenos resultados en la historia del pa\u00eds.<\/p>\n\n\n\n<p>El 61% de las personas est\u00e1 insatisfecho con c\u00f3mo marchan las cosas en Argentina y solo el 36% lo aprueba, advierte la&nbsp;<a href=\"https:\/\/www.instagram.com\/espopok\/\" target=\"_blank\" rel=\"noreferrer noopener\">Encuesta de Satisfacci\u00f3n Pol\u00edtica y Opini\u00f3n P\u00fablica<\/a>&nbsp;realizada en marzo por la Universidad de San Andr\u00e9s (UdeSa). Hace cuatro meses, la insatisfacci\u00f3n alcanzaba al 52%. \u201cEl porcentaje de aprobaci\u00f3n del Gobierno baj\u00f3 al 45%: una ca\u00edda de nueve puntos con relaci\u00f3n a la \u00faltima medici\u00f3n de noviembre\u201d, a\u00f1ade el estudio. Y sostiene que, en el mismo lapso, la imagen negativa de Milei pas\u00f3 del 44% al 51%, mientras la positiva bajaba del 49% al 43%.<\/p>\n\n\n\n<p>La consultora brasile\u00f1a&nbsp;<a href=\"https:\/\/atlasintel.org\/poll\/latam-pulse-argentina-february-2025-2025-03-07\" target=\"_blank\" rel=\"noreferrer noopener\">Atlas Intel<\/a>, una de las pocas que anticip\u00f3 el triunfo de Milei en las elecciones de 2023, registr\u00f3 una marcada ca\u00edda en la imagen del mandatario ultra: la percepci\u00f3n favorable se desplom\u00f3 del 54% al 45% entre diciembre y febrero, cuando la valoraci\u00f3n negativa sub\u00eda del 42% al 50%.<\/p>\n\n\n\n<p>\u201cLa imagen negativa del Gobierno no hace m\u00e1s que crecer mes a mes. Un 58% desaprueba la gesti\u00f3n de Javier Milei\u201d, se\u00f1alan los consultores&nbsp;<a href=\"https:\/\/zubancordoba.com\/portfolio\/informe-nacional-marzo-2025\/\" target=\"_blank\" rel=\"noreferrer noopener\">Gustavo C\u00f3rdoba y Paola Zuban<\/a>, como conclusi\u00f3n de los sondeos que realizaron este mes. Consideran que se trata de una nueva tendencia que \u201ccomenz\u00f3 a aparecer en enero y se fue consolidando desde entonces\u201d. Seg\u00fan su estudio, el mismo porcentaje de personas que desaprueba su gesti\u00f3n tiene una valoraci\u00f3n desfavorable del presidente y esa cifra escal\u00f3, en ambos casos, por encima de seis puntos desde noviembre pasado: del 52 al 58%.<\/p>\n\n\n\n<p>El \u00edndice de confianza en el Gobierno que elabora la Universidad Torcuato Di Tella \u2014que mide en una escala de cero a cinco\u2014 le otorg\u00f3 a la Administraci\u00f3n ultra 2,42 puntos en marzo, con \u201cuna disminuci\u00f3n del 5,4% respecto al mes de febrero\u201d. Fue su cuarta ca\u00edda mensual consecutiva.<\/p>\n\n\n\n<p>\u201cEl final de 2024 fue mejor de lo esperado para Milei, pero el comienzo de 2025 parece m\u00e1s complicado de lo previsto\u201d, dice el polit\u00f3logo Lucas Romero, de la consultora Synopsis. Entre la sucesi\u00f3n de acontecimientos que pueden haber restado apoyos al presidente, enumera el discurso de Milei en el&nbsp;<a href=\"https:\/\/elpais.com\/argentina\/2025-01-31\/milei-enfrenta-una-ola-de-repudios-por-sus-ataques-al-feminismo-y-la-comunidad-gay.html\">Foro de Davos<\/a>&nbsp;(donde asoci\u00f3 homosexualidad con pedofilia y gener\u00f3 una manifestaci\u00f3n de repudio), el esc\u00e1ndalo $Libra,&nbsp;<a href=\"https:\/\/elpais.com\/argentina\/2025-03-03\/la-amenaza-a-un-diputado-pone-en-la-mira-al-principal-asesor-de-milei.html\">los errores del asesor presidencial Santiago Caputo<\/a>&nbsp;(interrumpi\u00f3 una entrevista a Milei para decirle lo que deb\u00eda declarar y d\u00edas despu\u00e9s amenaz\u00f3 en p\u00fablico a un diputado), el nombramiento por decreto de jueces para la Corte y&nbsp;<a href=\"https:\/\/elpais.com\/argentina\/2025-03-12\/hinchas-argentinos-se-enfrentan-a-la-policia-en-una-marcha-por-los-jubilados.html\">la represi\u00f3n policial a una marcha en favor de los jubilados<\/a>, \u201cuna serie de hechos que alimentaron el debate p\u00fablico con noticias negativas para el Gobierno\u201d.<\/p>\n\n\n\n<p>A la vez, se\u00f1ala Romero, las encuestas perciben un descenso de la preocupaci\u00f3n social por&nbsp;<a href=\"https:\/\/elpais.com\/argentina\/2025-03-15\/la-desinflacion-se-detiene-en-argentina-y-el-ipc-mensual-sube-al-24-en-febrero.html\" target=\"_blank\" rel=\"noreferrer noopener\">la inflaci\u00f3n<\/a>&nbsp;\u2014cuya baja ha sido uno de los principales sustentos para Milei\u2014 y un aumento de los reclamos en torno a la corrupci\u00f3n, la inseguridad y el desempleo. \u201cEst\u00e1n apareciendo otras demandas al Gobierno. El proceso de recuperaci\u00f3n de expectativas y el optimismo sobre el futuro parecen estar disip\u00e1ndose. Y todav\u00eda no se observa en la econom\u00eda dom\u00e9stica de cada argentino una mejora de la calidad de vida\u201d. Los datos recabados por Synopsis indican que hay un 54% de evaluaci\u00f3n mala o muy mala del Gobierno contra un 40,3% de buena o muy buena; y un 57,5% de imagen negativa de Milei, frente a un 38,4% de imagen positiva.<\/p>\n\n\n\n<p>Si bien la merma en los apoyos al Gobierno es compartida por la gran mayor\u00eda de los encuestadores, algunos analistas consideran que no es, por el momento, una tendencia definida ni determinante. Y resaltan una cuesti\u00f3n no menor: los principales l\u00edderes pol\u00edticos del pa\u00eds tienen peor imagen que Milei.<\/p>\n\n\n\n<p>La consultora Isasi\/Burdman midi\u00f3 una p\u00e9rdida de cuatro puntos en la imagen positiva del presidente: entre enero y marzo habr\u00eda pasado del 55 al 51%. \u201cEs una oscilaci\u00f3n suave. Los fundamentos de la popularidad de Milei no est\u00e1n cuestionados. No veo demasiada modificaci\u00f3n en el escenario\u201d, dice Julio Burdman, doctor en Ciencia Pol\u00edtica. \u201cLo interesante para analizar es que no hay tanto cambio en la opini\u00f3n p\u00fablica. El ciclo de Milei lleva 15 meses y hay una estabilidad en el apoyo, puede subir o bajar un poco pero flota cerca de los 50 puntos\u201d, agrega. \u201cMilei conserva la mayor\u00eda del apoyo de quienes lo votaron en la segunda vuelta electoral de 2023 [gan\u00f3 con el 56% de los votos]. Si comparamos con los gobiernos de&nbsp;<a href=\"https:\/\/elpais.com\/argentina\/2025-02-03\/diez-anos-despues-de-llegar-al-gobierno-el-partido-de-macri-debate-como-sobrevivir-a-milei.html\">Mauricio Macri<\/a>&nbsp;[2015-2019] o&nbsp;<a href=\"https:\/\/elpais.com\/argentina\/2025-02-17\/procesado-alberto-fernandez-en-argentina-por-lesiones-y-amenazas-contra-su-expareja.html\">Alberto Fern\u00e1ndez<\/a>&nbsp;[2019-2023], a esta altura de sus mandatos ellos ya hab\u00edan perdido muchos de los votos con que hab\u00edan sido electos\u201d.<\/p>\n\n\n\n<p>M\u00e1s all\u00e1 de las consultoras y sus sondeos, la primera gran prueba que enfrentar\u00e1 el Gobierno sobre el devenir del humor social ser\u00e1n las elecciones legislativas de este a\u00f1o. Desde abril habr\u00e1 comicios en distintas provincias y en octubre ser\u00e1 la hora del veredicto nacional.<\/p>\n","protected":false},"excerpt":{"rendered":"<p>Los sondeos de opini\u00f3n en Argentina coinciden en la merma de los apoyos al presidente ultra. Los expertos lo atribuyen al esc\u00e1ndalo con la criptomoneda $Libra y a la incertidumbre econ\u00f3mica El humor social, ese estado de \u00e1nimo general inestable y escurridizo, comienza a mostrarle un gesto adusto a&nbsp;Javier Milei. Al cierre del primer trimestre [&hellip;]<\/p>\n","protected":false},"author":2,"featured_media":1846,"comment_status":"open","ping_status":"open","sticky":false,"template":"","format":"standard","meta":{"footnotes":""},"categories":[18],"tags":[],"class_list":{"0":"post-1845","1":"post","2":"type-post","3":"status-publish","4":"format-standard","5":"has-post-thumbnail","7":"category-nacionales"},"yoast_head":"<!-- This site is optimized with the Yoast SEO plugin v27.4 - https:\/\/yoast.com\/product\/yoast-seo-wordpress\/ -->\n<title>Alarma para Milei: las encuestas muestran el declive de su imagen y el aumento del descontento con su Gobierno - Diario del Sur<\/title>\n<meta name=\"robots\" content=\"index, follow, max-snippet:-1, max-image-preview:large, max-video-preview:-1\" \/>\n<link rel=\"canonical\" href=\"https:\/\/diariodelsurdigital.com.ar\/?p=1845\" \/>\n<meta property=\"og:locale\" content=\"es_ES\" \/>\n<meta property=\"og:type\" content=\"article\" \/>\n<meta property=\"og:title\" content=\"Alarma para Milei: las encuestas muestran el declive de su imagen y el aumento del descontento con su Gobierno - Diario del Sur\" \/>\n<meta property=\"og:description\" content=\"Los sondeos de opini\u00f3n en Argentina coinciden en la merma de los apoyos al presidente ultra. Los expertos lo atribuyen al esc\u00e1ndalo con la criptomoneda $Libra y a la incertidumbre econ\u00f3mica El humor social, ese estado de \u00e1nimo general inestable y escurridizo, comienza a mostrarle un gesto adusto a&nbsp;Javier Milei. Al cierre del primer trimestre [&hellip;]\" \/>\n<meta property=\"og:url\" content=\"https:\/\/diariodelsurdigital.com.ar\/?p=1845\" \/>\n<meta property=\"og:site_name\" content=\"Diario del Sur\" \/>\n<meta property=\"article:published_time\" content=\"2025-03-30T17:14:58+00:00\" \/>\n<meta property=\"article:modified_time\" content=\"2025-03-30T17:14:59+00:00\" \/>\n<meta property=\"og:image\" content=\"https:\/\/diariodelsurdigital.com.ar\/wp-content\/uploads\/2025\/03\/ZOJN6HFWFRGILBBR5H2LFQY3AI.png\" \/>\n\t<meta property=\"og:image:width\" content=\"490\" \/>\n\t<meta property=\"og:image:height\" content=\"326\" \/>\n\t<meta property=\"og:image:type\" content=\"image\/png\" \/>\n<meta name=\"author\" content=\"Diario del Sur Digital\" \/>\n<meta name=\"twitter:card\" content=\"summary_large_image\" \/>\n<meta name=\"twitter:label1\" content=\"Escrito por\" \/>\n\t<meta name=\"twitter:data1\" content=\"Diario del Sur Digital\" \/>\n\t<meta name=\"twitter:label2\" content=\"Tiempo de lectura\" \/>\n\t<meta name=\"twitter:data2\" content=\"5 minutos\" \/>\n<script type=\"application\/ld+json\" class=\"yoast-schema-graph\">{\"@context\":\"https:\\\/\\\/schema.org\",\"@graph\":[{\"@type\":\"Article\",\"@id\":\"https:\\\/\\\/diariodelsurdigital.com.ar\\\/?p=1845#article\",\"isPartOf\":{\"@id\":\"https:\\\/\\\/diariodelsurdigital.com.ar\\\/?p=1845\"},\"author\":{\"name\":\"Diario del Sur Digital\",\"@id\":\"https:\\\/\\\/diariodelsurdigital.com.ar\\\/#\\\/schema\\\/person\\\/6136a32571657f7dba980b88b04c5465\"},\"headline\":\"Alarma para Milei: las encuestas muestran el declive de su imagen y el aumento del descontento con su Gobierno\",\"datePublished\":\"2025-03-30T17:14:58+00:00\",\"dateModified\":\"2025-03-30T17:14:59+00:00\",\"mainEntityOfPage\":{\"@id\":\"https:\\\/\\\/diariodelsurdigital.com.ar\\\/?p=1845\"},\"wordCount\":1086,\"commentCount\":0,\"image\":{\"@id\":\"https:\\\/\\\/diariodelsurdigital.com.ar\\\/?p=1845#primaryimage\"},\"thumbnailUrl\":\"https:\\\/\\\/diariodelsurdigital.com.ar\\\/wp-content\\\/uploads\\\/2025\\\/03\\\/ZOJN6HFWFRGILBBR5H2LFQY3AI.png\",\"articleSection\":[\"Nacionales\"],\"inLanguage\":\"es\",\"potentialAction\":[{\"@type\":\"CommentAction\",\"name\":\"Comment\",\"target\":[\"https:\\\/\\\/diariodelsurdigital.com.ar\\\/?p=1845#respond\"]}]},{\"@type\":\"WebPage\",\"@id\":\"https:\\\/\\\/diariodelsurdigital.com.ar\\\/?p=1845\",\"url\":\"https:\\\/\\\/diariodelsurdigital.com.ar\\\/?p=1845\",\"name\":\"Alarma para Milei: las encuestas muestran el declive de su imagen y el aumento del descontento con su Gobierno - Diario del Sur\",\"isPartOf\":{\"@id\":\"https:\\\/\\\/diariodelsurdigital.com.ar\\\/#website\"},\"primaryImageOfPage\":{\"@id\":\"https:\\\/\\\/diariodelsurdigital.com.ar\\\/?p=1845#primaryimage\"},\"image\":{\"@id\":\"https:\\\/\\\/diariodelsurdigital.com.ar\\\/?p=1845#primaryimage\"},\"thumbnailUrl\":\"https:\\\/\\\/diariodelsurdigital.com.ar\\\/wp-content\\\/uploads\\\/2025\\\/03\\\/ZOJN6HFWFRGILBBR5H2LFQY3AI.png\",\"datePublished\":\"2025-03-30T17:14:58+00:00\",\"dateModified\":\"2025-03-30T17:14:59+00:00\",\"author\":{\"@id\":\"https:\\\/\\\/diariodelsurdigital.com.ar\\\/#\\\/schema\\\/person\\\/6136a32571657f7dba980b88b04c5465\"},\"breadcrumb\":{\"@id\":\"https:\\\/\\\/diariodelsurdigital.com.ar\\\/?p=1845#breadcrumb\"},\"inLanguage\":\"es\",\"potentialAction\":[{\"@type\":\"ReadAction\",\"target\":[\"https:\\\/\\\/diariodelsurdigital.com.ar\\\/?p=1845\"]}]},{\"@type\":\"ImageObject\",\"inLanguage\":\"es\",\"@id\":\"https:\\\/\\\/diariodelsurdigital.com.ar\\\/?p=1845#primaryimage\",\"url\":\"https:\\\/\\\/diariodelsurdigital.com.ar\\\/wp-content\\\/uploads\\\/2025\\\/03\\\/ZOJN6HFWFRGILBBR5H2LFQY3AI.png\",\"contentUrl\":\"https:\\\/\\\/diariodelsurdigital.com.ar\\\/wp-content\\\/uploads\\\/2025\\\/03\\\/ZOJN6HFWFRGILBBR5H2LFQY3AI.png\",\"width\":490,\"height\":326},{\"@type\":\"BreadcrumbList\",\"@id\":\"https:\\\/\\\/diariodelsurdigital.com.ar\\\/?p=1845#breadcrumb\",\"itemListElement\":[{\"@type\":\"ListItem\",\"position\":1,\"name\":\"Portada\",\"item\":\"https:\\\/\\\/diariodelsurdigital.com.ar\\\/\"},{\"@type\":\"ListItem\",\"position\":2,\"name\":\"Alarma para Milei: las encuestas muestran el declive de su imagen y el aumento del descontento con su Gobierno\"}]},{\"@type\":\"WebSite\",\"@id\":\"https:\\\/\\\/diariodelsurdigital.com.ar\\\/#website\",\"url\":\"https:\\\/\\\/diariodelsurdigital.com.ar\\\/\",\"name\":\"Diario del Sur\",\"description\":\"Digital\",\"potentialAction\":[{\"@type\":\"SearchAction\",\"target\":{\"@type\":\"EntryPoint\",\"urlTemplate\":\"https:\\\/\\\/diariodelsurdigital.com.ar\\\/?s={search_term_string}\"},\"query-input\":{\"@type\":\"PropertyValueSpecification\",\"valueRequired\":true,\"valueName\":\"search_term_string\"}}],\"inLanguage\":\"es\"},{\"@type\":\"Person\",\"@id\":\"https:\\\/\\\/diariodelsurdigital.com.ar\\\/#\\\/schema\\\/person\\\/6136a32571657f7dba980b88b04c5465\",\"name\":\"Diario del Sur Digital\",\"image\":{\"@type\":\"ImageObject\",\"inLanguage\":\"es\",\"@id\":\"https:\\\/\\\/secure.gravatar.com\\\/avatar\\\/4c29ceac98541dd42460b2474aaa5dd37594d6ce6cb3cf2c101d09b48ee287ba?s=96&d=mm&r=g\",\"url\":\"https:\\\/\\\/secure.gravatar.com\\\/avatar\\\/4c29ceac98541dd42460b2474aaa5dd37594d6ce6cb3cf2c101d09b48ee287ba?s=96&d=mm&r=g\",\"contentUrl\":\"https:\\\/\\\/secure.gravatar.com\\\/avatar\\\/4c29ceac98541dd42460b2474aaa5dd37594d6ce6cb3cf2c101d09b48ee287ba?s=96&d=mm&r=g\",\"caption\":\"Diario del Sur Digital\"},\"url\":\"https:\\\/\\\/diariodelsurdigital.com.ar\\\/?author=2\"}]}<\/script>\n<!-- \/ Yoast SEO plugin. -->","yoast_head_json":{"title":"Alarma para Milei: las encuestas muestran el declive de su imagen y el aumento del descontento con su Gobierno - Diario del Sur","robots":{"index":"index","follow":"follow","max-snippet":"max-snippet:-1","max-image-preview":"max-image-preview:large","max-video-preview":"max-video-preview:-1"},"canonical":"https:\/\/diariodelsurdigital.com.ar\/?p=1845","og_locale":"es_ES","og_type":"article","og_title":"Alarma para Milei: las encuestas muestran el declive de su imagen y el aumento del descontento con su Gobierno - Diario del Sur","og_description":"Los sondeos de opini\u00f3n en Argentina coinciden en la merma de los apoyos al presidente ultra. Los expertos lo atribuyen al esc\u00e1ndalo con la criptomoneda $Libra y a la incertidumbre econ\u00f3mica El humor social, ese estado de \u00e1nimo general inestable y escurridizo, comienza a mostrarle un gesto adusto a&nbsp;Javier Milei. Al cierre del primer trimestre [&hellip;]","og_url":"https:\/\/diariodelsurdigital.com.ar\/?p=1845","og_site_name":"Diario del Sur","article_published_time":"2025-03-30T17:14:58+00:00","article_modified_time":"2025-03-30T17:14:59+00:00","og_image":[{"width":490,"height":326,"url":"https:\/\/diariodelsurdigital.com.ar\/wp-content\/uploads\/2025\/03\/ZOJN6HFWFRGILBBR5H2LFQY3AI.png","type":"image\/png"}],"author":"Diario del Sur Digital","twitter_card":"summary_large_image","twitter_misc":{"Escrito por":"Diario del Sur Digital","Tiempo de lectura":"5 minutos"},"schema":{"@context":"https:\/\/schema.org","@graph":[{"@type":"Article","@id":"https:\/\/diariodelsurdigital.com.ar\/?p=1845#article","isPartOf":{"@id":"https:\/\/diariodelsurdigital.com.ar\/?p=1845"},"author":{"name":"Diario del Sur Digital","@id":"https:\/\/diariodelsurdigital.com.ar\/#\/schema\/person\/6136a32571657f7dba980b88b04c5465"},"headline":"Alarma para Milei: las encuestas muestran el declive de su imagen y el aumento del descontento con su Gobierno","datePublished":"2025-03-30T17:14:58+00:00","dateModified":"2025-03-30T17:14:59+00:00","mainEntityOfPage":{"@id":"https:\/\/diariodelsurdigital.com.ar\/?p=1845"},"wordCount":1086,"commentCount":0,"image":{"@id":"https:\/\/diariodelsurdigital.com.ar\/?p=1845#primaryimage"},"thumbnailUrl":"https:\/\/diariodelsurdigital.com.ar\/wp-content\/uploads\/2025\/03\/ZOJN6HFWFRGILBBR5H2LFQY3AI.png","articleSection":["Nacionales"],"inLanguage":"es","potentialAction":[{"@type":"CommentAction","name":"Comment","target":["https:\/\/diariodelsurdigital.com.ar\/?p=1845#respond"]}]},{"@type":"WebPage","@id":"https:\/\/diariodelsurdigital.com.ar\/?p=1845","url":"https:\/\/diariodelsurdigital.com.ar\/?p=1845","name":"Alarma para Milei: las encuestas muestran el declive de su imagen y el aumento del descontento con su Gobierno - Diario del Sur","isPartOf":{"@id":"https:\/\/diariodelsurdigital.com.ar\/#website"},"primaryImageOfPage":{"@id":"https:\/\/diariodelsurdigital.com.ar\/?p=1845#primaryimage"},"image":{"@id":"https:\/\/diariodelsurdigital.com.ar\/?p=1845#primaryimage"},"thumbnailUrl":"https:\/\/diariodelsurdigital.com.ar\/wp-content\/uploads\/2025\/03\/ZOJN6HFWFRGILBBR5H2LFQY3AI.png","datePublished":"2025-03-30T17:14:58+00:00","dateModified":"2025-03-30T17:14:59+00:00","author":{"@id":"https:\/\/diariodelsurdigital.com.ar\/#\/schema\/person\/6136a32571657f7dba980b88b04c5465"},"breadcrumb":{"@id":"https:\/\/diariodelsurdigital.com.ar\/?p=1845#breadcrumb"},"inLanguage":"es","potentialAction":[{"@type":"ReadAction","target":["https:\/\/diariodelsurdigital.com.ar\/?p=1845"]}]},{"@type":"ImageObject","inLanguage":"es","@id":"https:\/\/diariodelsurdigital.com.ar\/?p=1845#primaryimage","url":"https:\/\/diariodelsurdigital.com.ar\/wp-content\/uploads\/2025\/03\/ZOJN6HFWFRGILBBR5H2LFQY3AI.png","contentUrl":"https:\/\/diariodelsurdigital.com.ar\/wp-content\/uploads\/2025\/03\/ZOJN6HFWFRGILBBR5H2LFQY3AI.png","width":490,"height":326},{"@type":"BreadcrumbList","@id":"https:\/\/diariodelsurdigital.com.ar\/?p=1845#breadcrumb","itemListElement":[{"@type":"ListItem","position":1,"name":"Portada","item":"https:\/\/diariodelsurdigital.com.ar\/"},{"@type":"ListItem","position":2,"name":"Alarma para Milei: las encuestas muestran el declive de su imagen y el aumento del descontento con su Gobierno"}]},{"@type":"WebSite","@id":"https:\/\/diariodelsurdigital.com.ar\/#website","url":"https:\/\/diariodelsurdigital.com.ar\/","name":"Diario del Sur","description":"Digital","potentialAction":[{"@type":"SearchAction","target":{"@type":"EntryPoint","urlTemplate":"https:\/\/diariodelsurdigital.com.ar\/?s={search_term_string}"},"query-input":{"@type":"PropertyValueSpecification","valueRequired":true,"valueName":"search_term_string"}}],"inLanguage":"es"},{"@type":"Person","@id":"https:\/\/diariodelsurdigital.com.ar\/#\/schema\/person\/6136a32571657f7dba980b88b04c5465","name":"Diario del Sur Digital","image":{"@type":"ImageObject","inLanguage":"es","@id":"https:\/\/secure.gravatar.com\/avatar\/4c29ceac98541dd42460b2474aaa5dd37594d6ce6cb3cf2c101d09b48ee287ba?s=96&d=mm&r=g","url":"https:\/\/secure.gravatar.com\/avatar\/4c29ceac98541dd42460b2474aaa5dd37594d6ce6cb3cf2c101d09b48ee287ba?s=96&d=mm&r=g","contentUrl":"https:\/\/secure.gravatar.com\/avatar\/4c29ceac98541dd42460b2474aaa5dd37594d6ce6cb3cf2c101d09b48ee287ba?s=96&d=mm&r=g","caption":"Diario del Sur Digital"},"url":"https:\/\/diariodelsurdigital.com.ar\/?author=2"}]}},"_links":{"self":[{"href":"https:\/\/diariodelsurdigital.com.ar\/index.php?rest_route=\/wp\/v2\/posts\/1845","targetHints":{"allow":["GET"]}}],"collection":[{"href":"https:\/\/diariodelsurdigital.com.ar\/index.php?rest_route=\/wp\/v2\/posts"}],"about":[{"href":"https:\/\/diariodelsurdigital.com.ar\/index.php?rest_route=\/wp\/v2\/types\/post"}],"author":[{"embeddable":true,"href":"https:\/\/diariodelsurdigital.com.ar\/index.php?rest_route=\/wp\/v2\/users\/2"}],"replies":[{"embeddable":true,"href":"https:\/\/diariodelsurdigital.com.ar\/index.php?rest_route=%2Fwp%2Fv2%2Fcomments&post=1845"}],"version-history":[{"count":1,"href":"https:\/\/diariodelsurdigital.com.ar\/index.php?rest_route=\/wp\/v2\/posts\/1845\/revisions"}],"predecessor-version":[{"id":1847,"href":"https:\/\/diariodelsurdigital.com.ar\/index.php?rest_route=\/wp\/v2\/posts\/1845\/revisions\/1847"}],"wp:featuredmedia":[{"embeddable":true,"href":"https:\/\/diariodelsurdigital.com.ar\/index.php?rest_route=\/wp\/v2\/media\/1846"}],"wp:attachment":[{"href":"https:\/\/diariodelsurdigital.com.ar\/index.php?rest_route=%2Fwp%2Fv2%2Fmedia&parent=1845"}],"wp:term":[{"taxonomy":"category","embeddable":true,"href":"https:\/\/diariodelsurdigital.com.ar\/index.php?rest_route=%2Fwp%2Fv2%2Fcategories&post=1845"},{"taxonomy":"post_tag","embeddable":true,"href":"https:\/\/diariodelsurdigital.com.ar\/index.php?rest_route=%2Fwp%2Fv2%2Ftags&post=1845"}],"curies":[{"name":"wp","href":"https:\/\/api.w.org\/{rel}","templated":true}]}}