{"id":1848,"date":"2025-03-30T21:34:36","date_gmt":"2025-03-31T00:34:36","guid":{"rendered":"https:\/\/diariodelsurdigital.com.ar\/?p=1848"},"modified":"2025-03-30T21:34:37","modified_gmt":"2025-03-31T00:34:37","slug":"el-don-de-volar-bordet-destaco-la-finalizacion-del-aeropuerto-y-critico-al-oficialismo","status":"publish","type":"post","link":"https:\/\/diariodelsurdigital.com.ar\/?p=1848","title":{"rendered":"EL DON DE VOLAR: Bordet destac\u00f3 la finalizaci\u00f3n del aeropuerto y critic\u00f3 al oficialismo"},"content":{"rendered":"\n<p>Gustavo Bordet al igual que Juan Salvador Gaviota, es un ave que ama volar sobre todas las cosas. Por ello, Juan Salvador, lo \u00fanico que hac\u00eda siempre es practicar su vuelo para\u00a0<strong>alcanzar la perfecci\u00f3n.<\/strong> Bordet tambi\u00e9n. Por algo fue el gobernador con m\u00e1s viajes que hubo e incluso superando al pato en sus vuelos. Tal vez por ello es que eligi\u00f3 su casa en el barrio privado termal de Villa Zorraqu\u00edn, para estar cerca del aeropuerto. Porque para \u00e9l volar es un don. Igualmente lo hizo su \u00e9mulo, Juan Domingo Orabona que tambi\u00e9n tiene un terrenito en el mismo barrio a menos de 5 minutos del Aeropuerto Binacional de Concordia.<\/p>\n\n\n\n<p><strong>Columna de opini\u00f3n<\/strong><\/p>\n\n\n\n<p>El actual diputado nacional y ex gobernador de la provincia de Entre R\u00edos, Gustavo Bordet, emiti\u00f3 una columna de opini\u00f3n titulada \u201cAeropuerto Binacional de Concordia: una obra estrat\u00e9gica para la producci\u00f3n y el turismo\u201d<\/p>\n\n\n\n<p><a href=\"whatsapp:\/\/send?text=DRU:%20Bordet%20destac%C3%B3%20la%20finalizaci%C3%B3n%20del%20aeropuerto%20y%20dijo%20fue%20una%20obra%20criticada%20por%20%E2%80%9Cmuchos%20de%20los%20actuales%20oficialistas%E2%80%9D%20-%20https:\/\/www.diarioriouruguay.com.ar\/uid-85874\"><\/a><a href=\"https:\/\/www.diarioriouruguay.com.ar\/politica\/bordet-destac-la-finalizacin-del-aeropuerto-y-dijo-fue-una-obra-criticada-por-ldquomuchos-de-los-actuales-oficialistasrdquo.htm#\"><\/a><a href=\"https:\/\/www.diarioriouruguay.com.ar\/politica\/bordet-destac-la-finalizacin-del-aeropuerto-y-dijo-fue-una-obra-criticada-por-ldquomuchos-de-los-actuales-oficialistasrdquo.htm#\"><\/a>\u201cEsperamos que este aeropuerto, que fue un ejemplo de gesti\u00f3n, pueda ser aprovechado al m\u00e1ximo, gestionado con capacidad y transparencia para el beneficio de los entrerrianos; saludamos y felicitamos tambi\u00e9n a todos los vecinos que fueron parte del proyecto, participando de las audiencias p\u00fablicas\u201d, comienza diciendo Bordet.<\/p>\n\n\n\n<p>Seguidamente reconoce que \u201cla finalizaci\u00f3n de la obra que transform\u00f3 el aeropuerto Comodoro Pierrestegui de Concordia en una terminal binacional nos llena de orgullo\u201d. Afirmando que es una obra estrat\u00e9gica \u201cproducto de un proyecto de desarrollo regional que comenzamos a gestionar en 2016 para conseguir financiamiento del BID y avanzar en la integraci\u00f3n aerocomercial y productiva de Concordia y de toda la provincia\u201d.<\/p>\n\n\n\n<p>Trajo a colaci\u00f3n que, \u201call\u00e1 por noviembre de 2018 ten\u00edamos la buena noticia que, tras casi dos a\u00f1os de trabajo intenso, el organismo internacional aprobar\u00eda el cr\u00e9dito que tomaba la provincia de Entre R\u00edos, para la construcci\u00f3n del Aeropuerto Internacional de Concordia; en el marco de una iniciativa que inclu\u00eda adem\u00e1s inversiones para emprendimientos productivos, conectividad y fortalecimiento de la circulaci\u00f3n entre vecinos de Concordia y Salto\u201d.<\/p>\n\n\n\n<p>Tambi\u00e9n record\u00f3 que fue \u201cuna inversi\u00f3n que decidimos encarar desde el gobierno provincial entrerriano, haci\u00e9ndonos eco de necesidades y solicitudes de los diferentes sectores productivos, tur\u00edsticos, comerciales y los vecinos de Concordia y la Regi\u00f3n\u201d.<\/p>\n\n\n\n<p>All\u00ed contextualiz\u00f3 que por entones, se atravesaba \u201cun contexto de paralizaci\u00f3n de la obra p\u00fablica en el gobierno de Macri, con ribetes similares a los que vemos hoy\u201d, pero a pesar de eso \u201cy pandemia de por medio, pudimos concretar todas las instancias de los procedimientos licitatorios y en 2020 concretar la apertura de sobres con ofertas y en 2022 dar inicio a las obras, que a diciembre del 2023 llegaban al 77 por ciento de ejecuci\u00f3n; restando culminar obras menores, instalaciones y habilitaci\u00f3n de las autoridades nacionales\u201d.<\/p>\n\n\n\n<p>Bordet insisti\u00f3 en que \u201cfue un gran desaf\u00edo encarar un proyecto de esta envergadura, donde escaseaban antecedentes locales, pero sobraba la convicci\u00f3n de avanzar en obras trascendentales para la Provincia\u201d.<\/p>\n\n\n\n<p>Es por eso que, \u201choy nos sentimos orgullosos de que, Entre R\u00edos, cuente con otra obra m\u00e1s culminada fruto del esfuerzo que, durante ocho a\u00f1os pusimos desde el gobierno provincial para hacer realidad un sue\u00f1o, que, muchos de los actuales oficialistas tanto criticaron siendo oposici\u00f3n en ese entonces\u201d.<\/p>\n\n\n\n<p>Como cierre, afirm\u00f3 que, \u201cen retrospectiva, seguimos pensando lo mismo: cada obra es una oportunidad de mejorar la calidad de vida de nuestros vecinos, generando oportunidades y desarrollo, all\u00ed radica buena parte del legado de un gobierno, pese a lo que nos quieran decir hoy\u201d.<\/p>\n\n\n\n<p><a href=\"whatsapp:\/\/send?text=DRU:%20Bordet%20destac%C3%B3%20la%20finalizaci%C3%B3n%20del%20aeropuerto%20y%20dijo%20fue%20una%20obra%20criticada%20por%20%E2%80%9Cmuchos%20de%20los%20actuales%20oficialistas%E2%80%9D%20-%20https:\/\/www.diarioriouruguay.com.ar\/uid-85874\"><\/a><\/p>\n","protected":false},"excerpt":{"rendered":"<p>Gustavo Bordet al igual que Juan Salvador Gaviota, es un ave que ama volar sobre todas las cosas. Por ello, Juan Salvador, lo \u00fanico que hac\u00eda siempre es practicar su vuelo para\u00a0alcanzar la perfecci\u00f3n. Bordet tambi\u00e9n. Por algo fue el gobernador con m\u00e1s viajes que hubo e incluso superando al pato en sus vuelos. Tal [&hellip;]<\/p>\n","protected":false},"author":2,"featured_media":1849,"comment_status":"open","ping_status":"open","sticky":false,"template":"","format":"standard","meta":{"footnotes":""},"categories":[16],"tags":[],"class_list":{"0":"post-1848","1":"post","2":"type-post","3":"status-publish","4":"format-standard","5":"has-post-thumbnail","7":"category-locales"},"yoast_head":"<!-- This site is optimized with the Yoast SEO plugin v27.4 - https:\/\/yoast.com\/product\/yoast-seo-wordpress\/ -->\n<title>EL DON DE VOLAR: Bordet destac\u00f3 la finalizaci\u00f3n del aeropuerto y critic\u00f3 al oficialismo - Diario del Sur<\/title>\n<meta name=\"robots\" content=\"index, follow, max-snippet:-1, max-image-preview:large, max-video-preview:-1\" \/>\n<link rel=\"canonical\" href=\"https:\/\/diariodelsurdigital.com.ar\/?p=1848\" \/>\n<meta property=\"og:locale\" content=\"es_ES\" \/>\n<meta property=\"og:type\" content=\"article\" \/>\n<meta property=\"og:title\" content=\"EL DON DE VOLAR: Bordet destac\u00f3 la finalizaci\u00f3n del aeropuerto y critic\u00f3 al oficialismo - Diario del Sur\" \/>\n<meta property=\"og:description\" content=\"Gustavo Bordet al igual que Juan Salvador Gaviota, es un ave que ama volar sobre todas las cosas. Por ello, Juan Salvador, lo \u00fanico que hac\u00eda siempre es practicar su vuelo para\u00a0alcanzar la perfecci\u00f3n. Bordet tambi\u00e9n. Por algo fue el gobernador con m\u00e1s viajes que hubo e incluso superando al pato en sus vuelos. Tal [&hellip;]\" \/>\n<meta property=\"og:url\" content=\"https:\/\/diariodelsurdigital.com.ar\/?p=1848\" \/>\n<meta property=\"og:site_name\" content=\"Diario del Sur\" \/>\n<meta property=\"article:published_time\" content=\"2025-03-31T00:34:36+00:00\" \/>\n<meta property=\"article:modified_time\" content=\"2025-03-31T00:34:37+00:00\" \/>\n<meta property=\"og:image\" content=\"https:\/\/diariodelsurdigital.com.ar\/wp-content\/uploads\/2025\/03\/Titulo-13.jpg\" \/>\n\t<meta property=\"og:image:width\" content=\"501\" \/>\n\t<meta property=\"og:image:height\" content=\"290\" \/>\n\t<meta property=\"og:image:type\" content=\"image\/jpeg\" \/>\n<meta name=\"author\" content=\"Diario del Sur Digital\" \/>\n<meta name=\"twitter:card\" content=\"summary_large_image\" \/>\n<meta name=\"twitter:label1\" content=\"Escrito por\" \/>\n\t<meta name=\"twitter:data1\" content=\"Diario del Sur Digital\" \/>\n\t<meta name=\"twitter:label2\" content=\"Tiempo de lectura\" \/>\n\t<meta name=\"twitter:data2\" content=\"3 minutos\" \/>\n<script type=\"application\/ld+json\" class=\"yoast-schema-graph\">{\"@context\":\"https:\\\/\\\/schema.org\",\"@graph\":[{\"@type\":\"Article\",\"@id\":\"https:\\\/\\\/diariodelsurdigital.com.ar\\\/?p=1848#article\",\"isPartOf\":{\"@id\":\"https:\\\/\\\/diariodelsurdigital.com.ar\\\/?p=1848\"},\"author\":{\"name\":\"Diario del Sur Digital\",\"@id\":\"https:\\\/\\\/diariodelsurdigital.com.ar\\\/#\\\/schema\\\/person\\\/6136a32571657f7dba980b88b04c5465\"},\"headline\":\"EL DON DE VOLAR: Bordet destac\u00f3 la finalizaci\u00f3n del aeropuerto y critic\u00f3 al oficialismo\",\"datePublished\":\"2025-03-31T00:34:36+00:00\",\"dateModified\":\"2025-03-31T00:34:37+00:00\",\"mainEntityOfPage\":{\"@id\":\"https:\\\/\\\/diariodelsurdigital.com.ar\\\/?p=1848\"},\"wordCount\":623,\"commentCount\":0,\"image\":{\"@id\":\"https:\\\/\\\/diariodelsurdigital.com.ar\\\/?p=1848#primaryimage\"},\"thumbnailUrl\":\"https:\\\/\\\/diariodelsurdigital.com.ar\\\/wp-content\\\/uploads\\\/2025\\\/03\\\/Titulo-13.jpg\",\"articleSection\":[\"Locales\"],\"inLanguage\":\"es\",\"potentialAction\":[{\"@type\":\"CommentAction\",\"name\":\"Comment\",\"target\":[\"https:\\\/\\\/diariodelsurdigital.com.ar\\\/?p=1848#respond\"]}]},{\"@type\":\"WebPage\",\"@id\":\"https:\\\/\\\/diariodelsurdigital.com.ar\\\/?p=1848\",\"url\":\"https:\\\/\\\/diariodelsurdigital.com.ar\\\/?p=1848\",\"name\":\"EL DON DE VOLAR: Bordet destac\u00f3 la finalizaci\u00f3n del aeropuerto y critic\u00f3 al oficialismo - Diario del Sur\",\"isPartOf\":{\"@id\":\"https:\\\/\\\/diariodelsurdigital.com.ar\\\/#website\"},\"primaryImageOfPage\":{\"@id\":\"https:\\\/\\\/diariodelsurdigital.com.ar\\\/?p=1848#primaryimage\"},\"image\":{\"@id\":\"https:\\\/\\\/diariodelsurdigital.com.ar\\\/?p=1848#primaryimage\"},\"thumbnailUrl\":\"https:\\\/\\\/diariodelsurdigital.com.ar\\\/wp-content\\\/uploads\\\/2025\\\/03\\\/Titulo-13.jpg\",\"datePublished\":\"2025-03-31T00:34:36+00:00\",\"dateModified\":\"2025-03-31T00:34:37+00:00\",\"author\":{\"@id\":\"https:\\\/\\\/diariodelsurdigital.com.ar\\\/#\\\/schema\\\/person\\\/6136a32571657f7dba980b88b04c5465\"},\"breadcrumb\":{\"@id\":\"https:\\\/\\\/diariodelsurdigital.com.ar\\\/?p=1848#breadcrumb\"},\"inLanguage\":\"es\",\"potentialAction\":[{\"@type\":\"ReadAction\",\"target\":[\"https:\\\/\\\/diariodelsurdigital.com.ar\\\/?p=1848\"]}]},{\"@type\":\"ImageObject\",\"inLanguage\":\"es\",\"@id\":\"https:\\\/\\\/diariodelsurdigital.com.ar\\\/?p=1848#primaryimage\",\"url\":\"https:\\\/\\\/diariodelsurdigital.com.ar\\\/wp-content\\\/uploads\\\/2025\\\/03\\\/Titulo-13.jpg\",\"contentUrl\":\"https:\\\/\\\/diariodelsurdigital.com.ar\\\/wp-content\\\/uploads\\\/2025\\\/03\\\/Titulo-13.jpg\",\"width\":501,\"height\":290},{\"@type\":\"BreadcrumbList\",\"@id\":\"https:\\\/\\\/diariodelsurdigital.com.ar\\\/?p=1848#breadcrumb\",\"itemListElement\":[{\"@type\":\"ListItem\",\"position\":1,\"name\":\"Portada\",\"item\":\"https:\\\/\\\/diariodelsurdigital.com.ar\\\/\"},{\"@type\":\"ListItem\",\"position\":2,\"name\":\"EL DON DE VOLAR: Bordet destac\u00f3 la finalizaci\u00f3n del aeropuerto y critic\u00f3 al oficialismo\"}]},{\"@type\":\"WebSite\",\"@id\":\"https:\\\/\\\/diariodelsurdigital.com.ar\\\/#website\",\"url\":\"https:\\\/\\\/diariodelsurdigital.com.ar\\\/\",\"name\":\"Diario del Sur\",\"description\":\"Digital\",\"potentialAction\":[{\"@type\":\"SearchAction\",\"target\":{\"@type\":\"EntryPoint\",\"urlTemplate\":\"https:\\\/\\\/diariodelsurdigital.com.ar\\\/?s={search_term_string}\"},\"query-input\":{\"@type\":\"PropertyValueSpecification\",\"valueRequired\":true,\"valueName\":\"search_term_string\"}}],\"inLanguage\":\"es\"},{\"@type\":\"Person\",\"@id\":\"https:\\\/\\\/diariodelsurdigital.com.ar\\\/#\\\/schema\\\/person\\\/6136a32571657f7dba980b88b04c5465\",\"name\":\"Diario del Sur Digital\",\"image\":{\"@type\":\"ImageObject\",\"inLanguage\":\"es\",\"@id\":\"https:\\\/\\\/secure.gravatar.com\\\/avatar\\\/4c29ceac98541dd42460b2474aaa5dd37594d6ce6cb3cf2c101d09b48ee287ba?s=96&d=mm&r=g\",\"url\":\"https:\\\/\\\/secure.gravatar.com\\\/avatar\\\/4c29ceac98541dd42460b2474aaa5dd37594d6ce6cb3cf2c101d09b48ee287ba?s=96&d=mm&r=g\",\"contentUrl\":\"https:\\\/\\\/secure.gravatar.com\\\/avatar\\\/4c29ceac98541dd42460b2474aaa5dd37594d6ce6cb3cf2c101d09b48ee287ba?s=96&d=mm&r=g\",\"caption\":\"Diario del Sur Digital\"},\"url\":\"https:\\\/\\\/diariodelsurdigital.com.ar\\\/?author=2\"}]}<\/script>\n<!-- \/ Yoast SEO plugin. -->","yoast_head_json":{"title":"EL DON DE VOLAR: Bordet destac\u00f3 la finalizaci\u00f3n del aeropuerto y critic\u00f3 al oficialismo - Diario del Sur","robots":{"index":"index","follow":"follow","max-snippet":"max-snippet:-1","max-image-preview":"max-image-preview:large","max-video-preview":"max-video-preview:-1"},"canonical":"https:\/\/diariodelsurdigital.com.ar\/?p=1848","og_locale":"es_ES","og_type":"article","og_title":"EL DON DE VOLAR: Bordet destac\u00f3 la finalizaci\u00f3n del aeropuerto y critic\u00f3 al oficialismo - Diario del Sur","og_description":"Gustavo Bordet al igual que Juan Salvador Gaviota, es un ave que ama volar sobre todas las cosas. Por ello, Juan Salvador, lo \u00fanico que hac\u00eda siempre es practicar su vuelo para\u00a0alcanzar la perfecci\u00f3n. Bordet tambi\u00e9n. Por algo fue el gobernador con m\u00e1s viajes que hubo e incluso superando al pato en sus vuelos. Tal [&hellip;]","og_url":"https:\/\/diariodelsurdigital.com.ar\/?p=1848","og_site_name":"Diario del Sur","article_published_time":"2025-03-31T00:34:36+00:00","article_modified_time":"2025-03-31T00:34:37+00:00","og_image":[{"width":501,"height":290,"url":"https:\/\/diariodelsurdigital.com.ar\/wp-content\/uploads\/2025\/03\/Titulo-13.jpg","type":"image\/jpeg"}],"author":"Diario del Sur Digital","twitter_card":"summary_large_image","twitter_misc":{"Escrito por":"Diario del Sur Digital","Tiempo de lectura":"3 minutos"},"schema":{"@context":"https:\/\/schema.org","@graph":[{"@type":"Article","@id":"https:\/\/diariodelsurdigital.com.ar\/?p=1848#article","isPartOf":{"@id":"https:\/\/diariodelsurdigital.com.ar\/?p=1848"},"author":{"name":"Diario del Sur Digital","@id":"https:\/\/diariodelsurdigital.com.ar\/#\/schema\/person\/6136a32571657f7dba980b88b04c5465"},"headline":"EL DON DE VOLAR: Bordet destac\u00f3 la finalizaci\u00f3n del aeropuerto y critic\u00f3 al oficialismo","datePublished":"2025-03-31T00:34:36+00:00","dateModified":"2025-03-31T00:34:37+00:00","mainEntityOfPage":{"@id":"https:\/\/diariodelsurdigital.com.ar\/?p=1848"},"wordCount":623,"commentCount":0,"image":{"@id":"https:\/\/diariodelsurdigital.com.ar\/?p=1848#primaryimage"},"thumbnailUrl":"https:\/\/diariodelsurdigital.com.ar\/wp-content\/uploads\/2025\/03\/Titulo-13.jpg","articleSection":["Locales"],"inLanguage":"es","potentialAction":[{"@type":"CommentAction","name":"Comment","target":["https:\/\/diariodelsurdigital.com.ar\/?p=1848#respond"]}]},{"@type":"WebPage","@id":"https:\/\/diariodelsurdigital.com.ar\/?p=1848","url":"https:\/\/diariodelsurdigital.com.ar\/?p=1848","name":"EL DON DE VOLAR: Bordet destac\u00f3 la finalizaci\u00f3n del aeropuerto y critic\u00f3 al oficialismo - Diario del Sur","isPartOf":{"@id":"https:\/\/diariodelsurdigital.com.ar\/#website"},"primaryImageOfPage":{"@id":"https:\/\/diariodelsurdigital.com.ar\/?p=1848#primaryimage"},"image":{"@id":"https:\/\/diariodelsurdigital.com.ar\/?p=1848#primaryimage"},"thumbnailUrl":"https:\/\/diariodelsurdigital.com.ar\/wp-content\/uploads\/2025\/03\/Titulo-13.jpg","datePublished":"2025-03-31T00:34:36+00:00","dateModified":"2025-03-31T00:34:37+00:00","author":{"@id":"https:\/\/diariodelsurdigital.com.ar\/#\/schema\/person\/6136a32571657f7dba980b88b04c5465"},"breadcrumb":{"@id":"https:\/\/diariodelsurdigital.com.ar\/?p=1848#breadcrumb"},"inLanguage":"es","potentialAction":[{"@type":"ReadAction","target":["https:\/\/diariodelsurdigital.com.ar\/?p=1848"]}]},{"@type":"ImageObject","inLanguage":"es","@id":"https:\/\/diariodelsurdigital.com.ar\/?p=1848#primaryimage","url":"https:\/\/diariodelsurdigital.com.ar\/wp-content\/uploads\/2025\/03\/Titulo-13.jpg","contentUrl":"https:\/\/diariodelsurdigital.com.ar\/wp-content\/uploads\/2025\/03\/Titulo-13.jpg","width":501,"height":290},{"@type":"BreadcrumbList","@id":"https:\/\/diariodelsurdigital.com.ar\/?p=1848#breadcrumb","itemListElement":[{"@type":"ListItem","position":1,"name":"Portada","item":"https:\/\/diariodelsurdigital.com.ar\/"},{"@type":"ListItem","position":2,"name":"EL DON DE VOLAR: Bordet destac\u00f3 la finalizaci\u00f3n del aeropuerto y critic\u00f3 al oficialismo"}]},{"@type":"WebSite","@id":"https:\/\/diariodelsurdigital.com.ar\/#website","url":"https:\/\/diariodelsurdigital.com.ar\/","name":"Diario del Sur","description":"Digital","potentialAction":[{"@type":"SearchAction","target":{"@type":"EntryPoint","urlTemplate":"https:\/\/diariodelsurdigital.com.ar\/?s={search_term_string}"},"query-input":{"@type":"PropertyValueSpecification","valueRequired":true,"valueName":"search_term_string"}}],"inLanguage":"es"},{"@type":"Person","@id":"https:\/\/diariodelsurdigital.com.ar\/#\/schema\/person\/6136a32571657f7dba980b88b04c5465","name":"Diario del Sur Digital","image":{"@type":"ImageObject","inLanguage":"es","@id":"https:\/\/secure.gravatar.com\/avatar\/4c29ceac98541dd42460b2474aaa5dd37594d6ce6cb3cf2c101d09b48ee287ba?s=96&d=mm&r=g","url":"https:\/\/secure.gravatar.com\/avatar\/4c29ceac98541dd42460b2474aaa5dd37594d6ce6cb3cf2c101d09b48ee287ba?s=96&d=mm&r=g","contentUrl":"https:\/\/secure.gravatar.com\/avatar\/4c29ceac98541dd42460b2474aaa5dd37594d6ce6cb3cf2c101d09b48ee287ba?s=96&d=mm&r=g","caption":"Diario del Sur Digital"},"url":"https:\/\/diariodelsurdigital.com.ar\/?author=2"}]}},"_links":{"self":[{"href":"https:\/\/diariodelsurdigital.com.ar\/index.php?rest_route=\/wp\/v2\/posts\/1848","targetHints":{"allow":["GET"]}}],"collection":[{"href":"https:\/\/diariodelsurdigital.com.ar\/index.php?rest_route=\/wp\/v2\/posts"}],"about":[{"href":"https:\/\/diariodelsurdigital.com.ar\/index.php?rest_route=\/wp\/v2\/types\/post"}],"author":[{"embeddable":true,"href":"https:\/\/diariodelsurdigital.com.ar\/index.php?rest_route=\/wp\/v2\/users\/2"}],"replies":[{"embeddable":true,"href":"https:\/\/diariodelsurdigital.com.ar\/index.php?rest_route=%2Fwp%2Fv2%2Fcomments&post=1848"}],"version-history":[{"count":1,"href":"https:\/\/diariodelsurdigital.com.ar\/index.php?rest_route=\/wp\/v2\/posts\/1848\/revisions"}],"predecessor-version":[{"id":1850,"href":"https:\/\/diariodelsurdigital.com.ar\/index.php?rest_route=\/wp\/v2\/posts\/1848\/revisions\/1850"}],"wp:featuredmedia":[{"embeddable":true,"href":"https:\/\/diariodelsurdigital.com.ar\/index.php?rest_route=\/wp\/v2\/media\/1849"}],"wp:attachment":[{"href":"https:\/\/diariodelsurdigital.com.ar\/index.php?rest_route=%2Fwp%2Fv2%2Fmedia&parent=1848"}],"wp:term":[{"taxonomy":"category","embeddable":true,"href":"https:\/\/diariodelsurdigital.com.ar\/index.php?rest_route=%2Fwp%2Fv2%2Fcategories&post=1848"},{"taxonomy":"post_tag","embeddable":true,"href":"https:\/\/diariodelsurdigital.com.ar\/index.php?rest_route=%2Fwp%2Fv2%2Ftags&post=1848"}],"curies":[{"name":"wp","href":"https:\/\/api.w.org\/{rel}","templated":true}]}}