{"id":1861,"date":"2025-03-31T12:32:12","date_gmt":"2025-03-31T15:32:12","guid":{"rendered":"https:\/\/diariodelsurdigital.com.ar\/?p=1861"},"modified":"2025-03-31T12:32:14","modified_gmt":"2025-03-31T15:32:14","slug":"entre-rios-abre-la-vacunacion-antigripal-para-mayores-de-65-y-personas-con-factores-de-riesgo","status":"publish","type":"post","link":"https:\/\/diariodelsurdigital.com.ar\/?p=1861","title":{"rendered":"Entre R\u00edos abre la vacunaci\u00f3n antigripal para mayores de 65 y personas con factores de riesgo"},"content":{"rendered":"\n<p>Desde este lunes 31 de marzo, mayores de 65 a\u00f1os y personas de entre 2 y 64 con factores de riesgo podr\u00e1n acercarse a cualquier vacunatorio p\u00fablico de la provincia para recibir la dosis correspondiente de vacuna antigripal.<\/p>\n\n\n\n<p>El Ministerio de Salud de Entre R\u00edos lleva adelante la Campa\u00f1a de Vacunaci\u00f3n Antigripal con el objetivo de reducir las complicaciones, hospitalizaciones, muertes y secuelas que ocasiona la infecci\u00f3n por el virus influenza en la poblaci\u00f3n de riesgo. En esta edici\u00f3n la estrategia consta de dos grandes etapas, a fin de coordinar la log\u00edstica y llevar adelante la aplicaci\u00f3n de forma ordenada.<\/p>\n\n\n\n<p>En tal sentido, este lunes se dar\u00e1 inicio a la segunda etapa, que comprende a mayores de 65 a\u00f1os y personas de entre 2 y 64 que presenten factores de riesgo. En el primer caso, desde la cartera sanitaria se recuerda que solo deben concurrir con el DNI; mientras que los segundos deben presentar indicaci\u00f3n m\u00e9dica que acredite la patolog\u00eda preexistente.&nbsp;<\/p>\n\n\n\n<p>La vacuna antigripal se aplica de forma gratuita en todos los vacunatorios provinciales a las personas incluidas en los grupos de riesgo. Cada a\u00f1o, debe administrarse a la poblaci\u00f3n objetivo en los meses previos a la temporada invernal (en la que se registra la mayor circulaci\u00f3n del virus influenza), con el prop\u00f3sito de que las personas con mayor riesgo lleguen a esas fechas con un mejor nivel de defensas.<\/p>\n\n\n\n<p>Cabe mencionar que en la primera etapa se prioriz\u00f3 la inmunizaci\u00f3n de embarazadas y pu\u00e9rperas; ni\u00f1os de 6 a 24 meses de edad; personal y residentes en residencias de larga estad\u00eda (geri\u00e1tricos); personal y pacientes en hospitales monovalentes; personas en internaciones domiciliarias; personal de salud; y personal sanitario de fuerzas de seguridad.<\/p>\n","protected":false},"excerpt":{"rendered":"<p>Desde este lunes 31 de marzo, mayores de 65 a\u00f1os y personas de entre 2 y 64 con factores de riesgo podr\u00e1n acercarse a cualquier vacunatorio p\u00fablico de la provincia para recibir la dosis correspondiente de vacuna antigripal. El Ministerio de Salud de Entre R\u00edos lleva adelante la Campa\u00f1a de Vacunaci\u00f3n Antigripal con el objetivo [&hellip;]<\/p>\n","protected":false},"author":4,"featured_media":1862,"comment_status":"open","ping_status":"open","sticky":false,"template":"","format":"standard","meta":{"footnotes":""},"categories":[17],"tags":[],"class_list":{"0":"post-1861","1":"post","2":"type-post","3":"status-publish","4":"format-standard","5":"has-post-thumbnail","7":"category-provinciales"},"yoast_head":"<!-- This site is optimized with the Yoast SEO plugin v27.4 - https:\/\/yoast.com\/product\/yoast-seo-wordpress\/ -->\n<title>Entre R\u00edos abre la vacunaci\u00f3n antigripal para mayores de 65 y personas con factores de riesgo - Diario del Sur<\/title>\n<meta name=\"robots\" content=\"index, follow, max-snippet:-1, max-image-preview:large, max-video-preview:-1\" \/>\n<link rel=\"canonical\" href=\"https:\/\/diariodelsurdigital.com.ar\/?p=1861\" \/>\n<meta property=\"og:locale\" content=\"es_ES\" \/>\n<meta property=\"og:type\" content=\"article\" \/>\n<meta property=\"og:title\" content=\"Entre R\u00edos abre la vacunaci\u00f3n antigripal para mayores de 65 y personas con factores de riesgo - Diario del Sur\" \/>\n<meta property=\"og:description\" content=\"Desde este lunes 31 de marzo, mayores de 65 a\u00f1os y personas de entre 2 y 64 con factores de riesgo podr\u00e1n acercarse a cualquier vacunatorio p\u00fablico de la provincia para recibir la dosis correspondiente de vacuna antigripal. El Ministerio de Salud de Entre R\u00edos lleva adelante la Campa\u00f1a de Vacunaci\u00f3n Antigripal con el objetivo [&hellip;]\" \/>\n<meta property=\"og:url\" content=\"https:\/\/diariodelsurdigital.com.ar\/?p=1861\" \/>\n<meta property=\"og:site_name\" content=\"Diario del Sur\" \/>\n<meta property=\"article:published_time\" content=\"2025-03-31T15:32:12+00:00\" \/>\n<meta property=\"article:modified_time\" content=\"2025-03-31T15:32:14+00:00\" \/>\n<meta property=\"og:image\" content=\"https:\/\/diariodelsurdigital.com.ar\/wp-content\/uploads\/2025\/03\/md-30.webp\" \/>\n\t<meta property=\"og:image:width\" content=\"992\" \/>\n\t<meta property=\"og:image:height\" content=\"661\" \/>\n\t<meta property=\"og:image:type\" content=\"image\/webp\" \/>\n<meta name=\"author\" content=\"Diario del Sur Digital\" \/>\n<meta name=\"twitter:card\" content=\"summary_large_image\" \/>\n<meta name=\"twitter:label1\" content=\"Escrito por\" \/>\n\t<meta name=\"twitter:data1\" content=\"Diario del Sur Digital\" \/>\n\t<meta name=\"twitter:label2\" content=\"Tiempo de lectura\" \/>\n\t<meta name=\"twitter:data2\" content=\"2 minutos\" \/>\n<script type=\"application\/ld+json\" class=\"yoast-schema-graph\">{\"@context\":\"https:\\\/\\\/schema.org\",\"@graph\":[{\"@type\":\"Article\",\"@id\":\"https:\\\/\\\/diariodelsurdigital.com.ar\\\/?p=1861#article\",\"isPartOf\":{\"@id\":\"https:\\\/\\\/diariodelsurdigital.com.ar\\\/?p=1861\"},\"author\":{\"name\":\"Diario del Sur Digital\",\"@id\":\"https:\\\/\\\/diariodelsurdigital.com.ar\\\/#\\\/schema\\\/person\\\/1a4992532ed62965c968031b49195c81\"},\"headline\":\"Entre R\u00edos abre la vacunaci\u00f3n antigripal para mayores de 65 y personas con factores de riesgo\",\"datePublished\":\"2025-03-31T15:32:12+00:00\",\"dateModified\":\"2025-03-31T15:32:14+00:00\",\"mainEntityOfPage\":{\"@id\":\"https:\\\/\\\/diariodelsurdigital.com.ar\\\/?p=1861\"},\"wordCount\":315,\"commentCount\":0,\"image\":{\"@id\":\"https:\\\/\\\/diariodelsurdigital.com.ar\\\/?p=1861#primaryimage\"},\"thumbnailUrl\":\"https:\\\/\\\/diariodelsurdigital.com.ar\\\/wp-content\\\/uploads\\\/2025\\\/03\\\/md-30.webp\",\"articleSection\":[\"Provinciales\"],\"inLanguage\":\"es\",\"potentialAction\":[{\"@type\":\"CommentAction\",\"name\":\"Comment\",\"target\":[\"https:\\\/\\\/diariodelsurdigital.com.ar\\\/?p=1861#respond\"]}]},{\"@type\":\"WebPage\",\"@id\":\"https:\\\/\\\/diariodelsurdigital.com.ar\\\/?p=1861\",\"url\":\"https:\\\/\\\/diariodelsurdigital.com.ar\\\/?p=1861\",\"name\":\"Entre R\u00edos abre la vacunaci\u00f3n antigripal para mayores de 65 y personas con factores de riesgo - Diario del Sur\",\"isPartOf\":{\"@id\":\"https:\\\/\\\/diariodelsurdigital.com.ar\\\/#website\"},\"primaryImageOfPage\":{\"@id\":\"https:\\\/\\\/diariodelsurdigital.com.ar\\\/?p=1861#primaryimage\"},\"image\":{\"@id\":\"https:\\\/\\\/diariodelsurdigital.com.ar\\\/?p=1861#primaryimage\"},\"thumbnailUrl\":\"https:\\\/\\\/diariodelsurdigital.com.ar\\\/wp-content\\\/uploads\\\/2025\\\/03\\\/md-30.webp\",\"datePublished\":\"2025-03-31T15:32:12+00:00\",\"dateModified\":\"2025-03-31T15:32:14+00:00\",\"author\":{\"@id\":\"https:\\\/\\\/diariodelsurdigital.com.ar\\\/#\\\/schema\\\/person\\\/1a4992532ed62965c968031b49195c81\"},\"breadcrumb\":{\"@id\":\"https:\\\/\\\/diariodelsurdigital.com.ar\\\/?p=1861#breadcrumb\"},\"inLanguage\":\"es\",\"potentialAction\":[{\"@type\":\"ReadAction\",\"target\":[\"https:\\\/\\\/diariodelsurdigital.com.ar\\\/?p=1861\"]}]},{\"@type\":\"ImageObject\",\"inLanguage\":\"es\",\"@id\":\"https:\\\/\\\/diariodelsurdigital.com.ar\\\/?p=1861#primaryimage\",\"url\":\"https:\\\/\\\/diariodelsurdigital.com.ar\\\/wp-content\\\/uploads\\\/2025\\\/03\\\/md-30.webp\",\"contentUrl\":\"https:\\\/\\\/diariodelsurdigital.com.ar\\\/wp-content\\\/uploads\\\/2025\\\/03\\\/md-30.webp\",\"width\":992,\"height\":661},{\"@type\":\"BreadcrumbList\",\"@id\":\"https:\\\/\\\/diariodelsurdigital.com.ar\\\/?p=1861#breadcrumb\",\"itemListElement\":[{\"@type\":\"ListItem\",\"position\":1,\"name\":\"Portada\",\"item\":\"https:\\\/\\\/diariodelsurdigital.com.ar\\\/\"},{\"@type\":\"ListItem\",\"position\":2,\"name\":\"Entre R\u00edos abre la vacunaci\u00f3n antigripal para mayores de 65 y personas con factores de riesgo\"}]},{\"@type\":\"WebSite\",\"@id\":\"https:\\\/\\\/diariodelsurdigital.com.ar\\\/#website\",\"url\":\"https:\\\/\\\/diariodelsurdigital.com.ar\\\/\",\"name\":\"Diario del Sur\",\"description\":\"Digital\",\"potentialAction\":[{\"@type\":\"SearchAction\",\"target\":{\"@type\":\"EntryPoint\",\"urlTemplate\":\"https:\\\/\\\/diariodelsurdigital.com.ar\\\/?s={search_term_string}\"},\"query-input\":{\"@type\":\"PropertyValueSpecification\",\"valueRequired\":true,\"valueName\":\"search_term_string\"}}],\"inLanguage\":\"es\"},{\"@type\":\"Person\",\"@id\":\"https:\\\/\\\/diariodelsurdigital.com.ar\\\/#\\\/schema\\\/person\\\/1a4992532ed62965c968031b49195c81\",\"name\":\"Diario del Sur Digital\",\"image\":{\"@type\":\"ImageObject\",\"inLanguage\":\"es\",\"@id\":\"https:\\\/\\\/secure.gravatar.com\\\/avatar\\\/f0c7c47fc7146d19828273b9b8eda651c9c7ab583767e6338d3d3bee825adf76?s=96&d=mm&r=g\",\"url\":\"https:\\\/\\\/secure.gravatar.com\\\/avatar\\\/f0c7c47fc7146d19828273b9b8eda651c9c7ab583767e6338d3d3bee825adf76?s=96&d=mm&r=g\",\"contentUrl\":\"https:\\\/\\\/secure.gravatar.com\\\/avatar\\\/f0c7c47fc7146d19828273b9b8eda651c9c7ab583767e6338d3d3bee825adf76?s=96&d=mm&r=g\",\"caption\":\"Diario del Sur Digital\"},\"url\":\"https:\\\/\\\/diariodelsurdigital.com.ar\\\/?author=4\"}]}<\/script>\n<!-- \/ Yoast SEO plugin. -->","yoast_head_json":{"title":"Entre R\u00edos abre la vacunaci\u00f3n antigripal para mayores de 65 y personas con factores de riesgo - Diario del Sur","robots":{"index":"index","follow":"follow","max-snippet":"max-snippet:-1","max-image-preview":"max-image-preview:large","max-video-preview":"max-video-preview:-1"},"canonical":"https:\/\/diariodelsurdigital.com.ar\/?p=1861","og_locale":"es_ES","og_type":"article","og_title":"Entre R\u00edos abre la vacunaci\u00f3n antigripal para mayores de 65 y personas con factores de riesgo - Diario del Sur","og_description":"Desde este lunes 31 de marzo, mayores de 65 a\u00f1os y personas de entre 2 y 64 con factores de riesgo podr\u00e1n acercarse a cualquier vacunatorio p\u00fablico de la provincia para recibir la dosis correspondiente de vacuna antigripal. El Ministerio de Salud de Entre R\u00edos lleva adelante la Campa\u00f1a de Vacunaci\u00f3n Antigripal con el objetivo [&hellip;]","og_url":"https:\/\/diariodelsurdigital.com.ar\/?p=1861","og_site_name":"Diario del Sur","article_published_time":"2025-03-31T15:32:12+00:00","article_modified_time":"2025-03-31T15:32:14+00:00","og_image":[{"width":992,"height":661,"url":"https:\/\/diariodelsurdigital.com.ar\/wp-content\/uploads\/2025\/03\/md-30.webp","type":"image\/webp"}],"author":"Diario del Sur Digital","twitter_card":"summary_large_image","twitter_misc":{"Escrito por":"Diario del Sur Digital","Tiempo de lectura":"2 minutos"},"schema":{"@context":"https:\/\/schema.org","@graph":[{"@type":"Article","@id":"https:\/\/diariodelsurdigital.com.ar\/?p=1861#article","isPartOf":{"@id":"https:\/\/diariodelsurdigital.com.ar\/?p=1861"},"author":{"name":"Diario del Sur Digital","@id":"https:\/\/diariodelsurdigital.com.ar\/#\/schema\/person\/1a4992532ed62965c968031b49195c81"},"headline":"Entre R\u00edos abre la vacunaci\u00f3n antigripal para mayores de 65 y personas con factores de riesgo","datePublished":"2025-03-31T15:32:12+00:00","dateModified":"2025-03-31T15:32:14+00:00","mainEntityOfPage":{"@id":"https:\/\/diariodelsurdigital.com.ar\/?p=1861"},"wordCount":315,"commentCount":0,"image":{"@id":"https:\/\/diariodelsurdigital.com.ar\/?p=1861#primaryimage"},"thumbnailUrl":"https:\/\/diariodelsurdigital.com.ar\/wp-content\/uploads\/2025\/03\/md-30.webp","articleSection":["Provinciales"],"inLanguage":"es","potentialAction":[{"@type":"CommentAction","name":"Comment","target":["https:\/\/diariodelsurdigital.com.ar\/?p=1861#respond"]}]},{"@type":"WebPage","@id":"https:\/\/diariodelsurdigital.com.ar\/?p=1861","url":"https:\/\/diariodelsurdigital.com.ar\/?p=1861","name":"Entre R\u00edos abre la vacunaci\u00f3n antigripal para mayores de 65 y personas con factores de riesgo - Diario del Sur","isPartOf":{"@id":"https:\/\/diariodelsurdigital.com.ar\/#website"},"primaryImageOfPage":{"@id":"https:\/\/diariodelsurdigital.com.ar\/?p=1861#primaryimage"},"image":{"@id":"https:\/\/diariodelsurdigital.com.ar\/?p=1861#primaryimage"},"thumbnailUrl":"https:\/\/diariodelsurdigital.com.ar\/wp-content\/uploads\/2025\/03\/md-30.webp","datePublished":"2025-03-31T15:32:12+00:00","dateModified":"2025-03-31T15:32:14+00:00","author":{"@id":"https:\/\/diariodelsurdigital.com.ar\/#\/schema\/person\/1a4992532ed62965c968031b49195c81"},"breadcrumb":{"@id":"https:\/\/diariodelsurdigital.com.ar\/?p=1861#breadcrumb"},"inLanguage":"es","potentialAction":[{"@type":"ReadAction","target":["https:\/\/diariodelsurdigital.com.ar\/?p=1861"]}]},{"@type":"ImageObject","inLanguage":"es","@id":"https:\/\/diariodelsurdigital.com.ar\/?p=1861#primaryimage","url":"https:\/\/diariodelsurdigital.com.ar\/wp-content\/uploads\/2025\/03\/md-30.webp","contentUrl":"https:\/\/diariodelsurdigital.com.ar\/wp-content\/uploads\/2025\/03\/md-30.webp","width":992,"height":661},{"@type":"BreadcrumbList","@id":"https:\/\/diariodelsurdigital.com.ar\/?p=1861#breadcrumb","itemListElement":[{"@type":"ListItem","position":1,"name":"Portada","item":"https:\/\/diariodelsurdigital.com.ar\/"},{"@type":"ListItem","position":2,"name":"Entre R\u00edos abre la vacunaci\u00f3n antigripal para mayores de 65 y personas con factores de riesgo"}]},{"@type":"WebSite","@id":"https:\/\/diariodelsurdigital.com.ar\/#website","url":"https:\/\/diariodelsurdigital.com.ar\/","name":"Diario del Sur","description":"Digital","potentialAction":[{"@type":"SearchAction","target":{"@type":"EntryPoint","urlTemplate":"https:\/\/diariodelsurdigital.com.ar\/?s={search_term_string}"},"query-input":{"@type":"PropertyValueSpecification","valueRequired":true,"valueName":"search_term_string"}}],"inLanguage":"es"},{"@type":"Person","@id":"https:\/\/diariodelsurdigital.com.ar\/#\/schema\/person\/1a4992532ed62965c968031b49195c81","name":"Diario del Sur Digital","image":{"@type":"ImageObject","inLanguage":"es","@id":"https:\/\/secure.gravatar.com\/avatar\/f0c7c47fc7146d19828273b9b8eda651c9c7ab583767e6338d3d3bee825adf76?s=96&d=mm&r=g","url":"https:\/\/secure.gravatar.com\/avatar\/f0c7c47fc7146d19828273b9b8eda651c9c7ab583767e6338d3d3bee825adf76?s=96&d=mm&r=g","contentUrl":"https:\/\/secure.gravatar.com\/avatar\/f0c7c47fc7146d19828273b9b8eda651c9c7ab583767e6338d3d3bee825adf76?s=96&d=mm&r=g","caption":"Diario del Sur Digital"},"url":"https:\/\/diariodelsurdigital.com.ar\/?author=4"}]}},"_links":{"self":[{"href":"https:\/\/diariodelsurdigital.com.ar\/index.php?rest_route=\/wp\/v2\/posts\/1861","targetHints":{"allow":["GET"]}}],"collection":[{"href":"https:\/\/diariodelsurdigital.com.ar\/index.php?rest_route=\/wp\/v2\/posts"}],"about":[{"href":"https:\/\/diariodelsurdigital.com.ar\/index.php?rest_route=\/wp\/v2\/types\/post"}],"author":[{"embeddable":true,"href":"https:\/\/diariodelsurdigital.com.ar\/index.php?rest_route=\/wp\/v2\/users\/4"}],"replies":[{"embeddable":true,"href":"https:\/\/diariodelsurdigital.com.ar\/index.php?rest_route=%2Fwp%2Fv2%2Fcomments&post=1861"}],"version-history":[{"count":1,"href":"https:\/\/diariodelsurdigital.com.ar\/index.php?rest_route=\/wp\/v2\/posts\/1861\/revisions"}],"predecessor-version":[{"id":1863,"href":"https:\/\/diariodelsurdigital.com.ar\/index.php?rest_route=\/wp\/v2\/posts\/1861\/revisions\/1863"}],"wp:featuredmedia":[{"embeddable":true,"href":"https:\/\/diariodelsurdigital.com.ar\/index.php?rest_route=\/wp\/v2\/media\/1862"}],"wp:attachment":[{"href":"https:\/\/diariodelsurdigital.com.ar\/index.php?rest_route=%2Fwp%2Fv2%2Fmedia&parent=1861"}],"wp:term":[{"taxonomy":"category","embeddable":true,"href":"https:\/\/diariodelsurdigital.com.ar\/index.php?rest_route=%2Fwp%2Fv2%2Fcategories&post=1861"},{"taxonomy":"post_tag","embeddable":true,"href":"https:\/\/diariodelsurdigital.com.ar\/index.php?rest_route=%2Fwp%2Fv2%2Ftags&post=1861"}],"curies":[{"name":"wp","href":"https:\/\/api.w.org\/{rel}","templated":true}]}}